{"id":15814,"date":"2026-07-29T10:30:02","date_gmt":"2026-07-29T08:30:02","guid":{"rendered":"https:\/\/www.accent-social.cat\/?p=15814"},"modified":"2026-09-03T09:01:40","modified_gmt":"2026-09-03T07:01:40","slug":"como-prevenir-caidas-en-el-hogar-el-papel-clave-del-sad-en-la-deteccion-precoz-y-la-adaptacion-del-entorno","status":"publish","type":"post","link":"https:\/\/www.accent-social.cat\/es\/como-prevenir-caidas-en-el-hogar-el-papel-clave-del-sad-en-la-deteccion-precoz-y-la-adaptacion-del-entorno\/","title":{"rendered":"C\u00f3mo prevenir ca\u00eddas en el hogar: el papel clave del SAD en la detecci\u00f3n precoz y la adaptaci\u00f3n del entorno"},"content":{"rendered":"<p>Las ca\u00eddas constituyen uno de los <strong>s\u00edndromes geri\u00e1tricos<\/strong> m\u00e1s frecuentes y con mayor impacto en la calidad de vida de las personas mayores. En muchos casos, no solo generan lesiones f\u00edsicas, sino que tambi\u00e9n provocan p\u00e9rdida de autonom\u00eda, miedo a volver a moverse y un deterioro progresivo de la funcionalidad.<\/p>\n<p>En este contexto, el domicilio \u2014habitualmente percibido como un entorno seguro\u2014 puede convertirse en un espacio de riesgo si no se identifican y corrigen determinados factores. Aqu\u00ed es donde el <strong>Servicio de Atenci\u00f3n Domiciliaria (SAD)<\/strong> adquiere un papel clave, tanto en la prevenci\u00f3n como en la detecci\u00f3n precoz de situaciones de riesgo.<\/p>\n<p>Desde <a href=\"https:\/\/www.accent-social.cat\/es\/\" target=\"_blank\" rel=\"noopener\"><strong>Accent Social<\/strong><\/a>, entidad especializada en servicios de atenci\u00f3n domiciliaria y viviendas con servicios para personas mayores, la prevenci\u00f3n de ca\u00eddas forma parte de la atenci\u00f3n diaria que los equipos profesionales prestan en los domicilios.<\/p>\n<p>&nbsp;<\/p>\n<h3><strong>DETECCI\u00d3N PRECOZ DE RIESGOS: OBSERVAR PARA PREVENIR\u00a0<\/strong><\/h3>\n<p>Uno de los principales valores del SAD es su capacidad para intervenir directamente en el entorno habitual de la persona. A trav\u00e9s de la observaci\u00f3n continuada, las profesionales de atenci\u00f3n domiciliaria pueden identificar factores que incrementan el riesgo de ca\u00eddas: desde obst\u00e1culos f\u00edsicos hasta h\u00e1bitos poco seguros.<\/p>\n<p>Tal y como explica <strong>Andrea Mateos, coordinadora t\u00e9cnica del SAD de Castelldefels, gestionado por Accent Social<\/strong>, los riesgos m\u00e1s habituales se concentran en situaciones cotidianas:<\/p>\n<p style=\"padding-left: 40px; text-align: left;\"><span style=\"color: #ab4fab;\"><em>\u00abLas ca\u00eddas por resbalones al entrar o salir de la ducha son muy frecuentes. Tambi\u00e9n en la cocina, cuando hay restos de comida o l\u00edquidos en el suelo. Adem\u00e1s, las escaleras, tanto en el domicilio como en zonas comunes, representan un factor de riesgo importante\u00bb<\/em><\/span>.<\/p>\n<p>A estos elementos se suman otros factores aparentemente menores, pero muy presentes en el d\u00eda a d\u00eda, como cables en zonas de paso, alfombras mal fijadas o pavimentos en mal estado, que pueden desencadenar accidentes si no se corrigen a tiempo.<\/p>\n<h3><strong>\u00a0<\/strong><\/h3>\n<h3><strong>INTERVENCI\u00d3N EN EL DOMICILIO: DE LA DETECCI\u00d3N A LA PREVENCI\u00d3N ACTIVA<\/strong><\/h3>\n<p>La <strong>adaptaci\u00f3n del hogar<\/strong> es una de las estrategias m\u00e1s eficaces para reducir el riesgo de ca\u00eddas. En muchos casos, no se requieren grandes reformas, sino ajustes sencillos que faciliten la movilidad y minimicen situaciones de peligro.<\/p>\n<p>Entre las medidas m\u00e1s habituales sugeridas por los profesionales de Accent Social destacan especialmente las relacionadas con la higiene personal, uno de los momentos de mayor vulnerabilidad: <span style=\"color: #ab4fab;\"><em>\u201cSe recomienda la instalaci\u00f3n de barras de apoyo, asideros, platos de ducha accesibles o taburetes de ducha para facilitar una higiene m\u00e1s c\u00f3moda y segura\u201d<\/em><\/span>, se\u00f1ala Mateos.<\/p>\n<p>Estas intervenciones, aparentemente simples, tienen un impacto directo en la seguridad y en la autonom\u00eda de la persona, contribuyendo a que pueda desenvolverse con mayor confianza en su entorno habitual.<\/p>\n<p>La prevenci\u00f3n tambi\u00e9n forma parte del trabajo cotidiano de las trabajadoras familiares de Accent Social. Tal y como explica <strong>Victoria Ruiz, trabajadora familiar del SAD de Castelldefels gestionado por Accent Social: <\/strong><span style=\"color: #ab4fab;\"><em>\u201ces fundamental retirar obst\u00e1culos como alfombras, cables u objetos que puedan dificultar el paso y aumentar el riesgo de tropiezos\u201d<\/em><\/span><strong>.\u00a0<\/strong><\/p>\n<p>La profesional destaca adem\u00e1s la importancia de contar con apoyos en zonas especialmente sensibles como el ba\u00f1o, as\u00ed como utilizar ayudas t\u00e9cnicas cuando son necesarias. <span style=\"color: #ab4fab;\"><em>\u201cEl uso de bastones o caminadores, junto con una buena iluminaci\u00f3n \u2014especialmente durante la noche\u2014, es clave para prevenir ca\u00eddas\u201d<\/em><\/span>. Asimismo, recuerda que la actividad f\u00edsica regular, como salir a caminar, contribuye a mantener la movilidad, la fuerza muscular y el equilibrio.<\/p>\n<h3><strong>\u00a0<\/strong><\/h3>\n<h3><strong>DETERIORO COGNITIVO Y CA\u00cdDAS: UN RIESGO A\u00d1ADIDO\u00a0<\/strong><\/h3>\n<p>El deterioro cognitivo incrementa el riesgo de ca\u00eddas al afectar la atenci\u00f3n, la orientaci\u00f3n y la capacidad de percibir situaciones de peligro. Como se\u00f1ala la trabajadora familiar, las personas con deterioro cognitivo <span style=\"color: #ab4fab;\"><em>\u201cpueden tener m\u00e1s dificultades para identificar obst\u00e1culos o reaccionar adecuadamente\u201d<\/em><\/span>, lo que requiere una intervenci\u00f3n espec\u00edfica y adaptada. En estos casos, Ruiz, indica que la combinaci\u00f3n de estimulaci\u00f3n cognitiva, acompa\u00f1amiento y supervisi\u00f3n adaptada resulta clave para reducir riesgos y mejorar la seguridad en el entorno domiciliario.<\/p>\n<p>Cuando se detecta una situaci\u00f3n de riesgo, los profesionales del SAD activan un circuito de intervenci\u00f3n que permite una respuesta \u00e1gil y coordinada. En este sentido, la coordinadora t\u00e9cnica del SAD de Castelldefels gestionado por Accent Social explica que:<\/p>\n<p style=\"padding-left: 40px; text-align: left;\"><span style=\"color: #ab4fab;\"><em>\u00abCuando las auxiliares detectan cualquier tipo de riesgo, lo comunican a coordinaci\u00f3n para su valoraci\u00f3n. Posteriormente, se contacta con el Departamento de Prevenci\u00f3n de Riesgos Laborales para evaluar la situaci\u00f3n y proponer las medidas necesarias\u00bb<\/em><\/span>.<\/p>\n<p>Este enfoque interdisciplinar permite actuar de forma preventiva y adaptada a cada caso concreto, reforzando una atenci\u00f3n centrada en la persona.<\/p>\n<h3><strong>\u00a0<\/strong><\/h3>\n<h3><strong>M\u00c1S ALL\u00c1 DE LA PREVENCI\u00d3N: AUTONOM\u00cdA Y CALIDAD DE VIDA\u00a0<\/strong><\/h3>\n<p>Prevenir ca\u00eddas tambi\u00e9n significa preservar la autonom\u00eda y la calidad de vida de las personas mayores. En este sentido, Mateos afirma que todas las actuaciones del SAD comparten un objetivo com\u00fan<em>: <\/em><\/p>\n<p style=\"padding-left: 40px; text-align: left;\"><span style=\"color: #ab4fab;\"><em>\u00abMejorar la seguridad de la persona usuaria y favorecer que pueda permanecer en su domicilio en las mejores condiciones posibles, con el m\u00e1ximo nivel de autonom\u00eda y seguridad\u00bb<\/em><\/span>.<\/p>\n<p>El trabajo del SAD, basado en la proximidad y la observaci\u00f3n continuada, contribuye a crear entornos m\u00e1s seguros y adaptados a las necesidades de cada persona. La experiencia de Accent Social en servicios de atenci\u00f3n domiciliaria y viviendas con servicios para personas mayores demuestra que muchas ca\u00eddas pueden prevenirse mediante una detecci\u00f3n precoz, peque\u00f1as adaptaciones en el hogar y un acompa\u00f1amiento personalizado.<\/p>\n<p>&nbsp;<\/p>\n<hr class=\" hr_color\" style=\"margin:0 auto 30px;\"\/>\n\n<p>Art\u00edculo publicado antes en el <strong>Monogr\u00e1fico Especial de S\u00edndromes Geri\u00e1tricos<\/strong> de <a href=\"https:\/\/www.geriatricarea.com\/como-prevenir-caidas-en-el-hogar-el-papel-clave-del-sad-en-la-deteccion-precoz-y-la-adaptacion-del-entorno\/\" target=\"_blank\" rel=\"noopener\">Geriatricarea<\/a>.<\/p>\n<p>&nbsp;<\/p>\n<hr class=\" hr_color\" style=\"margin:0 auto 30px;\"\/>\n\n<div class=\"column one\"><div class=\"mcb-column-inner\"><br \/>\n<iframe style=\"overflow: hidden; width: 1200px; height: 258px;\" width=\"1200\" height=\"240\" frameborder=\"0\" scrolling=\"no\" data-cookieconsent=\"marketing\" data-cookieblock-src=\"https:\/\/www.facebook.com\/plugins\/page.php?href=https%3A%2F%2Fwww.facebook.com%2Faccentsocial%2F&amp;tabs=timeline&amp;width=500&amp;height=100&amp;small_header=false&amp;adapt_container_width=false&amp;hide_cover=false&amp;show_facepile=true&amp;appId\" data-mce-fragment=\"1\"><\/iframe><br \/>\n<\/div><\/div>\n\n","protected":false},"excerpt":{"rendered":"<p>Las ca\u00eddas constituyen uno de los s\u00edndromes geri\u00e1tricos m\u00e1s frecuentes y con mayor impacto en la calidad de vida de las personas mayores.<\/p>\n","protected":false},"author":5,"featured_media":15830,"comment_status":"closed","ping_status":"open","sticky":false,"template":"","format":"standard","meta":{"rs_blank_template":"","rs_page_bg_color":"","slide_template_v7":"","footnotes":""},"categories":[236],"tags":[279,873,764,469,859,877,787,876,872,875,874,287,400,669,871],"class_list":["post-15814","post","type-post","status-publish","format-standard","has-post-thumbnail","hentry","category-sad-servicio-asistencia-domiciliaria","tag-accent-social-es","tag-adaptacion-del-entorno","tag-autonomia","tag-calidad-de-vida","tag-deteccion-temprana","tag-deterioramiento-cognitivo","tag-domicilio","tag-intervencion","tag-prevencion","tag-prevencion-activa","tag-riesgos","tag-sad-es","tag-seguridad","tag-servicios-de-atencion-domiciliaria","tag-sindromes-geriatricos"],"yoast_head":"<!-- This site is optimized with the Yoast SEO plugin v28.4 - https:\/\/yoast.com\/product\/yoast-seo-wordpress\/ -->\n<title>C\u00f3mo prevenir ca\u00eddas en el hogar: el papel clave del SAD en la detecci\u00f3n precoz y la adaptaci\u00f3n del entorno | Accent Social | Serveis d&#039;Atenci\u00f3 Domicili\u00e0ria i centres per gent gran<\/title>\n<meta name=\"description\" content=\"Las ca\u00eddas constituyen uno de los s\u00edndromes geri\u00e1tricos m\u00e1s frecuentes y con mayor impacto en la calidad de vida de las personas mayores.\" \/>\n<meta name=\"robots\" content=\"index, follow, max-snippet:-1, max-image-preview:large, max-video-preview:-1\" \/>\n<link rel=\"canonical\" href=\"https:\/\/www.accent-social.cat\/es\/como-prevenir-caidas-en-el-hogar-el-papel-clave-del-sad-en-la-deteccion-precoz-y-la-adaptacion-del-entorno\/\" \/>\n<meta property=\"og:locale\" content=\"es_ES\" \/>\n<meta property=\"og:type\" content=\"article\" \/>\n<meta property=\"og:title\" content=\"C\u00f3mo prevenir ca\u00eddas en el hogar: el papel clave del SAD en la detecci\u00f3n precoz y la adaptaci\u00f3n del entorno | Accent Social | Serveis d&#039;Atenci\u00f3 Domicili\u00e0ria i centres per gent gran\" \/>\n<meta property=\"og:description\" content=\"Las ca\u00eddas constituyen uno de los s\u00edndromes geri\u00e1tricos m\u00e1s frecuentes y con mayor impacto en la calidad de vida de las personas mayores.\" \/>\n<meta property=\"og:url\" content=\"https:\/\/www.accent-social.cat\/es\/como-prevenir-caidas-en-el-hogar-el-papel-clave-del-sad-en-la-deteccion-precoz-y-la-adaptacion-del-entorno\/\" \/>\n<meta property=\"og:site_name\" content=\"Accent Social | Serveis d&#039;Atenci\u00f3 Domicili\u00e0ria i centres per gent gran\" \/>\n<meta property=\"article:publisher\" content=\"https:\/\/www.facebook.com\/accentsocial\" \/>\n<meta property=\"article:published_time\" content=\"2026-07-29T08:30:02+00:00\" \/>\n<meta property=\"article:modified_time\" content=\"2026-09-03T07:01:40+00:00\" \/>\n<meta property=\"og:image\" content=\"https:\/\/www.accent-social.cat\/wp-content\/uploads\/2026\/07\/Como-prevenir-caidas-en-el-hogar-el-papel-clave-del-SAD-en-la-deteccion-precoz-y-la-adaptacion-del-entorno.png\" \/>\n\t<meta property=\"og:image:width\" content=\"840\" \/>\n\t<meta property=\"og:image:height\" content=\"400\" \/>\n\t<meta property=\"og:image:type\" content=\"image\/png\" \/>\n<meta name=\"author\" content=\"Comunicacio\" \/>\n<meta name=\"twitter:card\" content=\"summary_large_image\" \/>\n<meta name=\"twitter:creator\" content=\"@accentsocial_\" \/>\n<meta name=\"twitter:site\" content=\"@accentsocial_\" \/>\n<meta name=\"twitter:label1\" content=\"Escrito por\" \/>\n\t<meta name=\"twitter:data1\" content=\"Comunicacio\" \/>\n\t<meta name=\"twitter:label2\" content=\"Tiempo de lectura\" \/>\n\t<meta name=\"twitter:data2\" content=\"5 minutos\" \/>\n<script type=\"application\/ld+json\" class=\"yoast-schema-graph\">{\"@context\":\"https:\\\/\\\/schema.org\",\"@graph\":[{\"@type\":\"Article\",\"@id\":\"https:\\\/\\\/www.accent-social.cat\\\/es\\\/como-prevenir-caidas-en-el-hogar-el-papel-clave-del-sad-en-la-deteccion-precoz-y-la-adaptacion-del-entorno\\\/#article\",\"isPartOf\":{\"@id\":\"https:\\\/\\\/www.accent-social.cat\\\/es\\\/como-prevenir-caidas-en-el-hogar-el-papel-clave-del-sad-en-la-deteccion-precoz-y-la-adaptacion-del-entorno\\\/\"},\"author\":{\"name\":\"Comunicacio\",\"@id\":\"https:\\\/\\\/www.accent-social.cat\\\/#\\\/schema\\\/person\\\/de51b50d2ff3a1d0ce464cd35fe36275\"},\"headline\":\"C\u00f3mo prevenir ca\u00eddas en el hogar: el papel clave del SAD en la detecci\u00f3n precoz y la adaptaci\u00f3n del entorno\",\"datePublished\":\"2026-07-29T08:30:02+00:00\",\"dateModified\":\"2026-09-03T07:01:40+00:00\",\"mainEntityOfPage\":{\"@id\":\"https:\\\/\\\/www.accent-social.cat\\\/es\\\/como-prevenir-caidas-en-el-hogar-el-papel-clave-del-sad-en-la-deteccion-precoz-y-la-adaptacion-del-entorno\\\/\"},\"wordCount\":1012,\"publisher\":{\"@id\":\"https:\\\/\\\/www.accent-social.cat\\\/#organization\"},\"image\":{\"@id\":\"https:\\\/\\\/www.accent-social.cat\\\/es\\\/como-prevenir-caidas-en-el-hogar-el-papel-clave-del-sad-en-la-deteccion-precoz-y-la-adaptacion-del-entorno\\\/#primaryimage\"},\"thumbnailUrl\":\"https:\\\/\\\/www.accent-social.cat\\\/wp-content\\\/uploads\\\/2026\\\/07\\\/Como-prevenir-caidas-en-el-hogar-el-papel-clave-del-SAD-en-la-deteccion-precoz-y-la-adaptacion-del-entorno.png\",\"keywords\":[\"Accent Social\",\"adaptaci\u00f3n del entorno\",\"autonom\u00eda\",\"calidad de vida\",\"detecci\u00f3n temprana\",\"deterioramiento cognitivo\",\"domicilio\",\"intervenci\u00f3n\",\"prevenci\u00f3n\",\"prevenci\u00f3n activa\",\"riesgos\",\"SAD\",\"seguridad\",\"Servicios de Atenci\u00f3n Domiciliaria\",\"s\u00edndromes geri\u00e1tricos\"],\"articleSection\":[\"SAD Servicio Asistencia Domiciliaria\"],\"inLanguage\":\"es\"},{\"@type\":\"WebPage\",\"@id\":\"https:\\\/\\\/www.accent-social.cat\\\/es\\\/como-prevenir-caidas-en-el-hogar-el-papel-clave-del-sad-en-la-deteccion-precoz-y-la-adaptacion-del-entorno\\\/\",\"url\":\"https:\\\/\\\/www.accent-social.cat\\\/es\\\/como-prevenir-caidas-en-el-hogar-el-papel-clave-del-sad-en-la-deteccion-precoz-y-la-adaptacion-del-entorno\\\/\",\"name\":\"C\u00f3mo prevenir ca\u00eddas en el hogar: el papel clave del SAD en la detecci\u00f3n precoz y la adaptaci\u00f3n del entorno | Accent Social | Serveis d&#039;Atenci\u00f3 Domicili\u00e0ria i centres per gent gran\",\"isPartOf\":{\"@id\":\"https:\\\/\\\/www.accent-social.cat\\\/#website\"},\"primaryImageOfPage\":{\"@id\":\"https:\\\/\\\/www.accent-social.cat\\\/es\\\/como-prevenir-caidas-en-el-hogar-el-papel-clave-del-sad-en-la-deteccion-precoz-y-la-adaptacion-del-entorno\\\/#primaryimage\"},\"image\":{\"@id\":\"https:\\\/\\\/www.accent-social.cat\\\/es\\\/como-prevenir-caidas-en-el-hogar-el-papel-clave-del-sad-en-la-deteccion-precoz-y-la-adaptacion-del-entorno\\\/#primaryimage\"},\"thumbnailUrl\":\"https:\\\/\\\/www.accent-social.cat\\\/wp-content\\\/uploads\\\/2026\\\/07\\\/Como-prevenir-caidas-en-el-hogar-el-papel-clave-del-SAD-en-la-deteccion-precoz-y-la-adaptacion-del-entorno.png\",\"datePublished\":\"2026-07-29T08:30:02+00:00\",\"dateModified\":\"2026-09-03T07:01:40+00:00\",\"description\":\"Las ca\u00eddas constituyen uno de los s\u00edndromes geri\u00e1tricos m\u00e1s frecuentes y con mayor impacto en la calidad de vida de las personas mayores.\",\"breadcrumb\":{\"@id\":\"https:\\\/\\\/www.accent-social.cat\\\/es\\\/como-prevenir-caidas-en-el-hogar-el-papel-clave-del-sad-en-la-deteccion-precoz-y-la-adaptacion-del-entorno\\\/#breadcrumb\"},\"inLanguage\":\"es\",\"potentialAction\":[{\"@type\":\"ReadAction\",\"target\":[\"https:\\\/\\\/www.accent-social.cat\\\/es\\\/como-prevenir-caidas-en-el-hogar-el-papel-clave-del-sad-en-la-deteccion-precoz-y-la-adaptacion-del-entorno\\\/\"]}]},{\"@type\":\"ImageObject\",\"inLanguage\":\"es\",\"@id\":\"https:\\\/\\\/www.accent-social.cat\\\/es\\\/como-prevenir-caidas-en-el-hogar-el-papel-clave-del-sad-en-la-deteccion-precoz-y-la-adaptacion-del-entorno\\\/#primaryimage\",\"url\":\"https:\\\/\\\/www.accent-social.cat\\\/wp-content\\\/uploads\\\/2026\\\/07\\\/Como-prevenir-caidas-en-el-hogar-el-papel-clave-del-SAD-en-la-deteccion-precoz-y-la-adaptacion-del-entorno.png\",\"contentUrl\":\"https:\\\/\\\/www.accent-social.cat\\\/wp-content\\\/uploads\\\/2026\\\/07\\\/Como-prevenir-caidas-en-el-hogar-el-papel-clave-del-SAD-en-la-deteccion-precoz-y-la-adaptacion-del-entorno.png\",\"width\":840,\"height\":400,\"caption\":\"C\u00f3mo prevenir ca\u00eddas en el hogar: el papel clave del SAD en la detecci\u00f3n precoz y la adaptaci\u00f3n del entorno\"},{\"@type\":\"BreadcrumbList\",\"@id\":\"https:\\\/\\\/www.accent-social.cat\\\/es\\\/como-prevenir-caidas-en-el-hogar-el-papel-clave-del-sad-en-la-deteccion-precoz-y-la-adaptacion-del-entorno\\\/#breadcrumb\",\"itemListElement\":[{\"@type\":\"ListItem\",\"position\":1,\"name\":\"Inici\",\"item\":\"https:\\\/\\\/www.accent-social.cat\\\/es\\\/\"},{\"@type\":\"ListItem\",\"position\":2,\"name\":\"C\u00f3mo prevenir ca\u00eddas en el hogar: el papel clave del SAD en la detecci\u00f3n precoz y la adaptaci\u00f3n del entorno\"}]},{\"@type\":\"WebSite\",\"@id\":\"https:\\\/\\\/www.accent-social.cat\\\/#website\",\"url\":\"https:\\\/\\\/www.accent-social.cat\\\/\",\"name\":\"Accent Social | Serveis d'Atenci\u00f3 Domicili\u00e0ria (SAD) i centres col\u00b7lectius\",\"description\":\"Serveis d&#039;Atenci\u00f3 Domicili\u00e0ria i centres de dia a Barcelona. Gesti\u00f3 de serveis socials i per a la gent gran.\",\"publisher\":{\"@id\":\"https:\\\/\\\/www.accent-social.cat\\\/#organization\"},\"potentialAction\":[{\"@type\":\"SearchAction\",\"target\":{\"@type\":\"EntryPoint\",\"urlTemplate\":\"https:\\\/\\\/www.accent-social.cat\\\/?s={search_term_string}\"},\"query-input\":{\"@type\":\"PropertyValueSpecification\",\"valueRequired\":true,\"valueName\":\"search_term_string\"}}],\"inLanguage\":\"es\"},{\"@type\":\"Organization\",\"@id\":\"https:\\\/\\\/www.accent-social.cat\\\/#organization\",\"name\":\"Accent Social\",\"url\":\"https:\\\/\\\/www.accent-social.cat\\\/\",\"logo\":{\"@type\":\"ImageObject\",\"inLanguage\":\"es\",\"@id\":\"https:\\\/\\\/www.accent-social.cat\\\/#\\\/schema\\\/logo\\\/image\\\/\",\"url\":\"https:\\\/\\\/www.accent-social.cat\\\/wp-content\\\/uploads\\\/2017\\\/09\\\/Logo-Accent-Social.jpg\",\"contentUrl\":\"https:\\\/\\\/www.accent-social.cat\\\/wp-content\\\/uploads\\\/2017\\\/09\\\/Logo-Accent-Social.jpg\",\"width\":512,\"height\":512,\"caption\":\"Accent Social\"},\"image\":{\"@id\":\"https:\\\/\\\/www.accent-social.cat\\\/#\\\/schema\\\/logo\\\/image\\\/\"},\"sameAs\":[\"https:\\\/\\\/www.facebook.com\\\/accentsocial\",\"https:\\\/\\\/x.com\\\/accentsocial_\",\"http:\\\/\\\/www.instagram.com\\\/accentsocial\",\"https:\\\/\\\/www.linkedin.com\\\/company\\\/accent-social\\\/\",\"https:\\\/\\\/www.crunchbase.com\\\/organization\\\/accent-social\",\"https:\\\/\\\/www.hotfrog.es\\\/empresa\\\/barcelona\\\/barcelona\\\/accent-social\",\"https:\\\/\\\/www.youtube.com\\\/channel\\\/UCBRsmX50gP0nPuAb5rPfr2g\"]},{\"@type\":\"Person\",\"@id\":\"https:\\\/\\\/www.accent-social.cat\\\/#\\\/schema\\\/person\\\/de51b50d2ff3a1d0ce464cd35fe36275\",\"name\":\"Comunicacio\",\"image\":{\"@type\":\"ImageObject\",\"inLanguage\":\"es\",\"@id\":\"https:\\\/\\\/secure.gravatar.com\\\/avatar\\\/c34842fbd822de3ca9a2f9d59c2faa5bfc475c83c2a1dedfa8f5348a1ff4e0cb?s=96&d=mm&r=g\",\"url\":\"https:\\\/\\\/secure.gravatar.com\\\/avatar\\\/c34842fbd822de3ca9a2f9d59c2faa5bfc475c83c2a1dedfa8f5348a1ff4e0cb?s=96&d=mm&r=g\",\"contentUrl\":\"https:\\\/\\\/secure.gravatar.com\\\/avatar\\\/c34842fbd822de3ca9a2f9d59c2faa5bfc475c83c2a1dedfa8f5348a1ff4e0cb?s=96&d=mm&r=g\",\"caption\":\"Comunicacio\"}}]}<\/script>\n<!-- \/ Yoast SEO plugin. -->","yoast_head_json":{"title":"C\u00f3mo prevenir ca\u00eddas en el hogar: el papel clave del SAD en la detecci\u00f3n precoz y la adaptaci\u00f3n del entorno | Accent Social | Serveis d&#039;Atenci\u00f3 Domicili\u00e0ria i centres per gent gran","description":"Las ca\u00eddas constituyen uno de los s\u00edndromes geri\u00e1tricos m\u00e1s frecuentes y con mayor impacto en la calidad de vida de las personas mayores.","robots":{"index":"index","follow":"follow","max-snippet":"max-snippet:-1","max-image-preview":"max-image-preview:large","max-video-preview":"max-video-preview:-1"},"canonical":"https:\/\/www.accent-social.cat\/es\/como-prevenir-caidas-en-el-hogar-el-papel-clave-del-sad-en-la-deteccion-precoz-y-la-adaptacion-del-entorno\/","og_locale":"es_ES","og_type":"article","og_title":"C\u00f3mo prevenir ca\u00eddas en el hogar: el papel clave del SAD en la detecci\u00f3n precoz y la adaptaci\u00f3n del entorno | Accent Social | Serveis d&#039;Atenci\u00f3 Domicili\u00e0ria i centres per gent gran","og_description":"Las ca\u00eddas constituyen uno de los s\u00edndromes geri\u00e1tricos m\u00e1s frecuentes y con mayor impacto en la calidad de vida de las personas mayores.","og_url":"https:\/\/www.accent-social.cat\/es\/como-prevenir-caidas-en-el-hogar-el-papel-clave-del-sad-en-la-deteccion-precoz-y-la-adaptacion-del-entorno\/","og_site_name":"Accent Social | Serveis d&#039;Atenci\u00f3 Domicili\u00e0ria i centres per gent gran","article_publisher":"https:\/\/www.facebook.com\/accentsocial","article_published_time":"2026-07-29T08:30:02+00:00","article_modified_time":"2026-09-03T07:01:40+00:00","og_image":[{"width":840,"height":400,"url":"https:\/\/www.accent-social.cat\/wp-content\/uploads\/2026\/07\/Como-prevenir-caidas-en-el-hogar-el-papel-clave-del-SAD-en-la-deteccion-precoz-y-la-adaptacion-del-entorno.png","type":"image\/png"}],"author":"Comunicacio","twitter_card":"summary_large_image","twitter_creator":"@accentsocial_","twitter_site":"@accentsocial_","twitter_misc":{"Escrito por":"Comunicacio","Tiempo de lectura":"5 minutos"},"schema":{"@context":"https:\/\/schema.org","@graph":[{"@type":"Article","@id":"https:\/\/www.accent-social.cat\/es\/como-prevenir-caidas-en-el-hogar-el-papel-clave-del-sad-en-la-deteccion-precoz-y-la-adaptacion-del-entorno\/#article","isPartOf":{"@id":"https:\/\/www.accent-social.cat\/es\/como-prevenir-caidas-en-el-hogar-el-papel-clave-del-sad-en-la-deteccion-precoz-y-la-adaptacion-del-entorno\/"},"author":{"name":"Comunicacio","@id":"https:\/\/www.accent-social.cat\/#\/schema\/person\/de51b50d2ff3a1d0ce464cd35fe36275"},"headline":"C\u00f3mo prevenir ca\u00eddas en el hogar: el papel clave del SAD en la detecci\u00f3n precoz y la adaptaci\u00f3n del entorno","datePublished":"2026-07-29T08:30:02+00:00","dateModified":"2026-09-03T07:01:40+00:00","mainEntityOfPage":{"@id":"https:\/\/www.accent-social.cat\/es\/como-prevenir-caidas-en-el-hogar-el-papel-clave-del-sad-en-la-deteccion-precoz-y-la-adaptacion-del-entorno\/"},"wordCount":1012,"publisher":{"@id":"https:\/\/www.accent-social.cat\/#organization"},"image":{"@id":"https:\/\/www.accent-social.cat\/es\/como-prevenir-caidas-en-el-hogar-el-papel-clave-del-sad-en-la-deteccion-precoz-y-la-adaptacion-del-entorno\/#primaryimage"},"thumbnailUrl":"https:\/\/www.accent-social.cat\/wp-content\/uploads\/2026\/07\/Como-prevenir-caidas-en-el-hogar-el-papel-clave-del-SAD-en-la-deteccion-precoz-y-la-adaptacion-del-entorno.png","keywords":["Accent Social","adaptaci\u00f3n del entorno","autonom\u00eda","calidad de vida","detecci\u00f3n temprana","deterioramiento cognitivo","domicilio","intervenci\u00f3n","prevenci\u00f3n","prevenci\u00f3n activa","riesgos","SAD","seguridad","Servicios de Atenci\u00f3n Domiciliaria","s\u00edndromes geri\u00e1tricos"],"articleSection":["SAD Servicio Asistencia Domiciliaria"],"inLanguage":"es"},{"@type":"WebPage","@id":"https:\/\/www.accent-social.cat\/es\/como-prevenir-caidas-en-el-hogar-el-papel-clave-del-sad-en-la-deteccion-precoz-y-la-adaptacion-del-entorno\/","url":"https:\/\/www.accent-social.cat\/es\/como-prevenir-caidas-en-el-hogar-el-papel-clave-del-sad-en-la-deteccion-precoz-y-la-adaptacion-del-entorno\/","name":"C\u00f3mo prevenir ca\u00eddas en el hogar: el papel clave del SAD en la detecci\u00f3n precoz y la adaptaci\u00f3n del entorno | Accent Social | Serveis d&#039;Atenci\u00f3 Domicili\u00e0ria i centres per gent gran","isPartOf":{"@id":"https:\/\/www.accent-social.cat\/#website"},"primaryImageOfPage":{"@id":"https:\/\/www.accent-social.cat\/es\/como-prevenir-caidas-en-el-hogar-el-papel-clave-del-sad-en-la-deteccion-precoz-y-la-adaptacion-del-entorno\/#primaryimage"},"image":{"@id":"https:\/\/www.accent-social.cat\/es\/como-prevenir-caidas-en-el-hogar-el-papel-clave-del-sad-en-la-deteccion-precoz-y-la-adaptacion-del-entorno\/#primaryimage"},"thumbnailUrl":"https:\/\/www.accent-social.cat\/wp-content\/uploads\/2026\/07\/Como-prevenir-caidas-en-el-hogar-el-papel-clave-del-SAD-en-la-deteccion-precoz-y-la-adaptacion-del-entorno.png","datePublished":"2026-07-29T08:30:02+00:00","dateModified":"2026-09-03T07:01:40+00:00","description":"Las ca\u00eddas constituyen uno de los s\u00edndromes geri\u00e1tricos m\u00e1s frecuentes y con mayor impacto en la calidad de vida de las personas mayores.","breadcrumb":{"@id":"https:\/\/www.accent-social.cat\/es\/como-prevenir-caidas-en-el-hogar-el-papel-clave-del-sad-en-la-deteccion-precoz-y-la-adaptacion-del-entorno\/#breadcrumb"},"inLanguage":"es","potentialAction":[{"@type":"ReadAction","target":["https:\/\/www.accent-social.cat\/es\/como-prevenir-caidas-en-el-hogar-el-papel-clave-del-sad-en-la-deteccion-precoz-y-la-adaptacion-del-entorno\/"]}]},{"@type":"ImageObject","inLanguage":"es","@id":"https:\/\/www.accent-social.cat\/es\/como-prevenir-caidas-en-el-hogar-el-papel-clave-del-sad-en-la-deteccion-precoz-y-la-adaptacion-del-entorno\/#primaryimage","url":"https:\/\/www.accent-social.cat\/wp-content\/uploads\/2026\/07\/Como-prevenir-caidas-en-el-hogar-el-papel-clave-del-SAD-en-la-deteccion-precoz-y-la-adaptacion-del-entorno.png","contentUrl":"https:\/\/www.accent-social.cat\/wp-content\/uploads\/2026\/07\/Como-prevenir-caidas-en-el-hogar-el-papel-clave-del-SAD-en-la-deteccion-precoz-y-la-adaptacion-del-entorno.png","width":840,"height":400,"caption":"C\u00f3mo prevenir ca\u00eddas en el hogar: el papel clave del SAD en la detecci\u00f3n precoz y la adaptaci\u00f3n del entorno"},{"@type":"BreadcrumbList","@id":"https:\/\/www.accent-social.cat\/es\/como-prevenir-caidas-en-el-hogar-el-papel-clave-del-sad-en-la-deteccion-precoz-y-la-adaptacion-del-entorno\/#breadcrumb","itemListElement":[{"@type":"ListItem","position":1,"name":"Inici","item":"https:\/\/www.accent-social.cat\/es\/"},{"@type":"ListItem","position":2,"name":"C\u00f3mo prevenir ca\u00eddas en el hogar: el papel clave del SAD en la detecci\u00f3n precoz y la adaptaci\u00f3n del entorno"}]},{"@type":"WebSite","@id":"https:\/\/www.accent-social.cat\/#website","url":"https:\/\/www.accent-social.cat\/","name":"Accent Social | Serveis d'Atenci\u00f3 Domicili\u00e0ria (SAD) i centres col\u00b7lectius","description":"Serveis d&#039;Atenci\u00f3 Domicili\u00e0ria i centres de dia a Barcelona. Gesti\u00f3 de serveis socials i per a la gent gran.","publisher":{"@id":"https:\/\/www.accent-social.cat\/#organization"},"potentialAction":[{"@type":"SearchAction","target":{"@type":"EntryPoint","urlTemplate":"https:\/\/www.accent-social.cat\/?s={search_term_string}"},"query-input":{"@type":"PropertyValueSpecification","valueRequired":true,"valueName":"search_term_string"}}],"inLanguage":"es"},{"@type":"Organization","@id":"https:\/\/www.accent-social.cat\/#organization","name":"Accent Social","url":"https:\/\/www.accent-social.cat\/","logo":{"@type":"ImageObject","inLanguage":"es","@id":"https:\/\/www.accent-social.cat\/#\/schema\/logo\/image\/","url":"https:\/\/www.accent-social.cat\/wp-content\/uploads\/2017\/09\/Logo-Accent-Social.jpg","contentUrl":"https:\/\/www.accent-social.cat\/wp-content\/uploads\/2017\/09\/Logo-Accent-Social.jpg","width":512,"height":512,"caption":"Accent Social"},"image":{"@id":"https:\/\/www.accent-social.cat\/#\/schema\/logo\/image\/"},"sameAs":["https:\/\/www.facebook.com\/accentsocial","https:\/\/x.com\/accentsocial_","http:\/\/www.instagram.com\/accentsocial","https:\/\/www.linkedin.com\/company\/accent-social\/","https:\/\/www.crunchbase.com\/organization\/accent-social","https:\/\/www.hotfrog.es\/empresa\/barcelona\/barcelona\/accent-social","https:\/\/www.youtube.com\/channel\/UCBRsmX50gP0nPuAb5rPfr2g"]},{"@type":"Person","@id":"https:\/\/www.accent-social.cat\/#\/schema\/person\/de51b50d2ff3a1d0ce464cd35fe36275","name":"Comunicacio","image":{"@type":"ImageObject","inLanguage":"es","@id":"https:\/\/secure.gravatar.com\/avatar\/c34842fbd822de3ca9a2f9d59c2faa5bfc475c83c2a1dedfa8f5348a1ff4e0cb?s=96&d=mm&r=g","url":"https:\/\/secure.gravatar.com\/avatar\/c34842fbd822de3ca9a2f9d59c2faa5bfc475c83c2a1dedfa8f5348a1ff4e0cb?s=96&d=mm&r=g","contentUrl":"https:\/\/secure.gravatar.com\/avatar\/c34842fbd822de3ca9a2f9d59c2faa5bfc475c83c2a1dedfa8f5348a1ff4e0cb?s=96&d=mm&r=g","caption":"Comunicacio"}}]}},"_links":{"self":[{"href":"https:\/\/www.accent-social.cat\/es\/wp-json\/wp\/v2\/posts\/15814","targetHints":{"allow":["GET"]}}],"collection":[{"href":"https:\/\/www.accent-social.cat\/es\/wp-json\/wp\/v2\/posts"}],"about":[{"href":"https:\/\/www.accent-social.cat\/es\/wp-json\/wp\/v2\/types\/post"}],"author":[{"embeddable":true,"href":"https:\/\/www.accent-social.cat\/es\/wp-json\/wp\/v2\/users\/5"}],"replies":[{"embeddable":true,"href":"https:\/\/www.accent-social.cat\/es\/wp-json\/wp\/v2\/comments?post=15814"}],"version-history":[{"count":2,"href":"https:\/\/www.accent-social.cat\/es\/wp-json\/wp\/v2\/posts\/15814\/revisions"}],"predecessor-version":[{"id":15818,"href":"https:\/\/www.accent-social.cat\/es\/wp-json\/wp\/v2\/posts\/15814\/revisions\/15818"}],"wp:featuredmedia":[{"embeddable":true,"href":"https:\/\/www.accent-social.cat\/es\/wp-json\/wp\/v2\/media\/15830"}],"wp:attachment":[{"href":"https:\/\/www.accent-social.cat\/es\/wp-json\/wp\/v2\/media?parent=15814"}],"wp:term":[{"taxonomy":"category","embeddable":true,"href":"https:\/\/www.accent-social.cat\/es\/wp-json\/wp\/v2\/categories?post=15814"},{"taxonomy":"post_tag","embeddable":true,"href":"https:\/\/www.accent-social.cat\/es\/wp-json\/wp\/v2\/tags?post=15814"}],"curies":[{"name":"wp","href":"https:\/\/api.w.org\/{rel}","templated":true}]}}