{"id":15805,"date":"2026-08-07T10:30:59","date_gmt":"2026-08-07T08:30:59","guid":{"rendered":"https:\/\/www.accent-social.cat\/?p=15805"},"modified":"2026-09-03T09:08:35","modified_gmt":"2026-09-03T07:08:35","slug":"como-detectar-los-primeros-efectos-del-calor-en-personas-mayores-las-claves-de-los-profesionales-del-cuidado-domiciliario","status":"publish","type":"post","link":"https:\/\/www.accent-social.cat\/es\/como-detectar-los-primeros-efectos-del-calor-en-personas-mayores-las-claves-de-los-profesionales-del-cuidado-domiciliario\/","title":{"rendered":"C\u00f3mo detectar los primeros efectos del calor en personas mayores: las claves de los profesionales del cuidado domiciliario"},"content":{"rendered":"<p>Las <strong>altas temperaturas<\/strong> representan un riesgo significativo para la <strong>salud de las personas mayores<\/strong>, especialmente para quienes viven solos, padecen enfermedades cr\u00f3nicas o tienen alg\u00fan grado de dependencia. Con episodios de calor extremo cada vez m\u00e1s frecuentes, la prevenci\u00f3n y la detecci\u00f3n precoz se est\u00e1n convirtiendo en herramientas fundamentales para evitar complicaciones como la deshidrataci\u00f3n, el golpe de calor o el agravamiento de patolog\u00edas existentes.<\/p>\n<p>En este contexto, los profesionales del <strong>Servicio de Atenci\u00f3n a Domicilio (SAD) de <a href=\"https:\/\/www.accent-social.cat\/es\/\" target=\"_blank\" rel=\"noopener\">Accent Social<\/a><\/strong> realizan una tarea esencial observando situaciones de riesgo que a menudo pasan desapercibidas y actuando antes de que se conviertan en un problema de salud.<\/p>\n<p>La <strong>jefa de servicio de SAD gestionados por Accent Social, Cristina Fern\u00e1ndez,\u00a0<\/strong>detalla que:<\/p>\n<p style=\"padding-left: 40px; text-align: left;\"><span style=\"color: #ab4fab;\"><em>\u00abUna de las principales preocupaciones es que muchas personas mayores no son plenamente conscientes de los riesgos asociados al calor ni de las consecuencias que puede tener la exposici\u00f3n prolongada a altas temperaturas, especialmente cuando viven solos y cuentan con poca red de apoyo\u00bb<\/em><\/span>.<\/p>\n<p>&nbsp;<\/p>\n<h3><strong>FACTORES DE RIESGO PARA DETECTAR LOS PRIMEROS EFECTOS DEL CALOR EN PERSONAS MAYORES\u00a0<\/strong><\/h3>\n<p>Bas\u00e1ndose en su experiencia diaria en casa, los equipos profesionales identifican algunos signos que pueden indicar una situaci\u00f3n de vulnerabilidad al calor.<\/p>\n<ol>\n<li><strong>La persona bebe poca agua durante el d\u00eda<br \/>\n<\/strong>La falta de hidrataci\u00f3n sigue siendo uno de los principales factores de riesgo en verano. Muchas personas mayores no sienten sed o no beben tan a menudo como es necesario, lo que puede favorecer la deshidrataci\u00f3n.<\/li>\n<\/ol>\n<ol start=\"2\">\n<li><strong>La casa tiene poca ventilaci\u00f3n<br \/>\n<\/strong>Las casas con mala circulaci\u00f3n de aire, persianas siempre cerradas o exposiciones directas al sol pueden acumular altas temperaturas durante horas.<\/li>\n<\/ol>\n<ol start=\"3\">\n<li><strong>Vive sola y tiene poca red de apoyo<br \/>\n<\/strong>La falta de familiares o personas cercanas a quienes hacer seguimiento aumenta el riesgo de que una situaci\u00f3n de calor extremo pase desapercibida.<\/li>\n<\/ol>\n<ol start=\"4\">\n<li><strong>Tiene dificultades de movilidad al salir de casa<br \/>\n<\/strong>Las limitaciones f\u00edsicas pueden impedir que la persona acceda a espacios frescos o refugios clim\u00e1ticos durante episodios de altas temperaturas.<\/li>\n<\/ol>\n<ol start=\"5\">\n<li><strong>Vive con enfermedades cr\u00f3nicas<br \/>\n<\/strong>Las patolog\u00edas cardiovasculares, respiratorias o metab\u00f3licas pueden aumentar la vulnerabilidad al calor y requieren un seguimiento m\u00e1s cuidadoso.<\/li>\n<\/ol>\n<p>&nbsp;<\/p>\n<h3><strong>SE\u00d1ALES QUE PUEDEN INDICAR QUE EL CALOR YA EST\u00c1 AFECTANDO A LA SALUD DE LA PERSONA\u00a0<\/strong><\/h3>\n<ol>\n<li><strong>La fatiga aparece sin causa aparente<br \/>\n<\/strong>La fatiga excesiva es uno de los primeros indicadores de que el cuerpo puede estar sufriendo los efectos de las altas temperaturas.<\/li>\n<\/ol>\n<ol start=\"2\">\n<li><strong>Se detecta mareo o inestabilidad<br \/>\n<\/strong>El mareo puede ser consecuencia de la deshidrataci\u00f3n o de la dificultad para regular la temperatura corporal.<\/li>\n<\/ol>\n<ol start=\"3\">\n<li><strong>Muestra m\u00e1s somnolencia de lo habitual<br \/>\n<\/strong>Dormir m\u00e1s horas o presentar una sensaci\u00f3n persistente de agotamiento puede ser una se\u00f1al de advertencia que requiere observaci\u00f3n.<\/li>\n<\/ol>\n<ol start=\"4\">\n<li><strong>Se producen cambios en el comportamiento habitual<br \/>\n<\/strong>La confusi\u00f3n, la desorientaci\u00f3n o peque\u00f1os cambios en la forma de comunicarse pueden ser se\u00f1ales de advertencia de una deshidrataci\u00f3n significativa o posible golpe de calor, por lo que requieren atenci\u00f3n inmediata.<\/li>\n<\/ol>\n<ol start=\"5\">\n<li><strong>Las rutinas diarias se ven interrumpidas<br \/>\n<\/strong>Cuando una persona deja de hacer actividades habituales, come menos o muestra menos inter\u00e9s en mantener sus h\u00e1bitos, es necesario evaluar si el calor le est\u00e1 influyendo.<br \/>\n<strong style=\"font-size: 25px;\">\u00a0<\/strong><\/li>\n<\/ol>\n<h3><strong>DETECCI\u00d3N TEMPRANA, UN FACTOR DETERMINANTE<\/strong><\/h3>\n<p>La experiencia de los equipos sociales de Accent demuestra que actuar a tiempo puede evitar situaciones m\u00e1s graves. En este sentido, Fern\u00e1ndez dice que:<\/p>\n<p style=\"padding-left: 40px; text-align: left;\"><span style=\"color: #ab4fab;\"><em>\u00abHemos encontrado situaciones en las que aparecieron los primeros signos de deshidrataci\u00f3n o condiciones inadecuadas en el hogar, y la r\u00e1pida intervenci\u00f3n de profesionales ha hecho posible reforzar las directrices de hidrataci\u00f3n y activar los recursos necesarios antes de que surjan complicaciones\u00bb<\/em><\/span>.<\/p>\n<p>Durante los meses de verano, los profesionales refuerzan las recomendaciones sobre hidrataci\u00f3n, ventilaci\u00f3n del hogar, protecci\u00f3n frente al calor m\u00e1ximo y seguimiento de posibles cambios en el estado de salud de los usuarios.<\/p>\n<p>Cuando detectan situaciones de riesgo relacionadas con las condiciones de vivienda, los profesionales del SAD tambi\u00e9n pueden orientar a los usuarios hacia los recursos disponibles en el territorio, incluida la red de refugios clim\u00e1ticos activados por Accent Social.<\/p>\n<p>&nbsp;<\/p>\n<h3><strong>CONOCER A LA PERSONA PARA PROTEGERLA MEJOR<\/strong><\/h3>\n<p>La proximidad y el conocimiento continuo de los usuarios es uno de los principales valores del servicio de atenci\u00f3n domiciliaria a la hora de prevenir riesgos. Cristina Fern\u00e1ndez destaca que:<\/p>\n<p style=\"padding-left: 40px; text-align: left;\"><span style=\"color: #ab4fab;\"><em>\u00abConocer bien al usuario es esencial porque nos permite detectar cambios que podr\u00edan pasar desapercibidos, anticipar situaciones de riesgo y adaptar medidas preventivas a las necesidades espec\u00edficas de cada persona\u00bb<\/em><\/span>.<\/p>\n<p>Ante un escenario marcado por el aumento de temperaturas extremas, los profesionales coinciden en que la mejor estrategia es anticipar los problemas. Y en esta tarea, la observaci\u00f3n diaria, el acompa\u00f1amiento y la detecci\u00f3n precoz siguen siendo herramientas esenciales para proteger la salud y el bienestar de las personas mayores.<\/p>\n<p>&nbsp;<\/p>\n<hr class=\" hr_color\" style=\"margin:0 auto 30px;\"\/>\n\n<p>Art\u00edculo publicado antes en <a href=\"https:\/\/balancesociosanitario.com\/actualidad\/como-detectar-los-primeros-efectos-del-calor-en-personas-mayores-las-claves-de-los-profesionales-del-cuidado-domiciliario\/\" target=\"_blank\" rel=\"noopener\">Balance Sociosanitario<\/a>.<\/p>\n<p>&nbsp;<\/p>\n<hr class=\" hr_color\" style=\"margin:0 auto 30px;\"\/>\n\n<div class=\"column one\"><div class=\"mcb-column-inner\"><br \/>\n<iframe style=\"overflow: hidden; width: 1200px; height: 258px;\" width=\"1200\" height=\"240\" frameborder=\"0\" scrolling=\"no\" data-cookieconsent=\"marketing\" data-cookieblock-src=\"https:\/\/www.facebook.com\/plugins\/page.php?href=https%3A%2F%2Fwww.facebook.com%2Faccentsocial%2F&amp;tabs=timeline&amp;width=500&amp;height=100&amp;small_header=false&amp;adapt_container_width=false&amp;hide_cover=false&amp;show_facepile=true&amp;appId\" data-mce-fragment=\"1\"><\/iframe><br \/>\n<\/div><\/div>\n\n","protected":false},"excerpt":{"rendered":"<p>Los equipos de atenci\u00f3n domiciliaria de Accent Social explican que la detecci\u00f3n precoz es clave para evitar complicaciones durante las olas de calor.<\/p>\n","protected":false},"author":5,"featured_media":15835,"comment_status":"closed","ping_status":"open","sticky":false,"template":"","format":"standard","meta":{"rs_blank_template":"","rs_page_bg_color":"","slide_template_v7":"","footnotes":""},"categories":[236],"tags":[766,815,385,859,858,860,863,553,287,583,861,669,862],"class_list":["post-15805","post","type-post","status-publish","format-standard","has-post-thumbnail","hentry","category-sad-servicio-asistencia-domiciliaria","tag-acompanamiento","tag-altas-temperaturas","tag-atencion-domiciliaria","tag-deteccion-temprana","tag-efectos-del-calor","tag-factores-de-riesgo","tag-observacion","tag-personas-mayores","tag-sad-es","tag-salud","tag-salud-de-las-personas-mayores","tag-servicios-de-atencion-domiciliaria","tag-temperaturas-extremas"],"yoast_head":"<!-- This site is optimized with the Yoast SEO plugin v28.4 - https:\/\/yoast.com\/product\/yoast-seo-wordpress\/ -->\n<title>C\u00f3mo detectar los primeros efectos del calor en personas mayores: las claves de los profesionales del cuidado domiciliario | Accent Social | Serveis d&#039;Atenci\u00f3 Domicili\u00e0ria i centres per gent gran<\/title>\n<meta name=\"description\" content=\"Los equipos de atenci\u00f3n domiciliaria de Accent Social explican que la detecci\u00f3n precoz es clave para evitar complicaciones durante las olas de calor\" \/>\n<meta name=\"robots\" content=\"index, follow, max-snippet:-1, max-image-preview:large, max-video-preview:-1\" \/>\n<link rel=\"canonical\" href=\"https:\/\/www.accent-social.cat\/es\/como-detectar-los-primeros-efectos-del-calor-en-personas-mayores-las-claves-de-los-profesionales-del-cuidado-domiciliario\/\" \/>\n<meta property=\"og:locale\" content=\"es_ES\" \/>\n<meta property=\"og:type\" content=\"article\" \/>\n<meta property=\"og:title\" content=\"C\u00f3mo detectar los primeros efectos del calor en personas mayores: las claves de los profesionales del cuidado domiciliario | Accent Social | Serveis d&#039;Atenci\u00f3 Domicili\u00e0ria i centres per gent gran\" \/>\n<meta property=\"og:description\" content=\"Los equipos de atenci\u00f3n domiciliaria de Accent Social explican que la detecci\u00f3n precoz es clave para evitar complicaciones durante las olas de calor\" \/>\n<meta property=\"og:url\" content=\"https:\/\/www.accent-social.cat\/es\/como-detectar-los-primeros-efectos-del-calor-en-personas-mayores-las-claves-de-los-profesionales-del-cuidado-domiciliario\/\" \/>\n<meta property=\"og:site_name\" content=\"Accent Social | Serveis d&#039;Atenci\u00f3 Domicili\u00e0ria i centres per gent gran\" \/>\n<meta property=\"article:publisher\" content=\"https:\/\/www.facebook.com\/accentsocial\" \/>\n<meta property=\"article:published_time\" content=\"2026-08-07T08:30:59+00:00\" \/>\n<meta property=\"article:modified_time\" content=\"2026-09-03T07:08:35+00:00\" \/>\n<meta property=\"og:image\" content=\"https:\/\/www.accent-social.cat\/wp-content\/uploads\/2026\/10\/Como-detectar-los-primeros-efectos-del-calor-en-personas-mayores_las-claves-de-los-profesionales-del-cuidado-domiciliario-2.png\" \/>\n\t<meta property=\"og:image:width\" content=\"840\" \/>\n\t<meta property=\"og:image:height\" content=\"400\" \/>\n\t<meta property=\"og:image:type\" content=\"image\/png\" \/>\n<meta name=\"author\" content=\"Comunicacio\" \/>\n<meta name=\"twitter:card\" content=\"summary_large_image\" \/>\n<meta name=\"twitter:creator\" content=\"@accentsocial_\" \/>\n<meta name=\"twitter:site\" content=\"@accentsocial_\" \/>\n<meta name=\"twitter:label1\" content=\"Escrito por\" \/>\n\t<meta name=\"twitter:data1\" content=\"Comunicacio\" \/>\n\t<meta name=\"twitter:label2\" content=\"Tiempo de lectura\" \/>\n\t<meta name=\"twitter:data2\" content=\"5 minutos\" \/>\n<script type=\"application\/ld+json\" class=\"yoast-schema-graph\">{\"@context\":\"https:\\\/\\\/schema.org\",\"@graph\":[{\"@type\":\"Article\",\"@id\":\"https:\\\/\\\/www.accent-social.cat\\\/es\\\/como-detectar-los-primeros-efectos-del-calor-en-personas-mayores-las-claves-de-los-profesionales-del-cuidado-domiciliario\\\/#article\",\"isPartOf\":{\"@id\":\"https:\\\/\\\/www.accent-social.cat\\\/es\\\/como-detectar-los-primeros-efectos-del-calor-en-personas-mayores-las-claves-de-los-profesionales-del-cuidado-domiciliario\\\/\"},\"author\":{\"name\":\"Comunicacio\",\"@id\":\"https:\\\/\\\/www.accent-social.cat\\\/#\\\/schema\\\/person\\\/de51b50d2ff3a1d0ce464cd35fe36275\"},\"headline\":\"C\u00f3mo detectar los primeros efectos del calor en personas mayores: las claves de los profesionales del cuidado domiciliario\",\"datePublished\":\"2026-08-07T08:30:59+00:00\",\"dateModified\":\"2026-09-03T07:08:35+00:00\",\"mainEntityOfPage\":{\"@id\":\"https:\\\/\\\/www.accent-social.cat\\\/es\\\/como-detectar-los-primeros-efectos-del-calor-en-personas-mayores-las-claves-de-los-profesionales-del-cuidado-domiciliario\\\/\"},\"wordCount\":878,\"publisher\":{\"@id\":\"https:\\\/\\\/www.accent-social.cat\\\/#organization\"},\"image\":{\"@id\":\"https:\\\/\\\/www.accent-social.cat\\\/es\\\/como-detectar-los-primeros-efectos-del-calor-en-personas-mayores-las-claves-de-los-profesionales-del-cuidado-domiciliario\\\/#primaryimage\"},\"thumbnailUrl\":\"https:\\\/\\\/www.accent-social.cat\\\/wp-content\\\/uploads\\\/2026\\\/10\\\/Como-detectar-los-primeros-efectos-del-calor-en-personas-mayores_las-claves-de-los-profesionales-del-cuidado-domiciliario-2.png\",\"keywords\":[\"acompa\u00f1amiento\",\"altas temperaturas\",\"atenci\u00f3n domiciliaria\",\"detecci\u00f3n temprana\",\"efectos del calor\",\"factores de riesgo\",\"observaci\u00f3n\",\"personas mayores\",\"SAD\",\"salud\",\"salud de las personas mayores\",\"Servicios de Atenci\u00f3n Domiciliaria\",\"temperaturas extremas\"],\"articleSection\":[\"SAD Servicio Asistencia Domiciliaria\"],\"inLanguage\":\"es\"},{\"@type\":\"WebPage\",\"@id\":\"https:\\\/\\\/www.accent-social.cat\\\/es\\\/como-detectar-los-primeros-efectos-del-calor-en-personas-mayores-las-claves-de-los-profesionales-del-cuidado-domiciliario\\\/\",\"url\":\"https:\\\/\\\/www.accent-social.cat\\\/es\\\/como-detectar-los-primeros-efectos-del-calor-en-personas-mayores-las-claves-de-los-profesionales-del-cuidado-domiciliario\\\/\",\"name\":\"C\u00f3mo detectar los primeros efectos del calor en personas mayores: las claves de los profesionales del cuidado domiciliario | Accent Social | Serveis d&#039;Atenci\u00f3 Domicili\u00e0ria i centres per gent gran\",\"isPartOf\":{\"@id\":\"https:\\\/\\\/www.accent-social.cat\\\/#website\"},\"primaryImageOfPage\":{\"@id\":\"https:\\\/\\\/www.accent-social.cat\\\/es\\\/como-detectar-los-primeros-efectos-del-calor-en-personas-mayores-las-claves-de-los-profesionales-del-cuidado-domiciliario\\\/#primaryimage\"},\"image\":{\"@id\":\"https:\\\/\\\/www.accent-social.cat\\\/es\\\/como-detectar-los-primeros-efectos-del-calor-en-personas-mayores-las-claves-de-los-profesionales-del-cuidado-domiciliario\\\/#primaryimage\"},\"thumbnailUrl\":\"https:\\\/\\\/www.accent-social.cat\\\/wp-content\\\/uploads\\\/2026\\\/10\\\/Como-detectar-los-primeros-efectos-del-calor-en-personas-mayores_las-claves-de-los-profesionales-del-cuidado-domiciliario-2.png\",\"datePublished\":\"2026-08-07T08:30:59+00:00\",\"dateModified\":\"2026-09-03T07:08:35+00:00\",\"description\":\"Los equipos de atenci\u00f3n domiciliaria de Accent Social explican que la detecci\u00f3n precoz es clave para evitar complicaciones durante las olas de calor\",\"breadcrumb\":{\"@id\":\"https:\\\/\\\/www.accent-social.cat\\\/es\\\/como-detectar-los-primeros-efectos-del-calor-en-personas-mayores-las-claves-de-los-profesionales-del-cuidado-domiciliario\\\/#breadcrumb\"},\"inLanguage\":\"es\",\"potentialAction\":[{\"@type\":\"ReadAction\",\"target\":[\"https:\\\/\\\/www.accent-social.cat\\\/es\\\/como-detectar-los-primeros-efectos-del-calor-en-personas-mayores-las-claves-de-los-profesionales-del-cuidado-domiciliario\\\/\"]}]},{\"@type\":\"ImageObject\",\"inLanguage\":\"es\",\"@id\":\"https:\\\/\\\/www.accent-social.cat\\\/es\\\/como-detectar-los-primeros-efectos-del-calor-en-personas-mayores-las-claves-de-los-profesionales-del-cuidado-domiciliario\\\/#primaryimage\",\"url\":\"https:\\\/\\\/www.accent-social.cat\\\/wp-content\\\/uploads\\\/2026\\\/10\\\/Como-detectar-los-primeros-efectos-del-calor-en-personas-mayores_las-claves-de-los-profesionales-del-cuidado-domiciliario-2.png\",\"contentUrl\":\"https:\\\/\\\/www.accent-social.cat\\\/wp-content\\\/uploads\\\/2026\\\/10\\\/Como-detectar-los-primeros-efectos-del-calor-en-personas-mayores_las-claves-de-los-profesionales-del-cuidado-domiciliario-2.png\",\"width\":840,\"height\":400,\"caption\":\"C\u00f3mo detectar los primeros efectos del calor en personas mayores: las claves de los profesionales del cuidado domiciliario\"},{\"@type\":\"BreadcrumbList\",\"@id\":\"https:\\\/\\\/www.accent-social.cat\\\/es\\\/como-detectar-los-primeros-efectos-del-calor-en-personas-mayores-las-claves-de-los-profesionales-del-cuidado-domiciliario\\\/#breadcrumb\",\"itemListElement\":[{\"@type\":\"ListItem\",\"position\":1,\"name\":\"Inici\",\"item\":\"https:\\\/\\\/www.accent-social.cat\\\/es\\\/\"},{\"@type\":\"ListItem\",\"position\":2,\"name\":\"C\u00f3mo detectar los primeros efectos del calor en personas mayores: las claves de los profesionales del cuidado domiciliario\"}]},{\"@type\":\"WebSite\",\"@id\":\"https:\\\/\\\/www.accent-social.cat\\\/#website\",\"url\":\"https:\\\/\\\/www.accent-social.cat\\\/\",\"name\":\"Accent Social | Serveis d'Atenci\u00f3 Domicili\u00e0ria (SAD) i centres col\u00b7lectius\",\"description\":\"Serveis d&#039;Atenci\u00f3 Domicili\u00e0ria i centres de dia a Barcelona. Gesti\u00f3 de serveis socials i per a la gent gran.\",\"publisher\":{\"@id\":\"https:\\\/\\\/www.accent-social.cat\\\/#organization\"},\"potentialAction\":[{\"@type\":\"SearchAction\",\"target\":{\"@type\":\"EntryPoint\",\"urlTemplate\":\"https:\\\/\\\/www.accent-social.cat\\\/?s={search_term_string}\"},\"query-input\":{\"@type\":\"PropertyValueSpecification\",\"valueRequired\":true,\"valueName\":\"search_term_string\"}}],\"inLanguage\":\"es\"},{\"@type\":\"Organization\",\"@id\":\"https:\\\/\\\/www.accent-social.cat\\\/#organization\",\"name\":\"Accent Social\",\"url\":\"https:\\\/\\\/www.accent-social.cat\\\/\",\"logo\":{\"@type\":\"ImageObject\",\"inLanguage\":\"es\",\"@id\":\"https:\\\/\\\/www.accent-social.cat\\\/#\\\/schema\\\/logo\\\/image\\\/\",\"url\":\"https:\\\/\\\/www.accent-social.cat\\\/wp-content\\\/uploads\\\/2017\\\/09\\\/Logo-Accent-Social.jpg\",\"contentUrl\":\"https:\\\/\\\/www.accent-social.cat\\\/wp-content\\\/uploads\\\/2017\\\/09\\\/Logo-Accent-Social.jpg\",\"width\":512,\"height\":512,\"caption\":\"Accent Social\"},\"image\":{\"@id\":\"https:\\\/\\\/www.accent-social.cat\\\/#\\\/schema\\\/logo\\\/image\\\/\"},\"sameAs\":[\"https:\\\/\\\/www.facebook.com\\\/accentsocial\",\"https:\\\/\\\/x.com\\\/accentsocial_\",\"http:\\\/\\\/www.instagram.com\\\/accentsocial\",\"https:\\\/\\\/www.linkedin.com\\\/company\\\/accent-social\\\/\",\"https:\\\/\\\/www.crunchbase.com\\\/organization\\\/accent-social\",\"https:\\\/\\\/www.hotfrog.es\\\/empresa\\\/barcelona\\\/barcelona\\\/accent-social\",\"https:\\\/\\\/www.youtube.com\\\/channel\\\/UCBRsmX50gP0nPuAb5rPfr2g\"]},{\"@type\":\"Person\",\"@id\":\"https:\\\/\\\/www.accent-social.cat\\\/#\\\/schema\\\/person\\\/de51b50d2ff3a1d0ce464cd35fe36275\",\"name\":\"Comunicacio\",\"image\":{\"@type\":\"ImageObject\",\"inLanguage\":\"es\",\"@id\":\"https:\\\/\\\/secure.gravatar.com\\\/avatar\\\/c34842fbd822de3ca9a2f9d59c2faa5bfc475c83c2a1dedfa8f5348a1ff4e0cb?s=96&d=mm&r=g\",\"url\":\"https:\\\/\\\/secure.gravatar.com\\\/avatar\\\/c34842fbd822de3ca9a2f9d59c2faa5bfc475c83c2a1dedfa8f5348a1ff4e0cb?s=96&d=mm&r=g\",\"contentUrl\":\"https:\\\/\\\/secure.gravatar.com\\\/avatar\\\/c34842fbd822de3ca9a2f9d59c2faa5bfc475c83c2a1dedfa8f5348a1ff4e0cb?s=96&d=mm&r=g\",\"caption\":\"Comunicacio\"}}]}<\/script>\n<!-- \/ Yoast SEO plugin. -->","yoast_head_json":{"title":"C\u00f3mo detectar los primeros efectos del calor en personas mayores: las claves de los profesionales del cuidado domiciliario | Accent Social | Serveis d&#039;Atenci\u00f3 Domicili\u00e0ria i centres per gent gran","description":"Los equipos de atenci\u00f3n domiciliaria de Accent Social explican que la detecci\u00f3n precoz es clave para evitar complicaciones durante las olas de calor","robots":{"index":"index","follow":"follow","max-snippet":"max-snippet:-1","max-image-preview":"max-image-preview:large","max-video-preview":"max-video-preview:-1"},"canonical":"https:\/\/www.accent-social.cat\/es\/como-detectar-los-primeros-efectos-del-calor-en-personas-mayores-las-claves-de-los-profesionales-del-cuidado-domiciliario\/","og_locale":"es_ES","og_type":"article","og_title":"C\u00f3mo detectar los primeros efectos del calor en personas mayores: las claves de los profesionales del cuidado domiciliario | Accent Social | Serveis d&#039;Atenci\u00f3 Domicili\u00e0ria i centres per gent gran","og_description":"Los equipos de atenci\u00f3n domiciliaria de Accent Social explican que la detecci\u00f3n precoz es clave para evitar complicaciones durante las olas de calor","og_url":"https:\/\/www.accent-social.cat\/es\/como-detectar-los-primeros-efectos-del-calor-en-personas-mayores-las-claves-de-los-profesionales-del-cuidado-domiciliario\/","og_site_name":"Accent Social | Serveis d&#039;Atenci\u00f3 Domicili\u00e0ria i centres per gent gran","article_publisher":"https:\/\/www.facebook.com\/accentsocial","article_published_time":"2026-08-07T08:30:59+00:00","article_modified_time":"2026-09-03T07:08:35+00:00","og_image":[{"width":840,"height":400,"url":"https:\/\/www.accent-social.cat\/wp-content\/uploads\/2026\/10\/Como-detectar-los-primeros-efectos-del-calor-en-personas-mayores_las-claves-de-los-profesionales-del-cuidado-domiciliario-2.png","type":"image\/png"}],"author":"Comunicacio","twitter_card":"summary_large_image","twitter_creator":"@accentsocial_","twitter_site":"@accentsocial_","twitter_misc":{"Escrito por":"Comunicacio","Tiempo de lectura":"5 minutos"},"schema":{"@context":"https:\/\/schema.org","@graph":[{"@type":"Article","@id":"https:\/\/www.accent-social.cat\/es\/como-detectar-los-primeros-efectos-del-calor-en-personas-mayores-las-claves-de-los-profesionales-del-cuidado-domiciliario\/#article","isPartOf":{"@id":"https:\/\/www.accent-social.cat\/es\/como-detectar-los-primeros-efectos-del-calor-en-personas-mayores-las-claves-de-los-profesionales-del-cuidado-domiciliario\/"},"author":{"name":"Comunicacio","@id":"https:\/\/www.accent-social.cat\/#\/schema\/person\/de51b50d2ff3a1d0ce464cd35fe36275"},"headline":"C\u00f3mo detectar los primeros efectos del calor en personas mayores: las claves de los profesionales del cuidado domiciliario","datePublished":"2026-08-07T08:30:59+00:00","dateModified":"2026-09-03T07:08:35+00:00","mainEntityOfPage":{"@id":"https:\/\/www.accent-social.cat\/es\/como-detectar-los-primeros-efectos-del-calor-en-personas-mayores-las-claves-de-los-profesionales-del-cuidado-domiciliario\/"},"wordCount":878,"publisher":{"@id":"https:\/\/www.accent-social.cat\/#organization"},"image":{"@id":"https:\/\/www.accent-social.cat\/es\/como-detectar-los-primeros-efectos-del-calor-en-personas-mayores-las-claves-de-los-profesionales-del-cuidado-domiciliario\/#primaryimage"},"thumbnailUrl":"https:\/\/www.accent-social.cat\/wp-content\/uploads\/2026\/10\/Como-detectar-los-primeros-efectos-del-calor-en-personas-mayores_las-claves-de-los-profesionales-del-cuidado-domiciliario-2.png","keywords":["acompa\u00f1amiento","altas temperaturas","atenci\u00f3n domiciliaria","detecci\u00f3n temprana","efectos del calor","factores de riesgo","observaci\u00f3n","personas mayores","SAD","salud","salud de las personas mayores","Servicios de Atenci\u00f3n Domiciliaria","temperaturas extremas"],"articleSection":["SAD Servicio Asistencia Domiciliaria"],"inLanguage":"es"},{"@type":"WebPage","@id":"https:\/\/www.accent-social.cat\/es\/como-detectar-los-primeros-efectos-del-calor-en-personas-mayores-las-claves-de-los-profesionales-del-cuidado-domiciliario\/","url":"https:\/\/www.accent-social.cat\/es\/como-detectar-los-primeros-efectos-del-calor-en-personas-mayores-las-claves-de-los-profesionales-del-cuidado-domiciliario\/","name":"C\u00f3mo detectar los primeros efectos del calor en personas mayores: las claves de los profesionales del cuidado domiciliario | Accent Social | Serveis d&#039;Atenci\u00f3 Domicili\u00e0ria i centres per gent gran","isPartOf":{"@id":"https:\/\/www.accent-social.cat\/#website"},"primaryImageOfPage":{"@id":"https:\/\/www.accent-social.cat\/es\/como-detectar-los-primeros-efectos-del-calor-en-personas-mayores-las-claves-de-los-profesionales-del-cuidado-domiciliario\/#primaryimage"},"image":{"@id":"https:\/\/www.accent-social.cat\/es\/como-detectar-los-primeros-efectos-del-calor-en-personas-mayores-las-claves-de-los-profesionales-del-cuidado-domiciliario\/#primaryimage"},"thumbnailUrl":"https:\/\/www.accent-social.cat\/wp-content\/uploads\/2026\/10\/Como-detectar-los-primeros-efectos-del-calor-en-personas-mayores_las-claves-de-los-profesionales-del-cuidado-domiciliario-2.png","datePublished":"2026-08-07T08:30:59+00:00","dateModified":"2026-09-03T07:08:35+00:00","description":"Los equipos de atenci\u00f3n domiciliaria de Accent Social explican que la detecci\u00f3n precoz es clave para evitar complicaciones durante las olas de calor","breadcrumb":{"@id":"https:\/\/www.accent-social.cat\/es\/como-detectar-los-primeros-efectos-del-calor-en-personas-mayores-las-claves-de-los-profesionales-del-cuidado-domiciliario\/#breadcrumb"},"inLanguage":"es","potentialAction":[{"@type":"ReadAction","target":["https:\/\/www.accent-social.cat\/es\/como-detectar-los-primeros-efectos-del-calor-en-personas-mayores-las-claves-de-los-profesionales-del-cuidado-domiciliario\/"]}]},{"@type":"ImageObject","inLanguage":"es","@id":"https:\/\/www.accent-social.cat\/es\/como-detectar-los-primeros-efectos-del-calor-en-personas-mayores-las-claves-de-los-profesionales-del-cuidado-domiciliario\/#primaryimage","url":"https:\/\/www.accent-social.cat\/wp-content\/uploads\/2026\/10\/Como-detectar-los-primeros-efectos-del-calor-en-personas-mayores_las-claves-de-los-profesionales-del-cuidado-domiciliario-2.png","contentUrl":"https:\/\/www.accent-social.cat\/wp-content\/uploads\/2026\/10\/Como-detectar-los-primeros-efectos-del-calor-en-personas-mayores_las-claves-de-los-profesionales-del-cuidado-domiciliario-2.png","width":840,"height":400,"caption":"C\u00f3mo detectar los primeros efectos del calor en personas mayores: las claves de los profesionales del cuidado domiciliario"},{"@type":"BreadcrumbList","@id":"https:\/\/www.accent-social.cat\/es\/como-detectar-los-primeros-efectos-del-calor-en-personas-mayores-las-claves-de-los-profesionales-del-cuidado-domiciliario\/#breadcrumb","itemListElement":[{"@type":"ListItem","position":1,"name":"Inici","item":"https:\/\/www.accent-social.cat\/es\/"},{"@type":"ListItem","position":2,"name":"C\u00f3mo detectar los primeros efectos del calor en personas mayores: las claves de los profesionales del cuidado domiciliario"}]},{"@type":"WebSite","@id":"https:\/\/www.accent-social.cat\/#website","url":"https:\/\/www.accent-social.cat\/","name":"Accent Social | Serveis d'Atenci\u00f3 Domicili\u00e0ria (SAD) i centres col\u00b7lectius","description":"Serveis d&#039;Atenci\u00f3 Domicili\u00e0ria i centres de dia a Barcelona. Gesti\u00f3 de serveis socials i per a la gent gran.","publisher":{"@id":"https:\/\/www.accent-social.cat\/#organization"},"potentialAction":[{"@type":"SearchAction","target":{"@type":"EntryPoint","urlTemplate":"https:\/\/www.accent-social.cat\/?s={search_term_string}"},"query-input":{"@type":"PropertyValueSpecification","valueRequired":true,"valueName":"search_term_string"}}],"inLanguage":"es"},{"@type":"Organization","@id":"https:\/\/www.accent-social.cat\/#organization","name":"Accent Social","url":"https:\/\/www.accent-social.cat\/","logo":{"@type":"ImageObject","inLanguage":"es","@id":"https:\/\/www.accent-social.cat\/#\/schema\/logo\/image\/","url":"https:\/\/www.accent-social.cat\/wp-content\/uploads\/2017\/09\/Logo-Accent-Social.jpg","contentUrl":"https:\/\/www.accent-social.cat\/wp-content\/uploads\/2017\/09\/Logo-Accent-Social.jpg","width":512,"height":512,"caption":"Accent Social"},"image":{"@id":"https:\/\/www.accent-social.cat\/#\/schema\/logo\/image\/"},"sameAs":["https:\/\/www.facebook.com\/accentsocial","https:\/\/x.com\/accentsocial_","http:\/\/www.instagram.com\/accentsocial","https:\/\/www.linkedin.com\/company\/accent-social\/","https:\/\/www.crunchbase.com\/organization\/accent-social","https:\/\/www.hotfrog.es\/empresa\/barcelona\/barcelona\/accent-social","https:\/\/www.youtube.com\/channel\/UCBRsmX50gP0nPuAb5rPfr2g"]},{"@type":"Person","@id":"https:\/\/www.accent-social.cat\/#\/schema\/person\/de51b50d2ff3a1d0ce464cd35fe36275","name":"Comunicacio","image":{"@type":"ImageObject","inLanguage":"es","@id":"https:\/\/secure.gravatar.com\/avatar\/c34842fbd822de3ca9a2f9d59c2faa5bfc475c83c2a1dedfa8f5348a1ff4e0cb?s=96&d=mm&r=g","url":"https:\/\/secure.gravatar.com\/avatar\/c34842fbd822de3ca9a2f9d59c2faa5bfc475c83c2a1dedfa8f5348a1ff4e0cb?s=96&d=mm&r=g","contentUrl":"https:\/\/secure.gravatar.com\/avatar\/c34842fbd822de3ca9a2f9d59c2faa5bfc475c83c2a1dedfa8f5348a1ff4e0cb?s=96&d=mm&r=g","caption":"Comunicacio"}}]}},"_links":{"self":[{"href":"https:\/\/www.accent-social.cat\/es\/wp-json\/wp\/v2\/posts\/15805","targetHints":{"allow":["GET"]}}],"collection":[{"href":"https:\/\/www.accent-social.cat\/es\/wp-json\/wp\/v2\/posts"}],"about":[{"href":"https:\/\/www.accent-social.cat\/es\/wp-json\/wp\/v2\/types\/post"}],"author":[{"embeddable":true,"href":"https:\/\/www.accent-social.cat\/es\/wp-json\/wp\/v2\/users\/5"}],"replies":[{"embeddable":true,"href":"https:\/\/www.accent-social.cat\/es\/wp-json\/wp\/v2\/comments?post=15805"}],"version-history":[{"count":3,"href":"https:\/\/www.accent-social.cat\/es\/wp-json\/wp\/v2\/posts\/15805\/revisions"}],"predecessor-version":[{"id":15834,"href":"https:\/\/www.accent-social.cat\/es\/wp-json\/wp\/v2\/posts\/15805\/revisions\/15834"}],"wp:featuredmedia":[{"embeddable":true,"href":"https:\/\/www.accent-social.cat\/es\/wp-json\/wp\/v2\/media\/15835"}],"wp:attachment":[{"href":"https:\/\/www.accent-social.cat\/es\/wp-json\/wp\/v2\/media?parent=15805"}],"wp:term":[{"taxonomy":"category","embeddable":true,"href":"https:\/\/www.accent-social.cat\/es\/wp-json\/wp\/v2\/categories?post=15805"},{"taxonomy":"post_tag","embeddable":true,"href":"https:\/\/www.accent-social.cat\/es\/wp-json\/wp\/v2\/tags?post=15805"}],"curies":[{"name":"wp","href":"https:\/\/api.w.org\/{rel}","templated":true}]}}