{"id":15611,"date":"2026-04-24T11:00:31","date_gmt":"2026-04-24T09:00:31","guid":{"rendered":"https:\/\/www.accent-social.cat\/?p=15611"},"modified":"2026-04-28T13:52:39","modified_gmt":"2026-04-28T11:52:39","slug":"accent-social-regala-mas-de-doscientos-libros-contra-la-soledad-a-personas-usuarias-durante-la-festividad-de-sant-jordi","status":"publish","type":"post","link":"https:\/\/www.accent-social.cat\/es\/accent-social-regala-mas-de-doscientos-libros-contra-la-soledad-a-personas-usuarias-durante-la-festividad-de-sant-jordi\/","title":{"rendered":"Accent Social regala m\u00e1s de doscientos libros contra la soledad a personas usuarias durante la festividad de Sant Jordi"},"content":{"rendered":"<p>Con motivo de la celebraci\u00f3n de la festividad de Sant Jordi, <a href=\"https:\/\/www.accent-social.cat\/\" target=\"_blank\" rel=\"noopener\"><strong>Accent Social <\/strong><\/a>ha impulsado este a\u00f1o la iniciativa <strong>&#8216;Libros contra la soledad&#8217;<\/strong>, una acci\u00f3n social que tiene como objetivo acercar la lectura -y, sobre todo, el calor humano- a personas usuarias que viven situaciones de <strong>soledad no deseada<\/strong>, especialmente personas mayores atendidas a trav\u00e9s de los Servicios de Atenci\u00f3n Domiciliaria (SAD).<\/p>\n<p>En el marco de esta iniciativa, <strong>m\u00e1s de doscientos libros con dedicatorias personalizadas <\/strong>han sido entregados a personas usuarias de los servicios de Sabadell, Sitges, y Lleida. Los libros y las dedicatorias han sido aportados por los y las profesionales de Accent Social, con la voluntad de hacer de un libro un gesto de proximidad y de acompa\u00f1amiento en una fecha tan significativa para la cultura y la sociedad catalanas.<\/p>\n<p><strong>Montse Par\u00e9s, delegada social de Accent Social<\/strong>, explica que:<\/p>\n<p style=\"padding-left: 40px;\"><span style=\"color: #ab4fab;\"><em>\u201cUn libro puede ser una gran historia, pero tambi\u00e9n puede ser una manera de decir &#8216;estamos aqu\u00ed&#8217;. Con esta iniciativa queremos que las personas que viven solas sientan que alguien piensa en ellas, especialmente en un d\u00eda tan significativo como Sant Jordi\u00bb.<\/em><\/span><\/p>\n<p>Contribuir a combatir la soledad no deseada forma parte de las l\u00edneas de trabajo prioritarias de Accent Social, especialmente en un contexto marcado por el envejecimiento de la poblaci\u00f3n. Acciones como esta permiten reforzar el v\u00ednculo emocional con las personas usuarias y poner en valor una atenci\u00f3n centrada en la persona, que va m\u00e1s all\u00e1 del \u00e1mbito asistencial.<\/p>\n<p><a href=\"https:\/\/www.accent-social.cat\/wp-content\/uploads\/2026\/04\/AS_Collage-Sant-Jordi_Sitges.jpg\" target=\"_blank\" rel=\"noopener\"><img loading=\"lazy\" decoding=\"async\" class=\"alignnone wp-image-15621\" src=\"https:\/\/www.accent-social.cat\/wp-content\/uploads\/2026\/04\/AS_Collage-Sant-Jordi_Sitges-819x1024.jpg\" alt=\"\" width=\"500\" height=\"625\" data-wp-editing=\"1\" srcset=\"https:\/\/www.accent-social.cat\/wp-content\/uploads\/2026\/04\/AS_Collage-Sant-Jordi_Sitges-819x1024.jpg 819w, https:\/\/www.accent-social.cat\/wp-content\/uploads\/2026\/04\/AS_Collage-Sant-Jordi_Sitges-240x300.jpg 240w, https:\/\/www.accent-social.cat\/wp-content\/uploads\/2026\/04\/AS_Collage-Sant-Jordi_Sitges-768x960.jpg 768w, https:\/\/www.accent-social.cat\/wp-content\/uploads\/2026\/04\/AS_Collage-Sant-Jordi_Sitges-60x75.jpg 60w, https:\/\/www.accent-social.cat\/wp-content\/uploads\/2026\/04\/AS_Collage-Sant-Jordi_Sitges-480x600.jpg 480w, https:\/\/www.accent-social.cat\/wp-content\/uploads\/2026\/04\/AS_Collage-Sant-Jordi_Sitges.jpg 1080w\" sizes=\"auto, (max-width:767px) 480px, 500px\" \/><\/a><a href=\"https:\/\/www.accent-social.cat\/wp-content\/uploads\/2026\/04\/AS_Collage-Sant-Jordi_Lleida.jpg\" target=\"_blank\" rel=\"noopener\"><img loading=\"lazy\" decoding=\"async\" class=\"alignnone wp-image-15623\" src=\"https:\/\/www.accent-social.cat\/wp-content\/uploads\/2026\/04\/AS_Collage-Sant-Jordi_Lleida-819x1024.jpg\" alt=\"\" width=\"500\" height=\"625\" srcset=\"https:\/\/www.accent-social.cat\/wp-content\/uploads\/2026\/04\/AS_Collage-Sant-Jordi_Lleida-819x1024.jpg 819w, https:\/\/www.accent-social.cat\/wp-content\/uploads\/2026\/04\/AS_Collage-Sant-Jordi_Lleida-240x300.jpg 240w, https:\/\/www.accent-social.cat\/wp-content\/uploads\/2026\/04\/AS_Collage-Sant-Jordi_Lleida-768x960.jpg 768w, https:\/\/www.accent-social.cat\/wp-content\/uploads\/2026\/04\/AS_Collage-Sant-Jordi_Lleida-60x75.jpg 60w, https:\/\/www.accent-social.cat\/wp-content\/uploads\/2026\/04\/AS_Collage-Sant-Jordi_Lleida-480x600.jpg 480w, https:\/\/www.accent-social.cat\/wp-content\/uploads\/2026\/04\/AS_Collage-Sant-Jordi_Lleida.jpg 1080w\" sizes=\"auto, (max-width:767px) 480px, 500px\" \/><\/a><\/p>\n<p><a href=\"https:\/\/www.accent-social.cat\/wp-content\/uploads\/2026\/04\/AS_Collage-Sant-Jordi_Sabadell.jpg\" target=\"_blank\" rel=\"noopener\"><img loading=\"lazy\" decoding=\"async\" class=\"alignnone wp-image-15617\" src=\"https:\/\/www.accent-social.cat\/wp-content\/uploads\/2026\/04\/AS_Collage-Sant-Jordi_Sabadell-240x300.jpg\" alt=\"\" width=\"500\" height=\"625\" srcset=\"https:\/\/www.accent-social.cat\/wp-content\/uploads\/2026\/04\/AS_Collage-Sant-Jordi_Sabadell-240x300.jpg 240w, https:\/\/www.accent-social.cat\/wp-content\/uploads\/2026\/04\/AS_Collage-Sant-Jordi_Sabadell-819x1024.jpg 819w, https:\/\/www.accent-social.cat\/wp-content\/uploads\/2026\/04\/AS_Collage-Sant-Jordi_Sabadell-768x960.jpg 768w, https:\/\/www.accent-social.cat\/wp-content\/uploads\/2026\/04\/AS_Collage-Sant-Jordi_Sabadell-60x75.jpg 60w, https:\/\/www.accent-social.cat\/wp-content\/uploads\/2026\/04\/AS_Collage-Sant-Jordi_Sabadell-480x600.jpg 480w, https:\/\/www.accent-social.cat\/wp-content\/uploads\/2026\/04\/AS_Collage-Sant-Jordi_Sabadell.jpg 1080w\" sizes=\"auto, (max-width:767px) 480px, 500px\" \/><\/a><a href=\"https:\/\/www.accent-social.cat\/wp-content\/uploads\/2026\/04\/AS_Collage-Sant-Jordi.jpg\" target=\"_blank\" rel=\"noopener\"><img loading=\"lazy\" decoding=\"async\" class=\"alignnone wp-image-15619\" src=\"https:\/\/www.accent-social.cat\/wp-content\/uploads\/2026\/04\/AS_Collage-Sant-Jordi-240x300.jpg\" alt=\"\" width=\"500\" height=\"625\" srcset=\"https:\/\/www.accent-social.cat\/wp-content\/uploads\/2026\/04\/AS_Collage-Sant-Jordi-240x300.jpg 240w, https:\/\/www.accent-social.cat\/wp-content\/uploads\/2026\/04\/AS_Collage-Sant-Jordi-819x1024.jpg 819w, https:\/\/www.accent-social.cat\/wp-content\/uploads\/2026\/04\/AS_Collage-Sant-Jordi-768x960.jpg 768w, https:\/\/www.accent-social.cat\/wp-content\/uploads\/2026\/04\/AS_Collage-Sant-Jordi-60x75.jpg 60w, https:\/\/www.accent-social.cat\/wp-content\/uploads\/2026\/04\/AS_Collage-Sant-Jordi-480x600.jpg 480w, https:\/\/www.accent-social.cat\/wp-content\/uploads\/2026\/04\/AS_Collage-Sant-Jordi.jpg 1080w\" sizes=\"auto, (max-width:767px) 480px, 500px\" \/><\/a><\/p>\n<p>&nbsp;<\/p>\n<hr class=\" hr_color\" style=\"margin:0 auto 30px;\"\/>\n\n<h3><strong>UN SANT JORDI DE RECONOCIMIENTO TAMBI\u00c9N A LOS EQUIPOS PROFESIONALES<\/strong><\/h3>\n<p>Adem\u00e1s, como hace cada a\u00f1o, Accent Social, ha vuelto a compartir la festividad de Sant Jordi con las personas profesionales de la entidad. Durante la jornada, se han repartido <strong>rosas naturales y puntos de libro <\/strong>entre los equipos como muestra de agradecimiento por su compromiso y su labor diaria de acompa\u00f1amiento.<\/p>\n<p>De lo contrario, la entidad tambi\u00e9n ha vuelto a incluir valor social en la jornada, entregando rosas org\u00e1nicas de papel de c\u00e9sped y rosas de origami elaboradas por el <a href=\"https:\/\/www.cetapunts.org\/\" target=\"_blank\" rel=\"noopener\"><strong>Centro Especial de Empleo Apunts<\/strong><\/a>, dedicado a la inserci\u00f3n social y laboral de personas con trastornos de salud mental y coordinado por la <a href=\"https:\/\/fundaciojoia.org\/\" target=\"_blank\" rel=\"noopener\"><strong>Fundaci\u00f3n Joia<\/strong><\/a>; rosas de jab\u00f3n de <a href=\"https:\/\/www.cataloniafundacio.cat\/\" target=\"_blank\" rel=\"noopener\"><strong>Catal\u00f2nia Fundaci\u00f3n Creactiva<\/strong><\/a>; y rosas hechas con fieltro, c\u00e1psulas y papel de semillas de la <a href=\"https:\/\/www.fundacioportola.com\/ca\/\" target=\"_blank\" rel=\"noopener\"><strong>Fundaci\u00f3n Portol\u00e0<\/strong><\/a>, entidad que facilita la integraci\u00f3n social y laboral de personas con discapacidad intelectual y trastornos mentales.<\/p>\n<p>Este gesto simb\u00f3lico quiere poner en valor el papel clave de los y las profesionales de Accent Social y reforzar el sentimiento de comunidad dentro de la organizaci\u00f3n, haciendo de Sant Jordi una jornada compartida y con sentido social.<\/p>\n<p>&nbsp;<\/p>\n<hr class=\" hr_color\" style=\"margin:0 auto 30px;\"\/>\n\n<p>Art\u00edculo publicado en la revista <a href=\"https:\/\/www.news3edad.com\/2026\/04\/24\/accent-social-regala-mas-de-doscientos-libros-contra-la-soledad-a-personas-usuarias-durante-la-festividad-de-sant-jordi\/\" target=\"_blank\" rel=\"noopener\">News3Edad<\/a>.<\/p>\n<p>&nbsp;<\/p>\n<hr class=\" hr_color\" style=\"margin:0 auto 30px;\"\/>\n\n<div class=\"column one\"><div class=\"mcb-column-inner\"><\/p>\n<p><iframe style=\"overflow: hidden; width: 1200px; height: 258px;\" width=\"1200\" height=\"240\" frameborder=\"0\" scrolling=\"no\" data-cookieconsent=\"marketing\" data-cookieblock-src=\"https:\/\/www.facebook.com\/plugins\/page.php?href=https%3A%2F%2Fwww.facebook.com%2Faccentsocial%2F&amp;tabs=timeline&amp;width=500&amp;height=100&amp;small_header=false&amp;adapt_container_width=false&amp;hide_cover=false&amp;show_facepile=true&amp;appId\" data-mce-fragment=\"1\"><\/iframe><br \/>\n<\/div><\/div>\n\n","protected":false},"excerpt":{"rendered":"<p>Con motivo de Sant Jordi, Accent Social impulsa la iniciativa \u201cLibros contra la soledad\u201d, acercando libros con dedicatorias a personas usuarias de los SAD.<\/p>\n","protected":false},"author":5,"featured_media":15614,"comment_status":"closed","ping_status":"open","sticky":false,"template":"","format":"standard","meta":{"footnotes":""},"categories":[234],"tags":[779,766,778,777,776,553,742,286,287,381,669,413,671],"class_list":["post-15611","post","type-post","status-publish","format-standard","has-post-thumbnail","hentry","category-jornadas","tag-accion-solidaria","tag-acompanamiento","tag-lectura","tag-libros","tag-libros-contra-la-soledad","tag-personas-mayores","tag-personas-usuarias","tag-rsc-es","tag-sad-es","tag-sant-jordi-es","tag-servicios-de-atencion-domiciliaria","tag-soledad","tag-soledad-no-deseada"],"yoast_head":"<!-- This site is optimized with the Yoast SEO plugin v27.5 - https:\/\/yoast.com\/product\/yoast-seo-wordpress\/ -->\n<title>Accent Social regala m\u00e1s de doscientos libros contra la soledad a personas usuarias durante la festividad de Sant Jordi | Accent Social | Serveis d&#039;Atenci\u00f3 Domicili\u00e0ria i centres per gent gran<\/title>\n<meta name=\"description\" content=\"Con motivo de Sant Jordi, Accent Social impulsa &#039;Libros contra la soledad&#039; para acercar la lectura y la compa\u00f1\u00eda a personas usuarias del SAD\" \/>\n<meta name=\"robots\" content=\"index, follow, max-snippet:-1, max-image-preview:large, max-video-preview:-1\" \/>\n<link rel=\"canonical\" href=\"https:\/\/www.accent-social.cat\/es\/accent-social-regala-mas-de-doscientos-libros-contra-la-soledad-a-personas-usuarias-durante-la-festividad-de-sant-jordi\/\" \/>\n<meta property=\"og:locale\" content=\"es_ES\" \/>\n<meta property=\"og:type\" content=\"article\" \/>\n<meta property=\"og:title\" content=\"Accent Social regala m\u00e1s de doscientos libros contra la soledad a personas usuarias durante la festividad de Sant Jordi | Accent Social | Serveis d&#039;Atenci\u00f3 Domicili\u00e0ria i centres per gent gran\" \/>\n<meta property=\"og:description\" content=\"Con motivo de Sant Jordi, Accent Social impulsa &#039;Libros contra la soledad&#039; para acercar la lectura y la compa\u00f1\u00eda a personas usuarias del SAD\" \/>\n<meta property=\"og:url\" content=\"https:\/\/www.accent-social.cat\/es\/accent-social-regala-mas-de-doscientos-libros-contra-la-soledad-a-personas-usuarias-durante-la-festividad-de-sant-jordi\/\" \/>\n<meta property=\"og:site_name\" content=\"Accent Social | Serveis d&#039;Atenci\u00f3 Domicili\u00e0ria i centres per gent gran\" \/>\n<meta property=\"article:publisher\" content=\"https:\/\/www.facebook.com\/accentsocial\" \/>\n<meta property=\"article:published_time\" content=\"2026-04-24T09:00:31+00:00\" \/>\n<meta property=\"article:modified_time\" content=\"2026-04-28T11:52:39+00:00\" \/>\n<meta property=\"og:image\" content=\"https:\/\/www.accent-social.cat\/wp-content\/uploads\/2026\/04\/Accent-Social-reparte-libros-contra-la-soledad-por-Sant-Jordi.png\" \/>\n\t<meta property=\"og:image:width\" content=\"840\" \/>\n\t<meta property=\"og:image:height\" content=\"400\" \/>\n\t<meta property=\"og:image:type\" content=\"image\/png\" \/>\n<meta name=\"author\" content=\"Comunicacio\" \/>\n<meta name=\"twitter:card\" content=\"summary_large_image\" \/>\n<meta name=\"twitter:creator\" content=\"@accentsocial_\" \/>\n<meta name=\"twitter:site\" content=\"@accentsocial_\" \/>\n<meta name=\"twitter:label1\" content=\"Escrito por\" \/>\n\t<meta name=\"twitter:data1\" content=\"Comunicacio\" \/>\n\t<meta name=\"twitter:label2\" content=\"Tiempo de lectura\" \/>\n\t<meta name=\"twitter:data2\" content=\"4 minutos\" \/>\n<script type=\"application\/ld+json\" class=\"yoast-schema-graph\">{\"@context\":\"https:\\\/\\\/schema.org\",\"@graph\":[{\"@type\":\"Article\",\"@id\":\"https:\\\/\\\/www.accent-social.cat\\\/es\\\/accent-social-regala-mas-de-doscientos-libros-contra-la-soledad-a-personas-usuarias-durante-la-festividad-de-sant-jordi\\\/#article\",\"isPartOf\":{\"@id\":\"https:\\\/\\\/www.accent-social.cat\\\/es\\\/accent-social-regala-mas-de-doscientos-libros-contra-la-soledad-a-personas-usuarias-durante-la-festividad-de-sant-jordi\\\/\"},\"author\":{\"name\":\"Comunicacio\",\"@id\":\"https:\\\/\\\/www.accent-social.cat\\\/#\\\/schema\\\/person\\\/de51b50d2ff3a1d0ce464cd35fe36275\"},\"headline\":\"Accent Social regala m\u00e1s de doscientos libros contra la soledad a personas usuarias durante la festividad de Sant Jordi\",\"datePublished\":\"2026-04-24T09:00:31+00:00\",\"dateModified\":\"2026-04-28T11:52:39+00:00\",\"mainEntityOfPage\":{\"@id\":\"https:\\\/\\\/www.accent-social.cat\\\/es\\\/accent-social-regala-mas-de-doscientos-libros-contra-la-soledad-a-personas-usuarias-durante-la-festividad-de-sant-jordi\\\/\"},\"wordCount\":518,\"publisher\":{\"@id\":\"https:\\\/\\\/www.accent-social.cat\\\/#organization\"},\"image\":{\"@id\":\"https:\\\/\\\/www.accent-social.cat\\\/es\\\/accent-social-regala-mas-de-doscientos-libros-contra-la-soledad-a-personas-usuarias-durante-la-festividad-de-sant-jordi\\\/#primaryimage\"},\"thumbnailUrl\":\"https:\\\/\\\/www.accent-social.cat\\\/wp-content\\\/uploads\\\/2026\\\/04\\\/Accent-Social-reparte-libros-contra-la-soledad-por-Sant-Jordi.png\",\"keywords\":[\"acci\u00f3n solidaria\",\"acompa\u00f1amiento\",\"lectura\",\"libros\",\"libros contra la soledad\",\"personas mayores\",\"personas usuarias\",\"RSC\",\"SAD\",\"Sant Jordi\",\"Servicios de Atenci\u00f3n Domiciliaria\",\"soledad\",\"soledad no deseada\"],\"articleSection\":[\"Jornadas\"],\"inLanguage\":\"es\"},{\"@type\":\"WebPage\",\"@id\":\"https:\\\/\\\/www.accent-social.cat\\\/es\\\/accent-social-regala-mas-de-doscientos-libros-contra-la-soledad-a-personas-usuarias-durante-la-festividad-de-sant-jordi\\\/\",\"url\":\"https:\\\/\\\/www.accent-social.cat\\\/es\\\/accent-social-regala-mas-de-doscientos-libros-contra-la-soledad-a-personas-usuarias-durante-la-festividad-de-sant-jordi\\\/\",\"name\":\"Accent Social regala m\u00e1s de doscientos libros contra la soledad a personas usuarias durante la festividad de Sant Jordi | Accent Social | Serveis d&#039;Atenci\u00f3 Domicili\u00e0ria i centres per gent gran\",\"isPartOf\":{\"@id\":\"https:\\\/\\\/www.accent-social.cat\\\/#website\"},\"primaryImageOfPage\":{\"@id\":\"https:\\\/\\\/www.accent-social.cat\\\/es\\\/accent-social-regala-mas-de-doscientos-libros-contra-la-soledad-a-personas-usuarias-durante-la-festividad-de-sant-jordi\\\/#primaryimage\"},\"image\":{\"@id\":\"https:\\\/\\\/www.accent-social.cat\\\/es\\\/accent-social-regala-mas-de-doscientos-libros-contra-la-soledad-a-personas-usuarias-durante-la-festividad-de-sant-jordi\\\/#primaryimage\"},\"thumbnailUrl\":\"https:\\\/\\\/www.accent-social.cat\\\/wp-content\\\/uploads\\\/2026\\\/04\\\/Accent-Social-reparte-libros-contra-la-soledad-por-Sant-Jordi.png\",\"datePublished\":\"2026-04-24T09:00:31+00:00\",\"dateModified\":\"2026-04-28T11:52:39+00:00\",\"description\":\"Con motivo de Sant Jordi, Accent Social impulsa 'Libros contra la soledad' para acercar la lectura y la compa\u00f1\u00eda a personas usuarias del SAD\",\"breadcrumb\":{\"@id\":\"https:\\\/\\\/www.accent-social.cat\\\/es\\\/accent-social-regala-mas-de-doscientos-libros-contra-la-soledad-a-personas-usuarias-durante-la-festividad-de-sant-jordi\\\/#breadcrumb\"},\"inLanguage\":\"es\",\"potentialAction\":[{\"@type\":\"ReadAction\",\"target\":[\"https:\\\/\\\/www.accent-social.cat\\\/es\\\/accent-social-regala-mas-de-doscientos-libros-contra-la-soledad-a-personas-usuarias-durante-la-festividad-de-sant-jordi\\\/\"]}]},{\"@type\":\"ImageObject\",\"inLanguage\":\"es\",\"@id\":\"https:\\\/\\\/www.accent-social.cat\\\/es\\\/accent-social-regala-mas-de-doscientos-libros-contra-la-soledad-a-personas-usuarias-durante-la-festividad-de-sant-jordi\\\/#primaryimage\",\"url\":\"https:\\\/\\\/www.accent-social.cat\\\/wp-content\\\/uploads\\\/2026\\\/04\\\/Accent-Social-reparte-libros-contra-la-soledad-por-Sant-Jordi.png\",\"contentUrl\":\"https:\\\/\\\/www.accent-social.cat\\\/wp-content\\\/uploads\\\/2026\\\/04\\\/Accent-Social-reparte-libros-contra-la-soledad-por-Sant-Jordi.png\",\"width\":840,\"height\":400,\"caption\":\"Accent Social entrega m\u00e1s de dos cientos libros contra la soledad entre personas usuarias del SAD por Sant Jordi\"},{\"@type\":\"BreadcrumbList\",\"@id\":\"https:\\\/\\\/www.accent-social.cat\\\/es\\\/accent-social-regala-mas-de-doscientos-libros-contra-la-soledad-a-personas-usuarias-durante-la-festividad-de-sant-jordi\\\/#breadcrumb\",\"itemListElement\":[{\"@type\":\"ListItem\",\"position\":1,\"name\":\"Inici\",\"item\":\"https:\\\/\\\/www.accent-social.cat\\\/es\\\/\"},{\"@type\":\"ListItem\",\"position\":2,\"name\":\"Accent Social regala m\u00e1s de doscientos libros contra la soledad a personas usuarias durante la festividad de Sant Jordi\"}]},{\"@type\":\"WebSite\",\"@id\":\"https:\\\/\\\/www.accent-social.cat\\\/#website\",\"url\":\"https:\\\/\\\/www.accent-social.cat\\\/\",\"name\":\"Accent Social | Serveis d'Atenci\u00f3 Domicili\u00e0ria (SAD) i centres col\u00b7lectius\",\"description\":\"Serveis d&#039;Atenci\u00f3 Domicili\u00e0ria i centres de dia a Barcelona. Gesti\u00f3 de serveis socials i per a la gent gran.\",\"publisher\":{\"@id\":\"https:\\\/\\\/www.accent-social.cat\\\/#organization\"},\"potentialAction\":[{\"@type\":\"SearchAction\",\"target\":{\"@type\":\"EntryPoint\",\"urlTemplate\":\"https:\\\/\\\/www.accent-social.cat\\\/?s={search_term_string}\"},\"query-input\":{\"@type\":\"PropertyValueSpecification\",\"valueRequired\":true,\"valueName\":\"search_term_string\"}}],\"inLanguage\":\"es\"},{\"@type\":\"Organization\",\"@id\":\"https:\\\/\\\/www.accent-social.cat\\\/#organization\",\"name\":\"Accent Social\",\"url\":\"https:\\\/\\\/www.accent-social.cat\\\/\",\"logo\":{\"@type\":\"ImageObject\",\"inLanguage\":\"es\",\"@id\":\"https:\\\/\\\/www.accent-social.cat\\\/#\\\/schema\\\/logo\\\/image\\\/\",\"url\":\"https:\\\/\\\/www.accent-social.cat\\\/wp-content\\\/uploads\\\/2017\\\/09\\\/Logo-Accent-Social.jpg\",\"contentUrl\":\"https:\\\/\\\/www.accent-social.cat\\\/wp-content\\\/uploads\\\/2017\\\/09\\\/Logo-Accent-Social.jpg\",\"width\":512,\"height\":512,\"caption\":\"Accent Social\"},\"image\":{\"@id\":\"https:\\\/\\\/www.accent-social.cat\\\/#\\\/schema\\\/logo\\\/image\\\/\"},\"sameAs\":[\"https:\\\/\\\/www.facebook.com\\\/accentsocial\",\"https:\\\/\\\/x.com\\\/accentsocial_\",\"http:\\\/\\\/www.instagram.com\\\/accentsocial\",\"https:\\\/\\\/www.linkedin.com\\\/company\\\/accent-social\\\/\",\"https:\\\/\\\/www.crunchbase.com\\\/organization\\\/accent-social\",\"https:\\\/\\\/www.hotfrog.es\\\/empresa\\\/barcelona\\\/barcelona\\\/accent-social\",\"https:\\\/\\\/www.youtube.com\\\/channel\\\/UCBRsmX50gP0nPuAb5rPfr2g\"]},{\"@type\":\"Person\",\"@id\":\"https:\\\/\\\/www.accent-social.cat\\\/#\\\/schema\\\/person\\\/de51b50d2ff3a1d0ce464cd35fe36275\",\"name\":\"Comunicacio\",\"image\":{\"@type\":\"ImageObject\",\"inLanguage\":\"es\",\"@id\":\"https:\\\/\\\/secure.gravatar.com\\\/avatar\\\/c34842fbd822de3ca9a2f9d59c2faa5bfc475c83c2a1dedfa8f5348a1ff4e0cb?s=96&d=mm&r=g\",\"url\":\"https:\\\/\\\/secure.gravatar.com\\\/avatar\\\/c34842fbd822de3ca9a2f9d59c2faa5bfc475c83c2a1dedfa8f5348a1ff4e0cb?s=96&d=mm&r=g\",\"contentUrl\":\"https:\\\/\\\/secure.gravatar.com\\\/avatar\\\/c34842fbd822de3ca9a2f9d59c2faa5bfc475c83c2a1dedfa8f5348a1ff4e0cb?s=96&d=mm&r=g\",\"caption\":\"Comunicacio\"}}]}<\/script>\n<!-- \/ Yoast SEO plugin. -->","yoast_head_json":{"title":"Accent Social regala m\u00e1s de doscientos libros contra la soledad a personas usuarias durante la festividad de Sant Jordi | Accent Social | Serveis d&#039;Atenci\u00f3 Domicili\u00e0ria i centres per gent gran","description":"Con motivo de Sant Jordi, Accent Social impulsa 'Libros contra la soledad' para acercar la lectura y la compa\u00f1\u00eda a personas usuarias del SAD","robots":{"index":"index","follow":"follow","max-snippet":"max-snippet:-1","max-image-preview":"max-image-preview:large","max-video-preview":"max-video-preview:-1"},"canonical":"https:\/\/www.accent-social.cat\/es\/accent-social-regala-mas-de-doscientos-libros-contra-la-soledad-a-personas-usuarias-durante-la-festividad-de-sant-jordi\/","og_locale":"es_ES","og_type":"article","og_title":"Accent Social regala m\u00e1s de doscientos libros contra la soledad a personas usuarias durante la festividad de Sant Jordi | Accent Social | Serveis d&#039;Atenci\u00f3 Domicili\u00e0ria i centres per gent gran","og_description":"Con motivo de Sant Jordi, Accent Social impulsa 'Libros contra la soledad' para acercar la lectura y la compa\u00f1\u00eda a personas usuarias del SAD","og_url":"https:\/\/www.accent-social.cat\/es\/accent-social-regala-mas-de-doscientos-libros-contra-la-soledad-a-personas-usuarias-durante-la-festividad-de-sant-jordi\/","og_site_name":"Accent Social | Serveis d&#039;Atenci\u00f3 Domicili\u00e0ria i centres per gent gran","article_publisher":"https:\/\/www.facebook.com\/accentsocial","article_published_time":"2026-04-24T09:00:31+00:00","article_modified_time":"2026-04-28T11:52:39+00:00","og_image":[{"width":840,"height":400,"url":"https:\/\/www.accent-social.cat\/wp-content\/uploads\/2026\/04\/Accent-Social-reparte-libros-contra-la-soledad-por-Sant-Jordi.png","type":"image\/png"}],"author":"Comunicacio","twitter_card":"summary_large_image","twitter_creator":"@accentsocial_","twitter_site":"@accentsocial_","twitter_misc":{"Escrito por":"Comunicacio","Tiempo de lectura":"4 minutos"},"schema":{"@context":"https:\/\/schema.org","@graph":[{"@type":"Article","@id":"https:\/\/www.accent-social.cat\/es\/accent-social-regala-mas-de-doscientos-libros-contra-la-soledad-a-personas-usuarias-durante-la-festividad-de-sant-jordi\/#article","isPartOf":{"@id":"https:\/\/www.accent-social.cat\/es\/accent-social-regala-mas-de-doscientos-libros-contra-la-soledad-a-personas-usuarias-durante-la-festividad-de-sant-jordi\/"},"author":{"name":"Comunicacio","@id":"https:\/\/www.accent-social.cat\/#\/schema\/person\/de51b50d2ff3a1d0ce464cd35fe36275"},"headline":"Accent Social regala m\u00e1s de doscientos libros contra la soledad a personas usuarias durante la festividad de Sant Jordi","datePublished":"2026-04-24T09:00:31+00:00","dateModified":"2026-04-28T11:52:39+00:00","mainEntityOfPage":{"@id":"https:\/\/www.accent-social.cat\/es\/accent-social-regala-mas-de-doscientos-libros-contra-la-soledad-a-personas-usuarias-durante-la-festividad-de-sant-jordi\/"},"wordCount":518,"publisher":{"@id":"https:\/\/www.accent-social.cat\/#organization"},"image":{"@id":"https:\/\/www.accent-social.cat\/es\/accent-social-regala-mas-de-doscientos-libros-contra-la-soledad-a-personas-usuarias-durante-la-festividad-de-sant-jordi\/#primaryimage"},"thumbnailUrl":"https:\/\/www.accent-social.cat\/wp-content\/uploads\/2026\/04\/Accent-Social-reparte-libros-contra-la-soledad-por-Sant-Jordi.png","keywords":["acci\u00f3n solidaria","acompa\u00f1amiento","lectura","libros","libros contra la soledad","personas mayores","personas usuarias","RSC","SAD","Sant Jordi","Servicios de Atenci\u00f3n Domiciliaria","soledad","soledad no deseada"],"articleSection":["Jornadas"],"inLanguage":"es"},{"@type":"WebPage","@id":"https:\/\/www.accent-social.cat\/es\/accent-social-regala-mas-de-doscientos-libros-contra-la-soledad-a-personas-usuarias-durante-la-festividad-de-sant-jordi\/","url":"https:\/\/www.accent-social.cat\/es\/accent-social-regala-mas-de-doscientos-libros-contra-la-soledad-a-personas-usuarias-durante-la-festividad-de-sant-jordi\/","name":"Accent Social regala m\u00e1s de doscientos libros contra la soledad a personas usuarias durante la festividad de Sant Jordi | Accent Social | Serveis d&#039;Atenci\u00f3 Domicili\u00e0ria i centres per gent gran","isPartOf":{"@id":"https:\/\/www.accent-social.cat\/#website"},"primaryImageOfPage":{"@id":"https:\/\/www.accent-social.cat\/es\/accent-social-regala-mas-de-doscientos-libros-contra-la-soledad-a-personas-usuarias-durante-la-festividad-de-sant-jordi\/#primaryimage"},"image":{"@id":"https:\/\/www.accent-social.cat\/es\/accent-social-regala-mas-de-doscientos-libros-contra-la-soledad-a-personas-usuarias-durante-la-festividad-de-sant-jordi\/#primaryimage"},"thumbnailUrl":"https:\/\/www.accent-social.cat\/wp-content\/uploads\/2026\/04\/Accent-Social-reparte-libros-contra-la-soledad-por-Sant-Jordi.png","datePublished":"2026-04-24T09:00:31+00:00","dateModified":"2026-04-28T11:52:39+00:00","description":"Con motivo de Sant Jordi, Accent Social impulsa 'Libros contra la soledad' para acercar la lectura y la compa\u00f1\u00eda a personas usuarias del SAD","breadcrumb":{"@id":"https:\/\/www.accent-social.cat\/es\/accent-social-regala-mas-de-doscientos-libros-contra-la-soledad-a-personas-usuarias-durante-la-festividad-de-sant-jordi\/#breadcrumb"},"inLanguage":"es","potentialAction":[{"@type":"ReadAction","target":["https:\/\/www.accent-social.cat\/es\/accent-social-regala-mas-de-doscientos-libros-contra-la-soledad-a-personas-usuarias-durante-la-festividad-de-sant-jordi\/"]}]},{"@type":"ImageObject","inLanguage":"es","@id":"https:\/\/www.accent-social.cat\/es\/accent-social-regala-mas-de-doscientos-libros-contra-la-soledad-a-personas-usuarias-durante-la-festividad-de-sant-jordi\/#primaryimage","url":"https:\/\/www.accent-social.cat\/wp-content\/uploads\/2026\/04\/Accent-Social-reparte-libros-contra-la-soledad-por-Sant-Jordi.png","contentUrl":"https:\/\/www.accent-social.cat\/wp-content\/uploads\/2026\/04\/Accent-Social-reparte-libros-contra-la-soledad-por-Sant-Jordi.png","width":840,"height":400,"caption":"Accent Social entrega m\u00e1s de dos cientos libros contra la soledad entre personas usuarias del SAD por Sant Jordi"},{"@type":"BreadcrumbList","@id":"https:\/\/www.accent-social.cat\/es\/accent-social-regala-mas-de-doscientos-libros-contra-la-soledad-a-personas-usuarias-durante-la-festividad-de-sant-jordi\/#breadcrumb","itemListElement":[{"@type":"ListItem","position":1,"name":"Inici","item":"https:\/\/www.accent-social.cat\/es\/"},{"@type":"ListItem","position":2,"name":"Accent Social regala m\u00e1s de doscientos libros contra la soledad a personas usuarias durante la festividad de Sant Jordi"}]},{"@type":"WebSite","@id":"https:\/\/www.accent-social.cat\/#website","url":"https:\/\/www.accent-social.cat\/","name":"Accent Social | Serveis d'Atenci\u00f3 Domicili\u00e0ria (SAD) i centres col\u00b7lectius","description":"Serveis d&#039;Atenci\u00f3 Domicili\u00e0ria i centres de dia a Barcelona. Gesti\u00f3 de serveis socials i per a la gent gran.","publisher":{"@id":"https:\/\/www.accent-social.cat\/#organization"},"potentialAction":[{"@type":"SearchAction","target":{"@type":"EntryPoint","urlTemplate":"https:\/\/www.accent-social.cat\/?s={search_term_string}"},"query-input":{"@type":"PropertyValueSpecification","valueRequired":true,"valueName":"search_term_string"}}],"inLanguage":"es"},{"@type":"Organization","@id":"https:\/\/www.accent-social.cat\/#organization","name":"Accent Social","url":"https:\/\/www.accent-social.cat\/","logo":{"@type":"ImageObject","inLanguage":"es","@id":"https:\/\/www.accent-social.cat\/#\/schema\/logo\/image\/","url":"https:\/\/www.accent-social.cat\/wp-content\/uploads\/2017\/09\/Logo-Accent-Social.jpg","contentUrl":"https:\/\/www.accent-social.cat\/wp-content\/uploads\/2017\/09\/Logo-Accent-Social.jpg","width":512,"height":512,"caption":"Accent Social"},"image":{"@id":"https:\/\/www.accent-social.cat\/#\/schema\/logo\/image\/"},"sameAs":["https:\/\/www.facebook.com\/accentsocial","https:\/\/x.com\/accentsocial_","http:\/\/www.instagram.com\/accentsocial","https:\/\/www.linkedin.com\/company\/accent-social\/","https:\/\/www.crunchbase.com\/organization\/accent-social","https:\/\/www.hotfrog.es\/empresa\/barcelona\/barcelona\/accent-social","https:\/\/www.youtube.com\/channel\/UCBRsmX50gP0nPuAb5rPfr2g"]},{"@type":"Person","@id":"https:\/\/www.accent-social.cat\/#\/schema\/person\/de51b50d2ff3a1d0ce464cd35fe36275","name":"Comunicacio","image":{"@type":"ImageObject","inLanguage":"es","@id":"https:\/\/secure.gravatar.com\/avatar\/c34842fbd822de3ca9a2f9d59c2faa5bfc475c83c2a1dedfa8f5348a1ff4e0cb?s=96&d=mm&r=g","url":"https:\/\/secure.gravatar.com\/avatar\/c34842fbd822de3ca9a2f9d59c2faa5bfc475c83c2a1dedfa8f5348a1ff4e0cb?s=96&d=mm&r=g","contentUrl":"https:\/\/secure.gravatar.com\/avatar\/c34842fbd822de3ca9a2f9d59c2faa5bfc475c83c2a1dedfa8f5348a1ff4e0cb?s=96&d=mm&r=g","caption":"Comunicacio"}}]}},"_links":{"self":[{"href":"https:\/\/www.accent-social.cat\/es\/wp-json\/wp\/v2\/posts\/15611","targetHints":{"allow":["GET"]}}],"collection":[{"href":"https:\/\/www.accent-social.cat\/es\/wp-json\/wp\/v2\/posts"}],"about":[{"href":"https:\/\/www.accent-social.cat\/es\/wp-json\/wp\/v2\/types\/post"}],"author":[{"embeddable":true,"href":"https:\/\/www.accent-social.cat\/es\/wp-json\/wp\/v2\/users\/5"}],"replies":[{"embeddable":true,"href":"https:\/\/www.accent-social.cat\/es\/wp-json\/wp\/v2\/comments?post=15611"}],"version-history":[{"count":8,"href":"https:\/\/www.accent-social.cat\/es\/wp-json\/wp\/v2\/posts\/15611\/revisions"}],"predecessor-version":[{"id":15635,"href":"https:\/\/www.accent-social.cat\/es\/wp-json\/wp\/v2\/posts\/15611\/revisions\/15635"}],"wp:featuredmedia":[{"embeddable":true,"href":"https:\/\/www.accent-social.cat\/es\/wp-json\/wp\/v2\/media\/15614"}],"wp:attachment":[{"href":"https:\/\/www.accent-social.cat\/es\/wp-json\/wp\/v2\/media?parent=15611"}],"wp:term":[{"taxonomy":"category","embeddable":true,"href":"https:\/\/www.accent-social.cat\/es\/wp-json\/wp\/v2\/categories?post=15611"},{"taxonomy":"post_tag","embeddable":true,"href":"https:\/\/www.accent-social.cat\/es\/wp-json\/wp\/v2\/tags?post=15611"}],"curies":[{"name":"wp","href":"https:\/\/api.w.org\/{rel}","templated":true}]}}