{"id":15366,"date":"2025-09-08T20:15:26","date_gmt":"2025-09-08T18:15:26","guid":{"rendered":"https:\/\/www.accent-social.cat\/el-papel-esencial-de-la-fisioterapia-geriatrica-en-el-bienestar-de-las-personas-mayores\/"},"modified":"2025-12-02T16:17:42","modified_gmt":"2025-12-02T14:17:42","slug":"el-papel-esencial-de-la-fisioterapia-geriatrica-en-el-bienestar-de-las-personas-mayores","status":"publish","type":"post","link":"https:\/\/www.accent-social.cat\/es\/el-papel-esencial-de-la-fisioterapia-geriatrica-en-el-bienestar-de-las-personas-mayores\/","title":{"rendered":"El papel esencial de la fisioterapia geri\u00e1trica en el bienestar de las personas mayores"},"content":{"rendered":"<h3>La\u00a0fisioterapia geri\u00e1trica\u00a0se ha consolidado como un recurso asistencial imprescindible para promover el bienestar y la calidad de vida de las personas mayores.<\/h3>\n<p>En el marco del\u00a0<strong>D\u00eda Mundial de la Fisioterapia<\/strong>, que se celebra el 8 de septiembre,\u00a0<a href=\"https:\/\/www.accent-social.cat\/es\/\">Accent Social<\/a>\u00a0destaca el papel esencial que desempe\u00f1an los y las fisioterapeutas en los servicios de atenci\u00f3n a personas mayores, tanto en centros de d\u00eda como en residencias, donde contribuyen a fomentar un <strong>envejecimiento m\u00e1s saludable, m\u00e1s activo, m\u00e1s seguro y con menos dolor<\/strong>.<\/p>\n<p>El envejecimiento conlleva cambios naturales en el cuerpo que pueden afectar la movilidad, el equilibrio, la coordinaci\u00f3n, la densidad \u00f3sea, la postura y la fuerza muscular.<\/p>\n<p>Ante este escenario, la fisioterapia geri\u00e1trica ofrece un <strong>enfoque integral, terap\u00e9utico y preventivo<\/strong>, con el objetivo de preservar la funcionalidad y la independencia de las personas usuarias el m\u00e1ximo tiempo posible.<\/p>\n<p><strong>Juan Jos\u00e9 Bello, fisioterapeuta de la <a href=\"https:\/\/fundacionestherkoplowitz.org\/proyectos\/residencia-fort-pienc\/\" target=\"_blank\" rel=\"noopener\">residencia Fort Pienc<\/a> del Ayuntamiento de Barcelona, gestionada por Accent Social<\/strong>, explica que\u00a0<em>\u00abla pr\u00e1ctica de ejercicio y la fisioterapia tienen un impacto muy positivo en la vida de los y las residentes, sobre todo en aquellas personas que ganan la autonom\u00eda necesaria para hacer o recuperar actividades b\u00e1sicas del d\u00eda a d\u00eda: desde ir a comprar, salir a tomar el sol a la plaza o, simplemente, dejar de tener dolor o tener menos\u00bb.<\/em><\/p>\n<hr class=\" hr_color\" style=\"margin:0 auto 30px;\"\/>\n\n<h3>PLANES DE CUIDADOS PERSONALIZADOS: EJERCICIO F\u00cdSICO ADAPTADO<\/h3>\n<p>Siguiendo la metodolog\u00eda de<strong>\u00a0Atenci\u00f3n Integral Centrada en la Persona<\/strong>\u00a0que aplican en los centros gestionados por Acento Social, los y las fisioterapeutas trabajan de manera coordinada con equipos interdisciplinarios para evaluar el estado f\u00edsico, la historia cl\u00ednica, el nivel de dolor, la movilidad y los objetivos personales de cada usuario y usuaria.<\/p>\n<p>A partir de esta valoraci\u00f3n, se dise\u00f1an\u00a0<strong>planes de trabajo personalizados<\/strong>\u00a0que tengan en cuenta todas las dimensiones de la persona, con la intenci\u00f3n de reducir el dolor cr\u00f3nico y mejorar no solo su salud f\u00edsica, sino tambi\u00e9n su bienestar emocional y social.<\/p>\n<p><strong>Erik Del Rio, fisioterapeuta del Centro de D\u00eda de Montcada i Reixac, gestionado por Accent Social,<\/strong>\u00a0afirma que\u00a0<em>\u00abmuchas personas usuarias vienen con ganas de participar en las sesiones porque saben que, despu\u00e9s, se sentir\u00e1n mejor, m\u00e1s \u00e1giles y con m\u00e1s energ\u00eda\u00bb<\/em>. Adem\u00e1s, muchos de los y las usuarias manifiestan tener \u00abmenos dolor\u00bb, especialmente despu\u00e9s de los tratamientos con termoterapia y terapia manual.<\/p>\n<hr class=\" hr_color\" style=\"margin:0 auto 30px;\"\/>\n\n<h3>BENEFICIOS CLAVE DE LA FISIOTERAPIA GERI\u00c1TRICA<\/h3>\n<p><em>\u00abLa pr\u00e1ctica de ejercicio tiene un impacto muy positivo para las personas usuarias, ya que mejora su autoestima, les genera sensaci\u00f3n de bienestar y reduce la sensaci\u00f3n de aislamiento\u00bb<\/em>, apunta Del Rio.<\/p>\n<p>Los beneficios m\u00e1s destacados son:<\/p>\n<ul class=\"wp-block-list\">\n<li><strong>Alivio del dolor cr\u00f3nico:\u00a0<\/strong>artrosis, retracciones musculares, hombros congelados, etc.<\/li>\n<li><strong>Prevenci\u00f3n de ca\u00eddas y lesiones:\u00a0<\/strong>ejercicios de equilibrio, fuerza y coordinaci\u00f3n.<\/li>\n<li><strong>Preservaci\u00f3n de la autonom\u00eda personal:\u00a0<\/strong>caminar, vestirse, alimentarse, etc. En el caso de las personas con deterioro cognitivo, la fisioterapia permite estimular su parte motora.<\/li>\n<li><strong>Mejora de la fuerza, la flexibilidad y la movilidad articular.<\/strong><\/li>\n<li><strong>Estimulaci\u00f3n de la capacidad respiratoria y circulatoria.<\/strong><\/li>\n<li><strong>Mejora del estado de \u00e1nimo, de la calidad del sue\u00f1o y de la vitalidad.<\/strong><\/li>\n<li><strong>Recuperaci\u00f3n funcional tras intervenciones quir\u00fargicas o fracturas.<\/strong><\/li>\n<li><strong>Fomento de la socializaci\u00f3n:\u00a0<\/strong>actividades grupales que generan v\u00ednculos y combaten la soledad.<\/li>\n<\/ul>\n<hr class=\" hr_color\" style=\"margin:0 auto 30px;\"\/>\n\n<h3>\u00bfC\u00d3MO APLICAR LA FISIOTERAPIA GERI\u00c1TRICA?<\/h3>\n<p>En los centros de d\u00eda y residencias gestionados por Accent Social, se promueven actividades como:<\/p>\n<ul class=\"wp-block-list\">\n<li><strong>Gimnasia suave adaptada en grupo<\/strong>: circuitos de movilidad, psicomotricidad, trabajo de marcha, etc.<\/li>\n<li><strong>Sesiones individuales adaptadas<\/strong>: readaptaci\u00f3n de la marcha, movilizaciones pasivas y estiramientos.<\/li>\n<li><strong>Ejercicios en el gimnasio<\/strong>: pedaleros, poleas, hombreras, circuitos de escalera-rampa, etc.<\/li>\n<li><strong>Ejercicios con m\u00fasica<\/strong>: sesiones alegres que estimulan la coordinaci\u00f3n y la expresi\u00f3n corporal.<\/li>\n<\/ul>\n<p>Con todo, la fisioterapia geri\u00e1trica es una disciplina que no solo cuida el cuerpo, sino que transforma vidas. Con cada ejercicio, cada palabra de aliento y cada gesto de cuidado, los y las fisioterapeutas ayudan a las personas mayores a vivir con m\u00e1s autonom\u00eda, dignidad y bienestar. Por ello, este 8 de septiembre, desde Accent Social celebran y ponen en valor su labor esencial en el fomento de un envejecimiento activo y con confianza.<\/p>\n<hr class=\" hr_color\" style=\"margin:0 auto 30px;\"\/>\n\n<p><a href=\"https:\/\/www.news3edad.com\/2025\/09\/08\/moverse-para-vivir-mejor-el-papel-esencial-de-la-fisioterapia-en-el-bienestar-de-las-personas-mayores\/\" target=\"_blank\" rel=\"noopener\">Art\u00edculo publicado antes en News3Edad.<\/a><\/p>\n<hr class=\" hr_color\" style=\"margin:0 auto 30px;\"\/>\n\n<div class=\"column one\"><div class=\"mcb-column-inner\"><br \/>\n<iframe style=\"overflow: hidden; width: 1200px; height: 258px;\" width=\"1200\" height=\"240\" frameborder=\"0\" scrolling=\"no\" data-cookieconsent=\"marketing\" data-cookieblock-src=\"https:\/\/www.facebook.com\/plugins\/page.php?href=https%3A%2F%2Fwww.facebook.com%2Faccentsocial%2F&amp;tabs=timeline&amp;width=500&amp;height=100&amp;small_header=false&amp;adapt_container_width=false&amp;hide_cover=false&amp;show_facepile=true&amp;appId\"><\/iframe><br \/>\n<\/div><\/div>\n\n","protected":false},"excerpt":{"rendered":"<p>La fisioterapia geri\u00e1trica es un recursos asistencial imprescindible para promover el bienestar y la calidad de vida de las personas mayores. <\/p>\n","protected":false},"author":1,"featured_media":15373,"comment_status":"closed","ping_status":"open","sticky":false,"template":"","format":"standard","meta":{"footnotes":""},"categories":[615],"tags":[540,583],"class_list":["post-15366","post","type-post","status-publish","format-standard","has-post-thumbnail","hentry","category-salud","tag-actividades-terapeuticas","tag-salud"],"yoast_head":"<!-- This site is optimized with the Yoast SEO plugin v27.5 - https:\/\/yoast.com\/product\/yoast-seo-wordpress\/ -->\n<title>El papel esencial de la fisioterapia geri\u00e1trica en el bienestar de las personas mayores | Accent Social | Serveis d&#039;Atenci\u00f3 Domicili\u00e0ria i centres per gent gran<\/title>\n<meta name=\"description\" content=\"La\u00a0fisioterapia geri\u00e1trica\u00a0es un recurso asistencial imprescindible para promover el bienestar y la calidad de vida de las personas mayores.\" \/>\n<meta name=\"robots\" content=\"index, follow, max-snippet:-1, max-image-preview:large, max-video-preview:-1\" \/>\n<link rel=\"canonical\" href=\"https:\/\/www.accent-social.cat\/es\/el-papel-esencial-de-la-fisioterapia-geriatrica-en-el-bienestar-de-las-personas-mayores\/\" \/>\n<meta property=\"og:locale\" content=\"es_ES\" \/>\n<meta property=\"og:type\" content=\"article\" \/>\n<meta property=\"og:title\" content=\"El papel esencial de la fisioterapia geri\u00e1trica en el bienestar de las personas mayores | Accent Social | Serveis d&#039;Atenci\u00f3 Domicili\u00e0ria i centres per gent gran\" \/>\n<meta property=\"og:description\" content=\"La\u00a0fisioterapia geri\u00e1trica\u00a0es un recurso asistencial imprescindible para promover el bienestar y la calidad de vida de las personas mayores.\" \/>\n<meta property=\"og:url\" content=\"https:\/\/www.accent-social.cat\/es\/el-papel-esencial-de-la-fisioterapia-geriatrica-en-el-bienestar-de-las-personas-mayores\/\" \/>\n<meta property=\"og:site_name\" content=\"Accent Social | Serveis d&#039;Atenci\u00f3 Domicili\u00e0ria i centres per gent gran\" \/>\n<meta property=\"article:publisher\" content=\"https:\/\/www.facebook.com\/accentsocial\" \/>\n<meta property=\"article:published_time\" content=\"2025-09-08T18:15:26+00:00\" \/>\n<meta property=\"article:modified_time\" content=\"2025-12-02T14:17:42+00:00\" \/>\n<meta property=\"og:image\" content=\"https:\/\/www.accent-social.cat\/wp-content\/uploads\/2025\/09\/Fisioterapia-geriatrica-a-les-residencies-per-a-persones-grans.jpg\" \/>\n\t<meta property=\"og:image:width\" content=\"840\" \/>\n\t<meta property=\"og:image:height\" content=\"400\" \/>\n\t<meta property=\"og:image:type\" content=\"image\/jpeg\" \/>\n<meta name=\"author\" content=\"Accent Social\" \/>\n<meta name=\"twitter:card\" content=\"summary_large_image\" \/>\n<meta name=\"twitter:creator\" content=\"@accentsocial_\" \/>\n<meta name=\"twitter:site\" content=\"@accentsocial_\" \/>\n<meta name=\"twitter:label1\" content=\"Escrito por\" \/>\n\t<meta name=\"twitter:data1\" content=\"Accent Social\" \/>\n\t<meta name=\"twitter:label2\" content=\"Tiempo de lectura\" \/>\n\t<meta name=\"twitter:data2\" content=\"5 minutos\" \/>\n<script type=\"application\/ld+json\" class=\"yoast-schema-graph\">{\"@context\":\"https:\\\/\\\/schema.org\",\"@graph\":[{\"@type\":\"Article\",\"@id\":\"https:\\\/\\\/www.accent-social.cat\\\/es\\\/el-papel-esencial-de-la-fisioterapia-geriatrica-en-el-bienestar-de-las-personas-mayores\\\/#article\",\"isPartOf\":{\"@id\":\"https:\\\/\\\/www.accent-social.cat\\\/es\\\/el-papel-esencial-de-la-fisioterapia-geriatrica-en-el-bienestar-de-las-personas-mayores\\\/\"},\"author\":{\"name\":\"Accent Social\",\"@id\":\"https:\\\/\\\/www.accent-social.cat\\\/#\\\/schema\\\/person\\\/e3059313a7a9356d5dcb4adc2ee0396a\"},\"headline\":\"El papel esencial de la fisioterapia geri\u00e1trica en el bienestar de las personas mayores\",\"datePublished\":\"2025-09-08T18:15:26+00:00\",\"dateModified\":\"2025-12-02T14:17:42+00:00\",\"mainEntityOfPage\":{\"@id\":\"https:\\\/\\\/www.accent-social.cat\\\/es\\\/el-papel-esencial-de-la-fisioterapia-geriatrica-en-el-bienestar-de-las-personas-mayores\\\/\"},\"wordCount\":789,\"publisher\":{\"@id\":\"https:\\\/\\\/www.accent-social.cat\\\/#organization\"},\"image\":{\"@id\":\"https:\\\/\\\/www.accent-social.cat\\\/es\\\/el-papel-esencial-de-la-fisioterapia-geriatrica-en-el-bienestar-de-las-personas-mayores\\\/#primaryimage\"},\"thumbnailUrl\":\"https:\\\/\\\/www.accent-social.cat\\\/wp-content\\\/uploads\\\/2025\\\/09\\\/Fisioterapia-geriatrica-a-les-residencies-per-a-persones-grans.jpg\",\"keywords\":[\"actividades terap\u00e9uticas\",\"salud\"],\"articleSection\":[\"Salud\"],\"inLanguage\":\"es\"},{\"@type\":\"WebPage\",\"@id\":\"https:\\\/\\\/www.accent-social.cat\\\/es\\\/el-papel-esencial-de-la-fisioterapia-geriatrica-en-el-bienestar-de-las-personas-mayores\\\/\",\"url\":\"https:\\\/\\\/www.accent-social.cat\\\/es\\\/el-papel-esencial-de-la-fisioterapia-geriatrica-en-el-bienestar-de-las-personas-mayores\\\/\",\"name\":\"El papel esencial de la fisioterapia geri\u00e1trica en el bienestar de las personas mayores | Accent Social | Serveis d&#039;Atenci\u00f3 Domicili\u00e0ria i centres per gent gran\",\"isPartOf\":{\"@id\":\"https:\\\/\\\/www.accent-social.cat\\\/#website\"},\"primaryImageOfPage\":{\"@id\":\"https:\\\/\\\/www.accent-social.cat\\\/es\\\/el-papel-esencial-de-la-fisioterapia-geriatrica-en-el-bienestar-de-las-personas-mayores\\\/#primaryimage\"},\"image\":{\"@id\":\"https:\\\/\\\/www.accent-social.cat\\\/es\\\/el-papel-esencial-de-la-fisioterapia-geriatrica-en-el-bienestar-de-las-personas-mayores\\\/#primaryimage\"},\"thumbnailUrl\":\"https:\\\/\\\/www.accent-social.cat\\\/wp-content\\\/uploads\\\/2025\\\/09\\\/Fisioterapia-geriatrica-a-les-residencies-per-a-persones-grans.jpg\",\"datePublished\":\"2025-09-08T18:15:26+00:00\",\"dateModified\":\"2025-12-02T14:17:42+00:00\",\"description\":\"La\u00a0fisioterapia geri\u00e1trica\u00a0es un recurso asistencial imprescindible para promover el bienestar y la calidad de vida de las personas mayores.\",\"breadcrumb\":{\"@id\":\"https:\\\/\\\/www.accent-social.cat\\\/es\\\/el-papel-esencial-de-la-fisioterapia-geriatrica-en-el-bienestar-de-las-personas-mayores\\\/#breadcrumb\"},\"inLanguage\":\"es\",\"potentialAction\":[{\"@type\":\"ReadAction\",\"target\":[\"https:\\\/\\\/www.accent-social.cat\\\/es\\\/el-papel-esencial-de-la-fisioterapia-geriatrica-en-el-bienestar-de-las-personas-mayores\\\/\"]}]},{\"@type\":\"ImageObject\",\"inLanguage\":\"es\",\"@id\":\"https:\\\/\\\/www.accent-social.cat\\\/es\\\/el-papel-esencial-de-la-fisioterapia-geriatrica-en-el-bienestar-de-las-personas-mayores\\\/#primaryimage\",\"url\":\"https:\\\/\\\/www.accent-social.cat\\\/wp-content\\\/uploads\\\/2025\\\/09\\\/Fisioterapia-geriatrica-a-les-residencies-per-a-persones-grans.jpg\",\"contentUrl\":\"https:\\\/\\\/www.accent-social.cat\\\/wp-content\\\/uploads\\\/2025\\\/09\\\/Fisioterapia-geriatrica-a-les-residencies-per-a-persones-grans.jpg\",\"width\":840,\"height\":400,\"caption\":\"Fisioter\u00e0pia geri\u00e0trica a les resid\u00e8ncies per a persones grans\"},{\"@type\":\"BreadcrumbList\",\"@id\":\"https:\\\/\\\/www.accent-social.cat\\\/es\\\/el-papel-esencial-de-la-fisioterapia-geriatrica-en-el-bienestar-de-las-personas-mayores\\\/#breadcrumb\",\"itemListElement\":[{\"@type\":\"ListItem\",\"position\":1,\"name\":\"Inici\",\"item\":\"https:\\\/\\\/www.accent-social.cat\\\/es\\\/\"},{\"@type\":\"ListItem\",\"position\":2,\"name\":\"El papel esencial de la fisioterapia geri\u00e1trica en el bienestar de las personas mayores\"}]},{\"@type\":\"WebSite\",\"@id\":\"https:\\\/\\\/www.accent-social.cat\\\/#website\",\"url\":\"https:\\\/\\\/www.accent-social.cat\\\/\",\"name\":\"Accent Social | Serveis d'Atenci\u00f3 Domicili\u00e0ria (SAD) i centres col\u00b7lectius\",\"description\":\"Serveis d&#039;Atenci\u00f3 Domicili\u00e0ria i centres de dia a Barcelona. Gesti\u00f3 de serveis socials i per a la gent gran.\",\"publisher\":{\"@id\":\"https:\\\/\\\/www.accent-social.cat\\\/#organization\"},\"potentialAction\":[{\"@type\":\"SearchAction\",\"target\":{\"@type\":\"EntryPoint\",\"urlTemplate\":\"https:\\\/\\\/www.accent-social.cat\\\/?s={search_term_string}\"},\"query-input\":{\"@type\":\"PropertyValueSpecification\",\"valueRequired\":true,\"valueName\":\"search_term_string\"}}],\"inLanguage\":\"es\"},{\"@type\":\"Organization\",\"@id\":\"https:\\\/\\\/www.accent-social.cat\\\/#organization\",\"name\":\"Accent Social\",\"url\":\"https:\\\/\\\/www.accent-social.cat\\\/\",\"logo\":{\"@type\":\"ImageObject\",\"inLanguage\":\"es\",\"@id\":\"https:\\\/\\\/www.accent-social.cat\\\/#\\\/schema\\\/logo\\\/image\\\/\",\"url\":\"https:\\\/\\\/www.accent-social.cat\\\/wp-content\\\/uploads\\\/2017\\\/09\\\/Logo-Accent-Social.jpg\",\"contentUrl\":\"https:\\\/\\\/www.accent-social.cat\\\/wp-content\\\/uploads\\\/2017\\\/09\\\/Logo-Accent-Social.jpg\",\"width\":512,\"height\":512,\"caption\":\"Accent Social\"},\"image\":{\"@id\":\"https:\\\/\\\/www.accent-social.cat\\\/#\\\/schema\\\/logo\\\/image\\\/\"},\"sameAs\":[\"https:\\\/\\\/www.facebook.com\\\/accentsocial\",\"https:\\\/\\\/x.com\\\/accentsocial_\",\"http:\\\/\\\/www.instagram.com\\\/accentsocial\",\"https:\\\/\\\/www.linkedin.com\\\/company\\\/accent-social\\\/\",\"https:\\\/\\\/www.crunchbase.com\\\/organization\\\/accent-social\",\"https:\\\/\\\/www.hotfrog.es\\\/empresa\\\/barcelona\\\/barcelona\\\/accent-social\",\"https:\\\/\\\/www.youtube.com\\\/channel\\\/UCBRsmX50gP0nPuAb5rPfr2g\"]},{\"@type\":\"Person\",\"@id\":\"https:\\\/\\\/www.accent-social.cat\\\/#\\\/schema\\\/person\\\/e3059313a7a9356d5dcb4adc2ee0396a\",\"name\":\"Accent Social\",\"image\":{\"@type\":\"ImageObject\",\"inLanguage\":\"es\",\"@id\":\"https:\\\/\\\/secure.gravatar.com\\\/avatar\\\/9a4d9b0c2bbfb1ff3da85e7195367fa23cc6b72e60b3092496806038fa837fc5?s=96&d=mm&r=g\",\"url\":\"https:\\\/\\\/secure.gravatar.com\\\/avatar\\\/9a4d9b0c2bbfb1ff3da85e7195367fa23cc6b72e60b3092496806038fa837fc5?s=96&d=mm&r=g\",\"contentUrl\":\"https:\\\/\\\/secure.gravatar.com\\\/avatar\\\/9a4d9b0c2bbfb1ff3da85e7195367fa23cc6b72e60b3092496806038fa837fc5?s=96&d=mm&r=g\",\"caption\":\"Accent Social\"}}]}<\/script>\n<!-- \/ Yoast SEO plugin. -->","yoast_head_json":{"title":"El papel esencial de la fisioterapia geri\u00e1trica en el bienestar de las personas mayores | Accent Social | Serveis d&#039;Atenci\u00f3 Domicili\u00e0ria i centres per gent gran","description":"La\u00a0fisioterapia geri\u00e1trica\u00a0es un recurso asistencial imprescindible para promover el bienestar y la calidad de vida de las personas mayores.","robots":{"index":"index","follow":"follow","max-snippet":"max-snippet:-1","max-image-preview":"max-image-preview:large","max-video-preview":"max-video-preview:-1"},"canonical":"https:\/\/www.accent-social.cat\/es\/el-papel-esencial-de-la-fisioterapia-geriatrica-en-el-bienestar-de-las-personas-mayores\/","og_locale":"es_ES","og_type":"article","og_title":"El papel esencial de la fisioterapia geri\u00e1trica en el bienestar de las personas mayores | Accent Social | Serveis d&#039;Atenci\u00f3 Domicili\u00e0ria i centres per gent gran","og_description":"La\u00a0fisioterapia geri\u00e1trica\u00a0es un recurso asistencial imprescindible para promover el bienestar y la calidad de vida de las personas mayores.","og_url":"https:\/\/www.accent-social.cat\/es\/el-papel-esencial-de-la-fisioterapia-geriatrica-en-el-bienestar-de-las-personas-mayores\/","og_site_name":"Accent Social | Serveis d&#039;Atenci\u00f3 Domicili\u00e0ria i centres per gent gran","article_publisher":"https:\/\/www.facebook.com\/accentsocial","article_published_time":"2025-09-08T18:15:26+00:00","article_modified_time":"2025-12-02T14:17:42+00:00","og_image":[{"width":840,"height":400,"url":"https:\/\/www.accent-social.cat\/wp-content\/uploads\/2025\/09\/Fisioterapia-geriatrica-a-les-residencies-per-a-persones-grans.jpg","type":"image\/jpeg"}],"author":"Accent Social","twitter_card":"summary_large_image","twitter_creator":"@accentsocial_","twitter_site":"@accentsocial_","twitter_misc":{"Escrito por":"Accent Social","Tiempo de lectura":"5 minutos"},"schema":{"@context":"https:\/\/schema.org","@graph":[{"@type":"Article","@id":"https:\/\/www.accent-social.cat\/es\/el-papel-esencial-de-la-fisioterapia-geriatrica-en-el-bienestar-de-las-personas-mayores\/#article","isPartOf":{"@id":"https:\/\/www.accent-social.cat\/es\/el-papel-esencial-de-la-fisioterapia-geriatrica-en-el-bienestar-de-las-personas-mayores\/"},"author":{"name":"Accent Social","@id":"https:\/\/www.accent-social.cat\/#\/schema\/person\/e3059313a7a9356d5dcb4adc2ee0396a"},"headline":"El papel esencial de la fisioterapia geri\u00e1trica en el bienestar de las personas mayores","datePublished":"2025-09-08T18:15:26+00:00","dateModified":"2025-12-02T14:17:42+00:00","mainEntityOfPage":{"@id":"https:\/\/www.accent-social.cat\/es\/el-papel-esencial-de-la-fisioterapia-geriatrica-en-el-bienestar-de-las-personas-mayores\/"},"wordCount":789,"publisher":{"@id":"https:\/\/www.accent-social.cat\/#organization"},"image":{"@id":"https:\/\/www.accent-social.cat\/es\/el-papel-esencial-de-la-fisioterapia-geriatrica-en-el-bienestar-de-las-personas-mayores\/#primaryimage"},"thumbnailUrl":"https:\/\/www.accent-social.cat\/wp-content\/uploads\/2025\/09\/Fisioterapia-geriatrica-a-les-residencies-per-a-persones-grans.jpg","keywords":["actividades terap\u00e9uticas","salud"],"articleSection":["Salud"],"inLanguage":"es"},{"@type":"WebPage","@id":"https:\/\/www.accent-social.cat\/es\/el-papel-esencial-de-la-fisioterapia-geriatrica-en-el-bienestar-de-las-personas-mayores\/","url":"https:\/\/www.accent-social.cat\/es\/el-papel-esencial-de-la-fisioterapia-geriatrica-en-el-bienestar-de-las-personas-mayores\/","name":"El papel esencial de la fisioterapia geri\u00e1trica en el bienestar de las personas mayores | Accent Social | Serveis d&#039;Atenci\u00f3 Domicili\u00e0ria i centres per gent gran","isPartOf":{"@id":"https:\/\/www.accent-social.cat\/#website"},"primaryImageOfPage":{"@id":"https:\/\/www.accent-social.cat\/es\/el-papel-esencial-de-la-fisioterapia-geriatrica-en-el-bienestar-de-las-personas-mayores\/#primaryimage"},"image":{"@id":"https:\/\/www.accent-social.cat\/es\/el-papel-esencial-de-la-fisioterapia-geriatrica-en-el-bienestar-de-las-personas-mayores\/#primaryimage"},"thumbnailUrl":"https:\/\/www.accent-social.cat\/wp-content\/uploads\/2025\/09\/Fisioterapia-geriatrica-a-les-residencies-per-a-persones-grans.jpg","datePublished":"2025-09-08T18:15:26+00:00","dateModified":"2025-12-02T14:17:42+00:00","description":"La\u00a0fisioterapia geri\u00e1trica\u00a0es un recurso asistencial imprescindible para promover el bienestar y la calidad de vida de las personas mayores.","breadcrumb":{"@id":"https:\/\/www.accent-social.cat\/es\/el-papel-esencial-de-la-fisioterapia-geriatrica-en-el-bienestar-de-las-personas-mayores\/#breadcrumb"},"inLanguage":"es","potentialAction":[{"@type":"ReadAction","target":["https:\/\/www.accent-social.cat\/es\/el-papel-esencial-de-la-fisioterapia-geriatrica-en-el-bienestar-de-las-personas-mayores\/"]}]},{"@type":"ImageObject","inLanguage":"es","@id":"https:\/\/www.accent-social.cat\/es\/el-papel-esencial-de-la-fisioterapia-geriatrica-en-el-bienestar-de-las-personas-mayores\/#primaryimage","url":"https:\/\/www.accent-social.cat\/wp-content\/uploads\/2025\/09\/Fisioterapia-geriatrica-a-les-residencies-per-a-persones-grans.jpg","contentUrl":"https:\/\/www.accent-social.cat\/wp-content\/uploads\/2025\/09\/Fisioterapia-geriatrica-a-les-residencies-per-a-persones-grans.jpg","width":840,"height":400,"caption":"Fisioter\u00e0pia geri\u00e0trica a les resid\u00e8ncies per a persones grans"},{"@type":"BreadcrumbList","@id":"https:\/\/www.accent-social.cat\/es\/el-papel-esencial-de-la-fisioterapia-geriatrica-en-el-bienestar-de-las-personas-mayores\/#breadcrumb","itemListElement":[{"@type":"ListItem","position":1,"name":"Inici","item":"https:\/\/www.accent-social.cat\/es\/"},{"@type":"ListItem","position":2,"name":"El papel esencial de la fisioterapia geri\u00e1trica en el bienestar de las personas mayores"}]},{"@type":"WebSite","@id":"https:\/\/www.accent-social.cat\/#website","url":"https:\/\/www.accent-social.cat\/","name":"Accent Social | Serveis d'Atenci\u00f3 Domicili\u00e0ria (SAD) i centres col\u00b7lectius","description":"Serveis d&#039;Atenci\u00f3 Domicili\u00e0ria i centres de dia a Barcelona. Gesti\u00f3 de serveis socials i per a la gent gran.","publisher":{"@id":"https:\/\/www.accent-social.cat\/#organization"},"potentialAction":[{"@type":"SearchAction","target":{"@type":"EntryPoint","urlTemplate":"https:\/\/www.accent-social.cat\/?s={search_term_string}"},"query-input":{"@type":"PropertyValueSpecification","valueRequired":true,"valueName":"search_term_string"}}],"inLanguage":"es"},{"@type":"Organization","@id":"https:\/\/www.accent-social.cat\/#organization","name":"Accent Social","url":"https:\/\/www.accent-social.cat\/","logo":{"@type":"ImageObject","inLanguage":"es","@id":"https:\/\/www.accent-social.cat\/#\/schema\/logo\/image\/","url":"https:\/\/www.accent-social.cat\/wp-content\/uploads\/2017\/09\/Logo-Accent-Social.jpg","contentUrl":"https:\/\/www.accent-social.cat\/wp-content\/uploads\/2017\/09\/Logo-Accent-Social.jpg","width":512,"height":512,"caption":"Accent Social"},"image":{"@id":"https:\/\/www.accent-social.cat\/#\/schema\/logo\/image\/"},"sameAs":["https:\/\/www.facebook.com\/accentsocial","https:\/\/x.com\/accentsocial_","http:\/\/www.instagram.com\/accentsocial","https:\/\/www.linkedin.com\/company\/accent-social\/","https:\/\/www.crunchbase.com\/organization\/accent-social","https:\/\/www.hotfrog.es\/empresa\/barcelona\/barcelona\/accent-social","https:\/\/www.youtube.com\/channel\/UCBRsmX50gP0nPuAb5rPfr2g"]},{"@type":"Person","@id":"https:\/\/www.accent-social.cat\/#\/schema\/person\/e3059313a7a9356d5dcb4adc2ee0396a","name":"Accent Social","image":{"@type":"ImageObject","inLanguage":"es","@id":"https:\/\/secure.gravatar.com\/avatar\/9a4d9b0c2bbfb1ff3da85e7195367fa23cc6b72e60b3092496806038fa837fc5?s=96&d=mm&r=g","url":"https:\/\/secure.gravatar.com\/avatar\/9a4d9b0c2bbfb1ff3da85e7195367fa23cc6b72e60b3092496806038fa837fc5?s=96&d=mm&r=g","contentUrl":"https:\/\/secure.gravatar.com\/avatar\/9a4d9b0c2bbfb1ff3da85e7195367fa23cc6b72e60b3092496806038fa837fc5?s=96&d=mm&r=g","caption":"Accent Social"}}]}},"_links":{"self":[{"href":"https:\/\/www.accent-social.cat\/es\/wp-json\/wp\/v2\/posts\/15366","targetHints":{"allow":["GET"]}}],"collection":[{"href":"https:\/\/www.accent-social.cat\/es\/wp-json\/wp\/v2\/posts"}],"about":[{"href":"https:\/\/www.accent-social.cat\/es\/wp-json\/wp\/v2\/types\/post"}],"author":[{"embeddable":true,"href":"https:\/\/www.accent-social.cat\/es\/wp-json\/wp\/v2\/users\/1"}],"replies":[{"embeddable":true,"href":"https:\/\/www.accent-social.cat\/es\/wp-json\/wp\/v2\/comments?post=15366"}],"version-history":[{"count":5,"href":"https:\/\/www.accent-social.cat\/es\/wp-json\/wp\/v2\/posts\/15366\/revisions"}],"predecessor-version":[{"id":15453,"href":"https:\/\/www.accent-social.cat\/es\/wp-json\/wp\/v2\/posts\/15366\/revisions\/15453"}],"wp:featuredmedia":[{"embeddable":true,"href":"https:\/\/www.accent-social.cat\/es\/wp-json\/wp\/v2\/media\/15373"}],"wp:attachment":[{"href":"https:\/\/www.accent-social.cat\/es\/wp-json\/wp\/v2\/media?parent=15366"}],"wp:term":[{"taxonomy":"category","embeddable":true,"href":"https:\/\/www.accent-social.cat\/es\/wp-json\/wp\/v2\/categories?post=15366"},{"taxonomy":"post_tag","embeddable":true,"href":"https:\/\/www.accent-social.cat\/es\/wp-json\/wp\/v2\/tags?post=15366"}],"curies":[{"name":"wp","href":"https:\/\/api.w.org\/{rel}","templated":true}]}}