{"id":15350,"date":"2025-07-30T01:11:52","date_gmt":"2025-07-29T23:11:52","guid":{"rendered":"https:\/\/www.accent-social.cat\/?p=15350"},"modified":"2025-07-30T12:32:10","modified_gmt":"2025-07-30T10:32:10","slug":"dolor-cronico-acompanamiento-personalizado","status":"publish","type":"post","link":"https:\/\/www.accent-social.cat\/es\/dolor-cronico-acompanamiento-personalizado\/","title":{"rendered":"Dolor cr\u00f3nico: la importancia de un acompa\u00f1amiento individualizado y centrado en la persona"},"content":{"rendered":"<h3>El dolor cr\u00f3nico es un problema de salud que afecta principalmente, pero no de forma exclusiva, a las personas mayores. El acompa\u00f1amiento personalizado ayuda a sobrellevar esta situaci\u00f3n.<\/h3>\n<p>En Espa\u00f1a, el 57,7% de la poblaci\u00f3n de 15 a\u00f1os y m\u00e1s cuenta con un diagn\u00f3stico de\u00a0<strong>enfermedad o problema de salud cr\u00f3nica<\/strong>, siendo las mujeres quienes padecen m\u00e1s estas condiciones (62,3%) frente a los hombres (52,8%). Estos son los resultados de la\u00a0<em>Encuesta de Salud de Espa\u00f1a 2023<\/em>, publicados recientemente por el Instituto Nacional de Estad\u00edstica y el Ministerio de Sanidad.<\/p>\n<p>La\u00a0<strong>tensi\u00f3n alta<\/strong>\u00a0(20,2%), el\u00a0<strong>dolor de espalda cr\u00f3nico lumbar<\/strong>\u00a0(19,8%), el\u00a0<strong>colesterol alto<\/strong>\u00a0(18,3%) o la\u00a0<strong>artrosis\u00a0<\/strong>(16,4%) fueron los problemas o enfermedades cr\u00f3nicas m\u00e1s frecuentes en 2023 en la poblaci\u00f3n adulta. Sin embargo, en el caso de menores de 15 a\u00f1os, las enfermedades cr\u00f3nicas m\u00e1s frecuentes fueron la alergia cr\u00f3nica (8,3%), el asma (4,6%), y los trastornos de conducta (2,7%).<\/p>\n<p>Las<strong>\u00a0enfermedades cr\u00f3nicas suponen un gran impacto en la calidad de vida de las personas<\/strong>\u00a0que las padecen, por ello el informe del INE se\u00f1ala que un 16,8% de las personas mayores de 55 a\u00f1os presenta dificultades para realizar actividades b\u00e1sicas de la vida diaria, como vestirse, alimentarse, levantarse o asearse.<\/p>\n<p>Un porcentaje que se agrava con la edad, afectando al 66,5% de las mujeres y al 42,6% de los hombres de 85 a\u00f1os o m\u00e1s.<\/p>\n<p>En este sentido, las enfermedades cr\u00f3nicas no solo requieren tratamientos prolongados, sino tambi\u00e9n un<strong>\u00a0acompa\u00f1amiento constante y centrado en la persona<\/strong>. Esta realidad supone un reto sanitario y social que requiere modelos de\u00a0<strong>atenci\u00f3n integral<\/strong>\u00a0que pongan a la persona en el centro.<\/p>\n<p>&nbsp;<\/p>\n<h3>LA ATENCI\u00d3N INTEGRAL CENTRADA EN LAS PERSONAS (AICP)<\/h3>\n<p>En\u00a0<strong>Accent Social<\/strong> queremos contribuir a mejorar la calidad de vida de las personas, acompa\u00f1\u00e1ndolas en su proceso vital con la m\u00e1xima atenci\u00f3n y flexibilidad, atendiendo a sus necesidades individuales.<\/p>\n<p>Por ello, aplicamos la metodolog\u00eda de <strong>Atenci\u00f3n Integral Centrada en las Personas (AICP)<\/strong>, tanto en los centros residenciales, centros de d\u00eda, viviendas con servicios y Servicios de Atenci\u00f3n Domiciliaria que gestionamos, lo que nos permite considerar a las personas usuarias en su totalidad: su estado f\u00edsico, emocional, social y funcional.<\/p>\n<p>Esta metodolog\u00eda promueve una\u00a0<strong>atenci\u00f3n personalizada, basada en el respeto y la dignidad<\/strong>\u00a0de las personas, interes\u00e1ndose por sus preferencias y contando con la participaci\u00f3n activa tanto de las personas que son atendidas como de su entorno familiar m\u00e1s cercano.<\/p>\n<p>En este sentido,\u00a0<strong>Llu\u00efsa Domingo<\/strong>, directora del Centro de D\u00eda de Montcada y Reixac, apunta que\u00a0<em>\u201cnuestro equipo est\u00e1 formado por\u00a0<strong>distintos perfiles profesionales<\/strong>\u00a0-dos gerocultores, dos fisioterapeutas, una terapeuta ocupacional, una psic\u00f3loga, una enfermera y una trabajadora social-, cosa que nos permite trabajar transversalmente con las personas usuarias de nuestro centro, tanto de manera individual como de forma grupal, con el objetivo de mejorar su calidad de vida\u201d.<\/em><\/p>\n<p>Esto permite a los equipos\u00a0<strong>conocer a la persona en profundidad<\/strong>, detectar posibles cambios en su estado f\u00edsico y an\u00edmico, y establecer una relaci\u00f3n profesional mediante la escucha activa, el apoyo emocional y la potenciaci\u00f3n de la participaci\u00f3n activa de las personas usuarias. Todo esto, con el objetivo de garantizar la continuidad del cuidado, la personalizaci\u00f3n del tratamiento, la prevenci\u00f3n de complicaciones, y, as\u00ed, contribuir a fomentar su bienestar.<\/p>\n<hr class=\" hr_color\" style=\"margin:0 auto 30px;\"\/>\n\n<h3 class=\"wp-block-heading\">ACOMPA\u00d1AMIENTO ESENCIAL EN EL D\u00cdA A D\u00cdA A PERSONAS CON DOLOR CR\u00d3NICO<\/h3>\n<p>El\u00a0<strong>dolor permanente<\/strong>, que deriva de enfermedades cr\u00f3nicas asociadas a la edad como la\u00a0<strong>artrosis<\/strong>, las\u00a0<strong>enfermedades cardiovasculares<\/strong>\u00a0o las\u00a0<strong>neuropat\u00edas<\/strong>, entre otras, es un factor com\u00fan en la poblaci\u00f3n de m\u00e1s de 65 a\u00f1os. Seg\u00fan datos de 2024 de la Sociedad Espa\u00f1ola de Neurolog\u00eda, el 18% de la poblaci\u00f3n espa\u00f1ola sufre alg\u00fan tipo de dolor cr\u00f3nico.<\/p>\n<p>Se considera dolor cr\u00f3nico todo aquel que tenga una\u00a0<strong>persistencia mayor a tres meses, que puede aparecer a diario y durar semanas, meses o incluso a\u00f1os<\/strong>. Esto implica que puede afectar todos los aspectos de la vida diaria de las personas que lo experimentan, ocasion\u00e1ndoles cambios en el estado de \u00e1nimo, malestar y estr\u00e9s.<\/p>\n<p>En estos casos, es especialmente<strong>\u00a0esencial el acompa\u00f1amiento de las personas que sufren enfermedades cr\u00f3nicas con dolor asociado<\/strong>, ya que requieren a\u00fan m\u00e1s un apoyo f\u00edsico y emocional espec\u00edfico, personalizado y continuo. Para ello, nuestro equipo de\u00a0<strong>fisioterapeutas<\/strong>\u00a0utiliza las siguientes t\u00e9cnicas para tratar de reducirlo:<\/p>\n<ul class=\"wp-block-list\">\n<li><strong>Electroterapia<\/strong>: mediante el uso de corrientes el\u00e9ctricas, se estimulan los mecanismos del organismo encargados de regular la sensaci\u00f3n del dolor para que este disminuya.<\/li>\n<li><strong>Cinesiterapia<\/strong>: puede ser activa, activo-asistida o pasiva, y consiste en un m\u00e9todo basado en la ejecuci\u00f3n de movimientos activos y pasivos del cuerpo para tratar las rigideces y los anquilosamientos e intentar, as\u00ed, atenuar las retracciones y, a su vez, ampliar el rango de movimiento.<\/li>\n<li><strong>Ejercicios espec\u00edficos para dolores<\/strong>\u00a0en zonas concretas: tanto en los centros de d\u00eda como en los domicilios, se realizan este tipo de ejercicios adaptados a cada una de las personas usuarias.<\/li>\n<li><strong>Masoterapia<\/strong>: consiste en un conjunto de masajes terap\u00e9uticos para conseguir una relajaci\u00f3n muscular que disminuya los espasmos, las contracturas, entre otros, y as\u00ed, las personas mayores puedan percibir un alivio en su dolor.<\/li>\n<\/ul>\n<p>Por otra parte, en algunos de los servicios que gestionamos, tambi\u00e9n se realizan\u00a0<strong>terapias de psicoeducaci\u00f3n, intervenciones psicol\u00f3gicas y talleres de relajaci\u00f3n<\/strong>, entre otros, para intervenir sobre el dolor cr\u00f3nico, disminuir la tensi\u00f3n y la ansiedad y, as\u00ed, modificar la sensaci\u00f3n de dolor de las personas usuarias, contribuyendo a mejorar, en la medida de lo posible, el bienestar y la calidad de vida de las personas usuarias.<\/p>\n<p>En conclusi\u00f3n, desde Accent Social consideramos que el modelo de Atenci\u00f3n Integral Centrado en la Persona resulta un apoyo fundamental en aquellas personas que requieren<strong>\u00a0soporte y acompa\u00f1amiento tanto emocional como f\u00edsico<\/strong>, para mejorar su d\u00eda a d\u00eda.<\/p>\n<p>&nbsp;<\/p>\n<hr class=\" hr_color\" style=\"margin:0 auto 30px;\"\/>\n\n<div class=\"column one\"><div class=\"mcb-column-inner\"><\/p>\n<p><iframe style=\"overflow: hidden; width: 1200px; height: 258px;\" width=\"1200\" height=\"240\" frameborder=\"0\" scrolling=\"no\" data-cookieconsent=\"marketing\" data-cookieblock-src=\"https:\/\/www.facebook.com\/plugins\/page.php?href=https%3A%2F%2Fwww.facebook.com%2Faccentsocial%2F&amp;tabs=timeline&amp;width=500&amp;height=100&amp;small_header=false&amp;adapt_container_width=false&amp;hide_cover=false&amp;show_facepile=true&amp;appId\"><\/iframe><br \/>\n<\/div><\/div>\n\n","protected":false},"excerpt":{"rendered":"<p>El dolor cr\u00f3nico es un problema de salud que afecta principalmente, pero no de forma exclusiva, a las personas mayores.<\/p>\n","protected":false},"author":1,"featured_media":15357,"comment_status":"closed","ping_status":"open","sticky":false,"template":"","format":"standard","meta":{"footnotes":""},"categories":[615],"tags":[628,629,583],"class_list":["post-15350","post","type-post","status-publish","format-standard","has-post-thumbnail","hentry","category-salud","tag-dolor","tag-enfermedades","tag-salud"],"yoast_head":"<!-- This site is optimized with the Yoast SEO plugin v27.5 - https:\/\/yoast.com\/product\/yoast-seo-wordpress\/ -->\n<title>Dolor cr\u00f3nico: la importancia de un acompa\u00f1amiento individualizado y centrado en la persona<\/title>\n<meta name=\"description\" content=\"El dolor cr\u00f3nico es un problema de salud que afecta principalmente, pero no de forma exclusiva, a las personas mayores.\" \/>\n<meta name=\"robots\" content=\"index, follow, max-snippet:-1, max-image-preview:large, max-video-preview:-1\" \/>\n<link rel=\"canonical\" href=\"https:\/\/www.accent-social.cat\/es\/dolor-cronico-acompanamiento-personalizado\/\" \/>\n<meta property=\"og:locale\" content=\"es_ES\" \/>\n<meta property=\"og:type\" content=\"article\" \/>\n<meta property=\"og:title\" content=\"Dolor cr\u00f3nico: la importancia de un acompa\u00f1amiento individualizado y centrado en la persona\" \/>\n<meta property=\"og:description\" content=\"El dolor cr\u00f3nico es un problema de salud que afecta principalmente, pero no de forma exclusiva, a las personas mayores.\" \/>\n<meta property=\"og:url\" content=\"https:\/\/www.accent-social.cat\/es\/dolor-cronico-acompanamiento-personalizado\/\" \/>\n<meta property=\"og:site_name\" content=\"Accent Social | Serveis d&#039;Atenci\u00f3 Domicili\u00e0ria i centres per gent gran\" \/>\n<meta property=\"article:publisher\" content=\"https:\/\/www.facebook.com\/accentsocial\" \/>\n<meta property=\"article:published_time\" content=\"2025-07-29T23:11:52+00:00\" \/>\n<meta property=\"article:modified_time\" content=\"2025-07-30T10:32:10+00:00\" \/>\n<meta property=\"og:image\" content=\"https:\/\/www.accent-social.cat\/wp-content\/uploads\/2025\/07\/Dolor-cronic-i-acompanyament-personalitzat-a-persones-grans.jpg\" \/>\n\t<meta property=\"og:image:width\" content=\"840\" \/>\n\t<meta property=\"og:image:height\" content=\"400\" \/>\n\t<meta property=\"og:image:type\" content=\"image\/jpeg\" \/>\n<meta name=\"author\" content=\"Accent Social\" \/>\n<meta name=\"twitter:card\" content=\"summary_large_image\" \/>\n<meta name=\"twitter:creator\" content=\"@accentsocial_\" \/>\n<meta name=\"twitter:site\" content=\"@accentsocial_\" \/>\n<meta name=\"twitter:label1\" content=\"Escrito por\" \/>\n\t<meta name=\"twitter:data1\" content=\"Accent Social\" \/>\n\t<meta name=\"twitter:label2\" content=\"Tiempo de lectura\" \/>\n\t<meta name=\"twitter:data2\" content=\"6 minutos\" \/>\n<script type=\"application\/ld+json\" class=\"yoast-schema-graph\">{\"@context\":\"https:\\\/\\\/schema.org\",\"@graph\":[{\"@type\":\"Article\",\"@id\":\"https:\\\/\\\/www.accent-social.cat\\\/es\\\/dolor-cronico-acompanamiento-personalizado\\\/#article\",\"isPartOf\":{\"@id\":\"https:\\\/\\\/www.accent-social.cat\\\/es\\\/dolor-cronico-acompanamiento-personalizado\\\/\"},\"author\":{\"name\":\"Accent Social\",\"@id\":\"https:\\\/\\\/www.accent-social.cat\\\/#\\\/schema\\\/person\\\/e3059313a7a9356d5dcb4adc2ee0396a\"},\"headline\":\"Dolor cr\u00f3nico: la importancia de un acompa\u00f1amiento individualizado y centrado en la persona\",\"datePublished\":\"2025-07-29T23:11:52+00:00\",\"dateModified\":\"2025-07-30T10:32:10+00:00\",\"mainEntityOfPage\":{\"@id\":\"https:\\\/\\\/www.accent-social.cat\\\/es\\\/dolor-cronico-acompanamiento-personalizado\\\/\"},\"wordCount\":1059,\"publisher\":{\"@id\":\"https:\\\/\\\/www.accent-social.cat\\\/#organization\"},\"image\":{\"@id\":\"https:\\\/\\\/www.accent-social.cat\\\/es\\\/dolor-cronico-acompanamiento-personalizado\\\/#primaryimage\"},\"thumbnailUrl\":\"https:\\\/\\\/www.accent-social.cat\\\/wp-content\\\/uploads\\\/2025\\\/07\\\/Dolor-cronic-i-acompanyament-personalitzat-a-persones-grans.jpg\",\"keywords\":[\"dolor\",\"enfermedades\",\"salud\"],\"articleSection\":[\"Salud\"],\"inLanguage\":\"es\"},{\"@type\":\"WebPage\",\"@id\":\"https:\\\/\\\/www.accent-social.cat\\\/es\\\/dolor-cronico-acompanamiento-personalizado\\\/\",\"url\":\"https:\\\/\\\/www.accent-social.cat\\\/es\\\/dolor-cronico-acompanamiento-personalizado\\\/\",\"name\":\"Dolor cr\u00f3nico: la importancia de un acompa\u00f1amiento individualizado y centrado en la persona\",\"isPartOf\":{\"@id\":\"https:\\\/\\\/www.accent-social.cat\\\/#website\"},\"primaryImageOfPage\":{\"@id\":\"https:\\\/\\\/www.accent-social.cat\\\/es\\\/dolor-cronico-acompanamiento-personalizado\\\/#primaryimage\"},\"image\":{\"@id\":\"https:\\\/\\\/www.accent-social.cat\\\/es\\\/dolor-cronico-acompanamiento-personalizado\\\/#primaryimage\"},\"thumbnailUrl\":\"https:\\\/\\\/www.accent-social.cat\\\/wp-content\\\/uploads\\\/2025\\\/07\\\/Dolor-cronic-i-acompanyament-personalitzat-a-persones-grans.jpg\",\"datePublished\":\"2025-07-29T23:11:52+00:00\",\"dateModified\":\"2025-07-30T10:32:10+00:00\",\"description\":\"El dolor cr\u00f3nico es un problema de salud que afecta principalmente, pero no de forma exclusiva, a las personas mayores.\",\"breadcrumb\":{\"@id\":\"https:\\\/\\\/www.accent-social.cat\\\/es\\\/dolor-cronico-acompanamiento-personalizado\\\/#breadcrumb\"},\"inLanguage\":\"es\",\"potentialAction\":[{\"@type\":\"ReadAction\",\"target\":[\"https:\\\/\\\/www.accent-social.cat\\\/es\\\/dolor-cronico-acompanamiento-personalizado\\\/\"]}]},{\"@type\":\"ImageObject\",\"inLanguage\":\"es\",\"@id\":\"https:\\\/\\\/www.accent-social.cat\\\/es\\\/dolor-cronico-acompanamiento-personalizado\\\/#primaryimage\",\"url\":\"https:\\\/\\\/www.accent-social.cat\\\/wp-content\\\/uploads\\\/2025\\\/07\\\/Dolor-cronic-i-acompanyament-personalitzat-a-persones-grans.jpg\",\"contentUrl\":\"https:\\\/\\\/www.accent-social.cat\\\/wp-content\\\/uploads\\\/2025\\\/07\\\/Dolor-cronic-i-acompanyament-personalitzat-a-persones-grans.jpg\",\"width\":840,\"height\":400,\"caption\":\"Dolor cr\u00f2nic i acompanyament personalitzat a persones grans\"},{\"@type\":\"BreadcrumbList\",\"@id\":\"https:\\\/\\\/www.accent-social.cat\\\/es\\\/dolor-cronico-acompanamiento-personalizado\\\/#breadcrumb\",\"itemListElement\":[{\"@type\":\"ListItem\",\"position\":1,\"name\":\"Inici\",\"item\":\"https:\\\/\\\/www.accent-social.cat\\\/es\\\/\"},{\"@type\":\"ListItem\",\"position\":2,\"name\":\"Dolor cr\u00f3nico: la importancia de un acompa\u00f1amiento individualizado y centrado en la persona\"}]},{\"@type\":\"WebSite\",\"@id\":\"https:\\\/\\\/www.accent-social.cat\\\/#website\",\"url\":\"https:\\\/\\\/www.accent-social.cat\\\/\",\"name\":\"Accent Social | Serveis d'Atenci\u00f3 Domicili\u00e0ria (SAD) i centres col\u00b7lectius\",\"description\":\"Serveis d&#039;Atenci\u00f3 Domicili\u00e0ria i centres de dia a Barcelona. Gesti\u00f3 de serveis socials i per a la gent gran.\",\"publisher\":{\"@id\":\"https:\\\/\\\/www.accent-social.cat\\\/#organization\"},\"potentialAction\":[{\"@type\":\"SearchAction\",\"target\":{\"@type\":\"EntryPoint\",\"urlTemplate\":\"https:\\\/\\\/www.accent-social.cat\\\/?s={search_term_string}\"},\"query-input\":{\"@type\":\"PropertyValueSpecification\",\"valueRequired\":true,\"valueName\":\"search_term_string\"}}],\"inLanguage\":\"es\"},{\"@type\":\"Organization\",\"@id\":\"https:\\\/\\\/www.accent-social.cat\\\/#organization\",\"name\":\"Accent Social\",\"url\":\"https:\\\/\\\/www.accent-social.cat\\\/\",\"logo\":{\"@type\":\"ImageObject\",\"inLanguage\":\"es\",\"@id\":\"https:\\\/\\\/www.accent-social.cat\\\/#\\\/schema\\\/logo\\\/image\\\/\",\"url\":\"https:\\\/\\\/www.accent-social.cat\\\/wp-content\\\/uploads\\\/2017\\\/09\\\/Logo-Accent-Social.jpg\",\"contentUrl\":\"https:\\\/\\\/www.accent-social.cat\\\/wp-content\\\/uploads\\\/2017\\\/09\\\/Logo-Accent-Social.jpg\",\"width\":512,\"height\":512,\"caption\":\"Accent Social\"},\"image\":{\"@id\":\"https:\\\/\\\/www.accent-social.cat\\\/#\\\/schema\\\/logo\\\/image\\\/\"},\"sameAs\":[\"https:\\\/\\\/www.facebook.com\\\/accentsocial\",\"https:\\\/\\\/x.com\\\/accentsocial_\",\"http:\\\/\\\/www.instagram.com\\\/accentsocial\",\"https:\\\/\\\/www.linkedin.com\\\/company\\\/accent-social\\\/\",\"https:\\\/\\\/www.crunchbase.com\\\/organization\\\/accent-social\",\"https:\\\/\\\/www.hotfrog.es\\\/empresa\\\/barcelona\\\/barcelona\\\/accent-social\",\"https:\\\/\\\/www.youtube.com\\\/channel\\\/UCBRsmX50gP0nPuAb5rPfr2g\"]},{\"@type\":\"Person\",\"@id\":\"https:\\\/\\\/www.accent-social.cat\\\/#\\\/schema\\\/person\\\/e3059313a7a9356d5dcb4adc2ee0396a\",\"name\":\"Accent Social\",\"image\":{\"@type\":\"ImageObject\",\"inLanguage\":\"es\",\"@id\":\"https:\\\/\\\/secure.gravatar.com\\\/avatar\\\/9a4d9b0c2bbfb1ff3da85e7195367fa23cc6b72e60b3092496806038fa837fc5?s=96&d=mm&r=g\",\"url\":\"https:\\\/\\\/secure.gravatar.com\\\/avatar\\\/9a4d9b0c2bbfb1ff3da85e7195367fa23cc6b72e60b3092496806038fa837fc5?s=96&d=mm&r=g\",\"contentUrl\":\"https:\\\/\\\/secure.gravatar.com\\\/avatar\\\/9a4d9b0c2bbfb1ff3da85e7195367fa23cc6b72e60b3092496806038fa837fc5?s=96&d=mm&r=g\",\"caption\":\"Accent Social\"}}]}<\/script>\n<!-- \/ Yoast SEO plugin. -->","yoast_head_json":{"title":"Dolor cr\u00f3nico: la importancia de un acompa\u00f1amiento individualizado y centrado en la persona","description":"El dolor cr\u00f3nico es un problema de salud que afecta principalmente, pero no de forma exclusiva, a las personas mayores.","robots":{"index":"index","follow":"follow","max-snippet":"max-snippet:-1","max-image-preview":"max-image-preview:large","max-video-preview":"max-video-preview:-1"},"canonical":"https:\/\/www.accent-social.cat\/es\/dolor-cronico-acompanamiento-personalizado\/","og_locale":"es_ES","og_type":"article","og_title":"Dolor cr\u00f3nico: la importancia de un acompa\u00f1amiento individualizado y centrado en la persona","og_description":"El dolor cr\u00f3nico es un problema de salud que afecta principalmente, pero no de forma exclusiva, a las personas mayores.","og_url":"https:\/\/www.accent-social.cat\/es\/dolor-cronico-acompanamiento-personalizado\/","og_site_name":"Accent Social | Serveis d&#039;Atenci\u00f3 Domicili\u00e0ria i centres per gent gran","article_publisher":"https:\/\/www.facebook.com\/accentsocial","article_published_time":"2025-07-29T23:11:52+00:00","article_modified_time":"2025-07-30T10:32:10+00:00","og_image":[{"width":840,"height":400,"url":"https:\/\/www.accent-social.cat\/wp-content\/uploads\/2025\/07\/Dolor-cronic-i-acompanyament-personalitzat-a-persones-grans.jpg","type":"image\/jpeg"}],"author":"Accent Social","twitter_card":"summary_large_image","twitter_creator":"@accentsocial_","twitter_site":"@accentsocial_","twitter_misc":{"Escrito por":"Accent Social","Tiempo de lectura":"6 minutos"},"schema":{"@context":"https:\/\/schema.org","@graph":[{"@type":"Article","@id":"https:\/\/www.accent-social.cat\/es\/dolor-cronico-acompanamiento-personalizado\/#article","isPartOf":{"@id":"https:\/\/www.accent-social.cat\/es\/dolor-cronico-acompanamiento-personalizado\/"},"author":{"name":"Accent Social","@id":"https:\/\/www.accent-social.cat\/#\/schema\/person\/e3059313a7a9356d5dcb4adc2ee0396a"},"headline":"Dolor cr\u00f3nico: la importancia de un acompa\u00f1amiento individualizado y centrado en la persona","datePublished":"2025-07-29T23:11:52+00:00","dateModified":"2025-07-30T10:32:10+00:00","mainEntityOfPage":{"@id":"https:\/\/www.accent-social.cat\/es\/dolor-cronico-acompanamiento-personalizado\/"},"wordCount":1059,"publisher":{"@id":"https:\/\/www.accent-social.cat\/#organization"},"image":{"@id":"https:\/\/www.accent-social.cat\/es\/dolor-cronico-acompanamiento-personalizado\/#primaryimage"},"thumbnailUrl":"https:\/\/www.accent-social.cat\/wp-content\/uploads\/2025\/07\/Dolor-cronic-i-acompanyament-personalitzat-a-persones-grans.jpg","keywords":["dolor","enfermedades","salud"],"articleSection":["Salud"],"inLanguage":"es"},{"@type":"WebPage","@id":"https:\/\/www.accent-social.cat\/es\/dolor-cronico-acompanamiento-personalizado\/","url":"https:\/\/www.accent-social.cat\/es\/dolor-cronico-acompanamiento-personalizado\/","name":"Dolor cr\u00f3nico: la importancia de un acompa\u00f1amiento individualizado y centrado en la persona","isPartOf":{"@id":"https:\/\/www.accent-social.cat\/#website"},"primaryImageOfPage":{"@id":"https:\/\/www.accent-social.cat\/es\/dolor-cronico-acompanamiento-personalizado\/#primaryimage"},"image":{"@id":"https:\/\/www.accent-social.cat\/es\/dolor-cronico-acompanamiento-personalizado\/#primaryimage"},"thumbnailUrl":"https:\/\/www.accent-social.cat\/wp-content\/uploads\/2025\/07\/Dolor-cronic-i-acompanyament-personalitzat-a-persones-grans.jpg","datePublished":"2025-07-29T23:11:52+00:00","dateModified":"2025-07-30T10:32:10+00:00","description":"El dolor cr\u00f3nico es un problema de salud que afecta principalmente, pero no de forma exclusiva, a las personas mayores.","breadcrumb":{"@id":"https:\/\/www.accent-social.cat\/es\/dolor-cronico-acompanamiento-personalizado\/#breadcrumb"},"inLanguage":"es","potentialAction":[{"@type":"ReadAction","target":["https:\/\/www.accent-social.cat\/es\/dolor-cronico-acompanamiento-personalizado\/"]}]},{"@type":"ImageObject","inLanguage":"es","@id":"https:\/\/www.accent-social.cat\/es\/dolor-cronico-acompanamiento-personalizado\/#primaryimage","url":"https:\/\/www.accent-social.cat\/wp-content\/uploads\/2025\/07\/Dolor-cronic-i-acompanyament-personalitzat-a-persones-grans.jpg","contentUrl":"https:\/\/www.accent-social.cat\/wp-content\/uploads\/2025\/07\/Dolor-cronic-i-acompanyament-personalitzat-a-persones-grans.jpg","width":840,"height":400,"caption":"Dolor cr\u00f2nic i acompanyament personalitzat a persones grans"},{"@type":"BreadcrumbList","@id":"https:\/\/www.accent-social.cat\/es\/dolor-cronico-acompanamiento-personalizado\/#breadcrumb","itemListElement":[{"@type":"ListItem","position":1,"name":"Inici","item":"https:\/\/www.accent-social.cat\/es\/"},{"@type":"ListItem","position":2,"name":"Dolor cr\u00f3nico: la importancia de un acompa\u00f1amiento individualizado y centrado en la persona"}]},{"@type":"WebSite","@id":"https:\/\/www.accent-social.cat\/#website","url":"https:\/\/www.accent-social.cat\/","name":"Accent Social | Serveis d'Atenci\u00f3 Domicili\u00e0ria (SAD) i centres col\u00b7lectius","description":"Serveis d&#039;Atenci\u00f3 Domicili\u00e0ria i centres de dia a Barcelona. Gesti\u00f3 de serveis socials i per a la gent gran.","publisher":{"@id":"https:\/\/www.accent-social.cat\/#organization"},"potentialAction":[{"@type":"SearchAction","target":{"@type":"EntryPoint","urlTemplate":"https:\/\/www.accent-social.cat\/?s={search_term_string}"},"query-input":{"@type":"PropertyValueSpecification","valueRequired":true,"valueName":"search_term_string"}}],"inLanguage":"es"},{"@type":"Organization","@id":"https:\/\/www.accent-social.cat\/#organization","name":"Accent Social","url":"https:\/\/www.accent-social.cat\/","logo":{"@type":"ImageObject","inLanguage":"es","@id":"https:\/\/www.accent-social.cat\/#\/schema\/logo\/image\/","url":"https:\/\/www.accent-social.cat\/wp-content\/uploads\/2017\/09\/Logo-Accent-Social.jpg","contentUrl":"https:\/\/www.accent-social.cat\/wp-content\/uploads\/2017\/09\/Logo-Accent-Social.jpg","width":512,"height":512,"caption":"Accent Social"},"image":{"@id":"https:\/\/www.accent-social.cat\/#\/schema\/logo\/image\/"},"sameAs":["https:\/\/www.facebook.com\/accentsocial","https:\/\/x.com\/accentsocial_","http:\/\/www.instagram.com\/accentsocial","https:\/\/www.linkedin.com\/company\/accent-social\/","https:\/\/www.crunchbase.com\/organization\/accent-social","https:\/\/www.hotfrog.es\/empresa\/barcelona\/barcelona\/accent-social","https:\/\/www.youtube.com\/channel\/UCBRsmX50gP0nPuAb5rPfr2g"]},{"@type":"Person","@id":"https:\/\/www.accent-social.cat\/#\/schema\/person\/e3059313a7a9356d5dcb4adc2ee0396a","name":"Accent Social","image":{"@type":"ImageObject","inLanguage":"es","@id":"https:\/\/secure.gravatar.com\/avatar\/9a4d9b0c2bbfb1ff3da85e7195367fa23cc6b72e60b3092496806038fa837fc5?s=96&d=mm&r=g","url":"https:\/\/secure.gravatar.com\/avatar\/9a4d9b0c2bbfb1ff3da85e7195367fa23cc6b72e60b3092496806038fa837fc5?s=96&d=mm&r=g","contentUrl":"https:\/\/secure.gravatar.com\/avatar\/9a4d9b0c2bbfb1ff3da85e7195367fa23cc6b72e60b3092496806038fa837fc5?s=96&d=mm&r=g","caption":"Accent Social"}}]}},"_links":{"self":[{"href":"https:\/\/www.accent-social.cat\/es\/wp-json\/wp\/v2\/posts\/15350","targetHints":{"allow":["GET"]}}],"collection":[{"href":"https:\/\/www.accent-social.cat\/es\/wp-json\/wp\/v2\/posts"}],"about":[{"href":"https:\/\/www.accent-social.cat\/es\/wp-json\/wp\/v2\/types\/post"}],"author":[{"embeddable":true,"href":"https:\/\/www.accent-social.cat\/es\/wp-json\/wp\/v2\/users\/1"}],"replies":[{"embeddable":true,"href":"https:\/\/www.accent-social.cat\/es\/wp-json\/wp\/v2\/comments?post=15350"}],"version-history":[{"count":3,"href":"https:\/\/www.accent-social.cat\/es\/wp-json\/wp\/v2\/posts\/15350\/revisions"}],"predecessor-version":[{"id":15353,"href":"https:\/\/www.accent-social.cat\/es\/wp-json\/wp\/v2\/posts\/15350\/revisions\/15353"}],"wp:featuredmedia":[{"embeddable":true,"href":"https:\/\/www.accent-social.cat\/es\/wp-json\/wp\/v2\/media\/15357"}],"wp:attachment":[{"href":"https:\/\/www.accent-social.cat\/es\/wp-json\/wp\/v2\/media?parent=15350"}],"wp:term":[{"taxonomy":"category","embeddable":true,"href":"https:\/\/www.accent-social.cat\/es\/wp-json\/wp\/v2\/categories?post=15350"},{"taxonomy":"post_tag","embeddable":true,"href":"https:\/\/www.accent-social.cat\/es\/wp-json\/wp\/v2\/tags?post=15350"}],"curies":[{"name":"wp","href":"https:\/\/api.w.org\/{rel}","templated":true}]}}