{"id":15346,"date":"2025-06-28T17:59:22","date_gmt":"2025-06-28T15:59:22","guid":{"rendered":"https:\/\/www.accent-social.cat\/los-servicios-de-atencion-domiciliaria-sad-hacen-frente-a-las-altas-temperaturas\/"},"modified":"2025-07-30T00:58:31","modified_gmt":"2025-07-29T22:58:31","slug":"los-servicios-de-atencion-domiciliaria-sad-hacen-frente-a-las-altas-temperaturas","status":"publish","type":"post","link":"https:\/\/www.accent-social.cat\/es\/los-servicios-de-atencion-domiciliaria-sad-hacen-frente-a-las-altas-temperaturas\/","title":{"rendered":"Los Servicios de Atenci\u00f3n Domiciliaria (SAD) hacen frente a las altas temperaturas"},"content":{"rendered":"<h3>Ante las altas temperaturas y el riesgo de deshidrataci\u00f3n que puede sufrir la poblaci\u00f3n m\u00e1s vulnerable, se recomienda protegerse del sol, incentivar la ingesta de agua y evitar la ropa ajustada.<\/h3>\n<p>Catalu\u00f1a vive estos d\u00edas la primera ola de calor del verano, con temperaturas que pueden superar los 40 grados en Poniente y en las Tierras del Ebro, entre 34 y 39 en el resto del interior, y entre 30 y 34 en el litoral, seg\u00fan ha alertado el Servicio Meteorol\u00f3gico de Catalu\u00f1a.<\/p>\n<p>En este contexto, Accent Social, entidad gestora de algunos <strong>Servicios de Atenci\u00f3n Domiciliaria (SAD)<\/strong> de diferentes municipios catalanes, ha emitido un conjunto de recomendaciones para las personas usuarias que atiende, para prevenir y evitar golpes de calor en los d\u00edas de mayor riesgo.<\/p>\n<p>Se trata de un episodio inusual en esta \u00e9poca del a\u00f1o, ya que se est\u00e1n registrando temperaturas propias de los meses m\u00e1s calurosos del verano.<\/p>\n<p>Es por eso que la entidad ha querido precisar las medidas a seguir para los pr\u00f3ximos d\u00edas, poniendo el \u00e9nfasis en que las personas usuarias se protejan del sol, sobre todo en las horas de m\u00e1s calor.<\/p>\n<p>\u00a0<\/p>\n<p>\\<hr class=\" hr_color\" style=\"margin:0 auto 30px;\"\/>\n<\/p>\n<h3>CUIDAR EL BIENESTAR DE LAS PERSONAS ANTE LAS OLAS DE CALOR<\/h3>\n<p>\u201c<em>El bienestar y la salud de las personas usuarias es nuestra prioridad<\/em>\u201d, <strong>explica Cristina Fern\u00e1ndez, jefa de servicio de Accent Social,<\/strong> quien recuerda la necesidad de refrescarse, con la aplicaci\u00f3n de pa\u00f1os mojados o duchas, y beber agua con frecuencia:<\/p>\n<p>\u201c<em>Si salen, recomendamos que lleven siempre una botella de agua y, en el caso de las personas con deterioro cognitivo, les ponemos un vaso lleno en la mesa para que no se olviden de beber en ning\u00fan momento, as\u00ed como las animamos a beber con regularidad<\/em>\u201d, a\u00f1ade.<\/p>\n<p>Para estos d\u00edas, adem\u00e1s, desde la entidad insisten en las siguientes medidas:<\/p>\n<ul>\n<li><strong>Beber entre 2 y 2,5 litros diarios de l\u00edquidos<\/strong>, incluso si no se tiene sed.<\/li>\n<li><strong>En casa, se debe controlar la temperatura durante las horas de sol.<\/strong> Estar en las estancias m\u00e1s frescas y abrir las ventanas durante la noche para airearlas. El uso de aire acondicionado o ventiladores tambi\u00e9n puede contribuir significativamente a reducir la temperatura interior.<\/li>\n<li><strong>En cuanto a las comidas, deben ser lo m\u00e1s ligeras y nutritivas posible<\/strong>, ricas en frutas y verduras, para ayudar a mantener el cuerpo hidratado, fresco y proporcionar la energ\u00eda necesaria sin sobrecargar el sistema digestivo.<\/li>\n<li><strong>Hay que evitar la ropa ajustada y de fibras sint\u00e9ticas<\/strong> que no transpiran correctamente e inducen la sudoraci\u00f3n. Es preferible vestir prendas de colores claros y tejidos transpirables como el algod\u00f3n.<\/li>\n<li><strong>Evitar salir a la calle en horas de calor extremo.<\/strong> En caso de salir, se debe evitar el sol directo, optar por espacios con aire acondicionado y es necesario protegerse de la radiaci\u00f3n solar con sombreros, gafas de sol y crema protectora.<\/li>\n<li>Aunque el ejercicio es importante para la salud en general, <strong>hay que reducir la actividad f\u00edsica durante las horas de m\u00e1s calor,<\/strong> entre las 12 del mediod\u00eda y las 18 de la tarde, y tambi\u00e9n es importante moderar su intensidad para evitar el agotamiento.<\/li>\n<li><strong>Mantener un horario de descanso regular<\/strong> y asegurarse de que el dormitorio est\u00e9 a una temperatura confortable puede mejorar la calidad del sue\u00f1o y ayudar a evitar el cansancio.<\/li>\n<\/ul>\n<p>&nbsp;<\/p>\n<p>\\<hr class=\" hr_color\" style=\"margin:0 auto 30px;\"\/>\n<\/p>\n<h3>PREVENIR EL RIESGO DE DESHIDRATACI\u00d3N EN LOS NI\u00d1OS Y LAS PERSONAS MAYORES<\/h3>\n<p>En el caso de la poblaci\u00f3n m\u00e1s vulnerable, como son los ni\u00f1os y las personas mayores, hay que extremar las precauciones ante las altas temperaturas, ya que son colectivos en los que aumenta el riesgo de deshidrataci\u00f3n.<\/p>\n<p>En cuanto a las personas mayores, <strong>M\u00f3nica Reina, responsable higi\u00e9nico-sanitaria de Accent Social,<\/strong> se\u00f1ala que \u201c<em>con los a\u00f1os, el balance h\u00eddrico de las personas se ve comprometido por diversos factores, que pueden ser tanto externos como internos, y hay que tener en cuenta los cambios fisiol\u00f3gicos que se asocian con la edad, como tener una menor sensaci\u00f3n de sed, tambi\u00e9n presentan una saciedad precoz, alteraciones gastrointestinales y una menor capacidad para regular la temperatura corporal. Esto nos hace m\u00e1s propensos al agotamiento y a otros problemas derivados del calor<\/em>\u201d.<\/p>\n<p>La responsable higi\u00e9nico-sanitaria de Accent Social tambi\u00e9n detalla que <em><strong>\u201cexisten diferentes grados de deshidrataci\u00f3n\u201d<\/strong>,<\/em> con s\u00edntomas diversos que pueden ir desde la sed intensa, la disminuci\u00f3n del apetito, malestar, fatiga, dolores de cabeza, boca seca, menor cantidad de orina y m\u00e1s concentrada, somnolencia, desorientaci\u00f3n y estre\u00f1imiento; as\u00ed como en casos m\u00e1s graves, puede causar espasmos musculares, delirios, problemas de equilibrio y descenso de la presi\u00f3n arterial.<\/p>\n<p>Por otro lado, desde los servicios de Accent Social tambi\u00e9n se recomienda acudir a las revisiones m\u00e9dicas pertinentes para <strong>revisar si es necesario ajustar alguna medicaci\u00f3n<\/strong> que pueda afectar a la capacidad del cuerpo para controlar el calor.<\/p>\n<p>Estas medidas se transmiten a las personas usuarias de forma verbal, con carteles y se\u00f1alizaci\u00f3n para que el mayor n\u00famero de ellas tenga acceso a la informaci\u00f3n. Adem\u00e1s, se difunden a trav\u00e9s de charlas con profesionales y familiares.<\/p>\n<p>En resumen, desde Accent Social consideran necesario aplicar un enfoque m\u00faltiple que incluya una buena hidrataci\u00f3n, ropa y entornos adecuados, una dieta equilibrada, ejercicio moderado, protecci\u00f3n solar y un descanso adecuado para evitar el agotamiento en las personas mayores durante \u00e9pocas de calor como la que se est\u00e1 viviendo.<\/p>\n<p>\u00a0<\/p>\n<p>\\<hr class=\" hr_color\" style=\"margin:0 auto 30px;\"\/>\n<\/p>\n<p>\\<div class=\"column one\"><div class=\"mcb-column-inner\"><\/p>\n<p><iframe style=\"overflow: hidden; width: 1200px; height: 258px;\" width=\"1200\" height=\"240\" frameborder=\"0\" scrolling=\"no\" data-cookieconsent=\"marketing\" data-cookieblock-src=\"https:\/\/www.facebook.com\/plugins\/page.php?href=https%3A%2F%2Fwww.facebook.com%2Faccentsocial%2F&amp;tabs=timeline&amp;width=500&amp;height=100&amp;small_header=false&amp;adapt_container_width=false&amp;hide_cover=false&amp;show_facepile=true&amp;appId\"><\/iframe><br \/>\n<\/div><\/div>\n<\/p>\n","protected":false},"excerpt":{"rendered":"<p>Ante las altas temperaturas y el riesgo de deshidrataci\u00f3n, se recomienda a la poblaci\u00f3n m\u00e1s vulnerable seguir algunos buenos consejos de salud<\/p>\n","protected":false},"author":1,"featured_media":15345,"comment_status":"closed","ping_status":"open","sticky":false,"template":"","format":"standard","meta":{"footnotes":""},"categories":[470,615],"tags":[],"class_list":["post-15346","post","type-post","status-publish","format-standard","has-post-thumbnail","hentry","category-buen-trato-personas-mayores","category-salud"],"yoast_head":"<!-- This site is optimized with the Yoast SEO plugin v27.5 - https:\/\/yoast.com\/product\/yoast-seo-wordpress\/ -->\n<title>Los Servicios de Atenci\u00f3n Domiciliaria (SAD) hacen frente a las altas temperaturas<\/title>\n<meta name=\"description\" content=\"Ante las altas temperaturas y el riesgo de deshidrataci\u00f3n, se recomienda a la poblaci\u00f3n m\u00e1s vulnerable seguir algunos buenos consejos de salud\" \/>\n<meta name=\"robots\" content=\"index, follow, max-snippet:-1, max-image-preview:large, max-video-preview:-1\" \/>\n<link rel=\"canonical\" href=\"https:\/\/www.accent-social.cat\/es\/los-servicios-de-atencion-domiciliaria-sad-hacen-frente-a-las-altas-temperaturas\/\" \/>\n<meta property=\"og:locale\" content=\"es_ES\" \/>\n<meta property=\"og:type\" content=\"article\" \/>\n<meta property=\"og:title\" content=\"Los Servicios de Atenci\u00f3n Domiciliaria (SAD) hacen frente a las altas temperaturas\" \/>\n<meta property=\"og:description\" content=\"Ante las altas temperaturas y el riesgo de deshidrataci\u00f3n, se recomienda a la poblaci\u00f3n m\u00e1s vulnerable seguir algunos buenos consejos de salud\" \/>\n<meta property=\"og:url\" content=\"https:\/\/www.accent-social.cat\/es\/los-servicios-de-atencion-domiciliaria-sad-hacen-frente-a-las-altas-temperaturas\/\" \/>\n<meta property=\"og:site_name\" content=\"Accent Social | Serveis d&#039;Atenci\u00f3 Domicili\u00e0ria i centres per gent gran\" \/>\n<meta property=\"article:publisher\" content=\"https:\/\/www.facebook.com\/accentsocial\" \/>\n<meta property=\"article:published_time\" content=\"2025-06-28T15:59:22+00:00\" \/>\n<meta property=\"article:modified_time\" content=\"2025-07-29T22:58:31+00:00\" \/>\n<meta property=\"og:image\" content=\"https:\/\/www.accent-social.cat\/wp-content\/uploads\/2025\/07\/Consells-per-a-les-persones-grans-davant-les-altes-temperatures-de-lestiu.jpeg\" \/>\n\t<meta property=\"og:image:width\" content=\"840\" \/>\n\t<meta property=\"og:image:height\" content=\"400\" \/>\n\t<meta property=\"og:image:type\" content=\"image\/jpeg\" \/>\n<meta name=\"author\" content=\"Accent Social\" \/>\n<meta name=\"twitter:card\" content=\"summary_large_image\" \/>\n<meta name=\"twitter:creator\" content=\"@accentsocial_\" \/>\n<meta name=\"twitter:site\" content=\"@accentsocial_\" \/>\n<meta name=\"twitter:label1\" content=\"Escrito por\" \/>\n\t<meta name=\"twitter:data1\" content=\"Accent Social\" \/>\n\t<meta name=\"twitter:label2\" content=\"Tiempo de lectura\" \/>\n\t<meta name=\"twitter:data2\" content=\"6 minutos\" \/>\n<script type=\"application\/ld+json\" class=\"yoast-schema-graph\">{\"@context\":\"https:\\\/\\\/schema.org\",\"@graph\":[{\"@type\":\"Article\",\"@id\":\"https:\\\/\\\/www.accent-social.cat\\\/es\\\/los-servicios-de-atencion-domiciliaria-sad-hacen-frente-a-las-altas-temperaturas\\\/#article\",\"isPartOf\":{\"@id\":\"https:\\\/\\\/www.accent-social.cat\\\/es\\\/los-servicios-de-atencion-domiciliaria-sad-hacen-frente-a-las-altas-temperaturas\\\/\"},\"author\":{\"name\":\"Accent Social\",\"@id\":\"https:\\\/\\\/www.accent-social.cat\\\/#\\\/schema\\\/person\\\/e3059313a7a9356d5dcb4adc2ee0396a\"},\"headline\":\"Los Servicios de Atenci\u00f3n Domiciliaria (SAD) hacen frente a las altas temperaturas\",\"datePublished\":\"2025-06-28T15:59:22+00:00\",\"dateModified\":\"2025-07-29T22:58:31+00:00\",\"mainEntityOfPage\":{\"@id\":\"https:\\\/\\\/www.accent-social.cat\\\/es\\\/los-servicios-de-atencion-domiciliaria-sad-hacen-frente-a-las-altas-temperaturas\\\/\"},\"wordCount\":969,\"publisher\":{\"@id\":\"https:\\\/\\\/www.accent-social.cat\\\/#organization\"},\"image\":{\"@id\":\"https:\\\/\\\/www.accent-social.cat\\\/es\\\/los-servicios-de-atencion-domiciliaria-sad-hacen-frente-a-las-altas-temperaturas\\\/#primaryimage\"},\"thumbnailUrl\":\"https:\\\/\\\/www.accent-social.cat\\\/wp-content\\\/uploads\\\/2025\\\/07\\\/Consells-per-a-les-persones-grans-davant-les-altes-temperatures-de-lestiu.jpeg\",\"articleSection\":[\"Buen trato a personas mayores\",\"Salud\"],\"inLanguage\":\"es\"},{\"@type\":\"WebPage\",\"@id\":\"https:\\\/\\\/www.accent-social.cat\\\/es\\\/los-servicios-de-atencion-domiciliaria-sad-hacen-frente-a-las-altas-temperaturas\\\/\",\"url\":\"https:\\\/\\\/www.accent-social.cat\\\/es\\\/los-servicios-de-atencion-domiciliaria-sad-hacen-frente-a-las-altas-temperaturas\\\/\",\"name\":\"Los Servicios de Atenci\u00f3n Domiciliaria (SAD) hacen frente a las altas temperaturas\",\"isPartOf\":{\"@id\":\"https:\\\/\\\/www.accent-social.cat\\\/#website\"},\"primaryImageOfPage\":{\"@id\":\"https:\\\/\\\/www.accent-social.cat\\\/es\\\/los-servicios-de-atencion-domiciliaria-sad-hacen-frente-a-las-altas-temperaturas\\\/#primaryimage\"},\"image\":{\"@id\":\"https:\\\/\\\/www.accent-social.cat\\\/es\\\/los-servicios-de-atencion-domiciliaria-sad-hacen-frente-a-las-altas-temperaturas\\\/#primaryimage\"},\"thumbnailUrl\":\"https:\\\/\\\/www.accent-social.cat\\\/wp-content\\\/uploads\\\/2025\\\/07\\\/Consells-per-a-les-persones-grans-davant-les-altes-temperatures-de-lestiu.jpeg\",\"datePublished\":\"2025-06-28T15:59:22+00:00\",\"dateModified\":\"2025-07-29T22:58:31+00:00\",\"description\":\"Ante las altas temperaturas y el riesgo de deshidrataci\u00f3n, se recomienda a la poblaci\u00f3n m\u00e1s vulnerable seguir algunos buenos consejos de salud\",\"breadcrumb\":{\"@id\":\"https:\\\/\\\/www.accent-social.cat\\\/es\\\/los-servicios-de-atencion-domiciliaria-sad-hacen-frente-a-las-altas-temperaturas\\\/#breadcrumb\"},\"inLanguage\":\"es\",\"potentialAction\":[{\"@type\":\"ReadAction\",\"target\":[\"https:\\\/\\\/www.accent-social.cat\\\/es\\\/los-servicios-de-atencion-domiciliaria-sad-hacen-frente-a-las-altas-temperaturas\\\/\"]}]},{\"@type\":\"ImageObject\",\"inLanguage\":\"es\",\"@id\":\"https:\\\/\\\/www.accent-social.cat\\\/es\\\/los-servicios-de-atencion-domiciliaria-sad-hacen-frente-a-las-altas-temperaturas\\\/#primaryimage\",\"url\":\"https:\\\/\\\/www.accent-social.cat\\\/wp-content\\\/uploads\\\/2025\\\/07\\\/Consells-per-a-les-persones-grans-davant-les-altes-temperatures-de-lestiu.jpeg\",\"contentUrl\":\"https:\\\/\\\/www.accent-social.cat\\\/wp-content\\\/uploads\\\/2025\\\/07\\\/Consells-per-a-les-persones-grans-davant-les-altes-temperatures-de-lestiu.jpeg\",\"width\":840,\"height\":400,\"caption\":\"Consells per a les persones grans davant les altes temperatures de l'estiu\"},{\"@type\":\"BreadcrumbList\",\"@id\":\"https:\\\/\\\/www.accent-social.cat\\\/es\\\/los-servicios-de-atencion-domiciliaria-sad-hacen-frente-a-las-altas-temperaturas\\\/#breadcrumb\",\"itemListElement\":[{\"@type\":\"ListItem\",\"position\":1,\"name\":\"Inici\",\"item\":\"https:\\\/\\\/www.accent-social.cat\\\/es\\\/\"},{\"@type\":\"ListItem\",\"position\":2,\"name\":\"Los Servicios de Atenci\u00f3n Domiciliaria (SAD) hacen frente a las altas temperaturas\"}]},{\"@type\":\"WebSite\",\"@id\":\"https:\\\/\\\/www.accent-social.cat\\\/#website\",\"url\":\"https:\\\/\\\/www.accent-social.cat\\\/\",\"name\":\"Accent Social | Serveis d'Atenci\u00f3 Domicili\u00e0ria (SAD) i centres col\u00b7lectius\",\"description\":\"Serveis d&#039;Atenci\u00f3 Domicili\u00e0ria i centres de dia a Barcelona. Gesti\u00f3 de serveis socials i per a la gent gran.\",\"publisher\":{\"@id\":\"https:\\\/\\\/www.accent-social.cat\\\/#organization\"},\"potentialAction\":[{\"@type\":\"SearchAction\",\"target\":{\"@type\":\"EntryPoint\",\"urlTemplate\":\"https:\\\/\\\/www.accent-social.cat\\\/?s={search_term_string}\"},\"query-input\":{\"@type\":\"PropertyValueSpecification\",\"valueRequired\":true,\"valueName\":\"search_term_string\"}}],\"inLanguage\":\"es\"},{\"@type\":\"Organization\",\"@id\":\"https:\\\/\\\/www.accent-social.cat\\\/#organization\",\"name\":\"Accent Social\",\"url\":\"https:\\\/\\\/www.accent-social.cat\\\/\",\"logo\":{\"@type\":\"ImageObject\",\"inLanguage\":\"es\",\"@id\":\"https:\\\/\\\/www.accent-social.cat\\\/#\\\/schema\\\/logo\\\/image\\\/\",\"url\":\"https:\\\/\\\/www.accent-social.cat\\\/wp-content\\\/uploads\\\/2017\\\/09\\\/Logo-Accent-Social.jpg\",\"contentUrl\":\"https:\\\/\\\/www.accent-social.cat\\\/wp-content\\\/uploads\\\/2017\\\/09\\\/Logo-Accent-Social.jpg\",\"width\":512,\"height\":512,\"caption\":\"Accent Social\"},\"image\":{\"@id\":\"https:\\\/\\\/www.accent-social.cat\\\/#\\\/schema\\\/logo\\\/image\\\/\"},\"sameAs\":[\"https:\\\/\\\/www.facebook.com\\\/accentsocial\",\"https:\\\/\\\/x.com\\\/accentsocial_\",\"http:\\\/\\\/www.instagram.com\\\/accentsocial\",\"https:\\\/\\\/www.linkedin.com\\\/company\\\/accent-social\\\/\",\"https:\\\/\\\/www.crunchbase.com\\\/organization\\\/accent-social\",\"https:\\\/\\\/www.hotfrog.es\\\/empresa\\\/barcelona\\\/barcelona\\\/accent-social\",\"https:\\\/\\\/www.youtube.com\\\/channel\\\/UCBRsmX50gP0nPuAb5rPfr2g\"]},{\"@type\":\"Person\",\"@id\":\"https:\\\/\\\/www.accent-social.cat\\\/#\\\/schema\\\/person\\\/e3059313a7a9356d5dcb4adc2ee0396a\",\"name\":\"Accent Social\",\"image\":{\"@type\":\"ImageObject\",\"inLanguage\":\"es\",\"@id\":\"https:\\\/\\\/secure.gravatar.com\\\/avatar\\\/9a4d9b0c2bbfb1ff3da85e7195367fa23cc6b72e60b3092496806038fa837fc5?s=96&d=mm&r=g\",\"url\":\"https:\\\/\\\/secure.gravatar.com\\\/avatar\\\/9a4d9b0c2bbfb1ff3da85e7195367fa23cc6b72e60b3092496806038fa837fc5?s=96&d=mm&r=g\",\"contentUrl\":\"https:\\\/\\\/secure.gravatar.com\\\/avatar\\\/9a4d9b0c2bbfb1ff3da85e7195367fa23cc6b72e60b3092496806038fa837fc5?s=96&d=mm&r=g\",\"caption\":\"Accent Social\"}}]}<\/script>\n<!-- \/ Yoast SEO plugin. -->","yoast_head_json":{"title":"Los Servicios de Atenci\u00f3n Domiciliaria (SAD) hacen frente a las altas temperaturas","description":"Ante las altas temperaturas y el riesgo de deshidrataci\u00f3n, se recomienda a la poblaci\u00f3n m\u00e1s vulnerable seguir algunos buenos consejos de salud","robots":{"index":"index","follow":"follow","max-snippet":"max-snippet:-1","max-image-preview":"max-image-preview:large","max-video-preview":"max-video-preview:-1"},"canonical":"https:\/\/www.accent-social.cat\/es\/los-servicios-de-atencion-domiciliaria-sad-hacen-frente-a-las-altas-temperaturas\/","og_locale":"es_ES","og_type":"article","og_title":"Los Servicios de Atenci\u00f3n Domiciliaria (SAD) hacen frente a las altas temperaturas","og_description":"Ante las altas temperaturas y el riesgo de deshidrataci\u00f3n, se recomienda a la poblaci\u00f3n m\u00e1s vulnerable seguir algunos buenos consejos de salud","og_url":"https:\/\/www.accent-social.cat\/es\/los-servicios-de-atencion-domiciliaria-sad-hacen-frente-a-las-altas-temperaturas\/","og_site_name":"Accent Social | Serveis d&#039;Atenci\u00f3 Domicili\u00e0ria i centres per gent gran","article_publisher":"https:\/\/www.facebook.com\/accentsocial","article_published_time":"2025-06-28T15:59:22+00:00","article_modified_time":"2025-07-29T22:58:31+00:00","og_image":[{"width":840,"height":400,"url":"https:\/\/www.accent-social.cat\/wp-content\/uploads\/2025\/07\/Consells-per-a-les-persones-grans-davant-les-altes-temperatures-de-lestiu.jpeg","type":"image\/jpeg"}],"author":"Accent Social","twitter_card":"summary_large_image","twitter_creator":"@accentsocial_","twitter_site":"@accentsocial_","twitter_misc":{"Escrito por":"Accent Social","Tiempo de lectura":"6 minutos"},"schema":{"@context":"https:\/\/schema.org","@graph":[{"@type":"Article","@id":"https:\/\/www.accent-social.cat\/es\/los-servicios-de-atencion-domiciliaria-sad-hacen-frente-a-las-altas-temperaturas\/#article","isPartOf":{"@id":"https:\/\/www.accent-social.cat\/es\/los-servicios-de-atencion-domiciliaria-sad-hacen-frente-a-las-altas-temperaturas\/"},"author":{"name":"Accent Social","@id":"https:\/\/www.accent-social.cat\/#\/schema\/person\/e3059313a7a9356d5dcb4adc2ee0396a"},"headline":"Los Servicios de Atenci\u00f3n Domiciliaria (SAD) hacen frente a las altas temperaturas","datePublished":"2025-06-28T15:59:22+00:00","dateModified":"2025-07-29T22:58:31+00:00","mainEntityOfPage":{"@id":"https:\/\/www.accent-social.cat\/es\/los-servicios-de-atencion-domiciliaria-sad-hacen-frente-a-las-altas-temperaturas\/"},"wordCount":969,"publisher":{"@id":"https:\/\/www.accent-social.cat\/#organization"},"image":{"@id":"https:\/\/www.accent-social.cat\/es\/los-servicios-de-atencion-domiciliaria-sad-hacen-frente-a-las-altas-temperaturas\/#primaryimage"},"thumbnailUrl":"https:\/\/www.accent-social.cat\/wp-content\/uploads\/2025\/07\/Consells-per-a-les-persones-grans-davant-les-altes-temperatures-de-lestiu.jpeg","articleSection":["Buen trato a personas mayores","Salud"],"inLanguage":"es"},{"@type":"WebPage","@id":"https:\/\/www.accent-social.cat\/es\/los-servicios-de-atencion-domiciliaria-sad-hacen-frente-a-las-altas-temperaturas\/","url":"https:\/\/www.accent-social.cat\/es\/los-servicios-de-atencion-domiciliaria-sad-hacen-frente-a-las-altas-temperaturas\/","name":"Los Servicios de Atenci\u00f3n Domiciliaria (SAD) hacen frente a las altas temperaturas","isPartOf":{"@id":"https:\/\/www.accent-social.cat\/#website"},"primaryImageOfPage":{"@id":"https:\/\/www.accent-social.cat\/es\/los-servicios-de-atencion-domiciliaria-sad-hacen-frente-a-las-altas-temperaturas\/#primaryimage"},"image":{"@id":"https:\/\/www.accent-social.cat\/es\/los-servicios-de-atencion-domiciliaria-sad-hacen-frente-a-las-altas-temperaturas\/#primaryimage"},"thumbnailUrl":"https:\/\/www.accent-social.cat\/wp-content\/uploads\/2025\/07\/Consells-per-a-les-persones-grans-davant-les-altes-temperatures-de-lestiu.jpeg","datePublished":"2025-06-28T15:59:22+00:00","dateModified":"2025-07-29T22:58:31+00:00","description":"Ante las altas temperaturas y el riesgo de deshidrataci\u00f3n, se recomienda a la poblaci\u00f3n m\u00e1s vulnerable seguir algunos buenos consejos de salud","breadcrumb":{"@id":"https:\/\/www.accent-social.cat\/es\/los-servicios-de-atencion-domiciliaria-sad-hacen-frente-a-las-altas-temperaturas\/#breadcrumb"},"inLanguage":"es","potentialAction":[{"@type":"ReadAction","target":["https:\/\/www.accent-social.cat\/es\/los-servicios-de-atencion-domiciliaria-sad-hacen-frente-a-las-altas-temperaturas\/"]}]},{"@type":"ImageObject","inLanguage":"es","@id":"https:\/\/www.accent-social.cat\/es\/los-servicios-de-atencion-domiciliaria-sad-hacen-frente-a-las-altas-temperaturas\/#primaryimage","url":"https:\/\/www.accent-social.cat\/wp-content\/uploads\/2025\/07\/Consells-per-a-les-persones-grans-davant-les-altes-temperatures-de-lestiu.jpeg","contentUrl":"https:\/\/www.accent-social.cat\/wp-content\/uploads\/2025\/07\/Consells-per-a-les-persones-grans-davant-les-altes-temperatures-de-lestiu.jpeg","width":840,"height":400,"caption":"Consells per a les persones grans davant les altes temperatures de l'estiu"},{"@type":"BreadcrumbList","@id":"https:\/\/www.accent-social.cat\/es\/los-servicios-de-atencion-domiciliaria-sad-hacen-frente-a-las-altas-temperaturas\/#breadcrumb","itemListElement":[{"@type":"ListItem","position":1,"name":"Inici","item":"https:\/\/www.accent-social.cat\/es\/"},{"@type":"ListItem","position":2,"name":"Los Servicios de Atenci\u00f3n Domiciliaria (SAD) hacen frente a las altas temperaturas"}]},{"@type":"WebSite","@id":"https:\/\/www.accent-social.cat\/#website","url":"https:\/\/www.accent-social.cat\/","name":"Accent Social | Serveis d'Atenci\u00f3 Domicili\u00e0ria (SAD) i centres col\u00b7lectius","description":"Serveis d&#039;Atenci\u00f3 Domicili\u00e0ria i centres de dia a Barcelona. Gesti\u00f3 de serveis socials i per a la gent gran.","publisher":{"@id":"https:\/\/www.accent-social.cat\/#organization"},"potentialAction":[{"@type":"SearchAction","target":{"@type":"EntryPoint","urlTemplate":"https:\/\/www.accent-social.cat\/?s={search_term_string}"},"query-input":{"@type":"PropertyValueSpecification","valueRequired":true,"valueName":"search_term_string"}}],"inLanguage":"es"},{"@type":"Organization","@id":"https:\/\/www.accent-social.cat\/#organization","name":"Accent Social","url":"https:\/\/www.accent-social.cat\/","logo":{"@type":"ImageObject","inLanguage":"es","@id":"https:\/\/www.accent-social.cat\/#\/schema\/logo\/image\/","url":"https:\/\/www.accent-social.cat\/wp-content\/uploads\/2017\/09\/Logo-Accent-Social.jpg","contentUrl":"https:\/\/www.accent-social.cat\/wp-content\/uploads\/2017\/09\/Logo-Accent-Social.jpg","width":512,"height":512,"caption":"Accent Social"},"image":{"@id":"https:\/\/www.accent-social.cat\/#\/schema\/logo\/image\/"},"sameAs":["https:\/\/www.facebook.com\/accentsocial","https:\/\/x.com\/accentsocial_","http:\/\/www.instagram.com\/accentsocial","https:\/\/www.linkedin.com\/company\/accent-social\/","https:\/\/www.crunchbase.com\/organization\/accent-social","https:\/\/www.hotfrog.es\/empresa\/barcelona\/barcelona\/accent-social","https:\/\/www.youtube.com\/channel\/UCBRsmX50gP0nPuAb5rPfr2g"]},{"@type":"Person","@id":"https:\/\/www.accent-social.cat\/#\/schema\/person\/e3059313a7a9356d5dcb4adc2ee0396a","name":"Accent Social","image":{"@type":"ImageObject","inLanguage":"es","@id":"https:\/\/secure.gravatar.com\/avatar\/9a4d9b0c2bbfb1ff3da85e7195367fa23cc6b72e60b3092496806038fa837fc5?s=96&d=mm&r=g","url":"https:\/\/secure.gravatar.com\/avatar\/9a4d9b0c2bbfb1ff3da85e7195367fa23cc6b72e60b3092496806038fa837fc5?s=96&d=mm&r=g","contentUrl":"https:\/\/secure.gravatar.com\/avatar\/9a4d9b0c2bbfb1ff3da85e7195367fa23cc6b72e60b3092496806038fa837fc5?s=96&d=mm&r=g","caption":"Accent Social"}}]}},"_links":{"self":[{"href":"https:\/\/www.accent-social.cat\/es\/wp-json\/wp\/v2\/posts\/15346","targetHints":{"allow":["GET"]}}],"collection":[{"href":"https:\/\/www.accent-social.cat\/es\/wp-json\/wp\/v2\/posts"}],"about":[{"href":"https:\/\/www.accent-social.cat\/es\/wp-json\/wp\/v2\/types\/post"}],"author":[{"embeddable":true,"href":"https:\/\/www.accent-social.cat\/es\/wp-json\/wp\/v2\/users\/1"}],"replies":[{"embeddable":true,"href":"https:\/\/www.accent-social.cat\/es\/wp-json\/wp\/v2\/comments?post=15346"}],"version-history":[{"count":2,"href":"https:\/\/www.accent-social.cat\/es\/wp-json\/wp\/v2\/posts\/15346\/revisions"}],"predecessor-version":[{"id":15348,"href":"https:\/\/www.accent-social.cat\/es\/wp-json\/wp\/v2\/posts\/15346\/revisions\/15348"}],"wp:featuredmedia":[{"embeddable":true,"href":"https:\/\/www.accent-social.cat\/es\/wp-json\/wp\/v2\/media\/15345"}],"wp:attachment":[{"href":"https:\/\/www.accent-social.cat\/es\/wp-json\/wp\/v2\/media?parent=15346"}],"wp:term":[{"taxonomy":"category","embeddable":true,"href":"https:\/\/www.accent-social.cat\/es\/wp-json\/wp\/v2\/categories?post=15346"},{"taxonomy":"post_tag","embeddable":true,"href":"https:\/\/www.accent-social.cat\/es\/wp-json\/wp\/v2\/tags?post=15346"}],"curies":[{"name":"wp","href":"https:\/\/api.w.org\/{rel}","templated":true}]}}