{"id":15330,"date":"2025-07-26T23:47:28","date_gmt":"2025-07-26T21:47:28","guid":{"rendered":"https:\/\/www.accent-social.cat\/?p=15330"},"modified":"2025-07-27T00:06:59","modified_gmt":"2025-07-26T22:06:59","slug":"memorias-compartidas-una-exposicion-intergeneracional-que-recoge-vidas-y-experiencias","status":"publish","type":"post","link":"https:\/\/www.accent-social.cat\/es\/memorias-compartidas-una-exposicion-intergeneracional-que-recoge-vidas-y-experiencias\/","title":{"rendered":"\u00abMemorias compartidas\u00bb, una exposici\u00f3n intergeneracional que recoge vidas y experiencias"},"content":{"rendered":"<h3 class=\"jssocials-share jssocials-share-telegram\"><em style=\"font-size: 30px;\">\u00abMemorias Compartidas\u00bb<\/em><span style=\"font-size: 30px;\"> es la exposici\u00f3n que puede visitarse en el Casal de Personas Mayores de Castellbisbal hasta el pr\u00f3ximo 31 de julio.<\/span><\/h3>\n<p>El Centro de D\u00eda El Serral del Ayuntamiento de Castellbisbal, gestionado por Accent Social, y el Casal Infantil El Mirador han dado a conocer su proyecto intergeneracional \u2018<em>Memorias compartidas<\/em>\u2018.<\/p>\n<p>Es el <strong>relato de la historia de vida y las experiencias<\/strong>\u00a0de diez usuarios del centro de d\u00eda, gracias a la\u00a0<strong>informaci\u00f3n recogida mediante entrevistas<\/strong>\u00a0que los ni\u00f1os y ni\u00f1as del centro han realizado. Este proyecto se inici\u00f3 como prueba piloto el mes de febrero y ha contado con la\u00a0<strong>participaci\u00f3n de Moments<\/strong>, Asociaci\u00f3n de Fotograf\u00eda, que ha\u00a0<strong>retratado cuidadosa y sensiblemente todo el proceso<\/strong>.<\/p>\n<p>La alcaldesa de Castellbisbal,\u00a0<strong>Mar\u00eda Dolores Conde Dom\u00ednguez<\/strong>, ha puesto en valor proyectos que permiten crear\u00a0<strong>v\u00ednculos entre diferentes generaciones<\/strong>\u00a0y, al mismo tiempo, reconocen y ponen en valor la memoria de los mayores.<\/p>\n<p>As\u00ed, la alcaldesa se\u00f1ala que \u00ab<em>es muy importante\u00a0<strong>dar valor a la memoria de nuestro entorno a trav\u00e9s de las voces experimentadas<\/strong>\u00a0como son las personas mayores\u00bb<\/em>.<\/p>\n<p>Se trata de un proyecto que los ni\u00f1os y los usuarios han valorado muy positivamente, ya que les ha dado la posibilidad de\u00a0<strong>intercambiar experiencias<\/strong>, compartir momentos de aprendizaje mutuo y establecer v\u00ednculos.<\/p>\n<p>&nbsp;<br \/>\n<hr class=\" hr_color\" style=\"margin:0 auto 30px;\"\/>\n<\/p>\n<h3 class=\"wp-block-heading\">Una exposici\u00f3n que demuestra un legado de vida<\/h3>\n<p><strong>Adri\u00e1n Soto<\/strong>, jefe de servicio del Centro de D\u00eda El Serral, explica que esta exposici\u00f3n \u00ab<em>es un\u00a0<strong>legado de vida de los usuarios y usuarias<\/strong>\u00a0del centro de d\u00eda, a quienes hacemos coprotagonistas de un proyecto precioso<\/em>\u00ab.<\/p>\n<p>As\u00ed, Soto a\u00f1ade que \u00ab<em>a lo largo de la muestra<strong>\u00a0se explican sus historias de vida con vivencias muy valiosas<\/strong>, porque tenemos que ser conscientes de que las personas mayores son un archivo vivo de historias que, al compartirlas, nos est\u00e1n dando lecciones de vida<\/em>\u00ab.<\/p>\n<p>Adem\u00e1s, durante este proyecto, las personas usuarias han podido<strong>\u00a0trabajar sus habilidades sociales<\/strong>\u00a0y\u00a0<strong>comunicativas<\/strong>, compartir su conocimiento, valores y\u00a0<strong>sabidur\u00eda\u00a0<\/strong>a las nuevas generaciones, y al mismo tiempo, han\u00a0<strong>trabajado la memoria y la reminiscencia<\/strong>.<\/p>\n<p>Al mismo tiempo,\u00a0<strong>los ni\u00f1os pueden tener contacto con las personas mayores<\/strong>,\u00a0<strong>romper<\/strong>\u00a0con los\u00a0<strong>prejuicios<\/strong>\u00a0y\u00a0<strong>estereotipos<\/strong>\u00a0de las personas mayores,\u00a0<strong>practicar la escucha activa<\/strong>\u00a0y\u00a0<strong>observar<\/strong>\u00a0las diferencias generacionales entre ellos.<\/p>\n<p>De esta manera, el jefe de servicio de este centro gestionado por\u00a0<strong><a href=\"https:\/\/www.accent-social.cat\/es\/\" target=\"_blank\" rel=\"noreferrer noopener\">Accent Social<\/a><\/strong>\u00a0destaca que \u00ab<em>proyectos como este, que tenemos la oportunidad de llevar a cabo en colaboraci\u00f3n con el Ayuntamiento, permiten aportar un valor a\u00f1adido al centro, tanto en el \u00e1mbito social, como emocional, ya que permite\u00a0<strong>reforzar los v\u00ednculos<\/strong>\u00a0sociales de las personas usuarias y\u00a0<strong>combatir<\/strong>, en algunos casos, la soledad no deseada<\/em>\u00ab.<\/p>\n<p>La exposici\u00f3n fotogr\u00e1fica\u00a0<strong>podr\u00e1 visitarse hasta el 31 de julio\u00a0<\/strong>en el\u00a0<strong><a href=\"https:\/\/www.castellbisbal.cat\/guia-del-municipi\/guia-dequipaments\/casal-de-la-gent-gran.html\" target=\"_blank\" rel=\"noreferrer noopener\">Casal de la Gente Mayor de Castellbisbal<\/a><\/strong>.<\/p>\n<hr class=\" hr_color\" style=\"margin:0 auto 30px;\"\/>\n\n<p>&nbsp;<\/p>\n<p>Art\u00edculo publicado previamente en <strong><a href=\"https:\/\/www.geriatricarea.com\/2025\/07\/23\/memorias-compartidas-una-exposicion-intergeneracional-que-recoge-vidas-y-experiencias\/\" target=\"_blank\" rel=\"noopener\">GeriatricArea<\/a>.<\/strong><\/p>\n<p>&nbsp;<\/p>\n<hr class=\" hr_color\" style=\"margin:0 auto 30px;\"\/>\n\n<div class=\"column one\"><div class=\"mcb-column-inner\"><br \/>\n<iframe style=\"overflow: hidden; width: 1200px; height: 258px;\" width=\"1200\" height=\"240\" frameborder=\"0\" scrolling=\"no\" data-cookieconsent=\"marketing\" data-cookieblock-src=\"https:\/\/www.facebook.com\/plugins\/page.php?href=https%3A%2F%2Fwww.facebook.com%2Faccentsocial%2F&amp;tabs=timeline&amp;width=500&amp;height=100&amp;small_header=false&amp;adapt_container_width=false&amp;hide_cover=false&amp;show_facepile=true&amp;appId\"><\/iframe><br \/>\n<\/div><\/div>\n\n","protected":false},"excerpt":{"rendered":"<p>\u00abMemorias Compartidas\u00bb es la exposici\u00f3n que puede visitarse en el Casal de Personas Mayores de Castellbisbal este verano.<\/p>\n","protected":false},"author":1,"featured_media":15333,"comment_status":"closed","ping_status":"open","sticky":false,"template":"","format":"standard","meta":{"footnotes":""},"categories":[359],"tags":[],"class_list":["post-15330","post","type-post","status-publish","format-standard","has-post-thumbnail","hentry","category-proyectos"],"yoast_head":"<!-- This site is optimized with the Yoast SEO plugin v27.5 - https:\/\/yoast.com\/product\/yoast-seo-wordpress\/ -->\n<title>\u00abMemorias compartidas\u00bb, una exposici\u00f3n intergeneracional que recoge vidas y experiencias<\/title>\n<meta name=\"description\" content=\"\u00abMemorias Compartidas\u00bb es la exposici\u00f3n que puede visitarse en el Casal de Personas Mayores de Castellbisbal este verano.\" \/>\n<meta name=\"robots\" content=\"index, follow, max-snippet:-1, max-image-preview:large, max-video-preview:-1\" \/>\n<link rel=\"canonical\" href=\"https:\/\/www.accent-social.cat\/es\/memorias-compartidas-una-exposicion-intergeneracional-que-recoge-vidas-y-experiencias\/\" \/>\n<meta property=\"og:locale\" content=\"es_ES\" \/>\n<meta property=\"og:type\" content=\"article\" \/>\n<meta property=\"og:title\" content=\"\u00abMemorias compartidas\u00bb, una exposici\u00f3n intergeneracional que recoge vidas y experiencias\" \/>\n<meta property=\"og:description\" content=\"\u00abMemorias Compartidas\u00bb es la exposici\u00f3n que puede visitarse en el Casal de Personas Mayores de Castellbisbal este verano.\" \/>\n<meta property=\"og:url\" content=\"https:\/\/www.accent-social.cat\/es\/memorias-compartidas-una-exposicion-intergeneracional-que-recoge-vidas-y-experiencias\/\" \/>\n<meta property=\"og:site_name\" content=\"Accent Social | Serveis d&#039;Atenci\u00f3 Domicili\u00e0ria i centres per gent gran\" \/>\n<meta property=\"article:publisher\" content=\"https:\/\/www.facebook.com\/accentsocial\" \/>\n<meta property=\"article:published_time\" content=\"2025-07-26T21:47:28+00:00\" \/>\n<meta property=\"article:modified_time\" content=\"2025-07-26T22:06:59+00:00\" \/>\n<meta property=\"og:image\" content=\"https:\/\/www.accent-social.cat\/wp-content\/uploads\/2025\/07\/Memories-compartides-projecte-intergeneracional-entre-gent-gran-i-infants-a-Castellbisbal.jpeg\" \/>\n\t<meta property=\"og:image:width\" content=\"840\" \/>\n\t<meta property=\"og:image:height\" content=\"400\" \/>\n\t<meta property=\"og:image:type\" content=\"image\/jpeg\" \/>\n<meta name=\"author\" content=\"Accent Social\" \/>\n<meta name=\"twitter:card\" content=\"summary_large_image\" \/>\n<meta name=\"twitter:creator\" content=\"@accentsocial_\" \/>\n<meta name=\"twitter:site\" content=\"@accentsocial_\" \/>\n<meta name=\"twitter:label1\" content=\"Escrito por\" \/>\n\t<meta name=\"twitter:data1\" content=\"Accent Social\" \/>\n\t<meta name=\"twitter:label2\" content=\"Tiempo de lectura\" \/>\n\t<meta name=\"twitter:data2\" content=\"3 minutos\" \/>\n<script type=\"application\/ld+json\" class=\"yoast-schema-graph\">{\"@context\":\"https:\\\/\\\/schema.org\",\"@graph\":[{\"@type\":\"Article\",\"@id\":\"https:\\\/\\\/www.accent-social.cat\\\/es\\\/memorias-compartidas-una-exposicion-intergeneracional-que-recoge-vidas-y-experiencias\\\/#article\",\"isPartOf\":{\"@id\":\"https:\\\/\\\/www.accent-social.cat\\\/es\\\/memorias-compartidas-una-exposicion-intergeneracional-que-recoge-vidas-y-experiencias\\\/\"},\"author\":{\"name\":\"Accent Social\",\"@id\":\"https:\\\/\\\/www.accent-social.cat\\\/#\\\/schema\\\/person\\\/e3059313a7a9356d5dcb4adc2ee0396a\"},\"headline\":\"\u00abMemorias compartidas\u00bb, una exposici\u00f3n intergeneracional que recoge vidas y experiencias\",\"datePublished\":\"2025-07-26T21:47:28+00:00\",\"dateModified\":\"2025-07-26T22:06:59+00:00\",\"mainEntityOfPage\":{\"@id\":\"https:\\\/\\\/www.accent-social.cat\\\/es\\\/memorias-compartidas-una-exposicion-intergeneracional-que-recoge-vidas-y-experiencias\\\/\"},\"wordCount\":527,\"publisher\":{\"@id\":\"https:\\\/\\\/www.accent-social.cat\\\/#organization\"},\"image\":{\"@id\":\"https:\\\/\\\/www.accent-social.cat\\\/es\\\/memorias-compartidas-una-exposicion-intergeneracional-que-recoge-vidas-y-experiencias\\\/#primaryimage\"},\"thumbnailUrl\":\"https:\\\/\\\/www.accent-social.cat\\\/wp-content\\\/uploads\\\/2025\\\/07\\\/Memories-compartides-projecte-intergeneracional-entre-gent-gran-i-infants-a-Castellbisbal.jpeg\",\"articleSection\":[\"Proyectos\"],\"inLanguage\":\"es\"},{\"@type\":\"WebPage\",\"@id\":\"https:\\\/\\\/www.accent-social.cat\\\/es\\\/memorias-compartidas-una-exposicion-intergeneracional-que-recoge-vidas-y-experiencias\\\/\",\"url\":\"https:\\\/\\\/www.accent-social.cat\\\/es\\\/memorias-compartidas-una-exposicion-intergeneracional-que-recoge-vidas-y-experiencias\\\/\",\"name\":\"\u00abMemorias compartidas\u00bb, una exposici\u00f3n intergeneracional que recoge vidas y experiencias\",\"isPartOf\":{\"@id\":\"https:\\\/\\\/www.accent-social.cat\\\/#website\"},\"primaryImageOfPage\":{\"@id\":\"https:\\\/\\\/www.accent-social.cat\\\/es\\\/memorias-compartidas-una-exposicion-intergeneracional-que-recoge-vidas-y-experiencias\\\/#primaryimage\"},\"image\":{\"@id\":\"https:\\\/\\\/www.accent-social.cat\\\/es\\\/memorias-compartidas-una-exposicion-intergeneracional-que-recoge-vidas-y-experiencias\\\/#primaryimage\"},\"thumbnailUrl\":\"https:\\\/\\\/www.accent-social.cat\\\/wp-content\\\/uploads\\\/2025\\\/07\\\/Memories-compartides-projecte-intergeneracional-entre-gent-gran-i-infants-a-Castellbisbal.jpeg\",\"datePublished\":\"2025-07-26T21:47:28+00:00\",\"dateModified\":\"2025-07-26T22:06:59+00:00\",\"description\":\"\u00abMemorias Compartidas\u00bb es la exposici\u00f3n que puede visitarse en el Casal de Personas Mayores de Castellbisbal este verano.\",\"breadcrumb\":{\"@id\":\"https:\\\/\\\/www.accent-social.cat\\\/es\\\/memorias-compartidas-una-exposicion-intergeneracional-que-recoge-vidas-y-experiencias\\\/#breadcrumb\"},\"inLanguage\":\"es\",\"potentialAction\":[{\"@type\":\"ReadAction\",\"target\":[\"https:\\\/\\\/www.accent-social.cat\\\/es\\\/memorias-compartidas-una-exposicion-intergeneracional-que-recoge-vidas-y-experiencias\\\/\"]}]},{\"@type\":\"ImageObject\",\"inLanguage\":\"es\",\"@id\":\"https:\\\/\\\/www.accent-social.cat\\\/es\\\/memorias-compartidas-una-exposicion-intergeneracional-que-recoge-vidas-y-experiencias\\\/#primaryimage\",\"url\":\"https:\\\/\\\/www.accent-social.cat\\\/wp-content\\\/uploads\\\/2025\\\/07\\\/Memories-compartides-projecte-intergeneracional-entre-gent-gran-i-infants-a-Castellbisbal.jpeg\",\"contentUrl\":\"https:\\\/\\\/www.accent-social.cat\\\/wp-content\\\/uploads\\\/2025\\\/07\\\/Memories-compartides-projecte-intergeneracional-entre-gent-gran-i-infants-a-Castellbisbal.jpeg\",\"width\":840,\"height\":400,\"caption\":\"Mem\u00f2ries compartides, projecte intergeneracional entre gent gran i infants a Castellbisbal\"},{\"@type\":\"BreadcrumbList\",\"@id\":\"https:\\\/\\\/www.accent-social.cat\\\/es\\\/memorias-compartidas-una-exposicion-intergeneracional-que-recoge-vidas-y-experiencias\\\/#breadcrumb\",\"itemListElement\":[{\"@type\":\"ListItem\",\"position\":1,\"name\":\"Inici\",\"item\":\"https:\\\/\\\/www.accent-social.cat\\\/es\\\/\"},{\"@type\":\"ListItem\",\"position\":2,\"name\":\"\u00abMemorias compartidas\u00bb, una exposici\u00f3n intergeneracional que recoge vidas y experiencias\"}]},{\"@type\":\"WebSite\",\"@id\":\"https:\\\/\\\/www.accent-social.cat\\\/#website\",\"url\":\"https:\\\/\\\/www.accent-social.cat\\\/\",\"name\":\"Accent Social | Serveis d'Atenci\u00f3 Domicili\u00e0ria (SAD) i centres col\u00b7lectius\",\"description\":\"Serveis d&#039;Atenci\u00f3 Domicili\u00e0ria i centres de dia a Barcelona. Gesti\u00f3 de serveis socials i per a la gent gran.\",\"publisher\":{\"@id\":\"https:\\\/\\\/www.accent-social.cat\\\/#organization\"},\"potentialAction\":[{\"@type\":\"SearchAction\",\"target\":{\"@type\":\"EntryPoint\",\"urlTemplate\":\"https:\\\/\\\/www.accent-social.cat\\\/?s={search_term_string}\"},\"query-input\":{\"@type\":\"PropertyValueSpecification\",\"valueRequired\":true,\"valueName\":\"search_term_string\"}}],\"inLanguage\":\"es\"},{\"@type\":\"Organization\",\"@id\":\"https:\\\/\\\/www.accent-social.cat\\\/#organization\",\"name\":\"Accent Social\",\"url\":\"https:\\\/\\\/www.accent-social.cat\\\/\",\"logo\":{\"@type\":\"ImageObject\",\"inLanguage\":\"es\",\"@id\":\"https:\\\/\\\/www.accent-social.cat\\\/#\\\/schema\\\/logo\\\/image\\\/\",\"url\":\"https:\\\/\\\/www.accent-social.cat\\\/wp-content\\\/uploads\\\/2017\\\/09\\\/Logo-Accent-Social.jpg\",\"contentUrl\":\"https:\\\/\\\/www.accent-social.cat\\\/wp-content\\\/uploads\\\/2017\\\/09\\\/Logo-Accent-Social.jpg\",\"width\":512,\"height\":512,\"caption\":\"Accent Social\"},\"image\":{\"@id\":\"https:\\\/\\\/www.accent-social.cat\\\/#\\\/schema\\\/logo\\\/image\\\/\"},\"sameAs\":[\"https:\\\/\\\/www.facebook.com\\\/accentsocial\",\"https:\\\/\\\/x.com\\\/accentsocial_\",\"http:\\\/\\\/www.instagram.com\\\/accentsocial\",\"https:\\\/\\\/www.linkedin.com\\\/company\\\/accent-social\\\/\",\"https:\\\/\\\/www.crunchbase.com\\\/organization\\\/accent-social\",\"https:\\\/\\\/www.hotfrog.es\\\/empresa\\\/barcelona\\\/barcelona\\\/accent-social\",\"https:\\\/\\\/www.youtube.com\\\/channel\\\/UCBRsmX50gP0nPuAb5rPfr2g\"]},{\"@type\":\"Person\",\"@id\":\"https:\\\/\\\/www.accent-social.cat\\\/#\\\/schema\\\/person\\\/e3059313a7a9356d5dcb4adc2ee0396a\",\"name\":\"Accent Social\",\"image\":{\"@type\":\"ImageObject\",\"inLanguage\":\"es\",\"@id\":\"https:\\\/\\\/secure.gravatar.com\\\/avatar\\\/9a4d9b0c2bbfb1ff3da85e7195367fa23cc6b72e60b3092496806038fa837fc5?s=96&d=mm&r=g\",\"url\":\"https:\\\/\\\/secure.gravatar.com\\\/avatar\\\/9a4d9b0c2bbfb1ff3da85e7195367fa23cc6b72e60b3092496806038fa837fc5?s=96&d=mm&r=g\",\"contentUrl\":\"https:\\\/\\\/secure.gravatar.com\\\/avatar\\\/9a4d9b0c2bbfb1ff3da85e7195367fa23cc6b72e60b3092496806038fa837fc5?s=96&d=mm&r=g\",\"caption\":\"Accent Social\"}}]}<\/script>\n<!-- \/ Yoast SEO plugin. -->","yoast_head_json":{"title":"\u00abMemorias compartidas\u00bb, una exposici\u00f3n intergeneracional que recoge vidas y experiencias","description":"\u00abMemorias Compartidas\u00bb es la exposici\u00f3n que puede visitarse en el Casal de Personas Mayores de Castellbisbal este verano.","robots":{"index":"index","follow":"follow","max-snippet":"max-snippet:-1","max-image-preview":"max-image-preview:large","max-video-preview":"max-video-preview:-1"},"canonical":"https:\/\/www.accent-social.cat\/es\/memorias-compartidas-una-exposicion-intergeneracional-que-recoge-vidas-y-experiencias\/","og_locale":"es_ES","og_type":"article","og_title":"\u00abMemorias compartidas\u00bb, una exposici\u00f3n intergeneracional que recoge vidas y experiencias","og_description":"\u00abMemorias Compartidas\u00bb es la exposici\u00f3n que puede visitarse en el Casal de Personas Mayores de Castellbisbal este verano.","og_url":"https:\/\/www.accent-social.cat\/es\/memorias-compartidas-una-exposicion-intergeneracional-que-recoge-vidas-y-experiencias\/","og_site_name":"Accent Social | Serveis d&#039;Atenci\u00f3 Domicili\u00e0ria i centres per gent gran","article_publisher":"https:\/\/www.facebook.com\/accentsocial","article_published_time":"2025-07-26T21:47:28+00:00","article_modified_time":"2025-07-26T22:06:59+00:00","og_image":[{"width":840,"height":400,"url":"https:\/\/www.accent-social.cat\/wp-content\/uploads\/2025\/07\/Memories-compartides-projecte-intergeneracional-entre-gent-gran-i-infants-a-Castellbisbal.jpeg","type":"image\/jpeg"}],"author":"Accent Social","twitter_card":"summary_large_image","twitter_creator":"@accentsocial_","twitter_site":"@accentsocial_","twitter_misc":{"Escrito por":"Accent Social","Tiempo de lectura":"3 minutos"},"schema":{"@context":"https:\/\/schema.org","@graph":[{"@type":"Article","@id":"https:\/\/www.accent-social.cat\/es\/memorias-compartidas-una-exposicion-intergeneracional-que-recoge-vidas-y-experiencias\/#article","isPartOf":{"@id":"https:\/\/www.accent-social.cat\/es\/memorias-compartidas-una-exposicion-intergeneracional-que-recoge-vidas-y-experiencias\/"},"author":{"name":"Accent Social","@id":"https:\/\/www.accent-social.cat\/#\/schema\/person\/e3059313a7a9356d5dcb4adc2ee0396a"},"headline":"\u00abMemorias compartidas\u00bb, una exposici\u00f3n intergeneracional que recoge vidas y experiencias","datePublished":"2025-07-26T21:47:28+00:00","dateModified":"2025-07-26T22:06:59+00:00","mainEntityOfPage":{"@id":"https:\/\/www.accent-social.cat\/es\/memorias-compartidas-una-exposicion-intergeneracional-que-recoge-vidas-y-experiencias\/"},"wordCount":527,"publisher":{"@id":"https:\/\/www.accent-social.cat\/#organization"},"image":{"@id":"https:\/\/www.accent-social.cat\/es\/memorias-compartidas-una-exposicion-intergeneracional-que-recoge-vidas-y-experiencias\/#primaryimage"},"thumbnailUrl":"https:\/\/www.accent-social.cat\/wp-content\/uploads\/2025\/07\/Memories-compartides-projecte-intergeneracional-entre-gent-gran-i-infants-a-Castellbisbal.jpeg","articleSection":["Proyectos"],"inLanguage":"es"},{"@type":"WebPage","@id":"https:\/\/www.accent-social.cat\/es\/memorias-compartidas-una-exposicion-intergeneracional-que-recoge-vidas-y-experiencias\/","url":"https:\/\/www.accent-social.cat\/es\/memorias-compartidas-una-exposicion-intergeneracional-que-recoge-vidas-y-experiencias\/","name":"\u00abMemorias compartidas\u00bb, una exposici\u00f3n intergeneracional que recoge vidas y experiencias","isPartOf":{"@id":"https:\/\/www.accent-social.cat\/#website"},"primaryImageOfPage":{"@id":"https:\/\/www.accent-social.cat\/es\/memorias-compartidas-una-exposicion-intergeneracional-que-recoge-vidas-y-experiencias\/#primaryimage"},"image":{"@id":"https:\/\/www.accent-social.cat\/es\/memorias-compartidas-una-exposicion-intergeneracional-que-recoge-vidas-y-experiencias\/#primaryimage"},"thumbnailUrl":"https:\/\/www.accent-social.cat\/wp-content\/uploads\/2025\/07\/Memories-compartides-projecte-intergeneracional-entre-gent-gran-i-infants-a-Castellbisbal.jpeg","datePublished":"2025-07-26T21:47:28+00:00","dateModified":"2025-07-26T22:06:59+00:00","description":"\u00abMemorias Compartidas\u00bb es la exposici\u00f3n que puede visitarse en el Casal de Personas Mayores de Castellbisbal este verano.","breadcrumb":{"@id":"https:\/\/www.accent-social.cat\/es\/memorias-compartidas-una-exposicion-intergeneracional-que-recoge-vidas-y-experiencias\/#breadcrumb"},"inLanguage":"es","potentialAction":[{"@type":"ReadAction","target":["https:\/\/www.accent-social.cat\/es\/memorias-compartidas-una-exposicion-intergeneracional-que-recoge-vidas-y-experiencias\/"]}]},{"@type":"ImageObject","inLanguage":"es","@id":"https:\/\/www.accent-social.cat\/es\/memorias-compartidas-una-exposicion-intergeneracional-que-recoge-vidas-y-experiencias\/#primaryimage","url":"https:\/\/www.accent-social.cat\/wp-content\/uploads\/2025\/07\/Memories-compartides-projecte-intergeneracional-entre-gent-gran-i-infants-a-Castellbisbal.jpeg","contentUrl":"https:\/\/www.accent-social.cat\/wp-content\/uploads\/2025\/07\/Memories-compartides-projecte-intergeneracional-entre-gent-gran-i-infants-a-Castellbisbal.jpeg","width":840,"height":400,"caption":"Mem\u00f2ries compartides, projecte intergeneracional entre gent gran i infants a Castellbisbal"},{"@type":"BreadcrumbList","@id":"https:\/\/www.accent-social.cat\/es\/memorias-compartidas-una-exposicion-intergeneracional-que-recoge-vidas-y-experiencias\/#breadcrumb","itemListElement":[{"@type":"ListItem","position":1,"name":"Inici","item":"https:\/\/www.accent-social.cat\/es\/"},{"@type":"ListItem","position":2,"name":"\u00abMemorias compartidas\u00bb, una exposici\u00f3n intergeneracional que recoge vidas y experiencias"}]},{"@type":"WebSite","@id":"https:\/\/www.accent-social.cat\/#website","url":"https:\/\/www.accent-social.cat\/","name":"Accent Social | Serveis d'Atenci\u00f3 Domicili\u00e0ria (SAD) i centres col\u00b7lectius","description":"Serveis d&#039;Atenci\u00f3 Domicili\u00e0ria i centres de dia a Barcelona. Gesti\u00f3 de serveis socials i per a la gent gran.","publisher":{"@id":"https:\/\/www.accent-social.cat\/#organization"},"potentialAction":[{"@type":"SearchAction","target":{"@type":"EntryPoint","urlTemplate":"https:\/\/www.accent-social.cat\/?s={search_term_string}"},"query-input":{"@type":"PropertyValueSpecification","valueRequired":true,"valueName":"search_term_string"}}],"inLanguage":"es"},{"@type":"Organization","@id":"https:\/\/www.accent-social.cat\/#organization","name":"Accent Social","url":"https:\/\/www.accent-social.cat\/","logo":{"@type":"ImageObject","inLanguage":"es","@id":"https:\/\/www.accent-social.cat\/#\/schema\/logo\/image\/","url":"https:\/\/www.accent-social.cat\/wp-content\/uploads\/2017\/09\/Logo-Accent-Social.jpg","contentUrl":"https:\/\/www.accent-social.cat\/wp-content\/uploads\/2017\/09\/Logo-Accent-Social.jpg","width":512,"height":512,"caption":"Accent Social"},"image":{"@id":"https:\/\/www.accent-social.cat\/#\/schema\/logo\/image\/"},"sameAs":["https:\/\/www.facebook.com\/accentsocial","https:\/\/x.com\/accentsocial_","http:\/\/www.instagram.com\/accentsocial","https:\/\/www.linkedin.com\/company\/accent-social\/","https:\/\/www.crunchbase.com\/organization\/accent-social","https:\/\/www.hotfrog.es\/empresa\/barcelona\/barcelona\/accent-social","https:\/\/www.youtube.com\/channel\/UCBRsmX50gP0nPuAb5rPfr2g"]},{"@type":"Person","@id":"https:\/\/www.accent-social.cat\/#\/schema\/person\/e3059313a7a9356d5dcb4adc2ee0396a","name":"Accent Social","image":{"@type":"ImageObject","inLanguage":"es","@id":"https:\/\/secure.gravatar.com\/avatar\/9a4d9b0c2bbfb1ff3da85e7195367fa23cc6b72e60b3092496806038fa837fc5?s=96&d=mm&r=g","url":"https:\/\/secure.gravatar.com\/avatar\/9a4d9b0c2bbfb1ff3da85e7195367fa23cc6b72e60b3092496806038fa837fc5?s=96&d=mm&r=g","contentUrl":"https:\/\/secure.gravatar.com\/avatar\/9a4d9b0c2bbfb1ff3da85e7195367fa23cc6b72e60b3092496806038fa837fc5?s=96&d=mm&r=g","caption":"Accent Social"}}]}},"_links":{"self":[{"href":"https:\/\/www.accent-social.cat\/es\/wp-json\/wp\/v2\/posts\/15330","targetHints":{"allow":["GET"]}}],"collection":[{"href":"https:\/\/www.accent-social.cat\/es\/wp-json\/wp\/v2\/posts"}],"about":[{"href":"https:\/\/www.accent-social.cat\/es\/wp-json\/wp\/v2\/types\/post"}],"author":[{"embeddable":true,"href":"https:\/\/www.accent-social.cat\/es\/wp-json\/wp\/v2\/users\/1"}],"replies":[{"embeddable":true,"href":"https:\/\/www.accent-social.cat\/es\/wp-json\/wp\/v2\/comments?post=15330"}],"version-history":[{"count":4,"href":"https:\/\/www.accent-social.cat\/es\/wp-json\/wp\/v2\/posts\/15330\/revisions"}],"predecessor-version":[{"id":15337,"href":"https:\/\/www.accent-social.cat\/es\/wp-json\/wp\/v2\/posts\/15330\/revisions\/15337"}],"wp:featuredmedia":[{"embeddable":true,"href":"https:\/\/www.accent-social.cat\/es\/wp-json\/wp\/v2\/media\/15333"}],"wp:attachment":[{"href":"https:\/\/www.accent-social.cat\/es\/wp-json\/wp\/v2\/media?parent=15330"}],"wp:term":[{"taxonomy":"category","embeddable":true,"href":"https:\/\/www.accent-social.cat\/es\/wp-json\/wp\/v2\/categories?post=15330"},{"taxonomy":"post_tag","embeddable":true,"href":"https:\/\/www.accent-social.cat\/es\/wp-json\/wp\/v2\/tags?post=15330"}],"curies":[{"name":"wp","href":"https:\/\/api.w.org\/{rel}","templated":true}]}}