{"id":15245,"date":"2025-05-27T07:25:04","date_gmt":"2025-05-27T05:25:04","guid":{"rendered":"https:\/\/www.accent-social.cat\/el-centro-de-dia-un-buen-recurso-contra-la-soledad-y-para-mantener-la-autonomia-de-los-mayores\/"},"modified":"2025-05-27T07:59:35","modified_gmt":"2025-05-27T05:59:35","slug":"centro-de-dia-buen-recurso-contra-soledad-mantener-activas-personas-mayores","status":"publish","type":"post","link":"https:\/\/www.accent-social.cat\/es\/centro-de-dia-buen-recurso-contra-soledad-mantener-activas-personas-mayores\/","title":{"rendered":"El Centro de D\u00eda, un buen recurso contra la soledad y para mantener activas a las personas mayores"},"content":{"rendered":"<p>Una\u00a0quincena de personas mayores\u00a0con\u00a0diferentes grados de dependencia\u00a0acuden de\u00a0lunes a viernes\u00a0al\u00a0<strong>Centro de D\u00eda de Montcada<\/strong>, ubicado en la primera planta del\u00a0Casal C\u00edvic Comunitari del parque Salvador Allende, para pasar parte de la jornada.<\/p>\n<p>Se trata de un servicio p\u00fablico gestionado por la empresa Accent Social, que cuenta con\u00a0<strong>diferentes perfiles profesionales<\/strong>\u00a0como un equipo de gerocultores, dos fisioterapeutas, una psic\u00f3loga, un enfermero, una educadora social y un terapeuta ocupacional.<\/p>\n<p>El Centro de D\u00eda programa actividades, tanto f\u00edsicas como cognitivas, para mantener a los usuarios activos y promueve la creaci\u00f3n de v\u00ednculos personales, as\u00ed como con el entorno. Un ejemplo de ello es la participaci\u00f3n en actos que se realizan en el mismo Casal C\u00edvic, en <strong>actividades intergeneracionales con el alumnado de La Salle<\/strong> \u2014el centro escolar m\u00e1s cercano\u2014, as\u00ed como las salidas al mercado de los mi\u00e9rcoles o los paseos hasta la calle Mayor.<\/p>\n<p>Usuarios del Centro de D\u00eda y su educadora social han compartido con <strong>La Veu<\/strong> su\u00a0<strong>experiencia personal<\/strong>\u00a0en este espacio, que han coincidido en definir como\u00a0<strong>muy satisfactoria<\/strong>.<\/p>\n<p><iframe title=\"El centre de dia, recurs contra la solitud de les persones grans\" width=\"560\" height=\"315\" frameborder=\"0\" allowfullscreen=\"allowfullscreen\" data-cookieblock-src=\"https:\/\/www.youtube.com\/embed\/c-jlUm1b_s0?si=vpRbu3f1CeM4DLdf&#038;wmode=opaque&#038;loop=1\" data-cookieconsent=\"marketing\"><\/iframe><\/p>\n<p>&nbsp;<\/p>\n<p>Art\u00edculo publicado anteriormente en <a href=\"https:\/\/laveu.cat\/actualitat\/societat\/el-centre-de-dia-un-bon-recurs-contra-la-solitud-i-per-mantenir-la-gent-gran-activa\/\" target=\"_blank\" rel=\"noopener\">LaVeu.cat<\/a>.<\/p>\n","protected":false},"excerpt":{"rendered":"<p>El centro de d\u00eda es un buen recurso para fomentar y mantener las capacidades sociales, comunicativas y de autonom\u00eda f\u00edsica de las personas mayores.<\/p>\n","protected":false},"author":1,"featured_media":15257,"comment_status":"closed","ping_status":"open","sticky":false,"template":"","format":"standard","meta":{"footnotes":""},"categories":[470,173],"tags":[],"class_list":["post-15245","post","type-post","status-publish","format-standard","has-post-thumbnail","hentry","category-buen-trato-personas-mayores","category-viviendas-con-servicios"],"yoast_head":"<!-- This site is optimized with the Yoast SEO plugin v27.4 - https:\/\/yoast.com\/product\/yoast-seo-wordpress\/ -->\n<title>El Centro de D\u00eda, contra la soledad y para mantener activas a las personas mayores<\/title>\n<meta name=\"description\" content=\"El centro de d\u00eda es un buen recurso para fomentar y mantener las capacidades sociales, comunicativas y de autonom\u00eda f\u00edsica de las personas mayores.\" \/>\n<meta name=\"robots\" content=\"index, follow, max-snippet:-1, max-image-preview:large, max-video-preview:-1\" \/>\n<link rel=\"canonical\" href=\"https:\/\/www.accent-social.cat\/es\/centro-de-dia-buen-recurso-contra-soledad-mantener-activas-personas-mayores\/\" \/>\n<meta property=\"og:locale\" content=\"es_ES\" \/>\n<meta property=\"og:type\" content=\"article\" \/>\n<meta property=\"og:title\" content=\"El Centro de D\u00eda, contra la soledad y para mantener activas a las personas mayores\" \/>\n<meta property=\"og:description\" content=\"El centro de d\u00eda es un buen recurso para fomentar y mantener las capacidades sociales, comunicativas y de autonom\u00eda f\u00edsica de las personas mayores.\" \/>\n<meta property=\"og:url\" content=\"https:\/\/www.accent-social.cat\/es\/centro-de-dia-buen-recurso-contra-soledad-mantener-activas-personas-mayores\/\" \/>\n<meta property=\"og:site_name\" content=\"Accent Social | Serveis d&#039;Atenci\u00f3 Domicili\u00e0ria i centres per gent gran\" \/>\n<meta property=\"article:publisher\" content=\"https:\/\/www.facebook.com\/accentsocial\" \/>\n<meta property=\"article:published_time\" content=\"2025-05-27T05:25:04+00:00\" \/>\n<meta property=\"article:modified_time\" content=\"2025-05-27T05:59:35+00:00\" \/>\n<meta property=\"og:image\" content=\"https:\/\/www.accent-social.cat\/wp-content\/uploads\/2025\/05\/Centre-de-Dia-de-Montcada-entrevista-a-La-Veu.jpg\" \/>\n\t<meta property=\"og:image:width\" content=\"840\" \/>\n\t<meta property=\"og:image:height\" content=\"399\" \/>\n\t<meta property=\"og:image:type\" content=\"image\/jpeg\" \/>\n<meta name=\"author\" content=\"Accent Social\" \/>\n<meta name=\"twitter:card\" content=\"summary_large_image\" \/>\n<meta name=\"twitter:creator\" content=\"@accentsocial_\" \/>\n<meta name=\"twitter:site\" content=\"@accentsocial_\" \/>\n<meta name=\"twitter:label1\" content=\"Escrito por\" \/>\n\t<meta name=\"twitter:data1\" content=\"Accent Social\" \/>\n\t<meta name=\"twitter:label2\" content=\"Tiempo de lectura\" \/>\n\t<meta name=\"twitter:data2\" content=\"2 minutos\" \/>\n<script type=\"application\/ld+json\" class=\"yoast-schema-graph\">{\"@context\":\"https:\\\/\\\/schema.org\",\"@graph\":[{\"@type\":\"Article\",\"@id\":\"https:\\\/\\\/www.accent-social.cat\\\/es\\\/centro-de-dia-buen-recurso-contra-soledad-mantener-activas-personas-mayores\\\/#article\",\"isPartOf\":{\"@id\":\"https:\\\/\\\/www.accent-social.cat\\\/es\\\/centro-de-dia-buen-recurso-contra-soledad-mantener-activas-personas-mayores\\\/\"},\"author\":{\"name\":\"Accent Social\",\"@id\":\"https:\\\/\\\/www.accent-social.cat\\\/#\\\/schema\\\/person\\\/e3059313a7a9356d5dcb4adc2ee0396a\"},\"headline\":\"El Centro de D\u00eda, un buen recurso contra la soledad y para mantener activas a las personas mayores\",\"datePublished\":\"2025-05-27T05:25:04+00:00\",\"dateModified\":\"2025-05-27T05:59:35+00:00\",\"mainEntityOfPage\":{\"@id\":\"https:\\\/\\\/www.accent-social.cat\\\/es\\\/centro-de-dia-buen-recurso-contra-soledad-mantener-activas-personas-mayores\\\/\"},\"wordCount\":219,\"publisher\":{\"@id\":\"https:\\\/\\\/www.accent-social.cat\\\/#organization\"},\"image\":{\"@id\":\"https:\\\/\\\/www.accent-social.cat\\\/es\\\/centro-de-dia-buen-recurso-contra-soledad-mantener-activas-personas-mayores\\\/#primaryimage\"},\"thumbnailUrl\":\"https:\\\/\\\/www.accent-social.cat\\\/wp-content\\\/uploads\\\/2025\\\/05\\\/Centre-de-Dia-de-Montcada-entrevista-a-La-Veu.jpg\",\"articleSection\":[\"Buen trato a personas mayores\",\"Viviendas con servicios\"],\"inLanguage\":\"es\"},{\"@type\":\"WebPage\",\"@id\":\"https:\\\/\\\/www.accent-social.cat\\\/es\\\/centro-de-dia-buen-recurso-contra-soledad-mantener-activas-personas-mayores\\\/\",\"url\":\"https:\\\/\\\/www.accent-social.cat\\\/es\\\/centro-de-dia-buen-recurso-contra-soledad-mantener-activas-personas-mayores\\\/\",\"name\":\"El Centro de D\u00eda, contra la soledad y para mantener activas a las personas mayores\",\"isPartOf\":{\"@id\":\"https:\\\/\\\/www.accent-social.cat\\\/#website\"},\"primaryImageOfPage\":{\"@id\":\"https:\\\/\\\/www.accent-social.cat\\\/es\\\/centro-de-dia-buen-recurso-contra-soledad-mantener-activas-personas-mayores\\\/#primaryimage\"},\"image\":{\"@id\":\"https:\\\/\\\/www.accent-social.cat\\\/es\\\/centro-de-dia-buen-recurso-contra-soledad-mantener-activas-personas-mayores\\\/#primaryimage\"},\"thumbnailUrl\":\"https:\\\/\\\/www.accent-social.cat\\\/wp-content\\\/uploads\\\/2025\\\/05\\\/Centre-de-Dia-de-Montcada-entrevista-a-La-Veu.jpg\",\"datePublished\":\"2025-05-27T05:25:04+00:00\",\"dateModified\":\"2025-05-27T05:59:35+00:00\",\"description\":\"El centro de d\u00eda es un buen recurso para fomentar y mantener las capacidades sociales, comunicativas y de autonom\u00eda f\u00edsica de las personas mayores.\",\"breadcrumb\":{\"@id\":\"https:\\\/\\\/www.accent-social.cat\\\/es\\\/centro-de-dia-buen-recurso-contra-soledad-mantener-activas-personas-mayores\\\/#breadcrumb\"},\"inLanguage\":\"es\",\"potentialAction\":[{\"@type\":\"ReadAction\",\"target\":[\"https:\\\/\\\/www.accent-social.cat\\\/es\\\/centro-de-dia-buen-recurso-contra-soledad-mantener-activas-personas-mayores\\\/\"]}]},{\"@type\":\"ImageObject\",\"inLanguage\":\"es\",\"@id\":\"https:\\\/\\\/www.accent-social.cat\\\/es\\\/centro-de-dia-buen-recurso-contra-soledad-mantener-activas-personas-mayores\\\/#primaryimage\",\"url\":\"https:\\\/\\\/www.accent-social.cat\\\/wp-content\\\/uploads\\\/2025\\\/05\\\/Centre-de-Dia-de-Montcada-entrevista-a-La-Veu.jpg\",\"contentUrl\":\"https:\\\/\\\/www.accent-social.cat\\\/wp-content\\\/uploads\\\/2025\\\/05\\\/Centre-de-Dia-de-Montcada-entrevista-a-La-Veu.jpg\",\"width\":840,\"height\":399,\"caption\":\"Centre de Dia de Montcada, entrevista a La Veu\"},{\"@type\":\"BreadcrumbList\",\"@id\":\"https:\\\/\\\/www.accent-social.cat\\\/es\\\/centro-de-dia-buen-recurso-contra-soledad-mantener-activas-personas-mayores\\\/#breadcrumb\",\"itemListElement\":[{\"@type\":\"ListItem\",\"position\":1,\"name\":\"Inici\",\"item\":\"https:\\\/\\\/www.accent-social.cat\\\/es\\\/\"},{\"@type\":\"ListItem\",\"position\":2,\"name\":\"El Centro de D\u00eda, un buen recurso contra la soledad y para mantener activas a las personas mayores\"}]},{\"@type\":\"WebSite\",\"@id\":\"https:\\\/\\\/www.accent-social.cat\\\/#website\",\"url\":\"https:\\\/\\\/www.accent-social.cat\\\/\",\"name\":\"Accent Social | Serveis d'Atenci\u00f3 Domicili\u00e0ria (SAD) i centres col\u00b7lectius\",\"description\":\"Serveis d&#039;Atenci\u00f3 Domicili\u00e0ria i centres de dia a Barcelona. Gesti\u00f3 de serveis socials i per a la gent gran.\",\"publisher\":{\"@id\":\"https:\\\/\\\/www.accent-social.cat\\\/#organization\"},\"potentialAction\":[{\"@type\":\"SearchAction\",\"target\":{\"@type\":\"EntryPoint\",\"urlTemplate\":\"https:\\\/\\\/www.accent-social.cat\\\/?s={search_term_string}\"},\"query-input\":{\"@type\":\"PropertyValueSpecification\",\"valueRequired\":true,\"valueName\":\"search_term_string\"}}],\"inLanguage\":\"es\"},{\"@type\":\"Organization\",\"@id\":\"https:\\\/\\\/www.accent-social.cat\\\/#organization\",\"name\":\"Accent Social\",\"url\":\"https:\\\/\\\/www.accent-social.cat\\\/\",\"logo\":{\"@type\":\"ImageObject\",\"inLanguage\":\"es\",\"@id\":\"https:\\\/\\\/www.accent-social.cat\\\/#\\\/schema\\\/logo\\\/image\\\/\",\"url\":\"https:\\\/\\\/www.accent-social.cat\\\/wp-content\\\/uploads\\\/2017\\\/09\\\/Logo-Accent-Social.jpg\",\"contentUrl\":\"https:\\\/\\\/www.accent-social.cat\\\/wp-content\\\/uploads\\\/2017\\\/09\\\/Logo-Accent-Social.jpg\",\"width\":512,\"height\":512,\"caption\":\"Accent Social\"},\"image\":{\"@id\":\"https:\\\/\\\/www.accent-social.cat\\\/#\\\/schema\\\/logo\\\/image\\\/\"},\"sameAs\":[\"https:\\\/\\\/www.facebook.com\\\/accentsocial\",\"https:\\\/\\\/x.com\\\/accentsocial_\",\"http:\\\/\\\/www.instagram.com\\\/accentsocial\",\"https:\\\/\\\/www.linkedin.com\\\/company\\\/accent-social\\\/\",\"https:\\\/\\\/www.crunchbase.com\\\/organization\\\/accent-social\",\"https:\\\/\\\/www.hotfrog.es\\\/empresa\\\/barcelona\\\/barcelona\\\/accent-social\",\"https:\\\/\\\/www.youtube.com\\\/channel\\\/UCBRsmX50gP0nPuAb5rPfr2g\"]},{\"@type\":\"Person\",\"@id\":\"https:\\\/\\\/www.accent-social.cat\\\/#\\\/schema\\\/person\\\/e3059313a7a9356d5dcb4adc2ee0396a\",\"name\":\"Accent Social\",\"image\":{\"@type\":\"ImageObject\",\"inLanguage\":\"es\",\"@id\":\"https:\\\/\\\/secure.gravatar.com\\\/avatar\\\/9a4d9b0c2bbfb1ff3da85e7195367fa23cc6b72e60b3092496806038fa837fc5?s=96&d=mm&r=g\",\"url\":\"https:\\\/\\\/secure.gravatar.com\\\/avatar\\\/9a4d9b0c2bbfb1ff3da85e7195367fa23cc6b72e60b3092496806038fa837fc5?s=96&d=mm&r=g\",\"contentUrl\":\"https:\\\/\\\/secure.gravatar.com\\\/avatar\\\/9a4d9b0c2bbfb1ff3da85e7195367fa23cc6b72e60b3092496806038fa837fc5?s=96&d=mm&r=g\",\"caption\":\"Accent Social\"}}]}<\/script>\n<!-- \/ Yoast SEO plugin. -->","yoast_head_json":{"title":"El Centro de D\u00eda, contra la soledad y para mantener activas a las personas mayores","description":"El centro de d\u00eda es un buen recurso para fomentar y mantener las capacidades sociales, comunicativas y de autonom\u00eda f\u00edsica de las personas mayores.","robots":{"index":"index","follow":"follow","max-snippet":"max-snippet:-1","max-image-preview":"max-image-preview:large","max-video-preview":"max-video-preview:-1"},"canonical":"https:\/\/www.accent-social.cat\/es\/centro-de-dia-buen-recurso-contra-soledad-mantener-activas-personas-mayores\/","og_locale":"es_ES","og_type":"article","og_title":"El Centro de D\u00eda, contra la soledad y para mantener activas a las personas mayores","og_description":"El centro de d\u00eda es un buen recurso para fomentar y mantener las capacidades sociales, comunicativas y de autonom\u00eda f\u00edsica de las personas mayores.","og_url":"https:\/\/www.accent-social.cat\/es\/centro-de-dia-buen-recurso-contra-soledad-mantener-activas-personas-mayores\/","og_site_name":"Accent Social | Serveis d&#039;Atenci\u00f3 Domicili\u00e0ria i centres per gent gran","article_publisher":"https:\/\/www.facebook.com\/accentsocial","article_published_time":"2025-05-27T05:25:04+00:00","article_modified_time":"2025-05-27T05:59:35+00:00","og_image":[{"width":840,"height":399,"url":"https:\/\/www.accent-social.cat\/wp-content\/uploads\/2025\/05\/Centre-de-Dia-de-Montcada-entrevista-a-La-Veu.jpg","type":"image\/jpeg"}],"author":"Accent Social","twitter_card":"summary_large_image","twitter_creator":"@accentsocial_","twitter_site":"@accentsocial_","twitter_misc":{"Escrito por":"Accent Social","Tiempo de lectura":"2 minutos"},"schema":{"@context":"https:\/\/schema.org","@graph":[{"@type":"Article","@id":"https:\/\/www.accent-social.cat\/es\/centro-de-dia-buen-recurso-contra-soledad-mantener-activas-personas-mayores\/#article","isPartOf":{"@id":"https:\/\/www.accent-social.cat\/es\/centro-de-dia-buen-recurso-contra-soledad-mantener-activas-personas-mayores\/"},"author":{"name":"Accent Social","@id":"https:\/\/www.accent-social.cat\/#\/schema\/person\/e3059313a7a9356d5dcb4adc2ee0396a"},"headline":"El Centro de D\u00eda, un buen recurso contra la soledad y para mantener activas a las personas mayores","datePublished":"2025-05-27T05:25:04+00:00","dateModified":"2025-05-27T05:59:35+00:00","mainEntityOfPage":{"@id":"https:\/\/www.accent-social.cat\/es\/centro-de-dia-buen-recurso-contra-soledad-mantener-activas-personas-mayores\/"},"wordCount":219,"publisher":{"@id":"https:\/\/www.accent-social.cat\/#organization"},"image":{"@id":"https:\/\/www.accent-social.cat\/es\/centro-de-dia-buen-recurso-contra-soledad-mantener-activas-personas-mayores\/#primaryimage"},"thumbnailUrl":"https:\/\/www.accent-social.cat\/wp-content\/uploads\/2025\/05\/Centre-de-Dia-de-Montcada-entrevista-a-La-Veu.jpg","articleSection":["Buen trato a personas mayores","Viviendas con servicios"],"inLanguage":"es"},{"@type":"WebPage","@id":"https:\/\/www.accent-social.cat\/es\/centro-de-dia-buen-recurso-contra-soledad-mantener-activas-personas-mayores\/","url":"https:\/\/www.accent-social.cat\/es\/centro-de-dia-buen-recurso-contra-soledad-mantener-activas-personas-mayores\/","name":"El Centro de D\u00eda, contra la soledad y para mantener activas a las personas mayores","isPartOf":{"@id":"https:\/\/www.accent-social.cat\/#website"},"primaryImageOfPage":{"@id":"https:\/\/www.accent-social.cat\/es\/centro-de-dia-buen-recurso-contra-soledad-mantener-activas-personas-mayores\/#primaryimage"},"image":{"@id":"https:\/\/www.accent-social.cat\/es\/centro-de-dia-buen-recurso-contra-soledad-mantener-activas-personas-mayores\/#primaryimage"},"thumbnailUrl":"https:\/\/www.accent-social.cat\/wp-content\/uploads\/2025\/05\/Centre-de-Dia-de-Montcada-entrevista-a-La-Veu.jpg","datePublished":"2025-05-27T05:25:04+00:00","dateModified":"2025-05-27T05:59:35+00:00","description":"El centro de d\u00eda es un buen recurso para fomentar y mantener las capacidades sociales, comunicativas y de autonom\u00eda f\u00edsica de las personas mayores.","breadcrumb":{"@id":"https:\/\/www.accent-social.cat\/es\/centro-de-dia-buen-recurso-contra-soledad-mantener-activas-personas-mayores\/#breadcrumb"},"inLanguage":"es","potentialAction":[{"@type":"ReadAction","target":["https:\/\/www.accent-social.cat\/es\/centro-de-dia-buen-recurso-contra-soledad-mantener-activas-personas-mayores\/"]}]},{"@type":"ImageObject","inLanguage":"es","@id":"https:\/\/www.accent-social.cat\/es\/centro-de-dia-buen-recurso-contra-soledad-mantener-activas-personas-mayores\/#primaryimage","url":"https:\/\/www.accent-social.cat\/wp-content\/uploads\/2025\/05\/Centre-de-Dia-de-Montcada-entrevista-a-La-Veu.jpg","contentUrl":"https:\/\/www.accent-social.cat\/wp-content\/uploads\/2025\/05\/Centre-de-Dia-de-Montcada-entrevista-a-La-Veu.jpg","width":840,"height":399,"caption":"Centre de Dia de Montcada, entrevista a La Veu"},{"@type":"BreadcrumbList","@id":"https:\/\/www.accent-social.cat\/es\/centro-de-dia-buen-recurso-contra-soledad-mantener-activas-personas-mayores\/#breadcrumb","itemListElement":[{"@type":"ListItem","position":1,"name":"Inici","item":"https:\/\/www.accent-social.cat\/es\/"},{"@type":"ListItem","position":2,"name":"El Centro de D\u00eda, un buen recurso contra la soledad y para mantener activas a las personas mayores"}]},{"@type":"WebSite","@id":"https:\/\/www.accent-social.cat\/#website","url":"https:\/\/www.accent-social.cat\/","name":"Accent Social | Serveis d'Atenci\u00f3 Domicili\u00e0ria (SAD) i centres col\u00b7lectius","description":"Serveis d&#039;Atenci\u00f3 Domicili\u00e0ria i centres de dia a Barcelona. Gesti\u00f3 de serveis socials i per a la gent gran.","publisher":{"@id":"https:\/\/www.accent-social.cat\/#organization"},"potentialAction":[{"@type":"SearchAction","target":{"@type":"EntryPoint","urlTemplate":"https:\/\/www.accent-social.cat\/?s={search_term_string}"},"query-input":{"@type":"PropertyValueSpecification","valueRequired":true,"valueName":"search_term_string"}}],"inLanguage":"es"},{"@type":"Organization","@id":"https:\/\/www.accent-social.cat\/#organization","name":"Accent Social","url":"https:\/\/www.accent-social.cat\/","logo":{"@type":"ImageObject","inLanguage":"es","@id":"https:\/\/www.accent-social.cat\/#\/schema\/logo\/image\/","url":"https:\/\/www.accent-social.cat\/wp-content\/uploads\/2017\/09\/Logo-Accent-Social.jpg","contentUrl":"https:\/\/www.accent-social.cat\/wp-content\/uploads\/2017\/09\/Logo-Accent-Social.jpg","width":512,"height":512,"caption":"Accent Social"},"image":{"@id":"https:\/\/www.accent-social.cat\/#\/schema\/logo\/image\/"},"sameAs":["https:\/\/www.facebook.com\/accentsocial","https:\/\/x.com\/accentsocial_","http:\/\/www.instagram.com\/accentsocial","https:\/\/www.linkedin.com\/company\/accent-social\/","https:\/\/www.crunchbase.com\/organization\/accent-social","https:\/\/www.hotfrog.es\/empresa\/barcelona\/barcelona\/accent-social","https:\/\/www.youtube.com\/channel\/UCBRsmX50gP0nPuAb5rPfr2g"]},{"@type":"Person","@id":"https:\/\/www.accent-social.cat\/#\/schema\/person\/e3059313a7a9356d5dcb4adc2ee0396a","name":"Accent Social","image":{"@type":"ImageObject","inLanguage":"es","@id":"https:\/\/secure.gravatar.com\/avatar\/9a4d9b0c2bbfb1ff3da85e7195367fa23cc6b72e60b3092496806038fa837fc5?s=96&d=mm&r=g","url":"https:\/\/secure.gravatar.com\/avatar\/9a4d9b0c2bbfb1ff3da85e7195367fa23cc6b72e60b3092496806038fa837fc5?s=96&d=mm&r=g","contentUrl":"https:\/\/secure.gravatar.com\/avatar\/9a4d9b0c2bbfb1ff3da85e7195367fa23cc6b72e60b3092496806038fa837fc5?s=96&d=mm&r=g","caption":"Accent Social"}}]}},"_links":{"self":[{"href":"https:\/\/www.accent-social.cat\/es\/wp-json\/wp\/v2\/posts\/15245","targetHints":{"allow":["GET"]}}],"collection":[{"href":"https:\/\/www.accent-social.cat\/es\/wp-json\/wp\/v2\/posts"}],"about":[{"href":"https:\/\/www.accent-social.cat\/es\/wp-json\/wp\/v2\/types\/post"}],"author":[{"embeddable":true,"href":"https:\/\/www.accent-social.cat\/es\/wp-json\/wp\/v2\/users\/1"}],"replies":[{"embeddable":true,"href":"https:\/\/www.accent-social.cat\/es\/wp-json\/wp\/v2\/comments?post=15245"}],"version-history":[{"count":2,"href":"https:\/\/www.accent-social.cat\/es\/wp-json\/wp\/v2\/posts\/15245\/revisions"}],"predecessor-version":[{"id":15247,"href":"https:\/\/www.accent-social.cat\/es\/wp-json\/wp\/v2\/posts\/15245\/revisions\/15247"}],"wp:featuredmedia":[{"embeddable":true,"href":"https:\/\/www.accent-social.cat\/es\/wp-json\/wp\/v2\/media\/15257"}],"wp:attachment":[{"href":"https:\/\/www.accent-social.cat\/es\/wp-json\/wp\/v2\/media?parent=15245"}],"wp:term":[{"taxonomy":"category","embeddable":true,"href":"https:\/\/www.accent-social.cat\/es\/wp-json\/wp\/v2\/categories?post=15245"},{"taxonomy":"post_tag","embeddable":true,"href":"https:\/\/www.accent-social.cat\/es\/wp-json\/wp\/v2\/tags?post=15245"}],"curies":[{"name":"wp","href":"https:\/\/api.w.org\/{rel}","templated":true}]}}