{"id":15188,"date":"2025-05-08T23:30:24","date_gmt":"2025-05-08T21:30:24","guid":{"rendered":"https:\/\/www.accent-social.cat\/?p=15188"},"modified":"2025-05-08T23:44:27","modified_gmt":"2025-05-08T21:44:27","slug":"importancia-paseos-diarios-personas-mayores","status":"publish","type":"post","link":"https:\/\/www.accent-social.cat\/es\/importancia-paseos-diarios-personas-mayores\/","title":{"rendered":"La importancia de los paseos diarios para las personas mayores"},"content":{"rendered":"<h3>Los paseos diarios son clave para que las personas mayores se mantengan en forma.<\/h3>\n<p>Salir a\u00a0<strong>caminar\u00a0<\/strong>forma parte de los h\u00e1bitos diarios de muchas personas. De hecho, recurrir a un paseo en un momento de estr\u00e9s puede ayudar a aclarar las ideas y despejar la mente a cualquier edad.<\/p>\n<p>Seg\u00fan la Organizaci\u00f3n Mundial de la Salud, 30 minutos al d\u00eda son suficientes para disfrutar de sus m\u00faltiples beneficios. Adem\u00e1s, en el caso de las personas mayores, caminar no solo contribuye a mantener su estado f\u00edsico, sino tambi\u00e9n an\u00edmico. Entre algunos de los principales beneficios destacan:<\/p>\n<p>&nbsp;<\/p>\n<ul class=\"wp-block-list\">\n<li><strong>Mejora de la salud cardiovascular<\/strong><br \/>\nSeg\u00fan la Fundaci\u00f3n Espa\u00f1ola del Coraz\u00f3n, caminar 30 minutos diarios ayuda a reducir el riesgo cardiovascular hasta en un 11%.<\/li>\n<li><strong>Contribuye a reducir el dolor de las articulaciones<\/strong><br \/>\nA trav\u00e9s del fortalecimiento de la musculatura y las articulaciones, este ejercicio de bajo impacto puede ayudar a disminuir algunas molestias.<\/li>\n<li><strong>Control del az\u00facar en sangre<\/strong><br \/>\nSeg\u00fan los expertos en nutrici\u00f3n, al caminar, el m\u00fasculo consume glucosa y, adem\u00e1s, puede ayudar a mejorar la sensibilidad a la insulina a trav\u00e9s de la p\u00e9rdida de grasa.<\/li>\n<li><strong>Fomento de las relaciones sociales<\/strong><br \/>\nMantener un h\u00e1bito de pasear cada d\u00eda a la misma hora, ayuda a reforzar lazos sociales con personas del mismo entorno y a combatir la soledad no deseada.<\/li>\n<\/ul>\n<hr class=\" hr_color\" style=\"margin:0 auto 30px;\"\/>\n\n<h3>C\u00d3MO FOMENTAR LOS PASEOS DIARIOS DESDE LOS SERVICIOS DE ATENCI\u00d3N DOMICILIARIA<\/h3>\n<p>Por todo ello, desde los distintos<strong>\u00a0Servicios de Atenci\u00f3n Domiciliaria (SAD)<\/strong>\u00a0gestionados por Accent Social, acompa\u00f1amos a las personas usuarias que lo desean a realizar este\u00a0<strong><a href=\"https:\/\/www.geriatricarea.com\/?s=envejecimiento+activo\" target=\"_blank\" rel=\"noreferrer noopener\">ejercicio diario<\/a><\/strong>\u00a0con el fin de contribuir a su bienestar y fortalecer los v\u00ednculos sociales de la comunidad a la que pertenecen.<\/p>\n<p>\u201c<em>A menudo ese paseo acompa\u00f1adas del o la trabajadora familiar les acerca un poco m\u00e1s a su propio n\u00facleo. Hablan con otras personas del municipio y ampl\u00edan su red social<\/em>\u201d, explica\u00a0<strong>Cristina Fern\u00e1ndez<\/strong>, jefa de servicio de Accent Social.<\/p>\n<p>No obstante, cabe destacar que la motivaci\u00f3n es otra de las claves fundamentales para mantenerse en forma.<\/p>\n<p><em>\u201cMantener una actitud en\u00e9rgica marca la diferencia\u201d, se\u00f1ala Cristina. \u201cA muchas personas les gustar\u00eda poder pasear cada ma\u00f1ana pero no disponen del tiempo necesario para hacerlo. Cuando nos hacemos mayores es el momento perfecto para retomar muchas de esas aficiones\u201d<\/em>. A\u00f1ade.<\/p>\n<p>Por ello, todos los servicios gestionados por Accent Social se basan en el modelo de\u00a0<strong>Atenci\u00f3n Centrada en la Persona<\/strong>, que tiene en cuenta los gustos y preferencias de la persona usuaria para seguir promoviendo el desarrollo de su plan de vida, manteniendo sus aficiones y h\u00e1bitos de vida.<\/p>\n<p>&nbsp;<\/p>\n<hr class=\" hr_color\" style=\"margin:0 auto 30px;\"\/>\n\n<div class=\"column one\"><div class=\"mcb-column-inner\"><br \/>\n<iframe style=\"overflow: hidden; width: 1200px; height: 258px;\" width=\"1200\" height=\"240\" frameborder=\"0\" scrolling=\"no\" data-cookieconsent=\"marketing\" data-cookieblock-src=\"https:\/\/www.facebook.com\/plugins\/page.php?href=https%3A%2F%2Fwww.facebook.com%2Faccentsocial%2F&amp;tabs=timeline&amp;width=500&amp;height=100&amp;small_header=false&amp;adapt_container_width=false&amp;hide_cover=false&amp;show_facepile=true&amp;appId\"><\/iframe><br \/>\n<\/div><\/div>\n\n","protected":false},"excerpt":{"rendered":"<p>Los paseos diarios son clave para que las personas mayores se mantengan en forma. La actividad f\u00edsica moderada promueve el bienestar f\u00edsico.<\/p>\n","protected":false},"author":1,"featured_media":15189,"comment_status":"closed","ping_status":"open","sticky":false,"template":"","format":"standard","meta":{"footnotes":""},"categories":[470],"tags":[468,584,553,583],"class_list":["post-15188","post","type-post","status-publish","format-standard","has-post-thumbnail","hentry","category-buen-trato-personas-mayores","tag-bienestar","tag-habitos-saludables","tag-personas-mayores","tag-salud"],"yoast_head":"<!-- This site is optimized with the Yoast SEO plugin v27.5 - https:\/\/yoast.com\/product\/yoast-seo-wordpress\/ -->\n<title>La importancia de los paseos diarios para las personas mayores<\/title>\n<meta name=\"description\" content=\"Los paseos diarios son clave para que las personas mayores se mantengan en forma. La actividad f\u00edsica moderada promueve el bienestar f\u00edsico.\" \/>\n<meta name=\"robots\" content=\"index, follow, max-snippet:-1, max-image-preview:large, max-video-preview:-1\" \/>\n<link rel=\"canonical\" href=\"https:\/\/www.accent-social.cat\/es\/importancia-paseos-diarios-personas-mayores\/\" \/>\n<meta property=\"og:locale\" content=\"es_ES\" \/>\n<meta property=\"og:type\" content=\"article\" \/>\n<meta property=\"og:title\" content=\"La importancia de los paseos diarios para las personas mayores\" \/>\n<meta property=\"og:description\" content=\"Los paseos diarios son clave para que las personas mayores se mantengan en forma. La actividad f\u00edsica moderada promueve el bienestar f\u00edsico.\" \/>\n<meta property=\"og:url\" content=\"https:\/\/www.accent-social.cat\/es\/importancia-paseos-diarios-personas-mayores\/\" \/>\n<meta property=\"og:site_name\" content=\"Accent Social | Serveis d&#039;Atenci\u00f3 Domicili\u00e0ria i centres per gent gran\" \/>\n<meta property=\"article:publisher\" content=\"https:\/\/www.facebook.com\/accentsocial\" \/>\n<meta property=\"article:published_time\" content=\"2025-05-08T21:30:24+00:00\" \/>\n<meta property=\"article:modified_time\" content=\"2025-05-08T21:44:27+00:00\" \/>\n<meta property=\"og:image\" content=\"https:\/\/www.accent-social.cat\/wp-content\/uploads\/2025\/05\/La-importancia-de-los-paseos-para-las-personas-mayores.jpg\" \/>\n\t<meta property=\"og:image:width\" content=\"840\" \/>\n\t<meta property=\"og:image:height\" content=\"400\" \/>\n\t<meta property=\"og:image:type\" content=\"image\/jpeg\" \/>\n<meta name=\"author\" content=\"Accent Social\" \/>\n<meta name=\"twitter:card\" content=\"summary_large_image\" \/>\n<meta name=\"twitter:creator\" content=\"@accentsocial_\" \/>\n<meta name=\"twitter:site\" content=\"@accentsocial_\" \/>\n<meta name=\"twitter:label1\" content=\"Escrito por\" \/>\n\t<meta name=\"twitter:data1\" content=\"Accent Social\" \/>\n\t<meta name=\"twitter:label2\" content=\"Tiempo de lectura\" \/>\n\t<meta name=\"twitter:data2\" content=\"3 minutos\" \/>\n<script type=\"application\/ld+json\" class=\"yoast-schema-graph\">{\"@context\":\"https:\\\/\\\/schema.org\",\"@graph\":[{\"@type\":\"Article\",\"@id\":\"https:\\\/\\\/www.accent-social.cat\\\/es\\\/importancia-paseos-diarios-personas-mayores\\\/#article\",\"isPartOf\":{\"@id\":\"https:\\\/\\\/www.accent-social.cat\\\/es\\\/importancia-paseos-diarios-personas-mayores\\\/\"},\"author\":{\"name\":\"Accent Social\",\"@id\":\"https:\\\/\\\/www.accent-social.cat\\\/#\\\/schema\\\/person\\\/e3059313a7a9356d5dcb4adc2ee0396a\"},\"headline\":\"La importancia de los paseos diarios para las personas mayores\",\"datePublished\":\"2025-05-08T21:30:24+00:00\",\"dateModified\":\"2025-05-08T21:44:27+00:00\",\"mainEntityOfPage\":{\"@id\":\"https:\\\/\\\/www.accent-social.cat\\\/es\\\/importancia-paseos-diarios-personas-mayores\\\/\"},\"wordCount\":489,\"publisher\":{\"@id\":\"https:\\\/\\\/www.accent-social.cat\\\/#organization\"},\"image\":{\"@id\":\"https:\\\/\\\/www.accent-social.cat\\\/es\\\/importancia-paseos-diarios-personas-mayores\\\/#primaryimage\"},\"thumbnailUrl\":\"https:\\\/\\\/www.accent-social.cat\\\/wp-content\\\/uploads\\\/2025\\\/05\\\/La-importancia-de-los-paseos-para-las-personas-mayores.jpg\",\"keywords\":[\"bienestar\",\"h\u00e1bitos saludables\",\"personas mayores\",\"salud\"],\"articleSection\":[\"Buen trato a personas mayores\"],\"inLanguage\":\"es\"},{\"@type\":\"WebPage\",\"@id\":\"https:\\\/\\\/www.accent-social.cat\\\/es\\\/importancia-paseos-diarios-personas-mayores\\\/\",\"url\":\"https:\\\/\\\/www.accent-social.cat\\\/es\\\/importancia-paseos-diarios-personas-mayores\\\/\",\"name\":\"La importancia de los paseos diarios para las personas mayores\",\"isPartOf\":{\"@id\":\"https:\\\/\\\/www.accent-social.cat\\\/#website\"},\"primaryImageOfPage\":{\"@id\":\"https:\\\/\\\/www.accent-social.cat\\\/es\\\/importancia-paseos-diarios-personas-mayores\\\/#primaryimage\"},\"image\":{\"@id\":\"https:\\\/\\\/www.accent-social.cat\\\/es\\\/importancia-paseos-diarios-personas-mayores\\\/#primaryimage\"},\"thumbnailUrl\":\"https:\\\/\\\/www.accent-social.cat\\\/wp-content\\\/uploads\\\/2025\\\/05\\\/La-importancia-de-los-paseos-para-las-personas-mayores.jpg\",\"datePublished\":\"2025-05-08T21:30:24+00:00\",\"dateModified\":\"2025-05-08T21:44:27+00:00\",\"description\":\"Los paseos diarios son clave para que las personas mayores se mantengan en forma. La actividad f\u00edsica moderada promueve el bienestar f\u00edsico.\",\"breadcrumb\":{\"@id\":\"https:\\\/\\\/www.accent-social.cat\\\/es\\\/importancia-paseos-diarios-personas-mayores\\\/#breadcrumb\"},\"inLanguage\":\"es\",\"potentialAction\":[{\"@type\":\"ReadAction\",\"target\":[\"https:\\\/\\\/www.accent-social.cat\\\/es\\\/importancia-paseos-diarios-personas-mayores\\\/\"]}]},{\"@type\":\"ImageObject\",\"inLanguage\":\"es\",\"@id\":\"https:\\\/\\\/www.accent-social.cat\\\/es\\\/importancia-paseos-diarios-personas-mayores\\\/#primaryimage\",\"url\":\"https:\\\/\\\/www.accent-social.cat\\\/wp-content\\\/uploads\\\/2025\\\/05\\\/La-importancia-de-los-paseos-para-las-personas-mayores.jpg\",\"contentUrl\":\"https:\\\/\\\/www.accent-social.cat\\\/wp-content\\\/uploads\\\/2025\\\/05\\\/La-importancia-de-los-paseos-para-las-personas-mayores.jpg\",\"width\":840,\"height\":400,\"caption\":\"La importancia de los paseos para las personas mayores\"},{\"@type\":\"BreadcrumbList\",\"@id\":\"https:\\\/\\\/www.accent-social.cat\\\/es\\\/importancia-paseos-diarios-personas-mayores\\\/#breadcrumb\",\"itemListElement\":[{\"@type\":\"ListItem\",\"position\":1,\"name\":\"Inici\",\"item\":\"https:\\\/\\\/www.accent-social.cat\\\/es\\\/\"},{\"@type\":\"ListItem\",\"position\":2,\"name\":\"La importancia de los paseos diarios para las personas mayores\"}]},{\"@type\":\"WebSite\",\"@id\":\"https:\\\/\\\/www.accent-social.cat\\\/#website\",\"url\":\"https:\\\/\\\/www.accent-social.cat\\\/\",\"name\":\"Accent Social | Serveis d'Atenci\u00f3 Domicili\u00e0ria (SAD) i centres col\u00b7lectius\",\"description\":\"Serveis d&#039;Atenci\u00f3 Domicili\u00e0ria i centres de dia a Barcelona. Gesti\u00f3 de serveis socials i per a la gent gran.\",\"publisher\":{\"@id\":\"https:\\\/\\\/www.accent-social.cat\\\/#organization\"},\"potentialAction\":[{\"@type\":\"SearchAction\",\"target\":{\"@type\":\"EntryPoint\",\"urlTemplate\":\"https:\\\/\\\/www.accent-social.cat\\\/?s={search_term_string}\"},\"query-input\":{\"@type\":\"PropertyValueSpecification\",\"valueRequired\":true,\"valueName\":\"search_term_string\"}}],\"inLanguage\":\"es\"},{\"@type\":\"Organization\",\"@id\":\"https:\\\/\\\/www.accent-social.cat\\\/#organization\",\"name\":\"Accent Social\",\"url\":\"https:\\\/\\\/www.accent-social.cat\\\/\",\"logo\":{\"@type\":\"ImageObject\",\"inLanguage\":\"es\",\"@id\":\"https:\\\/\\\/www.accent-social.cat\\\/#\\\/schema\\\/logo\\\/image\\\/\",\"url\":\"https:\\\/\\\/www.accent-social.cat\\\/wp-content\\\/uploads\\\/2017\\\/09\\\/Logo-Accent-Social.jpg\",\"contentUrl\":\"https:\\\/\\\/www.accent-social.cat\\\/wp-content\\\/uploads\\\/2017\\\/09\\\/Logo-Accent-Social.jpg\",\"width\":512,\"height\":512,\"caption\":\"Accent Social\"},\"image\":{\"@id\":\"https:\\\/\\\/www.accent-social.cat\\\/#\\\/schema\\\/logo\\\/image\\\/\"},\"sameAs\":[\"https:\\\/\\\/www.facebook.com\\\/accentsocial\",\"https:\\\/\\\/x.com\\\/accentsocial_\",\"http:\\\/\\\/www.instagram.com\\\/accentsocial\",\"https:\\\/\\\/www.linkedin.com\\\/company\\\/accent-social\\\/\",\"https:\\\/\\\/www.crunchbase.com\\\/organization\\\/accent-social\",\"https:\\\/\\\/www.hotfrog.es\\\/empresa\\\/barcelona\\\/barcelona\\\/accent-social\",\"https:\\\/\\\/www.youtube.com\\\/channel\\\/UCBRsmX50gP0nPuAb5rPfr2g\"]},{\"@type\":\"Person\",\"@id\":\"https:\\\/\\\/www.accent-social.cat\\\/#\\\/schema\\\/person\\\/e3059313a7a9356d5dcb4adc2ee0396a\",\"name\":\"Accent Social\",\"image\":{\"@type\":\"ImageObject\",\"inLanguage\":\"es\",\"@id\":\"https:\\\/\\\/secure.gravatar.com\\\/avatar\\\/9a4d9b0c2bbfb1ff3da85e7195367fa23cc6b72e60b3092496806038fa837fc5?s=96&d=mm&r=g\",\"url\":\"https:\\\/\\\/secure.gravatar.com\\\/avatar\\\/9a4d9b0c2bbfb1ff3da85e7195367fa23cc6b72e60b3092496806038fa837fc5?s=96&d=mm&r=g\",\"contentUrl\":\"https:\\\/\\\/secure.gravatar.com\\\/avatar\\\/9a4d9b0c2bbfb1ff3da85e7195367fa23cc6b72e60b3092496806038fa837fc5?s=96&d=mm&r=g\",\"caption\":\"Accent Social\"}}]}<\/script>\n<!-- \/ Yoast SEO plugin. -->","yoast_head_json":{"title":"La importancia de los paseos diarios para las personas mayores","description":"Los paseos diarios son clave para que las personas mayores se mantengan en forma. La actividad f\u00edsica moderada promueve el bienestar f\u00edsico.","robots":{"index":"index","follow":"follow","max-snippet":"max-snippet:-1","max-image-preview":"max-image-preview:large","max-video-preview":"max-video-preview:-1"},"canonical":"https:\/\/www.accent-social.cat\/es\/importancia-paseos-diarios-personas-mayores\/","og_locale":"es_ES","og_type":"article","og_title":"La importancia de los paseos diarios para las personas mayores","og_description":"Los paseos diarios son clave para que las personas mayores se mantengan en forma. La actividad f\u00edsica moderada promueve el bienestar f\u00edsico.","og_url":"https:\/\/www.accent-social.cat\/es\/importancia-paseos-diarios-personas-mayores\/","og_site_name":"Accent Social | Serveis d&#039;Atenci\u00f3 Domicili\u00e0ria i centres per gent gran","article_publisher":"https:\/\/www.facebook.com\/accentsocial","article_published_time":"2025-05-08T21:30:24+00:00","article_modified_time":"2025-05-08T21:44:27+00:00","og_image":[{"width":840,"height":400,"url":"https:\/\/www.accent-social.cat\/wp-content\/uploads\/2025\/05\/La-importancia-de-los-paseos-para-las-personas-mayores.jpg","type":"image\/jpeg"}],"author":"Accent Social","twitter_card":"summary_large_image","twitter_creator":"@accentsocial_","twitter_site":"@accentsocial_","twitter_misc":{"Escrito por":"Accent Social","Tiempo de lectura":"3 minutos"},"schema":{"@context":"https:\/\/schema.org","@graph":[{"@type":"Article","@id":"https:\/\/www.accent-social.cat\/es\/importancia-paseos-diarios-personas-mayores\/#article","isPartOf":{"@id":"https:\/\/www.accent-social.cat\/es\/importancia-paseos-diarios-personas-mayores\/"},"author":{"name":"Accent Social","@id":"https:\/\/www.accent-social.cat\/#\/schema\/person\/e3059313a7a9356d5dcb4adc2ee0396a"},"headline":"La importancia de los paseos diarios para las personas mayores","datePublished":"2025-05-08T21:30:24+00:00","dateModified":"2025-05-08T21:44:27+00:00","mainEntityOfPage":{"@id":"https:\/\/www.accent-social.cat\/es\/importancia-paseos-diarios-personas-mayores\/"},"wordCount":489,"publisher":{"@id":"https:\/\/www.accent-social.cat\/#organization"},"image":{"@id":"https:\/\/www.accent-social.cat\/es\/importancia-paseos-diarios-personas-mayores\/#primaryimage"},"thumbnailUrl":"https:\/\/www.accent-social.cat\/wp-content\/uploads\/2025\/05\/La-importancia-de-los-paseos-para-las-personas-mayores.jpg","keywords":["bienestar","h\u00e1bitos saludables","personas mayores","salud"],"articleSection":["Buen trato a personas mayores"],"inLanguage":"es"},{"@type":"WebPage","@id":"https:\/\/www.accent-social.cat\/es\/importancia-paseos-diarios-personas-mayores\/","url":"https:\/\/www.accent-social.cat\/es\/importancia-paseos-diarios-personas-mayores\/","name":"La importancia de los paseos diarios para las personas mayores","isPartOf":{"@id":"https:\/\/www.accent-social.cat\/#website"},"primaryImageOfPage":{"@id":"https:\/\/www.accent-social.cat\/es\/importancia-paseos-diarios-personas-mayores\/#primaryimage"},"image":{"@id":"https:\/\/www.accent-social.cat\/es\/importancia-paseos-diarios-personas-mayores\/#primaryimage"},"thumbnailUrl":"https:\/\/www.accent-social.cat\/wp-content\/uploads\/2025\/05\/La-importancia-de-los-paseos-para-las-personas-mayores.jpg","datePublished":"2025-05-08T21:30:24+00:00","dateModified":"2025-05-08T21:44:27+00:00","description":"Los paseos diarios son clave para que las personas mayores se mantengan en forma. La actividad f\u00edsica moderada promueve el bienestar f\u00edsico.","breadcrumb":{"@id":"https:\/\/www.accent-social.cat\/es\/importancia-paseos-diarios-personas-mayores\/#breadcrumb"},"inLanguage":"es","potentialAction":[{"@type":"ReadAction","target":["https:\/\/www.accent-social.cat\/es\/importancia-paseos-diarios-personas-mayores\/"]}]},{"@type":"ImageObject","inLanguage":"es","@id":"https:\/\/www.accent-social.cat\/es\/importancia-paseos-diarios-personas-mayores\/#primaryimage","url":"https:\/\/www.accent-social.cat\/wp-content\/uploads\/2025\/05\/La-importancia-de-los-paseos-para-las-personas-mayores.jpg","contentUrl":"https:\/\/www.accent-social.cat\/wp-content\/uploads\/2025\/05\/La-importancia-de-los-paseos-para-las-personas-mayores.jpg","width":840,"height":400,"caption":"La importancia de los paseos para las personas mayores"},{"@type":"BreadcrumbList","@id":"https:\/\/www.accent-social.cat\/es\/importancia-paseos-diarios-personas-mayores\/#breadcrumb","itemListElement":[{"@type":"ListItem","position":1,"name":"Inici","item":"https:\/\/www.accent-social.cat\/es\/"},{"@type":"ListItem","position":2,"name":"La importancia de los paseos diarios para las personas mayores"}]},{"@type":"WebSite","@id":"https:\/\/www.accent-social.cat\/#website","url":"https:\/\/www.accent-social.cat\/","name":"Accent Social | Serveis d'Atenci\u00f3 Domicili\u00e0ria (SAD) i centres col\u00b7lectius","description":"Serveis d&#039;Atenci\u00f3 Domicili\u00e0ria i centres de dia a Barcelona. Gesti\u00f3 de serveis socials i per a la gent gran.","publisher":{"@id":"https:\/\/www.accent-social.cat\/#organization"},"potentialAction":[{"@type":"SearchAction","target":{"@type":"EntryPoint","urlTemplate":"https:\/\/www.accent-social.cat\/?s={search_term_string}"},"query-input":{"@type":"PropertyValueSpecification","valueRequired":true,"valueName":"search_term_string"}}],"inLanguage":"es"},{"@type":"Organization","@id":"https:\/\/www.accent-social.cat\/#organization","name":"Accent Social","url":"https:\/\/www.accent-social.cat\/","logo":{"@type":"ImageObject","inLanguage":"es","@id":"https:\/\/www.accent-social.cat\/#\/schema\/logo\/image\/","url":"https:\/\/www.accent-social.cat\/wp-content\/uploads\/2017\/09\/Logo-Accent-Social.jpg","contentUrl":"https:\/\/www.accent-social.cat\/wp-content\/uploads\/2017\/09\/Logo-Accent-Social.jpg","width":512,"height":512,"caption":"Accent Social"},"image":{"@id":"https:\/\/www.accent-social.cat\/#\/schema\/logo\/image\/"},"sameAs":["https:\/\/www.facebook.com\/accentsocial","https:\/\/x.com\/accentsocial_","http:\/\/www.instagram.com\/accentsocial","https:\/\/www.linkedin.com\/company\/accent-social\/","https:\/\/www.crunchbase.com\/organization\/accent-social","https:\/\/www.hotfrog.es\/empresa\/barcelona\/barcelona\/accent-social","https:\/\/www.youtube.com\/channel\/UCBRsmX50gP0nPuAb5rPfr2g"]},{"@type":"Person","@id":"https:\/\/www.accent-social.cat\/#\/schema\/person\/e3059313a7a9356d5dcb4adc2ee0396a","name":"Accent Social","image":{"@type":"ImageObject","inLanguage":"es","@id":"https:\/\/secure.gravatar.com\/avatar\/9a4d9b0c2bbfb1ff3da85e7195367fa23cc6b72e60b3092496806038fa837fc5?s=96&d=mm&r=g","url":"https:\/\/secure.gravatar.com\/avatar\/9a4d9b0c2bbfb1ff3da85e7195367fa23cc6b72e60b3092496806038fa837fc5?s=96&d=mm&r=g","contentUrl":"https:\/\/secure.gravatar.com\/avatar\/9a4d9b0c2bbfb1ff3da85e7195367fa23cc6b72e60b3092496806038fa837fc5?s=96&d=mm&r=g","caption":"Accent Social"}}]}},"_links":{"self":[{"href":"https:\/\/www.accent-social.cat\/es\/wp-json\/wp\/v2\/posts\/15188","targetHints":{"allow":["GET"]}}],"collection":[{"href":"https:\/\/www.accent-social.cat\/es\/wp-json\/wp\/v2\/posts"}],"about":[{"href":"https:\/\/www.accent-social.cat\/es\/wp-json\/wp\/v2\/types\/post"}],"author":[{"embeddable":true,"href":"https:\/\/www.accent-social.cat\/es\/wp-json\/wp\/v2\/users\/1"}],"replies":[{"embeddable":true,"href":"https:\/\/www.accent-social.cat\/es\/wp-json\/wp\/v2\/comments?post=15188"}],"version-history":[{"count":3,"href":"https:\/\/www.accent-social.cat\/es\/wp-json\/wp\/v2\/posts\/15188\/revisions"}],"predecessor-version":[{"id":15198,"href":"https:\/\/www.accent-social.cat\/es\/wp-json\/wp\/v2\/posts\/15188\/revisions\/15198"}],"wp:featuredmedia":[{"embeddable":true,"href":"https:\/\/www.accent-social.cat\/es\/wp-json\/wp\/v2\/media\/15189"}],"wp:attachment":[{"href":"https:\/\/www.accent-social.cat\/es\/wp-json\/wp\/v2\/media?parent=15188"}],"wp:term":[{"taxonomy":"category","embeddable":true,"href":"https:\/\/www.accent-social.cat\/es\/wp-json\/wp\/v2\/categories?post=15188"},{"taxonomy":"post_tag","embeddable":true,"href":"https:\/\/www.accent-social.cat\/es\/wp-json\/wp\/v2\/tags?post=15188"}],"curies":[{"name":"wp","href":"https:\/\/api.w.org\/{rel}","templated":true}]}}