{"id":15024,"date":"2024-11-05T22:53:08","date_gmt":"2024-11-05T20:53:08","guid":{"rendered":"https:\/\/www.accent-social.cat\/?p=15024"},"modified":"2024-11-13T19:45:47","modified_gmt":"2024-11-13T17:45:47","slug":"enfermeria-geriatrica-cuidado-salud-personas-mayores","status":"publish","type":"post","link":"https:\/\/www.accent-social.cat\/es\/enfermeria-geriatrica-cuidado-salud-personas-mayores\/","title":{"rendered":"La enfermer\u00eda geri\u00e1trica: un pilar fundamental en el cuidado de la salud de las personas mayores"},"content":{"rendered":"<h3>La enfermer\u00eda geri\u00e1trica es la especialidad que se dedica al cuidado integral de las personas mayores.<\/h3>\n<p>Este campo es crucial en el contexto de una poblaci\u00f3n global que est\u00e1 envejeciendo r\u00e1pidamente.<\/p>\n<p>Esta rama <strong>no solo aborda las necesidades f\u00edsicas, sino tambi\u00e9n las psicol\u00f3gicas, sociales y emocionales de las personas a las que atiende,<\/strong>\u00a0promoviendo su bienestar y calidad de vida.<\/p>\n<p>&nbsp;<\/p>\n<h3>LA IMPORTANCIA DE LA ENFERMER\u00cdA GERI\u00c1TRICA<\/h3>\n<p><strong>La poblaci\u00f3n mundial est\u00e1 envejeciendo a un ritmo acelerado.\u00a0<\/strong>Seg\u00fan la <a href=\"https:\/\/www.who.int\/es\/news-room\/fact-sheets\/detail\/ageing-and-health\" target=\"_blank\" rel=\"noopener\">Organizaci\u00f3n Mundial de la Salud (OMS)<\/a>, se estima que p<strong>ara el a\u00f1o 2050, la poblaci\u00f3n mayor de 60 a\u00f1os se habr\u00e1 duplicado, alcanzando los 2.100 millones.<\/strong><\/p>\n<p>Este cambio demogr\u00e1fico trae consigo una serie de retos para los sistemas de salud de todo el mundo.<\/p>\n<p>En este contexto, el cuidado especializado y hol\u00edstico dirigido a satisfacer las necesidades de salud de las personas de edad avanzada, es crucial.<\/p>\n<p>Y\u00a0<strong>los profesionales en este campo juegan un papel vital en la prevenci\u00f3n de enfermedades, el manejo de la salud a largo plazo, y en el apoyo a las personas mayores<\/strong>\u00a0para que mantengan una vida independiente y activa tanto como sea posible.<\/p>\n<hr class=\" hr_color\" style=\"margin:0 auto 30px;\"\/>\n\n<h3>6 FUNCIONES EN LAS QUE LA ENFERMER\u00cdA GERI\u00c1TRICA ES CRUCIAL<\/h3>\n<p>El personal de enfermer\u00eda geri\u00e1trica,\u00a0presente en una gran variedad de entornos, incluyendo hospitales, residencias para mayores, cl\u00ednicas de atenci\u00f3n primaria, y en domicilios particulares, como es el caso de <a href=\"https:\/\/www.accent-social.cat\/\">Accent Social<\/a>,\u00a0<strong>realiza funciones diversas que incluyen:<\/strong><\/p>\n<ul>\n<li><strong>Evaluaci\u00f3n integral de la salud,<\/strong>\u00a0abarcando aspectos f\u00edsicos, mentales, emocionales y sociales mediante la revisi\u00f3n de historiales m\u00e9dicos, la realizaci\u00f3n de ex\u00e1menes f\u00edsicos y el chequeo de la capacidad funcional y cognitiva de los pacientes.<\/li>\n<li><strong>Desarrollo de planes de cuidado personalizados<\/strong>\u00a0basados en las necesidades espec\u00edficas de cada persona, ajust\u00e1ndose regularmente para adaptarse a los cambios en su estado de salud y asegurarse que recibe la atenci\u00f3n m\u00e1s adecuada posible.<\/li>\n<li><strong>Administraci\u00f3n de medicamentos y tratamientos seg\u00fan las indicaciones m\u00e9dicas,<\/strong>\u00a0vigilando tambi\u00e9n la aparici\u00f3n de posibles efectos secundarios.<\/li>\n<li><strong>Educaci\u00f3n sobre salud y prevenci\u00f3n de enfermedades,<\/strong>\u00a0promoviendo h\u00e1bitos relacionados con la nutrici\u00f3n, el ejercicio y el abordaje de m\u00faltiples enfermedades.<\/li>\n<li><strong>Apoyo emocional y psicosocial,\u00a0<\/strong>ayudando a las personas mayores a enfrentar los desaf\u00edos asociados con el envejecimiento.<\/li>\n<li><strong>Coordinaci\u00f3n con otros profesionales de la salud para proporcionar una atenci\u00f3n integral y coordinada,<\/strong>\u00a0as\u00ed como garantizar que la\u00a0<strong>comunicaci\u00f3n sea efectiva<\/strong>\u00a0entre todos los equipos que intervienen en el cuidado de las personas mayores.<\/li>\n<\/ul>\n<hr class=\" hr_color\" style=\"margin:0 auto 30px;\"\/>\n\n<h3>RETOS Y OPORTUNIDADES<\/h3>\n<p>La enfermer\u00eda geri\u00e1trica enfrenta retos \u00fanicos, como el\u00a0<strong>manejo de la polifarmacia, la comunicaci\u00f3n con pacientes que pueden tener dificultades cognitivas, y la colaboraci\u00f3n en el cuidado con las familias y cuidadores.\u00a0<\/strong><\/p>\n<p>Sin embargo,\u00a0<strong>tambi\u00e9n ofrece oportunidades para mejorar la calidad de vida y para innovar<\/strong>\u00a0en el cuidado a trav\u00e9s de la investigaci\u00f3n y la educaci\u00f3n continua.<\/p>\n<p>Ante esta realidad, desde Accent Social queremos resaltar que, a medida que la poblaci\u00f3n envejezca, la demanda de enfermeros y enfermeras geri\u00e1tricos seguir\u00e1 creciendo.<\/p>\n<p>Esta realidad <strong>representa una llamada a la acci\u00f3n para asegurar que la sociedad pueda atender adecuadamente las necesidades de sus miembros m\u00e1s mayores\u00a0<\/strong>y que estos reciban la atenci\u00f3n y el apoyo que necesitan en esta etapa de sus vidas.<\/p>\n<p>&nbsp;<\/p>\n<p>Art\u00edculo publicado antes en <a href=\"https:\/\/www.geriatricarea.com\/2024\/07\/10\/la-enfermeria-geriatrica-un-pilar-fundamental-en-la-salud-de-los-mayores\/\" target=\"_blank\" rel=\"noopener\">GeriatricArea<\/a>.<\/p>\n<hr class=\" hr_color\" style=\"margin:0 auto 30px;\"\/>\n\n<div class=\"column one\"><div class=\"mcb-column-inner\"><br \/>\n<iframe style=\"overflow: hidden; width: 1200px; height: 258px;\" width=\"1200\" height=\"240\" frameborder=\"0\" scrolling=\"no\" data-cookieconsent=\"marketing\" data-cookieblock-src=\"https:\/\/www.facebook.com\/plugins\/page.php?href=https%3A%2F%2Fwww.facebook.com%2Faccentsocial%2F&amp;tabs=timeline&amp;width=500&amp;height=100&amp;small_header=false&amp;adapt_container_width=false&amp;hide_cover=false&amp;show_facepile=true&amp;appId\"><\/iframe><br \/>\n<\/div><\/div>\n\n","protected":false},"excerpt":{"rendered":"<p>La enfermer\u00eda geri\u00e1trica es la especialidad dedicada al cuidado integral de personas mayores: aspectos psicol\u00f3gicas, sociales y emocionales<\/p>\n","protected":false},"author":1,"featured_media":15029,"comment_status":"closed","ping_status":"open","sticky":false,"template":"","format":"standard","meta":{"footnotes":""},"categories":[235,236,173],"tags":[226,239,583],"class_list":["post-15024","post","type-post","status-publish","format-standard","has-post-thumbnail","hentry","category-residencias","category-sad-servicio-asistencia-domiciliaria","category-viviendas-con-servicios","tag-cura-de-persones-es","tag-gente-mayor","tag-salud"],"yoast_head":"<!-- This site is optimized with the Yoast SEO plugin v27.5 - https:\/\/yoast.com\/product\/yoast-seo-wordpress\/ -->\n<title>La enfermer\u00eda geri\u00e1trica, esencial en la salud de personas mayores<\/title>\n<meta name=\"description\" content=\"La enfermer\u00eda geri\u00e1trica es la especialidad dedicada al cuidado integral de personas mayores: aspectos psicol\u00f3gicas, sociales y emocionales\" \/>\n<meta name=\"robots\" content=\"index, follow, max-snippet:-1, max-image-preview:large, max-video-preview:-1\" \/>\n<link rel=\"canonical\" href=\"https:\/\/www.accent-social.cat\/es\/enfermeria-geriatrica-cuidado-salud-personas-mayores\/\" \/>\n<meta property=\"og:locale\" content=\"es_ES\" \/>\n<meta property=\"og:type\" content=\"article\" \/>\n<meta property=\"og:title\" content=\"La enfermer\u00eda geri\u00e1trica, esencial en la salud de personas mayores\" \/>\n<meta property=\"og:description\" content=\"La enfermer\u00eda geri\u00e1trica es la especialidad dedicada al cuidado integral de personas mayores: aspectos psicol\u00f3gicas, sociales y emocionales\" \/>\n<meta property=\"og:url\" content=\"https:\/\/www.accent-social.cat\/es\/enfermeria-geriatrica-cuidado-salud-personas-mayores\/\" \/>\n<meta property=\"og:site_name\" content=\"Accent Social | Serveis d&#039;Atenci\u00f3 Domicili\u00e0ria i centres per gent gran\" \/>\n<meta property=\"article:publisher\" content=\"https:\/\/www.facebook.com\/accentsocial\" \/>\n<meta property=\"article:published_time\" content=\"2024-11-05T20:53:08+00:00\" \/>\n<meta property=\"article:modified_time\" content=\"2024-11-13T17:45:47+00:00\" \/>\n<meta property=\"og:image\" content=\"https:\/\/www.accent-social.cat\/wp-content\/uploads\/2024\/10\/Infermeria-geriatrica-fonamental-per-la-salut-de-persones-grans.jpg\" \/>\n\t<meta property=\"og:image:width\" content=\"840\" \/>\n\t<meta property=\"og:image:height\" content=\"400\" \/>\n\t<meta property=\"og:image:type\" content=\"image\/jpeg\" \/>\n<meta name=\"author\" content=\"Accent Social\" \/>\n<meta name=\"twitter:card\" content=\"summary_large_image\" \/>\n<meta name=\"twitter:creator\" content=\"@accentsocial_\" \/>\n<meta name=\"twitter:site\" content=\"@accentsocial_\" \/>\n<meta name=\"twitter:label1\" content=\"Escrito por\" \/>\n\t<meta name=\"twitter:data1\" content=\"Accent Social\" \/>\n\t<meta name=\"twitter:label2\" content=\"Tiempo de lectura\" \/>\n\t<meta name=\"twitter:data2\" content=\"4 minutos\" \/>\n<script type=\"application\/ld+json\" class=\"yoast-schema-graph\">{\"@context\":\"https:\\\/\\\/schema.org\",\"@graph\":[{\"@type\":\"Article\",\"@id\":\"https:\\\/\\\/www.accent-social.cat\\\/es\\\/enfermeria-geriatrica-cuidado-salud-personas-mayores\\\/#article\",\"isPartOf\":{\"@id\":\"https:\\\/\\\/www.accent-social.cat\\\/es\\\/enfermeria-geriatrica-cuidado-salud-personas-mayores\\\/\"},\"author\":{\"name\":\"Accent Social\",\"@id\":\"https:\\\/\\\/www.accent-social.cat\\\/#\\\/schema\\\/person\\\/e3059313a7a9356d5dcb4adc2ee0396a\"},\"headline\":\"La enfermer\u00eda geri\u00e1trica: un pilar fundamental en el cuidado de la salud de las personas mayores\",\"datePublished\":\"2024-11-05T20:53:08+00:00\",\"dateModified\":\"2024-11-13T17:45:47+00:00\",\"mainEntityOfPage\":{\"@id\":\"https:\\\/\\\/www.accent-social.cat\\\/es\\\/enfermeria-geriatrica-cuidado-salud-personas-mayores\\\/\"},\"wordCount\":626,\"publisher\":{\"@id\":\"https:\\\/\\\/www.accent-social.cat\\\/#organization\"},\"image\":{\"@id\":\"https:\\\/\\\/www.accent-social.cat\\\/es\\\/enfermeria-geriatrica-cuidado-salud-personas-mayores\\\/#primaryimage\"},\"thumbnailUrl\":\"https:\\\/\\\/www.accent-social.cat\\\/wp-content\\\/uploads\\\/2024\\\/10\\\/Infermeria-geriatrica-fonamental-per-la-salut-de-persones-grans.jpg\",\"keywords\":[\"cuidado de personas\",\"gente mayor\",\"salud\"],\"articleSection\":[\"Residencias\",\"SAD Servicio Asistencia Domiciliaria\",\"Viviendas con servicios\"],\"inLanguage\":\"es\"},{\"@type\":\"WebPage\",\"@id\":\"https:\\\/\\\/www.accent-social.cat\\\/es\\\/enfermeria-geriatrica-cuidado-salud-personas-mayores\\\/\",\"url\":\"https:\\\/\\\/www.accent-social.cat\\\/es\\\/enfermeria-geriatrica-cuidado-salud-personas-mayores\\\/\",\"name\":\"La enfermer\u00eda geri\u00e1trica, esencial en la salud de personas mayores\",\"isPartOf\":{\"@id\":\"https:\\\/\\\/www.accent-social.cat\\\/#website\"},\"primaryImageOfPage\":{\"@id\":\"https:\\\/\\\/www.accent-social.cat\\\/es\\\/enfermeria-geriatrica-cuidado-salud-personas-mayores\\\/#primaryimage\"},\"image\":{\"@id\":\"https:\\\/\\\/www.accent-social.cat\\\/es\\\/enfermeria-geriatrica-cuidado-salud-personas-mayores\\\/#primaryimage\"},\"thumbnailUrl\":\"https:\\\/\\\/www.accent-social.cat\\\/wp-content\\\/uploads\\\/2024\\\/10\\\/Infermeria-geriatrica-fonamental-per-la-salut-de-persones-grans.jpg\",\"datePublished\":\"2024-11-05T20:53:08+00:00\",\"dateModified\":\"2024-11-13T17:45:47+00:00\",\"description\":\"La enfermer\u00eda geri\u00e1trica es la especialidad dedicada al cuidado integral de personas mayores: aspectos psicol\u00f3gicas, sociales y emocionales\",\"breadcrumb\":{\"@id\":\"https:\\\/\\\/www.accent-social.cat\\\/es\\\/enfermeria-geriatrica-cuidado-salud-personas-mayores\\\/#breadcrumb\"},\"inLanguage\":\"es\",\"potentialAction\":[{\"@type\":\"ReadAction\",\"target\":[\"https:\\\/\\\/www.accent-social.cat\\\/es\\\/enfermeria-geriatrica-cuidado-salud-personas-mayores\\\/\"]}]},{\"@type\":\"ImageObject\",\"inLanguage\":\"es\",\"@id\":\"https:\\\/\\\/www.accent-social.cat\\\/es\\\/enfermeria-geriatrica-cuidado-salud-personas-mayores\\\/#primaryimage\",\"url\":\"https:\\\/\\\/www.accent-social.cat\\\/wp-content\\\/uploads\\\/2024\\\/10\\\/Infermeria-geriatrica-fonamental-per-la-salut-de-persones-grans.jpg\",\"contentUrl\":\"https:\\\/\\\/www.accent-social.cat\\\/wp-content\\\/uploads\\\/2024\\\/10\\\/Infermeria-geriatrica-fonamental-per-la-salut-de-persones-grans.jpg\",\"width\":840,\"height\":400,\"caption\":\"Infermeria geri\u00e0trica fonamental per la salut de persones grans\"},{\"@type\":\"BreadcrumbList\",\"@id\":\"https:\\\/\\\/www.accent-social.cat\\\/es\\\/enfermeria-geriatrica-cuidado-salud-personas-mayores\\\/#breadcrumb\",\"itemListElement\":[{\"@type\":\"ListItem\",\"position\":1,\"name\":\"Inici\",\"item\":\"https:\\\/\\\/www.accent-social.cat\\\/es\\\/\"},{\"@type\":\"ListItem\",\"position\":2,\"name\":\"La enfermer\u00eda geri\u00e1trica: un pilar fundamental en el cuidado de la salud de las personas mayores\"}]},{\"@type\":\"WebSite\",\"@id\":\"https:\\\/\\\/www.accent-social.cat\\\/#website\",\"url\":\"https:\\\/\\\/www.accent-social.cat\\\/\",\"name\":\"Accent Social | Serveis d'Atenci\u00f3 Domicili\u00e0ria (SAD) i centres col\u00b7lectius\",\"description\":\"Serveis d&#039;Atenci\u00f3 Domicili\u00e0ria i centres de dia a Barcelona. Gesti\u00f3 de serveis socials i per a la gent gran.\",\"publisher\":{\"@id\":\"https:\\\/\\\/www.accent-social.cat\\\/#organization\"},\"potentialAction\":[{\"@type\":\"SearchAction\",\"target\":{\"@type\":\"EntryPoint\",\"urlTemplate\":\"https:\\\/\\\/www.accent-social.cat\\\/?s={search_term_string}\"},\"query-input\":{\"@type\":\"PropertyValueSpecification\",\"valueRequired\":true,\"valueName\":\"search_term_string\"}}],\"inLanguage\":\"es\"},{\"@type\":\"Organization\",\"@id\":\"https:\\\/\\\/www.accent-social.cat\\\/#organization\",\"name\":\"Accent Social\",\"url\":\"https:\\\/\\\/www.accent-social.cat\\\/\",\"logo\":{\"@type\":\"ImageObject\",\"inLanguage\":\"es\",\"@id\":\"https:\\\/\\\/www.accent-social.cat\\\/#\\\/schema\\\/logo\\\/image\\\/\",\"url\":\"https:\\\/\\\/www.accent-social.cat\\\/wp-content\\\/uploads\\\/2017\\\/09\\\/Logo-Accent-Social.jpg\",\"contentUrl\":\"https:\\\/\\\/www.accent-social.cat\\\/wp-content\\\/uploads\\\/2017\\\/09\\\/Logo-Accent-Social.jpg\",\"width\":512,\"height\":512,\"caption\":\"Accent Social\"},\"image\":{\"@id\":\"https:\\\/\\\/www.accent-social.cat\\\/#\\\/schema\\\/logo\\\/image\\\/\"},\"sameAs\":[\"https:\\\/\\\/www.facebook.com\\\/accentsocial\",\"https:\\\/\\\/x.com\\\/accentsocial_\",\"http:\\\/\\\/www.instagram.com\\\/accentsocial\",\"https:\\\/\\\/www.linkedin.com\\\/company\\\/accent-social\\\/\",\"https:\\\/\\\/www.crunchbase.com\\\/organization\\\/accent-social\",\"https:\\\/\\\/www.hotfrog.es\\\/empresa\\\/barcelona\\\/barcelona\\\/accent-social\",\"https:\\\/\\\/www.youtube.com\\\/channel\\\/UCBRsmX50gP0nPuAb5rPfr2g\"]},{\"@type\":\"Person\",\"@id\":\"https:\\\/\\\/www.accent-social.cat\\\/#\\\/schema\\\/person\\\/e3059313a7a9356d5dcb4adc2ee0396a\",\"name\":\"Accent Social\",\"image\":{\"@type\":\"ImageObject\",\"inLanguage\":\"es\",\"@id\":\"https:\\\/\\\/secure.gravatar.com\\\/avatar\\\/9a4d9b0c2bbfb1ff3da85e7195367fa23cc6b72e60b3092496806038fa837fc5?s=96&d=mm&r=g\",\"url\":\"https:\\\/\\\/secure.gravatar.com\\\/avatar\\\/9a4d9b0c2bbfb1ff3da85e7195367fa23cc6b72e60b3092496806038fa837fc5?s=96&d=mm&r=g\",\"contentUrl\":\"https:\\\/\\\/secure.gravatar.com\\\/avatar\\\/9a4d9b0c2bbfb1ff3da85e7195367fa23cc6b72e60b3092496806038fa837fc5?s=96&d=mm&r=g\",\"caption\":\"Accent Social\"}}]}<\/script>\n<!-- \/ Yoast SEO plugin. -->","yoast_head_json":{"title":"La enfermer\u00eda geri\u00e1trica, esencial en la salud de personas mayores","description":"La enfermer\u00eda geri\u00e1trica es la especialidad dedicada al cuidado integral de personas mayores: aspectos psicol\u00f3gicas, sociales y emocionales","robots":{"index":"index","follow":"follow","max-snippet":"max-snippet:-1","max-image-preview":"max-image-preview:large","max-video-preview":"max-video-preview:-1"},"canonical":"https:\/\/www.accent-social.cat\/es\/enfermeria-geriatrica-cuidado-salud-personas-mayores\/","og_locale":"es_ES","og_type":"article","og_title":"La enfermer\u00eda geri\u00e1trica, esencial en la salud de personas mayores","og_description":"La enfermer\u00eda geri\u00e1trica es la especialidad dedicada al cuidado integral de personas mayores: aspectos psicol\u00f3gicas, sociales y emocionales","og_url":"https:\/\/www.accent-social.cat\/es\/enfermeria-geriatrica-cuidado-salud-personas-mayores\/","og_site_name":"Accent Social | Serveis d&#039;Atenci\u00f3 Domicili\u00e0ria i centres per gent gran","article_publisher":"https:\/\/www.facebook.com\/accentsocial","article_published_time":"2024-11-05T20:53:08+00:00","article_modified_time":"2024-11-13T17:45:47+00:00","og_image":[{"width":840,"height":400,"url":"https:\/\/www.accent-social.cat\/wp-content\/uploads\/2024\/10\/Infermeria-geriatrica-fonamental-per-la-salut-de-persones-grans.jpg","type":"image\/jpeg"}],"author":"Accent Social","twitter_card":"summary_large_image","twitter_creator":"@accentsocial_","twitter_site":"@accentsocial_","twitter_misc":{"Escrito por":"Accent Social","Tiempo de lectura":"4 minutos"},"schema":{"@context":"https:\/\/schema.org","@graph":[{"@type":"Article","@id":"https:\/\/www.accent-social.cat\/es\/enfermeria-geriatrica-cuidado-salud-personas-mayores\/#article","isPartOf":{"@id":"https:\/\/www.accent-social.cat\/es\/enfermeria-geriatrica-cuidado-salud-personas-mayores\/"},"author":{"name":"Accent Social","@id":"https:\/\/www.accent-social.cat\/#\/schema\/person\/e3059313a7a9356d5dcb4adc2ee0396a"},"headline":"La enfermer\u00eda geri\u00e1trica: un pilar fundamental en el cuidado de la salud de las personas mayores","datePublished":"2024-11-05T20:53:08+00:00","dateModified":"2024-11-13T17:45:47+00:00","mainEntityOfPage":{"@id":"https:\/\/www.accent-social.cat\/es\/enfermeria-geriatrica-cuidado-salud-personas-mayores\/"},"wordCount":626,"publisher":{"@id":"https:\/\/www.accent-social.cat\/#organization"},"image":{"@id":"https:\/\/www.accent-social.cat\/es\/enfermeria-geriatrica-cuidado-salud-personas-mayores\/#primaryimage"},"thumbnailUrl":"https:\/\/www.accent-social.cat\/wp-content\/uploads\/2024\/10\/Infermeria-geriatrica-fonamental-per-la-salut-de-persones-grans.jpg","keywords":["cuidado de personas","gente mayor","salud"],"articleSection":["Residencias","SAD Servicio Asistencia Domiciliaria","Viviendas con servicios"],"inLanguage":"es"},{"@type":"WebPage","@id":"https:\/\/www.accent-social.cat\/es\/enfermeria-geriatrica-cuidado-salud-personas-mayores\/","url":"https:\/\/www.accent-social.cat\/es\/enfermeria-geriatrica-cuidado-salud-personas-mayores\/","name":"La enfermer\u00eda geri\u00e1trica, esencial en la salud de personas mayores","isPartOf":{"@id":"https:\/\/www.accent-social.cat\/#website"},"primaryImageOfPage":{"@id":"https:\/\/www.accent-social.cat\/es\/enfermeria-geriatrica-cuidado-salud-personas-mayores\/#primaryimage"},"image":{"@id":"https:\/\/www.accent-social.cat\/es\/enfermeria-geriatrica-cuidado-salud-personas-mayores\/#primaryimage"},"thumbnailUrl":"https:\/\/www.accent-social.cat\/wp-content\/uploads\/2024\/10\/Infermeria-geriatrica-fonamental-per-la-salut-de-persones-grans.jpg","datePublished":"2024-11-05T20:53:08+00:00","dateModified":"2024-11-13T17:45:47+00:00","description":"La enfermer\u00eda geri\u00e1trica es la especialidad dedicada al cuidado integral de personas mayores: aspectos psicol\u00f3gicas, sociales y emocionales","breadcrumb":{"@id":"https:\/\/www.accent-social.cat\/es\/enfermeria-geriatrica-cuidado-salud-personas-mayores\/#breadcrumb"},"inLanguage":"es","potentialAction":[{"@type":"ReadAction","target":["https:\/\/www.accent-social.cat\/es\/enfermeria-geriatrica-cuidado-salud-personas-mayores\/"]}]},{"@type":"ImageObject","inLanguage":"es","@id":"https:\/\/www.accent-social.cat\/es\/enfermeria-geriatrica-cuidado-salud-personas-mayores\/#primaryimage","url":"https:\/\/www.accent-social.cat\/wp-content\/uploads\/2024\/10\/Infermeria-geriatrica-fonamental-per-la-salut-de-persones-grans.jpg","contentUrl":"https:\/\/www.accent-social.cat\/wp-content\/uploads\/2024\/10\/Infermeria-geriatrica-fonamental-per-la-salut-de-persones-grans.jpg","width":840,"height":400,"caption":"Infermeria geri\u00e0trica fonamental per la salut de persones grans"},{"@type":"BreadcrumbList","@id":"https:\/\/www.accent-social.cat\/es\/enfermeria-geriatrica-cuidado-salud-personas-mayores\/#breadcrumb","itemListElement":[{"@type":"ListItem","position":1,"name":"Inici","item":"https:\/\/www.accent-social.cat\/es\/"},{"@type":"ListItem","position":2,"name":"La enfermer\u00eda geri\u00e1trica: un pilar fundamental en el cuidado de la salud de las personas mayores"}]},{"@type":"WebSite","@id":"https:\/\/www.accent-social.cat\/#website","url":"https:\/\/www.accent-social.cat\/","name":"Accent Social | Serveis d'Atenci\u00f3 Domicili\u00e0ria (SAD) i centres col\u00b7lectius","description":"Serveis d&#039;Atenci\u00f3 Domicili\u00e0ria i centres de dia a Barcelona. Gesti\u00f3 de serveis socials i per a la gent gran.","publisher":{"@id":"https:\/\/www.accent-social.cat\/#organization"},"potentialAction":[{"@type":"SearchAction","target":{"@type":"EntryPoint","urlTemplate":"https:\/\/www.accent-social.cat\/?s={search_term_string}"},"query-input":{"@type":"PropertyValueSpecification","valueRequired":true,"valueName":"search_term_string"}}],"inLanguage":"es"},{"@type":"Organization","@id":"https:\/\/www.accent-social.cat\/#organization","name":"Accent Social","url":"https:\/\/www.accent-social.cat\/","logo":{"@type":"ImageObject","inLanguage":"es","@id":"https:\/\/www.accent-social.cat\/#\/schema\/logo\/image\/","url":"https:\/\/www.accent-social.cat\/wp-content\/uploads\/2017\/09\/Logo-Accent-Social.jpg","contentUrl":"https:\/\/www.accent-social.cat\/wp-content\/uploads\/2017\/09\/Logo-Accent-Social.jpg","width":512,"height":512,"caption":"Accent Social"},"image":{"@id":"https:\/\/www.accent-social.cat\/#\/schema\/logo\/image\/"},"sameAs":["https:\/\/www.facebook.com\/accentsocial","https:\/\/x.com\/accentsocial_","http:\/\/www.instagram.com\/accentsocial","https:\/\/www.linkedin.com\/company\/accent-social\/","https:\/\/www.crunchbase.com\/organization\/accent-social","https:\/\/www.hotfrog.es\/empresa\/barcelona\/barcelona\/accent-social","https:\/\/www.youtube.com\/channel\/UCBRsmX50gP0nPuAb5rPfr2g"]},{"@type":"Person","@id":"https:\/\/www.accent-social.cat\/#\/schema\/person\/e3059313a7a9356d5dcb4adc2ee0396a","name":"Accent Social","image":{"@type":"ImageObject","inLanguage":"es","@id":"https:\/\/secure.gravatar.com\/avatar\/9a4d9b0c2bbfb1ff3da85e7195367fa23cc6b72e60b3092496806038fa837fc5?s=96&d=mm&r=g","url":"https:\/\/secure.gravatar.com\/avatar\/9a4d9b0c2bbfb1ff3da85e7195367fa23cc6b72e60b3092496806038fa837fc5?s=96&d=mm&r=g","contentUrl":"https:\/\/secure.gravatar.com\/avatar\/9a4d9b0c2bbfb1ff3da85e7195367fa23cc6b72e60b3092496806038fa837fc5?s=96&d=mm&r=g","caption":"Accent Social"}}]}},"_links":{"self":[{"href":"https:\/\/www.accent-social.cat\/es\/wp-json\/wp\/v2\/posts\/15024","targetHints":{"allow":["GET"]}}],"collection":[{"href":"https:\/\/www.accent-social.cat\/es\/wp-json\/wp\/v2\/posts"}],"about":[{"href":"https:\/\/www.accent-social.cat\/es\/wp-json\/wp\/v2\/types\/post"}],"author":[{"embeddable":true,"href":"https:\/\/www.accent-social.cat\/es\/wp-json\/wp\/v2\/users\/1"}],"replies":[{"embeddable":true,"href":"https:\/\/www.accent-social.cat\/es\/wp-json\/wp\/v2\/comments?post=15024"}],"version-history":[{"count":6,"href":"https:\/\/www.accent-social.cat\/es\/wp-json\/wp\/v2\/posts\/15024\/revisions"}],"predecessor-version":[{"id":15038,"href":"https:\/\/www.accent-social.cat\/es\/wp-json\/wp\/v2\/posts\/15024\/revisions\/15038"}],"wp:featuredmedia":[{"embeddable":true,"href":"https:\/\/www.accent-social.cat\/es\/wp-json\/wp\/v2\/media\/15029"}],"wp:attachment":[{"href":"https:\/\/www.accent-social.cat\/es\/wp-json\/wp\/v2\/media?parent=15024"}],"wp:term":[{"taxonomy":"category","embeddable":true,"href":"https:\/\/www.accent-social.cat\/es\/wp-json\/wp\/v2\/categories?post=15024"},{"taxonomy":"post_tag","embeddable":true,"href":"https:\/\/www.accent-social.cat\/es\/wp-json\/wp\/v2\/tags?post=15024"}],"curies":[{"name":"wp","href":"https:\/\/api.w.org\/{rel}","templated":true}]}}