{"id":14948,"date":"2024-07-20T14:45:47","date_gmt":"2024-07-20T12:45:47","guid":{"rendered":"https:\/\/www.accent-social.cat\/?p=14948"},"modified":"2024-07-20T16:33:53","modified_gmt":"2024-07-20T14:33:53","slug":"los-cambios-emocionales-en-las-personas-mayores-y-la-salud-mental","status":"publish","type":"post","link":"https:\/\/www.accent-social.cat\/es\/los-cambios-emocionales-en-las-personas-mayores-y-la-salud-mental\/","title":{"rendered":"Los cambios emocionales en las personas mayores y la salud mental"},"content":{"rendered":"<h3>Los cambios emocionales pueden ser indicadores de trastornos o enfermedades de salud mental, en frajas de edad avanzadas.<\/h3>\n<p>Las trabajadoras y trabajadores familiares, y profesionales de la gericultura, son clave a la hora de detectar las posibles alteraciones en la estabilidad emocional y mental de las personas mayores.<\/p>\n<p>Seg\u00fan datos de la <a href=\"https:\/\/www.who.int\/es\" target=\"_blank\" rel=\"noopener\"><strong>Organizaci\u00f3n Mundial de la Salud<\/strong><\/a>, aproximadamente el 14% de los adultos de 60 a\u00f1os o m\u00e1s viven con un trastorno mental, entre los cuales destacan <strong>la depresi\u00f3n, la ansiedad y la demencia<\/strong> como las afecciones m\u00e1s frecuentes.<\/p>\n<p>Es esencial reconocer y tratarlas estos trastornos con prontitud. En este sentido, Susana Zafra, psic\u00f3loga y directora de las Viviendas con servicios para personas mayores Urrutia, que gestiona Accent Social, se\u00f1ala:<\/p>\n<p>&nbsp;<\/p>\n<p style=\"padding-left: 40px;\"><span style=\"color: #ab4fab;\"><em>\u201cLos trabajadores de atenci\u00f3n directa son los primeros en detectar estos cambios por el v\u00ednculo que se establece en la atenci\u00f3n que ofrecen diariamente\u201d.<\/em><\/span><\/p>\n<p>&nbsp;<\/p>\n<hr class=\" hr_color\" style=\"margin:0 auto 30px;\"\/>\n\n<h3>LA IMPORTANCIA DE DETECTAR CAMBIOS EN LAS RUTINAS DEL SUE\u00d1O Y LA ALIMENTACI\u00d3N<\/h3>\n<p>La detecci\u00f3n de cambios en las rutinas de la persona, en el <strong>patr\u00f3n del sue\u00f1o o en el alimentario<\/strong>, as\u00ed como que la persona est\u00e9 m\u00e1s nerviosa o pase m\u00e1s tiempo en la cama son posibles indicios de alguna patolog\u00eda que pueda estar gener\u00e1ndoles malestar.<\/p>\n<p>Adem\u00e1s, Mercedes Da Silva, gericultora y auxiliar de geriatr\u00eda de Accent Social, a\u00f1ade que los <strong>cambios de humor, de actitud y de \u00e1nimo<\/strong>, tambi\u00e9n son algunos s\u00edntomas.<\/p>\n<p>\u201cPersonas usuarias que siempre han sido tranquilas y amables, de repente, un d\u00eda empiezan a decir palabrotas, a decirte cosas sin sentido, cambian completamente de personalidad, as\u00ed como su estado an\u00edmico es m\u00e1s negativo\u201d, indica.<\/p>\n<p>Por otro lado, <strong>la p\u00e9rdida de memoria, de h\u00e1bitos de higiene personal, de la limpieza<\/strong>, as\u00ed como la desorientaci\u00f3n y la confusi\u00f3n que pueden sufrir las personas mayores, tambi\u00e9n son algunos indicios para sospechar que algo est\u00e1 pasando.<\/p>\n<p>&nbsp;<br \/>\n<hr class=\" hr_color\" style=\"margin:0 auto 30px;\"\/>\n<\/p>\n<h3>SI HAY INDICIOS, CONVIENE OBTENER UN DIAGN\u00d3STICO<\/h3>\n<p>Por otra parte, como afirma <strong>Montse Parcerisa<\/strong>, psic\u00f3loga y directora de la <a href=\"https:\/\/guia.barcelona.cat\/es\/detall\/residencia-assistida-per-a-gent-gran-fort-pienc_99400042821.html\" target=\"_blank\" rel=\"noopener\"><strong>Residencia Fort Pienc<\/strong><\/a>, tambi\u00e9n gestionada por Accent Social:<\/p>\n<p>&nbsp;<\/p>\n<p style=\"padding-left: 40px;\"><span style=\"color: #ab4fab;\"><em>\u201cHay personas que se dan cuenta y son plenamente conscientes de que est\u00e1n perdiendo facultades, lo cual les genera un cambio de comportamiento porque les provoca angustia o incluso puede inducirles a sufrir una depresi\u00f3n\u201d.<\/em><\/span><\/p>\n<p>&nbsp;<\/p>\n<p>Para que este malestar se detecte de forma precoz y no genere un mayor sufrimiento a las personas que lo experimentan, desde los diferentes servicios gestionados por Accent Social destacan que, una vez observados estos indicios, <strong>es clave derivarlos a los diferentes recursos sanitarios<\/strong> disponibles para que se les realice un diagn\u00f3stico y puedan recibir el tratamiento y la ayuda que necesitan.<\/p>\n<hr class=\" hr_color\" style=\"margin:0 auto 30px;\"\/>\n\n<h3>EL ACOMPA\u00d1AMIENTO, ESENCIAL EN ESTOS CASOS<\/h3>\n<p>En todo este proceso el acompa\u00f1amiento es fundamental. Tal comO afirma Parcerisa:<\/p>\n<p>&nbsp;<\/p>\n<p style=\"padding-left: 40px;\"><span style=\"color: #ab4fab;\"><em>\u201cIntentamos que los procesos de dependencia evolucionen lo m\u00e1s lentamente posible, alargando la autonom\u00eda de las personas usuarias al m\u00e1ximo y dando apoyo continuo a las familias tanto como podemos\u201d.<\/em><\/span><\/p>\n<p>&nbsp;<\/p>\n<p style=\"padding-left: 40px;\"><span style=\"color: #ab4fab;\"><em>\u201cA pesar de las dificultades que conlleva, nuestro trabajo es muy gratificante, ya que consiste en ofrecer a las personas usuarias calidad de vida, amor, apoyo emocional y acompa\u00f1amiento profesional en todos los procesos que experimenten, por desafiantes que sean\u201d.<\/em><\/span><\/p>\n<p>&nbsp;<\/p>\n<p>En funci\u00f3n de este acompa\u00f1amiento se establecen diferentes pautas para garantizar el bienestar de las personas usuarias como por ejemplo:<\/p>\n<p>&nbsp;<\/p>\n<ul>\n<li>hacerles un seguimiento continuo para observar si hay m\u00e1s cambios de comportamiento o psicol\u00f3gicos<\/li>\n<li>promover h\u00e1bitos saludables<\/li>\n<li>controlar si se debe revisar la medicaci\u00f3n<\/li>\n<li>realizar actividades que els gustan<\/li>\n<\/ul>\n<p>&nbsp;<\/p>\n<hr class=\" hr_color\" style=\"margin:0 auto 30px;\"\/>\n\n<div class=\"column one\"><div class=\"mcb-column-inner\"><br \/>\n<iframe style=\"overflow: hidden; width: 1200px; height: 258px;\" width=\"1200\" height=\"240\" frameborder=\"0\" scrolling=\"no\" data-cookieconsent=\"marketing\" data-cookieblock-src=\"https:\/\/www.facebook.com\/plugins\/page.php?href=https%3A%2F%2Fwww.facebook.com%2Faccentsocial%2F&amp;tabs=timeline&amp;width=500&amp;height=100&amp;small_header=false&amp;adapt_container_width=false&amp;hide_cover=false&amp;show_facepile=true&amp;appId\"><\/iframe><br \/>\n<\/div><\/div>\n\n","protected":false},"excerpt":{"rendered":"<p>Los cambios emocionales pueden ser indicadores de trastornos o enfermedades de salud mental, en frajas de edad avanzadas.<\/p>\n","protected":false},"author":1,"featured_media":14937,"comment_status":"closed","ping_status":"open","sticky":false,"template":"","format":"standard","meta":{"footnotes":""},"categories":[470,359],"tags":[469,577,220,223],"class_list":["post-14948","post","type-post","status-publish","format-standard","has-post-thumbnail","hentry","category-buen-trato-personas-mayores","category-proyectos","tag-calidad-de-vida","tag-emociones","tag-gent-gran-es","tag-residencia-es"],"yoast_head":"<!-- This site is optimized with the Yoast SEO plugin v27.5 - https:\/\/yoast.com\/product\/yoast-seo-wordpress\/ -->\n<title>Cambios emocionales en las personas mayores y salud mental<\/title>\n<meta name=\"description\" content=\"Los cambios emocionales pueden ser indicadores de trastornos o enfermedades de salud mental, en frajas de edad avanzadas.\" \/>\n<meta name=\"robots\" content=\"index, follow, max-snippet:-1, max-image-preview:large, max-video-preview:-1\" \/>\n<link rel=\"canonical\" href=\"https:\/\/www.accent-social.cat\/es\/los-cambios-emocionales-en-las-personas-mayores-y-la-salud-mental\/\" \/>\n<meta property=\"og:locale\" content=\"es_ES\" \/>\n<meta property=\"og:type\" content=\"article\" \/>\n<meta property=\"og:title\" content=\"Cambios emocionales en las personas mayores y salud mental\" \/>\n<meta property=\"og:description\" content=\"Los cambios emocionales pueden ser indicadores de trastornos o enfermedades de salud mental, en frajas de edad avanzadas.\" \/>\n<meta property=\"og:url\" content=\"https:\/\/www.accent-social.cat\/es\/los-cambios-emocionales-en-las-personas-mayores-y-la-salud-mental\/\" \/>\n<meta property=\"og:site_name\" content=\"Accent Social | Serveis d&#039;Atenci\u00f3 Domicili\u00e0ria i centres per gent gran\" \/>\n<meta property=\"article:publisher\" content=\"https:\/\/www.facebook.com\/accentsocial\" \/>\n<meta property=\"article:published_time\" content=\"2024-07-20T12:45:47+00:00\" \/>\n<meta property=\"article:modified_time\" content=\"2024-07-20T14:33:53+00:00\" \/>\n<meta property=\"og:image\" content=\"https:\/\/www.accent-social.cat\/wp-content\/uploads\/2024\/07\/Canvis-emocionals-en-les-persones-grans.jpg\" \/>\n\t<meta property=\"og:image:width\" content=\"840\" \/>\n\t<meta property=\"og:image:height\" content=\"400\" \/>\n\t<meta property=\"og:image:type\" content=\"image\/jpeg\" \/>\n<meta name=\"author\" content=\"Accent Social\" \/>\n<meta name=\"twitter:card\" content=\"summary_large_image\" \/>\n<meta name=\"twitter:creator\" content=\"@accentsocial_\" \/>\n<meta name=\"twitter:site\" content=\"@accentsocial_\" \/>\n<meta name=\"twitter:label1\" content=\"Escrito por\" \/>\n\t<meta name=\"twitter:data1\" content=\"Accent Social\" \/>\n\t<meta name=\"twitter:label2\" content=\"Tiempo de lectura\" \/>\n\t<meta name=\"twitter:data2\" content=\"4 minutos\" \/>\n<script type=\"application\/ld+json\" class=\"yoast-schema-graph\">{\"@context\":\"https:\\\/\\\/schema.org\",\"@graph\":[{\"@type\":\"Article\",\"@id\":\"https:\\\/\\\/www.accent-social.cat\\\/es\\\/los-cambios-emocionales-en-las-personas-mayores-y-la-salud-mental\\\/#article\",\"isPartOf\":{\"@id\":\"https:\\\/\\\/www.accent-social.cat\\\/es\\\/los-cambios-emocionales-en-las-personas-mayores-y-la-salud-mental\\\/\"},\"author\":{\"name\":\"Accent Social\",\"@id\":\"https:\\\/\\\/www.accent-social.cat\\\/#\\\/schema\\\/person\\\/e3059313a7a9356d5dcb4adc2ee0396a\"},\"headline\":\"Los cambios emocionales en las personas mayores y la salud mental\",\"datePublished\":\"2024-07-20T12:45:47+00:00\",\"dateModified\":\"2024-07-20T14:33:53+00:00\",\"mainEntityOfPage\":{\"@id\":\"https:\\\/\\\/www.accent-social.cat\\\/es\\\/los-cambios-emocionales-en-las-personas-mayores-y-la-salud-mental\\\/\"},\"wordCount\":663,\"publisher\":{\"@id\":\"https:\\\/\\\/www.accent-social.cat\\\/#organization\"},\"image\":{\"@id\":\"https:\\\/\\\/www.accent-social.cat\\\/es\\\/los-cambios-emocionales-en-las-personas-mayores-y-la-salud-mental\\\/#primaryimage\"},\"thumbnailUrl\":\"https:\\\/\\\/www.accent-social.cat\\\/wp-content\\\/uploads\\\/2024\\\/07\\\/Canvis-emocionals-en-les-persones-grans.jpg\",\"keywords\":[\"calidad de vida\",\"emociones\",\"gent gran\",\"resid\u00e8ncia\"],\"articleSection\":[\"Buen trato a personas mayores\",\"Proyectos\"],\"inLanguage\":\"es\"},{\"@type\":\"WebPage\",\"@id\":\"https:\\\/\\\/www.accent-social.cat\\\/es\\\/los-cambios-emocionales-en-las-personas-mayores-y-la-salud-mental\\\/\",\"url\":\"https:\\\/\\\/www.accent-social.cat\\\/es\\\/los-cambios-emocionales-en-las-personas-mayores-y-la-salud-mental\\\/\",\"name\":\"Cambios emocionales en las personas mayores y salud mental\",\"isPartOf\":{\"@id\":\"https:\\\/\\\/www.accent-social.cat\\\/#website\"},\"primaryImageOfPage\":{\"@id\":\"https:\\\/\\\/www.accent-social.cat\\\/es\\\/los-cambios-emocionales-en-las-personas-mayores-y-la-salud-mental\\\/#primaryimage\"},\"image\":{\"@id\":\"https:\\\/\\\/www.accent-social.cat\\\/es\\\/los-cambios-emocionales-en-las-personas-mayores-y-la-salud-mental\\\/#primaryimage\"},\"thumbnailUrl\":\"https:\\\/\\\/www.accent-social.cat\\\/wp-content\\\/uploads\\\/2024\\\/07\\\/Canvis-emocionals-en-les-persones-grans.jpg\",\"datePublished\":\"2024-07-20T12:45:47+00:00\",\"dateModified\":\"2024-07-20T14:33:53+00:00\",\"description\":\"Los cambios emocionales pueden ser indicadores de trastornos o enfermedades de salud mental, en frajas de edad avanzadas.\",\"breadcrumb\":{\"@id\":\"https:\\\/\\\/www.accent-social.cat\\\/es\\\/los-cambios-emocionales-en-las-personas-mayores-y-la-salud-mental\\\/#breadcrumb\"},\"inLanguage\":\"es\",\"potentialAction\":[{\"@type\":\"ReadAction\",\"target\":[\"https:\\\/\\\/www.accent-social.cat\\\/es\\\/los-cambios-emocionales-en-las-personas-mayores-y-la-salud-mental\\\/\"]}]},{\"@type\":\"ImageObject\",\"inLanguage\":\"es\",\"@id\":\"https:\\\/\\\/www.accent-social.cat\\\/es\\\/los-cambios-emocionales-en-las-personas-mayores-y-la-salud-mental\\\/#primaryimage\",\"url\":\"https:\\\/\\\/www.accent-social.cat\\\/wp-content\\\/uploads\\\/2024\\\/07\\\/Canvis-emocionals-en-les-persones-grans.jpg\",\"contentUrl\":\"https:\\\/\\\/www.accent-social.cat\\\/wp-content\\\/uploads\\\/2024\\\/07\\\/Canvis-emocionals-en-les-persones-grans.jpg\",\"width\":840,\"height\":400,\"caption\":\"Canvis emocionals en les persones grans\"},{\"@type\":\"BreadcrumbList\",\"@id\":\"https:\\\/\\\/www.accent-social.cat\\\/es\\\/los-cambios-emocionales-en-las-personas-mayores-y-la-salud-mental\\\/#breadcrumb\",\"itemListElement\":[{\"@type\":\"ListItem\",\"position\":1,\"name\":\"Inici\",\"item\":\"https:\\\/\\\/www.accent-social.cat\\\/es\\\/\"},{\"@type\":\"ListItem\",\"position\":2,\"name\":\"Los cambios emocionales en las personas mayores y la salud mental\"}]},{\"@type\":\"WebSite\",\"@id\":\"https:\\\/\\\/www.accent-social.cat\\\/#website\",\"url\":\"https:\\\/\\\/www.accent-social.cat\\\/\",\"name\":\"Accent Social | Serveis d'Atenci\u00f3 Domicili\u00e0ria (SAD) i centres col\u00b7lectius\",\"description\":\"Serveis d&#039;Atenci\u00f3 Domicili\u00e0ria i centres de dia a Barcelona. Gesti\u00f3 de serveis socials i per a la gent gran.\",\"publisher\":{\"@id\":\"https:\\\/\\\/www.accent-social.cat\\\/#organization\"},\"potentialAction\":[{\"@type\":\"SearchAction\",\"target\":{\"@type\":\"EntryPoint\",\"urlTemplate\":\"https:\\\/\\\/www.accent-social.cat\\\/?s={search_term_string}\"},\"query-input\":{\"@type\":\"PropertyValueSpecification\",\"valueRequired\":true,\"valueName\":\"search_term_string\"}}],\"inLanguage\":\"es\"},{\"@type\":\"Organization\",\"@id\":\"https:\\\/\\\/www.accent-social.cat\\\/#organization\",\"name\":\"Accent Social\",\"url\":\"https:\\\/\\\/www.accent-social.cat\\\/\",\"logo\":{\"@type\":\"ImageObject\",\"inLanguage\":\"es\",\"@id\":\"https:\\\/\\\/www.accent-social.cat\\\/#\\\/schema\\\/logo\\\/image\\\/\",\"url\":\"https:\\\/\\\/www.accent-social.cat\\\/wp-content\\\/uploads\\\/2017\\\/09\\\/Logo-Accent-Social.jpg\",\"contentUrl\":\"https:\\\/\\\/www.accent-social.cat\\\/wp-content\\\/uploads\\\/2017\\\/09\\\/Logo-Accent-Social.jpg\",\"width\":512,\"height\":512,\"caption\":\"Accent Social\"},\"image\":{\"@id\":\"https:\\\/\\\/www.accent-social.cat\\\/#\\\/schema\\\/logo\\\/image\\\/\"},\"sameAs\":[\"https:\\\/\\\/www.facebook.com\\\/accentsocial\",\"https:\\\/\\\/x.com\\\/accentsocial_\",\"http:\\\/\\\/www.instagram.com\\\/accentsocial\",\"https:\\\/\\\/www.linkedin.com\\\/company\\\/accent-social\\\/\",\"https:\\\/\\\/www.crunchbase.com\\\/organization\\\/accent-social\",\"https:\\\/\\\/www.hotfrog.es\\\/empresa\\\/barcelona\\\/barcelona\\\/accent-social\",\"https:\\\/\\\/www.youtube.com\\\/channel\\\/UCBRsmX50gP0nPuAb5rPfr2g\"]},{\"@type\":\"Person\",\"@id\":\"https:\\\/\\\/www.accent-social.cat\\\/#\\\/schema\\\/person\\\/e3059313a7a9356d5dcb4adc2ee0396a\",\"name\":\"Accent Social\",\"image\":{\"@type\":\"ImageObject\",\"inLanguage\":\"es\",\"@id\":\"https:\\\/\\\/secure.gravatar.com\\\/avatar\\\/9a4d9b0c2bbfb1ff3da85e7195367fa23cc6b72e60b3092496806038fa837fc5?s=96&d=mm&r=g\",\"url\":\"https:\\\/\\\/secure.gravatar.com\\\/avatar\\\/9a4d9b0c2bbfb1ff3da85e7195367fa23cc6b72e60b3092496806038fa837fc5?s=96&d=mm&r=g\",\"contentUrl\":\"https:\\\/\\\/secure.gravatar.com\\\/avatar\\\/9a4d9b0c2bbfb1ff3da85e7195367fa23cc6b72e60b3092496806038fa837fc5?s=96&d=mm&r=g\",\"caption\":\"Accent Social\"}}]}<\/script>\n<!-- \/ Yoast SEO plugin. -->","yoast_head_json":{"title":"Cambios emocionales en las personas mayores y salud mental","description":"Los cambios emocionales pueden ser indicadores de trastornos o enfermedades de salud mental, en frajas de edad avanzadas.","robots":{"index":"index","follow":"follow","max-snippet":"max-snippet:-1","max-image-preview":"max-image-preview:large","max-video-preview":"max-video-preview:-1"},"canonical":"https:\/\/www.accent-social.cat\/es\/los-cambios-emocionales-en-las-personas-mayores-y-la-salud-mental\/","og_locale":"es_ES","og_type":"article","og_title":"Cambios emocionales en las personas mayores y salud mental","og_description":"Los cambios emocionales pueden ser indicadores de trastornos o enfermedades de salud mental, en frajas de edad avanzadas.","og_url":"https:\/\/www.accent-social.cat\/es\/los-cambios-emocionales-en-las-personas-mayores-y-la-salud-mental\/","og_site_name":"Accent Social | Serveis d&#039;Atenci\u00f3 Domicili\u00e0ria i centres per gent gran","article_publisher":"https:\/\/www.facebook.com\/accentsocial","article_published_time":"2024-07-20T12:45:47+00:00","article_modified_time":"2024-07-20T14:33:53+00:00","og_image":[{"width":840,"height":400,"url":"https:\/\/www.accent-social.cat\/wp-content\/uploads\/2024\/07\/Canvis-emocionals-en-les-persones-grans.jpg","type":"image\/jpeg"}],"author":"Accent Social","twitter_card":"summary_large_image","twitter_creator":"@accentsocial_","twitter_site":"@accentsocial_","twitter_misc":{"Escrito por":"Accent Social","Tiempo de lectura":"4 minutos"},"schema":{"@context":"https:\/\/schema.org","@graph":[{"@type":"Article","@id":"https:\/\/www.accent-social.cat\/es\/los-cambios-emocionales-en-las-personas-mayores-y-la-salud-mental\/#article","isPartOf":{"@id":"https:\/\/www.accent-social.cat\/es\/los-cambios-emocionales-en-las-personas-mayores-y-la-salud-mental\/"},"author":{"name":"Accent Social","@id":"https:\/\/www.accent-social.cat\/#\/schema\/person\/e3059313a7a9356d5dcb4adc2ee0396a"},"headline":"Los cambios emocionales en las personas mayores y la salud mental","datePublished":"2024-07-20T12:45:47+00:00","dateModified":"2024-07-20T14:33:53+00:00","mainEntityOfPage":{"@id":"https:\/\/www.accent-social.cat\/es\/los-cambios-emocionales-en-las-personas-mayores-y-la-salud-mental\/"},"wordCount":663,"publisher":{"@id":"https:\/\/www.accent-social.cat\/#organization"},"image":{"@id":"https:\/\/www.accent-social.cat\/es\/los-cambios-emocionales-en-las-personas-mayores-y-la-salud-mental\/#primaryimage"},"thumbnailUrl":"https:\/\/www.accent-social.cat\/wp-content\/uploads\/2024\/07\/Canvis-emocionals-en-les-persones-grans.jpg","keywords":["calidad de vida","emociones","gent gran","resid\u00e8ncia"],"articleSection":["Buen trato a personas mayores","Proyectos"],"inLanguage":"es"},{"@type":"WebPage","@id":"https:\/\/www.accent-social.cat\/es\/los-cambios-emocionales-en-las-personas-mayores-y-la-salud-mental\/","url":"https:\/\/www.accent-social.cat\/es\/los-cambios-emocionales-en-las-personas-mayores-y-la-salud-mental\/","name":"Cambios emocionales en las personas mayores y salud mental","isPartOf":{"@id":"https:\/\/www.accent-social.cat\/#website"},"primaryImageOfPage":{"@id":"https:\/\/www.accent-social.cat\/es\/los-cambios-emocionales-en-las-personas-mayores-y-la-salud-mental\/#primaryimage"},"image":{"@id":"https:\/\/www.accent-social.cat\/es\/los-cambios-emocionales-en-las-personas-mayores-y-la-salud-mental\/#primaryimage"},"thumbnailUrl":"https:\/\/www.accent-social.cat\/wp-content\/uploads\/2024\/07\/Canvis-emocionals-en-les-persones-grans.jpg","datePublished":"2024-07-20T12:45:47+00:00","dateModified":"2024-07-20T14:33:53+00:00","description":"Los cambios emocionales pueden ser indicadores de trastornos o enfermedades de salud mental, en frajas de edad avanzadas.","breadcrumb":{"@id":"https:\/\/www.accent-social.cat\/es\/los-cambios-emocionales-en-las-personas-mayores-y-la-salud-mental\/#breadcrumb"},"inLanguage":"es","potentialAction":[{"@type":"ReadAction","target":["https:\/\/www.accent-social.cat\/es\/los-cambios-emocionales-en-las-personas-mayores-y-la-salud-mental\/"]}]},{"@type":"ImageObject","inLanguage":"es","@id":"https:\/\/www.accent-social.cat\/es\/los-cambios-emocionales-en-las-personas-mayores-y-la-salud-mental\/#primaryimage","url":"https:\/\/www.accent-social.cat\/wp-content\/uploads\/2024\/07\/Canvis-emocionals-en-les-persones-grans.jpg","contentUrl":"https:\/\/www.accent-social.cat\/wp-content\/uploads\/2024\/07\/Canvis-emocionals-en-les-persones-grans.jpg","width":840,"height":400,"caption":"Canvis emocionals en les persones grans"},{"@type":"BreadcrumbList","@id":"https:\/\/www.accent-social.cat\/es\/los-cambios-emocionales-en-las-personas-mayores-y-la-salud-mental\/#breadcrumb","itemListElement":[{"@type":"ListItem","position":1,"name":"Inici","item":"https:\/\/www.accent-social.cat\/es\/"},{"@type":"ListItem","position":2,"name":"Los cambios emocionales en las personas mayores y la salud mental"}]},{"@type":"WebSite","@id":"https:\/\/www.accent-social.cat\/#website","url":"https:\/\/www.accent-social.cat\/","name":"Accent Social | Serveis d'Atenci\u00f3 Domicili\u00e0ria (SAD) i centres col\u00b7lectius","description":"Serveis d&#039;Atenci\u00f3 Domicili\u00e0ria i centres de dia a Barcelona. Gesti\u00f3 de serveis socials i per a la gent gran.","publisher":{"@id":"https:\/\/www.accent-social.cat\/#organization"},"potentialAction":[{"@type":"SearchAction","target":{"@type":"EntryPoint","urlTemplate":"https:\/\/www.accent-social.cat\/?s={search_term_string}"},"query-input":{"@type":"PropertyValueSpecification","valueRequired":true,"valueName":"search_term_string"}}],"inLanguage":"es"},{"@type":"Organization","@id":"https:\/\/www.accent-social.cat\/#organization","name":"Accent Social","url":"https:\/\/www.accent-social.cat\/","logo":{"@type":"ImageObject","inLanguage":"es","@id":"https:\/\/www.accent-social.cat\/#\/schema\/logo\/image\/","url":"https:\/\/www.accent-social.cat\/wp-content\/uploads\/2017\/09\/Logo-Accent-Social.jpg","contentUrl":"https:\/\/www.accent-social.cat\/wp-content\/uploads\/2017\/09\/Logo-Accent-Social.jpg","width":512,"height":512,"caption":"Accent Social"},"image":{"@id":"https:\/\/www.accent-social.cat\/#\/schema\/logo\/image\/"},"sameAs":["https:\/\/www.facebook.com\/accentsocial","https:\/\/x.com\/accentsocial_","http:\/\/www.instagram.com\/accentsocial","https:\/\/www.linkedin.com\/company\/accent-social\/","https:\/\/www.crunchbase.com\/organization\/accent-social","https:\/\/www.hotfrog.es\/empresa\/barcelona\/barcelona\/accent-social","https:\/\/www.youtube.com\/channel\/UCBRsmX50gP0nPuAb5rPfr2g"]},{"@type":"Person","@id":"https:\/\/www.accent-social.cat\/#\/schema\/person\/e3059313a7a9356d5dcb4adc2ee0396a","name":"Accent Social","image":{"@type":"ImageObject","inLanguage":"es","@id":"https:\/\/secure.gravatar.com\/avatar\/9a4d9b0c2bbfb1ff3da85e7195367fa23cc6b72e60b3092496806038fa837fc5?s=96&d=mm&r=g","url":"https:\/\/secure.gravatar.com\/avatar\/9a4d9b0c2bbfb1ff3da85e7195367fa23cc6b72e60b3092496806038fa837fc5?s=96&d=mm&r=g","contentUrl":"https:\/\/secure.gravatar.com\/avatar\/9a4d9b0c2bbfb1ff3da85e7195367fa23cc6b72e60b3092496806038fa837fc5?s=96&d=mm&r=g","caption":"Accent Social"}}]}},"_links":{"self":[{"href":"https:\/\/www.accent-social.cat\/es\/wp-json\/wp\/v2\/posts\/14948","targetHints":{"allow":["GET"]}}],"collection":[{"href":"https:\/\/www.accent-social.cat\/es\/wp-json\/wp\/v2\/posts"}],"about":[{"href":"https:\/\/www.accent-social.cat\/es\/wp-json\/wp\/v2\/types\/post"}],"author":[{"embeddable":true,"href":"https:\/\/www.accent-social.cat\/es\/wp-json\/wp\/v2\/users\/1"}],"replies":[{"embeddable":true,"href":"https:\/\/www.accent-social.cat\/es\/wp-json\/wp\/v2\/comments?post=14948"}],"version-history":[{"count":5,"href":"https:\/\/www.accent-social.cat\/es\/wp-json\/wp\/v2\/posts\/14948\/revisions"}],"predecessor-version":[{"id":14953,"href":"https:\/\/www.accent-social.cat\/es\/wp-json\/wp\/v2\/posts\/14948\/revisions\/14953"}],"wp:featuredmedia":[{"embeddable":true,"href":"https:\/\/www.accent-social.cat\/es\/wp-json\/wp\/v2\/media\/14937"}],"wp:attachment":[{"href":"https:\/\/www.accent-social.cat\/es\/wp-json\/wp\/v2\/media?parent=14948"}],"wp:term":[{"taxonomy":"category","embeddable":true,"href":"https:\/\/www.accent-social.cat\/es\/wp-json\/wp\/v2\/categories?post=14948"},{"taxonomy":"post_tag","embeddable":true,"href":"https:\/\/www.accent-social.cat\/es\/wp-json\/wp\/v2\/tags?post=14948"}],"curies":[{"name":"wp","href":"https:\/\/api.w.org\/{rel}","templated":true}]}}