{"id":14850,"date":"2024-05-02T23:46:54","date_gmt":"2024-05-02T21:46:54","guid":{"rendered":"https:\/\/www.accent-social.cat\/?p=14850"},"modified":"2024-06-16T23:11:52","modified_gmt":"2024-06-16T21:11:52","slug":"coordinacion-tecnica-sad-voz-equipo-interdisciplinar","status":"publish","type":"post","link":"https:\/\/www.accent-social.cat\/es\/coordinacion-tecnica-sad-voz-equipo-interdisciplinar\/","title":{"rendered":"La coordinaci\u00f3n t\u00e9cnica del SAD, la voz de un equipo interdisciplinar"},"content":{"rendered":"<p>La coordinaci\u00f3n t\u00e9cnica del <strong>SAD (Servicios de Atenci\u00f3n Domiciliaria)<\/strong> es la voz de un equipo interdisciplinar de profesionales que atienden a cientos de personas.\u00a0<strong>Montserrat Olaria<\/strong> es la coordinadora en el <a href=\"https:\/\/www.bdv.cat\/serveis-socials\">SAD de Barber\u00e1 del Vall\u00e9s<\/a>, gestionado por Accent Social.<\/p>\n<p>Este es un extracto de la entrevista publicada en la <a href=\"https:\/\/www.infogeriatria.com\/kiosco\/revista36\/visor\">revista Infogeriatr\u00eda<\/a> del mes de marzo de 2024.<\/p>\n<p><strong>Accent Social<\/strong> es una entidad local, ligada al territorio catal\u00e1n, que nace con el esp\u00edritu de mejorar la calidad de vida de las personas de su entorno, aplicando siempre la innovaci\u00f3n al servicio de los usuarios y usuarias que atiende. Trabaja con las administraciones p\u00fablicas ofreciendo servicios sociales de proximidad.<\/p>\n<p>&nbsp;<\/p>\n<h3>Como coordinadora t\u00e9cnica de los Servicios de Atenci\u00f3n Domiciliaria (SAD) de Accent Social, \u00bfpodr\u00eda explicarnos en qu\u00e9 consiste exactamente la labor que se desarrolla en este \u00e1mbito?<\/h3>\n<p><em>Como coordinadora t\u00e9cnica de los Servicios de Atenci\u00f3n Domiciliaria (SAD) de Barber\u00e0 del Vall\u00e8s, mi labor implica supervisar y coordinar todas las actividades relacionadas con la atenci\u00f3n domiciliaria que ofrecemos a nuestras personas usuarias. <\/em><\/p>\n<p><em>Esto incluye una variedad de servicios destinados a personas mayores, pero tambi\u00e9n a grupos de edad en situaci\u00f3n de dependencia, con problemas de salud mental, en riesgo de exclusi\u00f3n social o en situaci\u00f3n de fragilidad, que requieren apoyo para realizar actividades de la vida diaria debido a condiciones de salud o discapacidad.<\/em><\/p>\n<p><em>A nivel interno, mi labor engloba la <strong>gesti\u00f3n de todo el equipo de profesionales de atenci\u00f3n directa<\/strong>, participar en su formaci\u00f3n continua, el control de los horarios de trabajo, as\u00ed como la resoluci\u00f3n de peticiones, consultas e incidencias. <\/em><\/p>\n<p><em>Adem\u00e1s, coordino y superviso a las profesionales del SAD, en coherencia con nuestros objetivos, para acompa\u00f1arlas en el despliegue del <strong>modelo de Atenci\u00f3n Integral Centrada en la Persona (AICP) que Accent Social implementa<\/strong>. De este modo, garantizamos que la gesti\u00f3n del servicio y la prestaci\u00f3n que ofrecemos a los y las usuarias sean de gran calidad. <\/em><\/p>\n<p><em>Las tareas que desarrolla una coordinadora t\u00e9cnica, en relaci\u00f3n a las personas a quienes atendemos, pueden variar en funci\u00f3n de las necesidades individuales, pero generalmente incluyen conocer al detalle el <strong>plan de trabajo previo<\/strong> al inicio de cada nuevo servicio, para as\u00ed traspasar correctamente la informaci\u00f3n a la profesional que intervendr\u00e1 directamente en el domicilio. <\/em><\/p>\n<p><em>Esto es importante porque, en base a la <strong>hoja de ruta<\/strong> que marque la figura de coordinaci\u00f3n, el cuidador podr\u00e1 adaptarse mejor a la persona usuaria, as\u00ed como a sus necesidades y preferencias. <\/em><\/p>\n<p><em>Asimismo, somos las encargadas de estar en contacto con la familia y el entorno cuidador y social del usuario, ya que, les proporcionamos informaci\u00f3n suficiente y entendible sobre el servicio y su funcionamiento, de forma completamente transparente y actualizada.<\/em><\/p>\n<p>&nbsp;<\/p>\n<h3>Con m\u00e1s de 10 a\u00f1os de experiencia en este sector, ha sido usted no s\u00f3lo espectadora sino tambi\u00e9n protagonista de la evoluci\u00f3n y desarrollo de este servicio. Podr\u00eda detallarnos, \u00bfqu\u00e9 cambios o novedades ha percibido en los usuarios del SAD en este periodo?<\/h3>\n<p><em>A medida que la sociedad evoluciona, las personas hemos experimentado cambios significativos en nuestras necesidades, preferencias y expectativas. <\/em><\/p>\n<p><em>Esto tambi\u00e9n se ha visto reflejado en el sector de los cuidados y la atenci\u00f3n, ya que los servicios han tenido que adaptarse a esta nueva realidad. <\/em><\/p>\n<p><em>Ahora, hay mucha m\u00e1s diversidad en las necesidades y no solo nos dirigimos a personas mayores, como se ven\u00eda haciendo en una primera etapa de desarrollo de estos servicios. Tambi\u00e9n atendemos a personas j\u00f3venes con dependencia. <\/em><\/p>\n<p><em>Adem\u00e1s, la gesti\u00f3n del SAD que siempre ha tenido a la persona usuaria en su foco, se ha centrado a\u00fan m\u00e1s en la <strong>personalizaci\u00f3n del servicio a las necesidades y preferencias<\/strong> de la persona usuaria, as\u00ed como en su grado de participaci\u00f3n. <\/em><\/p>\n<p><em>Cada vez veo a m\u00e1s usuarios siendo part\u00edcipes en la toma de decisiones sobre los servicios que reciben. Y encontrando opciones que les permitan <strong>mantener su autonom\u00eda y calidad de vida<\/strong>, gracias al acompa\u00f1amiento profesional que les ofrecemos. <\/em><\/p>\n<p><em>Y, si hablamos de desarrollo, me parece que la tecnolog\u00eda desempe\u00f1a un papel cada vez m\u00e1s importante en la atenci\u00f3n domiciliaria. Contamos con dispositivos digitales que nos permiten estar m\u00e1s conectados entre todos los miembros que intervenimos en el servicio, y eso contribuye a su eficiencia. <\/em><\/p>\n<p>&nbsp;<\/p>\n<p>L\u00e9e el art\u00edculo completo en las p\u00e1ginas 42 a 45 de la revista Infogeriatr\u00eda, n\u00fam. 36 (marzo 2024): <a href=\"https:\/\/www.infogeriatria.com\/kiosco\/revista36\/visor\">https:\/\/www.infogeriatria.com\/kiosco\/revista36\/visor<\/a><\/p>\n<hr class=\" hr_color\" style=\"margin:0 auto 30px;\"\/>\n\n<div class=\"column one\"><div class=\"mcb-column-inner\"><br \/>\n<iframe style=\"overflow: hidden; width: 1200px; height: 258px;\" width=\"1200\" height=\"240\" frameborder=\"0\" scrolling=\"no\" data-cookieconsent=\"marketing\" data-cookieblock-src=\"https:\/\/www.facebook.com\/plugins\/page.php?href=https%3A%2F%2Fwww.facebook.com%2Faccentsocial%2F&amp;tabs=timeline&amp;width=500&amp;height=100&amp;small_header=false&amp;adapt_container_width=false&amp;hide_cover=false&amp;show_facepile=true&amp;appId\"><\/iframe><br \/>\n<\/div><\/div>\n\n","protected":false},"excerpt":{"rendered":"<p>La coordinaci\u00f3n t\u00e9cnica del SAD (Servicios de Atenci\u00f3n Domiciliaria) es la voz de un amplio equipo interdisciplinar de profesionales.<\/p>\n","protected":false},"author":1,"featured_media":14852,"comment_status":"closed","ping_status":"open","sticky":false,"template":"","format":"standard","meta":{"footnotes":""},"categories":[236],"tags":[279,385,401],"class_list":["post-14850","post","type-post","status-publish","format-standard","has-post-thumbnail","hentry","category-sad-servicio-asistencia-domiciliaria","tag-accent-social-es","tag-atencion-domiciliaria","tag-servicio-de-atencion-domiciliaria"],"yoast_head":"<!-- This site is optimized with the Yoast SEO plugin v27.5 - https:\/\/yoast.com\/product\/yoast-seo-wordpress\/ -->\n<title>La coordinaci\u00f3n t\u00e9cnica del SAD, la voz de un equipo interdisciplinar<\/title>\n<meta name=\"description\" content=\"La coordinaci\u00f3n t\u00e9cnica del SAD (Servicios de Atenci\u00f3n Domiciliaria) es la voz de un amplio equipo interdisciplinar de profesionales.\" \/>\n<meta name=\"robots\" content=\"index, follow, max-snippet:-1, max-image-preview:large, max-video-preview:-1\" \/>\n<link rel=\"canonical\" href=\"https:\/\/www.accent-social.cat\/es\/coordinacion-tecnica-sad-voz-equipo-interdisciplinar\/\" \/>\n<meta property=\"og:locale\" content=\"es_ES\" \/>\n<meta property=\"og:type\" content=\"article\" \/>\n<meta property=\"og:title\" content=\"La coordinaci\u00f3n t\u00e9cnica del SAD, la voz de un equipo interdisciplinar\" \/>\n<meta property=\"og:description\" content=\"La coordinaci\u00f3n t\u00e9cnica del SAD (Servicios de Atenci\u00f3n Domiciliaria) es la voz de un amplio equipo interdisciplinar de profesionales.\" \/>\n<meta property=\"og:url\" content=\"https:\/\/www.accent-social.cat\/es\/coordinacion-tecnica-sad-voz-equipo-interdisciplinar\/\" \/>\n<meta property=\"og:site_name\" content=\"Accent Social | Serveis d&#039;Atenci\u00f3 Domicili\u00e0ria i centres per gent gran\" \/>\n<meta property=\"article:publisher\" content=\"https:\/\/www.facebook.com\/accentsocial\" \/>\n<meta property=\"article:published_time\" content=\"2024-05-02T21:46:54+00:00\" \/>\n<meta property=\"article:modified_time\" content=\"2024-06-16T21:11:52+00:00\" \/>\n<meta property=\"og:image\" content=\"https:\/\/www.accent-social.cat\/wp-content\/uploads\/2024\/05\/Coordinacio-tecnica-del-SAD.jpg\" \/>\n\t<meta property=\"og:image:width\" content=\"840\" \/>\n\t<meta property=\"og:image:height\" content=\"401\" \/>\n\t<meta property=\"og:image:type\" content=\"image\/jpeg\" \/>\n<meta name=\"author\" content=\"Accent Social\" \/>\n<meta name=\"twitter:card\" content=\"summary_large_image\" \/>\n<meta name=\"twitter:creator\" content=\"@accentsocial_\" \/>\n<meta name=\"twitter:site\" content=\"@accentsocial_\" \/>\n<meta name=\"twitter:label1\" content=\"Escrito por\" \/>\n\t<meta name=\"twitter:data1\" content=\"Accent Social\" \/>\n\t<meta name=\"twitter:label2\" content=\"Tiempo de lectura\" \/>\n\t<meta name=\"twitter:data2\" content=\"5 minutos\" \/>\n<script type=\"application\/ld+json\" class=\"yoast-schema-graph\">{\"@context\":\"https:\\\/\\\/schema.org\",\"@graph\":[{\"@type\":\"Article\",\"@id\":\"https:\\\/\\\/www.accent-social.cat\\\/es\\\/coordinacion-tecnica-sad-voz-equipo-interdisciplinar\\\/#article\",\"isPartOf\":{\"@id\":\"https:\\\/\\\/www.accent-social.cat\\\/es\\\/coordinacion-tecnica-sad-voz-equipo-interdisciplinar\\\/\"},\"author\":{\"name\":\"Accent Social\",\"@id\":\"https:\\\/\\\/www.accent-social.cat\\\/#\\\/schema\\\/person\\\/e3059313a7a9356d5dcb4adc2ee0396a\"},\"headline\":\"La coordinaci\u00f3n t\u00e9cnica del SAD, la voz de un equipo interdisciplinar\",\"datePublished\":\"2024-05-02T21:46:54+00:00\",\"dateModified\":\"2024-06-16T21:11:52+00:00\",\"mainEntityOfPage\":{\"@id\":\"https:\\\/\\\/www.accent-social.cat\\\/es\\\/coordinacion-tecnica-sad-voz-equipo-interdisciplinar\\\/\"},\"wordCount\":803,\"publisher\":{\"@id\":\"https:\\\/\\\/www.accent-social.cat\\\/#organization\"},\"image\":{\"@id\":\"https:\\\/\\\/www.accent-social.cat\\\/es\\\/coordinacion-tecnica-sad-voz-equipo-interdisciplinar\\\/#primaryimage\"},\"thumbnailUrl\":\"https:\\\/\\\/www.accent-social.cat\\\/wp-content\\\/uploads\\\/2024\\\/05\\\/Coordinacio-tecnica-del-SAD.jpg\",\"keywords\":[\"Accent Social\",\"atenci\u00f3n domiciliaria\",\"servicio de atenci\u00f3n domiciliaria\"],\"articleSection\":[\"SAD Servicio Asistencia Domiciliaria\"],\"inLanguage\":\"es\"},{\"@type\":\"WebPage\",\"@id\":\"https:\\\/\\\/www.accent-social.cat\\\/es\\\/coordinacion-tecnica-sad-voz-equipo-interdisciplinar\\\/\",\"url\":\"https:\\\/\\\/www.accent-social.cat\\\/es\\\/coordinacion-tecnica-sad-voz-equipo-interdisciplinar\\\/\",\"name\":\"La coordinaci\u00f3n t\u00e9cnica del SAD, la voz de un equipo interdisciplinar\",\"isPartOf\":{\"@id\":\"https:\\\/\\\/www.accent-social.cat\\\/#website\"},\"primaryImageOfPage\":{\"@id\":\"https:\\\/\\\/www.accent-social.cat\\\/es\\\/coordinacion-tecnica-sad-voz-equipo-interdisciplinar\\\/#primaryimage\"},\"image\":{\"@id\":\"https:\\\/\\\/www.accent-social.cat\\\/es\\\/coordinacion-tecnica-sad-voz-equipo-interdisciplinar\\\/#primaryimage\"},\"thumbnailUrl\":\"https:\\\/\\\/www.accent-social.cat\\\/wp-content\\\/uploads\\\/2024\\\/05\\\/Coordinacio-tecnica-del-SAD.jpg\",\"datePublished\":\"2024-05-02T21:46:54+00:00\",\"dateModified\":\"2024-06-16T21:11:52+00:00\",\"description\":\"La coordinaci\u00f3n t\u00e9cnica del SAD (Servicios de Atenci\u00f3n Domiciliaria) es la voz de un amplio equipo interdisciplinar de profesionales.\",\"breadcrumb\":{\"@id\":\"https:\\\/\\\/www.accent-social.cat\\\/es\\\/coordinacion-tecnica-sad-voz-equipo-interdisciplinar\\\/#breadcrumb\"},\"inLanguage\":\"es\",\"potentialAction\":[{\"@type\":\"ReadAction\",\"target\":[\"https:\\\/\\\/www.accent-social.cat\\\/es\\\/coordinacion-tecnica-sad-voz-equipo-interdisciplinar\\\/\"]}]},{\"@type\":\"ImageObject\",\"inLanguage\":\"es\",\"@id\":\"https:\\\/\\\/www.accent-social.cat\\\/es\\\/coordinacion-tecnica-sad-voz-equipo-interdisciplinar\\\/#primaryimage\",\"url\":\"https:\\\/\\\/www.accent-social.cat\\\/wp-content\\\/uploads\\\/2024\\\/05\\\/Coordinacio-tecnica-del-SAD.jpg\",\"contentUrl\":\"https:\\\/\\\/www.accent-social.cat\\\/wp-content\\\/uploads\\\/2024\\\/05\\\/Coordinacio-tecnica-del-SAD.jpg\",\"width\":840,\"height\":401,\"caption\":\"Coordinaci\u00f3 t\u00e8cnica del SAD\"},{\"@type\":\"BreadcrumbList\",\"@id\":\"https:\\\/\\\/www.accent-social.cat\\\/es\\\/coordinacion-tecnica-sad-voz-equipo-interdisciplinar\\\/#breadcrumb\",\"itemListElement\":[{\"@type\":\"ListItem\",\"position\":1,\"name\":\"Inici\",\"item\":\"https:\\\/\\\/www.accent-social.cat\\\/es\\\/\"},{\"@type\":\"ListItem\",\"position\":2,\"name\":\"La coordinaci\u00f3n t\u00e9cnica del SAD, la voz de un equipo interdisciplinar\"}]},{\"@type\":\"WebSite\",\"@id\":\"https:\\\/\\\/www.accent-social.cat\\\/#website\",\"url\":\"https:\\\/\\\/www.accent-social.cat\\\/\",\"name\":\"Accent Social | Serveis d'Atenci\u00f3 Domicili\u00e0ria (SAD) i centres col\u00b7lectius\",\"description\":\"Serveis d&#039;Atenci\u00f3 Domicili\u00e0ria i centres de dia a Barcelona. Gesti\u00f3 de serveis socials i per a la gent gran.\",\"publisher\":{\"@id\":\"https:\\\/\\\/www.accent-social.cat\\\/#organization\"},\"potentialAction\":[{\"@type\":\"SearchAction\",\"target\":{\"@type\":\"EntryPoint\",\"urlTemplate\":\"https:\\\/\\\/www.accent-social.cat\\\/?s={search_term_string}\"},\"query-input\":{\"@type\":\"PropertyValueSpecification\",\"valueRequired\":true,\"valueName\":\"search_term_string\"}}],\"inLanguage\":\"es\"},{\"@type\":\"Organization\",\"@id\":\"https:\\\/\\\/www.accent-social.cat\\\/#organization\",\"name\":\"Accent Social\",\"url\":\"https:\\\/\\\/www.accent-social.cat\\\/\",\"logo\":{\"@type\":\"ImageObject\",\"inLanguage\":\"es\",\"@id\":\"https:\\\/\\\/www.accent-social.cat\\\/#\\\/schema\\\/logo\\\/image\\\/\",\"url\":\"https:\\\/\\\/www.accent-social.cat\\\/wp-content\\\/uploads\\\/2017\\\/09\\\/Logo-Accent-Social.jpg\",\"contentUrl\":\"https:\\\/\\\/www.accent-social.cat\\\/wp-content\\\/uploads\\\/2017\\\/09\\\/Logo-Accent-Social.jpg\",\"width\":512,\"height\":512,\"caption\":\"Accent Social\"},\"image\":{\"@id\":\"https:\\\/\\\/www.accent-social.cat\\\/#\\\/schema\\\/logo\\\/image\\\/\"},\"sameAs\":[\"https:\\\/\\\/www.facebook.com\\\/accentsocial\",\"https:\\\/\\\/x.com\\\/accentsocial_\",\"http:\\\/\\\/www.instagram.com\\\/accentsocial\",\"https:\\\/\\\/www.linkedin.com\\\/company\\\/accent-social\\\/\",\"https:\\\/\\\/www.crunchbase.com\\\/organization\\\/accent-social\",\"https:\\\/\\\/www.hotfrog.es\\\/empresa\\\/barcelona\\\/barcelona\\\/accent-social\",\"https:\\\/\\\/www.youtube.com\\\/channel\\\/UCBRsmX50gP0nPuAb5rPfr2g\"]},{\"@type\":\"Person\",\"@id\":\"https:\\\/\\\/www.accent-social.cat\\\/#\\\/schema\\\/person\\\/e3059313a7a9356d5dcb4adc2ee0396a\",\"name\":\"Accent Social\",\"image\":{\"@type\":\"ImageObject\",\"inLanguage\":\"es\",\"@id\":\"https:\\\/\\\/secure.gravatar.com\\\/avatar\\\/9a4d9b0c2bbfb1ff3da85e7195367fa23cc6b72e60b3092496806038fa837fc5?s=96&d=mm&r=g\",\"url\":\"https:\\\/\\\/secure.gravatar.com\\\/avatar\\\/9a4d9b0c2bbfb1ff3da85e7195367fa23cc6b72e60b3092496806038fa837fc5?s=96&d=mm&r=g\",\"contentUrl\":\"https:\\\/\\\/secure.gravatar.com\\\/avatar\\\/9a4d9b0c2bbfb1ff3da85e7195367fa23cc6b72e60b3092496806038fa837fc5?s=96&d=mm&r=g\",\"caption\":\"Accent Social\"}}]}<\/script>\n<!-- \/ Yoast SEO plugin. -->","yoast_head_json":{"title":"La coordinaci\u00f3n t\u00e9cnica del SAD, la voz de un equipo interdisciplinar","description":"La coordinaci\u00f3n t\u00e9cnica del SAD (Servicios de Atenci\u00f3n Domiciliaria) es la voz de un amplio equipo interdisciplinar de profesionales.","robots":{"index":"index","follow":"follow","max-snippet":"max-snippet:-1","max-image-preview":"max-image-preview:large","max-video-preview":"max-video-preview:-1"},"canonical":"https:\/\/www.accent-social.cat\/es\/coordinacion-tecnica-sad-voz-equipo-interdisciplinar\/","og_locale":"es_ES","og_type":"article","og_title":"La coordinaci\u00f3n t\u00e9cnica del SAD, la voz de un equipo interdisciplinar","og_description":"La coordinaci\u00f3n t\u00e9cnica del SAD (Servicios de Atenci\u00f3n Domiciliaria) es la voz de un amplio equipo interdisciplinar de profesionales.","og_url":"https:\/\/www.accent-social.cat\/es\/coordinacion-tecnica-sad-voz-equipo-interdisciplinar\/","og_site_name":"Accent Social | Serveis d&#039;Atenci\u00f3 Domicili\u00e0ria i centres per gent gran","article_publisher":"https:\/\/www.facebook.com\/accentsocial","article_published_time":"2024-05-02T21:46:54+00:00","article_modified_time":"2024-06-16T21:11:52+00:00","og_image":[{"width":840,"height":401,"url":"https:\/\/www.accent-social.cat\/wp-content\/uploads\/2024\/05\/Coordinacio-tecnica-del-SAD.jpg","type":"image\/jpeg"}],"author":"Accent Social","twitter_card":"summary_large_image","twitter_creator":"@accentsocial_","twitter_site":"@accentsocial_","twitter_misc":{"Escrito por":"Accent Social","Tiempo de lectura":"5 minutos"},"schema":{"@context":"https:\/\/schema.org","@graph":[{"@type":"Article","@id":"https:\/\/www.accent-social.cat\/es\/coordinacion-tecnica-sad-voz-equipo-interdisciplinar\/#article","isPartOf":{"@id":"https:\/\/www.accent-social.cat\/es\/coordinacion-tecnica-sad-voz-equipo-interdisciplinar\/"},"author":{"name":"Accent Social","@id":"https:\/\/www.accent-social.cat\/#\/schema\/person\/e3059313a7a9356d5dcb4adc2ee0396a"},"headline":"La coordinaci\u00f3n t\u00e9cnica del SAD, la voz de un equipo interdisciplinar","datePublished":"2024-05-02T21:46:54+00:00","dateModified":"2024-06-16T21:11:52+00:00","mainEntityOfPage":{"@id":"https:\/\/www.accent-social.cat\/es\/coordinacion-tecnica-sad-voz-equipo-interdisciplinar\/"},"wordCount":803,"publisher":{"@id":"https:\/\/www.accent-social.cat\/#organization"},"image":{"@id":"https:\/\/www.accent-social.cat\/es\/coordinacion-tecnica-sad-voz-equipo-interdisciplinar\/#primaryimage"},"thumbnailUrl":"https:\/\/www.accent-social.cat\/wp-content\/uploads\/2024\/05\/Coordinacio-tecnica-del-SAD.jpg","keywords":["Accent Social","atenci\u00f3n domiciliaria","servicio de atenci\u00f3n domiciliaria"],"articleSection":["SAD Servicio Asistencia Domiciliaria"],"inLanguage":"es"},{"@type":"WebPage","@id":"https:\/\/www.accent-social.cat\/es\/coordinacion-tecnica-sad-voz-equipo-interdisciplinar\/","url":"https:\/\/www.accent-social.cat\/es\/coordinacion-tecnica-sad-voz-equipo-interdisciplinar\/","name":"La coordinaci\u00f3n t\u00e9cnica del SAD, la voz de un equipo interdisciplinar","isPartOf":{"@id":"https:\/\/www.accent-social.cat\/#website"},"primaryImageOfPage":{"@id":"https:\/\/www.accent-social.cat\/es\/coordinacion-tecnica-sad-voz-equipo-interdisciplinar\/#primaryimage"},"image":{"@id":"https:\/\/www.accent-social.cat\/es\/coordinacion-tecnica-sad-voz-equipo-interdisciplinar\/#primaryimage"},"thumbnailUrl":"https:\/\/www.accent-social.cat\/wp-content\/uploads\/2024\/05\/Coordinacio-tecnica-del-SAD.jpg","datePublished":"2024-05-02T21:46:54+00:00","dateModified":"2024-06-16T21:11:52+00:00","description":"La coordinaci\u00f3n t\u00e9cnica del SAD (Servicios de Atenci\u00f3n Domiciliaria) es la voz de un amplio equipo interdisciplinar de profesionales.","breadcrumb":{"@id":"https:\/\/www.accent-social.cat\/es\/coordinacion-tecnica-sad-voz-equipo-interdisciplinar\/#breadcrumb"},"inLanguage":"es","potentialAction":[{"@type":"ReadAction","target":["https:\/\/www.accent-social.cat\/es\/coordinacion-tecnica-sad-voz-equipo-interdisciplinar\/"]}]},{"@type":"ImageObject","inLanguage":"es","@id":"https:\/\/www.accent-social.cat\/es\/coordinacion-tecnica-sad-voz-equipo-interdisciplinar\/#primaryimage","url":"https:\/\/www.accent-social.cat\/wp-content\/uploads\/2024\/05\/Coordinacio-tecnica-del-SAD.jpg","contentUrl":"https:\/\/www.accent-social.cat\/wp-content\/uploads\/2024\/05\/Coordinacio-tecnica-del-SAD.jpg","width":840,"height":401,"caption":"Coordinaci\u00f3 t\u00e8cnica del SAD"},{"@type":"BreadcrumbList","@id":"https:\/\/www.accent-social.cat\/es\/coordinacion-tecnica-sad-voz-equipo-interdisciplinar\/#breadcrumb","itemListElement":[{"@type":"ListItem","position":1,"name":"Inici","item":"https:\/\/www.accent-social.cat\/es\/"},{"@type":"ListItem","position":2,"name":"La coordinaci\u00f3n t\u00e9cnica del SAD, la voz de un equipo interdisciplinar"}]},{"@type":"WebSite","@id":"https:\/\/www.accent-social.cat\/#website","url":"https:\/\/www.accent-social.cat\/","name":"Accent Social | Serveis d'Atenci\u00f3 Domicili\u00e0ria (SAD) i centres col\u00b7lectius","description":"Serveis d&#039;Atenci\u00f3 Domicili\u00e0ria i centres de dia a Barcelona. Gesti\u00f3 de serveis socials i per a la gent gran.","publisher":{"@id":"https:\/\/www.accent-social.cat\/#organization"},"potentialAction":[{"@type":"SearchAction","target":{"@type":"EntryPoint","urlTemplate":"https:\/\/www.accent-social.cat\/?s={search_term_string}"},"query-input":{"@type":"PropertyValueSpecification","valueRequired":true,"valueName":"search_term_string"}}],"inLanguage":"es"},{"@type":"Organization","@id":"https:\/\/www.accent-social.cat\/#organization","name":"Accent Social","url":"https:\/\/www.accent-social.cat\/","logo":{"@type":"ImageObject","inLanguage":"es","@id":"https:\/\/www.accent-social.cat\/#\/schema\/logo\/image\/","url":"https:\/\/www.accent-social.cat\/wp-content\/uploads\/2017\/09\/Logo-Accent-Social.jpg","contentUrl":"https:\/\/www.accent-social.cat\/wp-content\/uploads\/2017\/09\/Logo-Accent-Social.jpg","width":512,"height":512,"caption":"Accent Social"},"image":{"@id":"https:\/\/www.accent-social.cat\/#\/schema\/logo\/image\/"},"sameAs":["https:\/\/www.facebook.com\/accentsocial","https:\/\/x.com\/accentsocial_","http:\/\/www.instagram.com\/accentsocial","https:\/\/www.linkedin.com\/company\/accent-social\/","https:\/\/www.crunchbase.com\/organization\/accent-social","https:\/\/www.hotfrog.es\/empresa\/barcelona\/barcelona\/accent-social","https:\/\/www.youtube.com\/channel\/UCBRsmX50gP0nPuAb5rPfr2g"]},{"@type":"Person","@id":"https:\/\/www.accent-social.cat\/#\/schema\/person\/e3059313a7a9356d5dcb4adc2ee0396a","name":"Accent Social","image":{"@type":"ImageObject","inLanguage":"es","@id":"https:\/\/secure.gravatar.com\/avatar\/9a4d9b0c2bbfb1ff3da85e7195367fa23cc6b72e60b3092496806038fa837fc5?s=96&d=mm&r=g","url":"https:\/\/secure.gravatar.com\/avatar\/9a4d9b0c2bbfb1ff3da85e7195367fa23cc6b72e60b3092496806038fa837fc5?s=96&d=mm&r=g","contentUrl":"https:\/\/secure.gravatar.com\/avatar\/9a4d9b0c2bbfb1ff3da85e7195367fa23cc6b72e60b3092496806038fa837fc5?s=96&d=mm&r=g","caption":"Accent Social"}}]}},"_links":{"self":[{"href":"https:\/\/www.accent-social.cat\/es\/wp-json\/wp\/v2\/posts\/14850","targetHints":{"allow":["GET"]}}],"collection":[{"href":"https:\/\/www.accent-social.cat\/es\/wp-json\/wp\/v2\/posts"}],"about":[{"href":"https:\/\/www.accent-social.cat\/es\/wp-json\/wp\/v2\/types\/post"}],"author":[{"embeddable":true,"href":"https:\/\/www.accent-social.cat\/es\/wp-json\/wp\/v2\/users\/1"}],"replies":[{"embeddable":true,"href":"https:\/\/www.accent-social.cat\/es\/wp-json\/wp\/v2\/comments?post=14850"}],"version-history":[{"count":5,"href":"https:\/\/www.accent-social.cat\/es\/wp-json\/wp\/v2\/posts\/14850\/revisions"}],"predecessor-version":[{"id":14898,"href":"https:\/\/www.accent-social.cat\/es\/wp-json\/wp\/v2\/posts\/14850\/revisions\/14898"}],"wp:featuredmedia":[{"embeddable":true,"href":"https:\/\/www.accent-social.cat\/es\/wp-json\/wp\/v2\/media\/14852"}],"wp:attachment":[{"href":"https:\/\/www.accent-social.cat\/es\/wp-json\/wp\/v2\/media?parent=14850"}],"wp:term":[{"taxonomy":"category","embeddable":true,"href":"https:\/\/www.accent-social.cat\/es\/wp-json\/wp\/v2\/categories?post=14850"},{"taxonomy":"post_tag","embeddable":true,"href":"https:\/\/www.accent-social.cat\/es\/wp-json\/wp\/v2\/tags?post=14850"}],"curies":[{"name":"wp","href":"https:\/\/api.w.org\/{rel}","templated":true}]}}