{"id":14627,"date":"2023-07-07T11:32:25","date_gmt":"2023-07-07T10:32:25","guid":{"rendered":"https:\/\/www.accent-social.cat\/?p=14627"},"modified":"2023-07-07T14:56:08","modified_gmt":"2023-07-07T13:56:08","slug":"participamos-activamente-fiesta-mayor-casc-antic-barcelona","status":"publish","type":"post","link":"https:\/\/www.accent-social.cat\/es\/participamos-activamente-fiesta-mayor-casc-antic-barcelona\/","title":{"rendered":"Participamos activamente en la Fiesta Mayor del Casc Antic de Barcelona"},"content":{"rendered":"<h3>Desde las Viviendas con Servicios para Personas Mayores Llu\u00eds Companys, participamos en la organizaci\u00f3n de actividades para la Fiesta Mayor del Casc Antic de Barcelona, \u200b\u200ben los barrios de Sant Pere, Santa Caterina y La Ribera<\/h3>\n<p><div class=\"infobox\" ><div class=\"infobox_wrapper\"><span class=\"ib-desc\">La organizaci\u00f3n de actividades ha favorecido la sensaci\u00f3n de pertenencia de los usuarios y usuarias de las Viviendas, fortaleciendo la comunidad y promoviendo sus v\u00ednculos.<\/span><\/div><\/div>\n<br \/>\n&nbsp;<br \/>\nEn el marco de la Fiesta Mayor del Casc Antic de los <a href=\"https:\/\/ajuntament.barcelona.cat\/ciutatvella\/ca\/el-district-i-els-seus-barris\/el-gotic\" target=\"_blank\" rel=\"noopener\">barrios de Sant Pere, Santa Caterina y La Ribera de Barcelona<\/a><\/strong>, las Viviendas con Servicios para Personas Mayores Llu\u00eds Companys, que gestionamos desde <a href=\"https:\/\/www.accent-social.cat\/\"><strong>Accent Social<\/strong><\/a> han contribuido a la organizaci\u00f3n de un conjunto de <strong>actividades dirigidas a las personas mayores del barrio<\/strong>, un evento en el que los vecinos y vecinas trabajan desdde hace tiempo.<\/p>\n<p>Como participantes de la Mesa de Personas Mayores del Casc Antic, las personas usuarias de las Viviendas han preparado y dinamizado varias propuestas de ocio, que han sido muy bien recibidas, como son un desayuno abierto a todo el vecindario y m\u00fasica en la calle.<\/p>\n<p>Todas ellas se han desarrollado en diferentes espacios clave en el vecindario: la Pla\u00e7a del Carrer Rec Comtal y el espacio del Hort Benet.<\/p>\n<p>&nbsp;<\/p>\n<hr class=\" hr_color\" style=\"margin:0 auto 30px;\"\/>\n\n<h3>PROMOVEMOS EL SENTIMIENTO DE PERTENENCIA AL BARRIO<\/h3>\n<p>Esta participaci\u00f3n activa comporta diversos beneficios emocionales y sociales para los y las usuarias de las Viviendas, seg\u00fan explica la <strong>directora de las Viviendas con Servicios para Personas Mayores Llu\u00eds Companys, Llu\u00efsa Enjuanes<\/strong>.<\/p>\n<p style=\"padding-left: 40px;\"><span style=\"color: #ab4fab;\"><em>\u00abLa participaci\u00f3n favorece el sentimiento de pertenencia, tanto de la vida social como cultural del barrio. Se fortalece as\u00ed la comunidad, crece la confianza entre ellas y, consecuentemente, con s\u00ed mismas\u00bb.<\/em><\/span><\/p>\n<p>&nbsp;<br \/>\nEn este sentido, a\u00f1ade:<\/p>\n<p style=\"padding-left: 40px;\"><span style=\"color: #ab4fab;\"><em>\u00abToda la organizaci\u00f3n de las actividades Se ha llevado a cabo con mucha ilusi\u00f3n por parte de los residentes\u00bb.<\/em><\/span><\/p>\n<p>&nbsp;<\/p>\n<p>Este tipo de actividades supone un \u00e9xito de colaboraci\u00f3n con el equipo de profesionales de las viviendas, de las personas usuarias y de las entidades y vecindario del barrio.<\/p>\n<p>&nbsp;<\/p>\n<hr class=\" hr_color\" style=\"margin:0 auto 30px;\"\/>\n\n<div class=\"column one\"><div class=\"mcb-column-inner\"><br \/>\n<iframe loading=\"lazy\" style=\"border: none; overflow: hidden;\" src=\"https:\/\/www.facebook.com\/plugins\/page.php?href=https%3A%2F%2Fwww.facebook.com%2Faccentsocial%2F&amp;tabs=timeline&amp;width=500&amp;height=100&amp;small_header=false&amp;adapt_container_width=false&amp;hide_cover=false&amp;show_facepile=true&amp;appId\" width=\"500\" height=\"100\" frameborder=\"0\" scrolling=\"no\" data-mce-fragment=\"1\"><\/iframe><br \/>\n<\/div><\/div>\n\n","protected":false},"excerpt":{"rendered":"<p>Desde las viviendas con Servicios para Personas Mayores Llu\u00eds Companys, participamos en la organizaci\u00f3n de la Fiesta Mayor del Casc Antic de Barcelona.<\/p>\n","protected":false},"author":1,"featured_media":14622,"comment_status":"closed","ping_status":"open","sticky":false,"template":"","format":"standard","meta":{"footnotes":""},"categories":[234],"tags":[218,220,346,500],"class_list":["post-14627","post","type-post","status-publish","format-standard","has-post-thumbnail","hentry","category-jornadas","tag-barcelona-es","tag-gent-gran-es","tag-integracion-social","tag-viviendas-con-servicios"],"yoast_head":"<!-- This site is optimized with the Yoast SEO plugin v27.5 - https:\/\/yoast.com\/product\/yoast-seo-wordpress\/ -->\n<title>Participamos activamente en la Fiesta Mayor del Casc Antic de Barcelona<\/title>\n<meta name=\"description\" content=\"Desde las viviendas con Servicios para Personas Mayores Llu\u00eds Companys, participamos en la organizaci\u00f3n de la Fiesta Mayor del Casc Antic de Barcelona\" \/>\n<meta name=\"robots\" content=\"index, follow, max-snippet:-1, max-image-preview:large, max-video-preview:-1\" \/>\n<link rel=\"canonical\" href=\"https:\/\/www.accent-social.cat\/es\/participamos-activamente-fiesta-mayor-casc-antic-barcelona\/\" \/>\n<meta property=\"og:locale\" content=\"es_ES\" \/>\n<meta property=\"og:type\" content=\"article\" \/>\n<meta property=\"og:title\" content=\"Participamos activamente en la Fiesta Mayor del Casc Antic de Barcelona\" \/>\n<meta property=\"og:description\" content=\"Desde las viviendas con Servicios para Personas Mayores Llu\u00eds Companys, participamos en la organizaci\u00f3n de la Fiesta Mayor del Casc Antic de Barcelona\" \/>\n<meta property=\"og:url\" content=\"https:\/\/www.accent-social.cat\/es\/participamos-activamente-fiesta-mayor-casc-antic-barcelona\/\" \/>\n<meta property=\"og:site_name\" content=\"Accent Social | Serveis d&#039;Atenci\u00f3 Domicili\u00e0ria i centres per gent gran\" \/>\n<meta property=\"article:publisher\" content=\"https:\/\/www.facebook.com\/accentsocial\" \/>\n<meta property=\"article:published_time\" content=\"2023-07-07T10:32:25+00:00\" \/>\n<meta property=\"article:modified_time\" content=\"2023-07-07T13:56:08+00:00\" \/>\n<meta property=\"og:image\" content=\"https:\/\/www.accent-social.cat\/wp-content\/uploads\/2023\/07\/Participem-activament-a-la-Festa-Major-del-Casc-Antic-de-Barcelona.jpg\" \/>\n\t<meta property=\"og:image:width\" content=\"840\" \/>\n\t<meta property=\"og:image:height\" content=\"394\" \/>\n\t<meta property=\"og:image:type\" content=\"image\/jpeg\" \/>\n<meta name=\"author\" content=\"Accent Social\" \/>\n<meta name=\"twitter:card\" content=\"summary_large_image\" \/>\n<meta name=\"twitter:creator\" content=\"@accentsocial_\" \/>\n<meta name=\"twitter:site\" content=\"@accentsocial_\" \/>\n<meta name=\"twitter:label1\" content=\"Escrito por\" \/>\n\t<meta name=\"twitter:data1\" content=\"Accent Social\" \/>\n\t<meta name=\"twitter:label2\" content=\"Tiempo de lectura\" \/>\n\t<meta name=\"twitter:data2\" content=\"2 minutos\" \/>\n<script type=\"application\/ld+json\" class=\"yoast-schema-graph\">{\"@context\":\"https:\\\/\\\/schema.org\",\"@graph\":[{\"@type\":\"Article\",\"@id\":\"https:\\\/\\\/www.accent-social.cat\\\/es\\\/participamos-activamente-fiesta-mayor-casc-antic-barcelona\\\/#article\",\"isPartOf\":{\"@id\":\"https:\\\/\\\/www.accent-social.cat\\\/es\\\/participamos-activamente-fiesta-mayor-casc-antic-barcelona\\\/\"},\"author\":{\"name\":\"Accent Social\",\"@id\":\"https:\\\/\\\/www.accent-social.cat\\\/#\\\/schema\\\/person\\\/e3059313a7a9356d5dcb4adc2ee0396a\"},\"headline\":\"Participamos activamente en la Fiesta Mayor del Casc Antic de Barcelona\",\"datePublished\":\"2023-07-07T10:32:25+00:00\",\"dateModified\":\"2023-07-07T13:56:08+00:00\",\"mainEntityOfPage\":{\"@id\":\"https:\\\/\\\/www.accent-social.cat\\\/es\\\/participamos-activamente-fiesta-mayor-casc-antic-barcelona\\\/\"},\"wordCount\":377,\"publisher\":{\"@id\":\"https:\\\/\\\/www.accent-social.cat\\\/#organization\"},\"image\":{\"@id\":\"https:\\\/\\\/www.accent-social.cat\\\/es\\\/participamos-activamente-fiesta-mayor-casc-antic-barcelona\\\/#primaryimage\"},\"thumbnailUrl\":\"https:\\\/\\\/www.accent-social.cat\\\/wp-content\\\/uploads\\\/2023\\\/07\\\/Participem-activament-a-la-Festa-Major-del-Casc-Antic-de-Barcelona.jpg\",\"keywords\":[\"Barcelona\",\"gent gran\",\"integraci\u00f3n social\",\"viviendas con servicios\"],\"articleSection\":[\"Jornadas\"],\"inLanguage\":\"es\"},{\"@type\":\"WebPage\",\"@id\":\"https:\\\/\\\/www.accent-social.cat\\\/es\\\/participamos-activamente-fiesta-mayor-casc-antic-barcelona\\\/\",\"url\":\"https:\\\/\\\/www.accent-social.cat\\\/es\\\/participamos-activamente-fiesta-mayor-casc-antic-barcelona\\\/\",\"name\":\"Participamos activamente en la Fiesta Mayor del Casc Antic de Barcelona\",\"isPartOf\":{\"@id\":\"https:\\\/\\\/www.accent-social.cat\\\/#website\"},\"primaryImageOfPage\":{\"@id\":\"https:\\\/\\\/www.accent-social.cat\\\/es\\\/participamos-activamente-fiesta-mayor-casc-antic-barcelona\\\/#primaryimage\"},\"image\":{\"@id\":\"https:\\\/\\\/www.accent-social.cat\\\/es\\\/participamos-activamente-fiesta-mayor-casc-antic-barcelona\\\/#primaryimage\"},\"thumbnailUrl\":\"https:\\\/\\\/www.accent-social.cat\\\/wp-content\\\/uploads\\\/2023\\\/07\\\/Participem-activament-a-la-Festa-Major-del-Casc-Antic-de-Barcelona.jpg\",\"datePublished\":\"2023-07-07T10:32:25+00:00\",\"dateModified\":\"2023-07-07T13:56:08+00:00\",\"description\":\"Desde las viviendas con Servicios para Personas Mayores Llu\u00eds Companys, participamos en la organizaci\u00f3n de la Fiesta Mayor del Casc Antic de Barcelona\",\"breadcrumb\":{\"@id\":\"https:\\\/\\\/www.accent-social.cat\\\/es\\\/participamos-activamente-fiesta-mayor-casc-antic-barcelona\\\/#breadcrumb\"},\"inLanguage\":\"es\",\"potentialAction\":[{\"@type\":\"ReadAction\",\"target\":[\"https:\\\/\\\/www.accent-social.cat\\\/es\\\/participamos-activamente-fiesta-mayor-casc-antic-barcelona\\\/\"]}]},{\"@type\":\"ImageObject\",\"inLanguage\":\"es\",\"@id\":\"https:\\\/\\\/www.accent-social.cat\\\/es\\\/participamos-activamente-fiesta-mayor-casc-antic-barcelona\\\/#primaryimage\",\"url\":\"https:\\\/\\\/www.accent-social.cat\\\/wp-content\\\/uploads\\\/2023\\\/07\\\/Participem-activament-a-la-Festa-Major-del-Casc-Antic-de-Barcelona.jpg\",\"contentUrl\":\"https:\\\/\\\/www.accent-social.cat\\\/wp-content\\\/uploads\\\/2023\\\/07\\\/Participem-activament-a-la-Festa-Major-del-Casc-Antic-de-Barcelona.jpg\",\"width\":840,\"height\":394,\"caption\":\"Participem activament a la Festa Major del Casc Antic de Barcelona\"},{\"@type\":\"BreadcrumbList\",\"@id\":\"https:\\\/\\\/www.accent-social.cat\\\/es\\\/participamos-activamente-fiesta-mayor-casc-antic-barcelona\\\/#breadcrumb\",\"itemListElement\":[{\"@type\":\"ListItem\",\"position\":1,\"name\":\"Inici\",\"item\":\"https:\\\/\\\/www.accent-social.cat\\\/es\\\/\"},{\"@type\":\"ListItem\",\"position\":2,\"name\":\"Participamos activamente en la Fiesta Mayor del Casc Antic de Barcelona\"}]},{\"@type\":\"WebSite\",\"@id\":\"https:\\\/\\\/www.accent-social.cat\\\/#website\",\"url\":\"https:\\\/\\\/www.accent-social.cat\\\/\",\"name\":\"Accent Social | Serveis d'Atenci\u00f3 Domicili\u00e0ria (SAD) i centres col\u00b7lectius\",\"description\":\"Serveis d&#039;Atenci\u00f3 Domicili\u00e0ria i centres de dia a Barcelona. Gesti\u00f3 de serveis socials i per a la gent gran.\",\"publisher\":{\"@id\":\"https:\\\/\\\/www.accent-social.cat\\\/#organization\"},\"potentialAction\":[{\"@type\":\"SearchAction\",\"target\":{\"@type\":\"EntryPoint\",\"urlTemplate\":\"https:\\\/\\\/www.accent-social.cat\\\/?s={search_term_string}\"},\"query-input\":{\"@type\":\"PropertyValueSpecification\",\"valueRequired\":true,\"valueName\":\"search_term_string\"}}],\"inLanguage\":\"es\"},{\"@type\":\"Organization\",\"@id\":\"https:\\\/\\\/www.accent-social.cat\\\/#organization\",\"name\":\"Accent Social\",\"url\":\"https:\\\/\\\/www.accent-social.cat\\\/\",\"logo\":{\"@type\":\"ImageObject\",\"inLanguage\":\"es\",\"@id\":\"https:\\\/\\\/www.accent-social.cat\\\/#\\\/schema\\\/logo\\\/image\\\/\",\"url\":\"https:\\\/\\\/www.accent-social.cat\\\/wp-content\\\/uploads\\\/2017\\\/09\\\/Logo-Accent-Social.jpg\",\"contentUrl\":\"https:\\\/\\\/www.accent-social.cat\\\/wp-content\\\/uploads\\\/2017\\\/09\\\/Logo-Accent-Social.jpg\",\"width\":512,\"height\":512,\"caption\":\"Accent Social\"},\"image\":{\"@id\":\"https:\\\/\\\/www.accent-social.cat\\\/#\\\/schema\\\/logo\\\/image\\\/\"},\"sameAs\":[\"https:\\\/\\\/www.facebook.com\\\/accentsocial\",\"https:\\\/\\\/x.com\\\/accentsocial_\",\"http:\\\/\\\/www.instagram.com\\\/accentsocial\",\"https:\\\/\\\/www.linkedin.com\\\/company\\\/accent-social\\\/\",\"https:\\\/\\\/www.crunchbase.com\\\/organization\\\/accent-social\",\"https:\\\/\\\/www.hotfrog.es\\\/empresa\\\/barcelona\\\/barcelona\\\/accent-social\",\"https:\\\/\\\/www.youtube.com\\\/channel\\\/UCBRsmX50gP0nPuAb5rPfr2g\"]},{\"@type\":\"Person\",\"@id\":\"https:\\\/\\\/www.accent-social.cat\\\/#\\\/schema\\\/person\\\/e3059313a7a9356d5dcb4adc2ee0396a\",\"name\":\"Accent Social\",\"image\":{\"@type\":\"ImageObject\",\"inLanguage\":\"es\",\"@id\":\"https:\\\/\\\/secure.gravatar.com\\\/avatar\\\/9a4d9b0c2bbfb1ff3da85e7195367fa23cc6b72e60b3092496806038fa837fc5?s=96&d=mm&r=g\",\"url\":\"https:\\\/\\\/secure.gravatar.com\\\/avatar\\\/9a4d9b0c2bbfb1ff3da85e7195367fa23cc6b72e60b3092496806038fa837fc5?s=96&d=mm&r=g\",\"contentUrl\":\"https:\\\/\\\/secure.gravatar.com\\\/avatar\\\/9a4d9b0c2bbfb1ff3da85e7195367fa23cc6b72e60b3092496806038fa837fc5?s=96&d=mm&r=g\",\"caption\":\"Accent Social\"}}]}<\/script>\n<!-- \/ Yoast SEO plugin. -->","yoast_head_json":{"title":"Participamos activamente en la Fiesta Mayor del Casc Antic de Barcelona","description":"Desde las viviendas con Servicios para Personas Mayores Llu\u00eds Companys, participamos en la organizaci\u00f3n de la Fiesta Mayor del Casc Antic de Barcelona","robots":{"index":"index","follow":"follow","max-snippet":"max-snippet:-1","max-image-preview":"max-image-preview:large","max-video-preview":"max-video-preview:-1"},"canonical":"https:\/\/www.accent-social.cat\/es\/participamos-activamente-fiesta-mayor-casc-antic-barcelona\/","og_locale":"es_ES","og_type":"article","og_title":"Participamos activamente en la Fiesta Mayor del Casc Antic de Barcelona","og_description":"Desde las viviendas con Servicios para Personas Mayores Llu\u00eds Companys, participamos en la organizaci\u00f3n de la Fiesta Mayor del Casc Antic de Barcelona","og_url":"https:\/\/www.accent-social.cat\/es\/participamos-activamente-fiesta-mayor-casc-antic-barcelona\/","og_site_name":"Accent Social | Serveis d&#039;Atenci\u00f3 Domicili\u00e0ria i centres per gent gran","article_publisher":"https:\/\/www.facebook.com\/accentsocial","article_published_time":"2023-07-07T10:32:25+00:00","article_modified_time":"2023-07-07T13:56:08+00:00","og_image":[{"width":840,"height":394,"url":"https:\/\/www.accent-social.cat\/wp-content\/uploads\/2023\/07\/Participem-activament-a-la-Festa-Major-del-Casc-Antic-de-Barcelona.jpg","type":"image\/jpeg"}],"author":"Accent Social","twitter_card":"summary_large_image","twitter_creator":"@accentsocial_","twitter_site":"@accentsocial_","twitter_misc":{"Escrito por":"Accent Social","Tiempo de lectura":"2 minutos"},"schema":{"@context":"https:\/\/schema.org","@graph":[{"@type":"Article","@id":"https:\/\/www.accent-social.cat\/es\/participamos-activamente-fiesta-mayor-casc-antic-barcelona\/#article","isPartOf":{"@id":"https:\/\/www.accent-social.cat\/es\/participamos-activamente-fiesta-mayor-casc-antic-barcelona\/"},"author":{"name":"Accent Social","@id":"https:\/\/www.accent-social.cat\/#\/schema\/person\/e3059313a7a9356d5dcb4adc2ee0396a"},"headline":"Participamos activamente en la Fiesta Mayor del Casc Antic de Barcelona","datePublished":"2023-07-07T10:32:25+00:00","dateModified":"2023-07-07T13:56:08+00:00","mainEntityOfPage":{"@id":"https:\/\/www.accent-social.cat\/es\/participamos-activamente-fiesta-mayor-casc-antic-barcelona\/"},"wordCount":377,"publisher":{"@id":"https:\/\/www.accent-social.cat\/#organization"},"image":{"@id":"https:\/\/www.accent-social.cat\/es\/participamos-activamente-fiesta-mayor-casc-antic-barcelona\/#primaryimage"},"thumbnailUrl":"https:\/\/www.accent-social.cat\/wp-content\/uploads\/2023\/07\/Participem-activament-a-la-Festa-Major-del-Casc-Antic-de-Barcelona.jpg","keywords":["Barcelona","gent gran","integraci\u00f3n social","viviendas con servicios"],"articleSection":["Jornadas"],"inLanguage":"es"},{"@type":"WebPage","@id":"https:\/\/www.accent-social.cat\/es\/participamos-activamente-fiesta-mayor-casc-antic-barcelona\/","url":"https:\/\/www.accent-social.cat\/es\/participamos-activamente-fiesta-mayor-casc-antic-barcelona\/","name":"Participamos activamente en la Fiesta Mayor del Casc Antic de Barcelona","isPartOf":{"@id":"https:\/\/www.accent-social.cat\/#website"},"primaryImageOfPage":{"@id":"https:\/\/www.accent-social.cat\/es\/participamos-activamente-fiesta-mayor-casc-antic-barcelona\/#primaryimage"},"image":{"@id":"https:\/\/www.accent-social.cat\/es\/participamos-activamente-fiesta-mayor-casc-antic-barcelona\/#primaryimage"},"thumbnailUrl":"https:\/\/www.accent-social.cat\/wp-content\/uploads\/2023\/07\/Participem-activament-a-la-Festa-Major-del-Casc-Antic-de-Barcelona.jpg","datePublished":"2023-07-07T10:32:25+00:00","dateModified":"2023-07-07T13:56:08+00:00","description":"Desde las viviendas con Servicios para Personas Mayores Llu\u00eds Companys, participamos en la organizaci\u00f3n de la Fiesta Mayor del Casc Antic de Barcelona","breadcrumb":{"@id":"https:\/\/www.accent-social.cat\/es\/participamos-activamente-fiesta-mayor-casc-antic-barcelona\/#breadcrumb"},"inLanguage":"es","potentialAction":[{"@type":"ReadAction","target":["https:\/\/www.accent-social.cat\/es\/participamos-activamente-fiesta-mayor-casc-antic-barcelona\/"]}]},{"@type":"ImageObject","inLanguage":"es","@id":"https:\/\/www.accent-social.cat\/es\/participamos-activamente-fiesta-mayor-casc-antic-barcelona\/#primaryimage","url":"https:\/\/www.accent-social.cat\/wp-content\/uploads\/2023\/07\/Participem-activament-a-la-Festa-Major-del-Casc-Antic-de-Barcelona.jpg","contentUrl":"https:\/\/www.accent-social.cat\/wp-content\/uploads\/2023\/07\/Participem-activament-a-la-Festa-Major-del-Casc-Antic-de-Barcelona.jpg","width":840,"height":394,"caption":"Participem activament a la Festa Major del Casc Antic de Barcelona"},{"@type":"BreadcrumbList","@id":"https:\/\/www.accent-social.cat\/es\/participamos-activamente-fiesta-mayor-casc-antic-barcelona\/#breadcrumb","itemListElement":[{"@type":"ListItem","position":1,"name":"Inici","item":"https:\/\/www.accent-social.cat\/es\/"},{"@type":"ListItem","position":2,"name":"Participamos activamente en la Fiesta Mayor del Casc Antic de Barcelona"}]},{"@type":"WebSite","@id":"https:\/\/www.accent-social.cat\/#website","url":"https:\/\/www.accent-social.cat\/","name":"Accent Social | Serveis d'Atenci\u00f3 Domicili\u00e0ria (SAD) i centres col\u00b7lectius","description":"Serveis d&#039;Atenci\u00f3 Domicili\u00e0ria i centres de dia a Barcelona. Gesti\u00f3 de serveis socials i per a la gent gran.","publisher":{"@id":"https:\/\/www.accent-social.cat\/#organization"},"potentialAction":[{"@type":"SearchAction","target":{"@type":"EntryPoint","urlTemplate":"https:\/\/www.accent-social.cat\/?s={search_term_string}"},"query-input":{"@type":"PropertyValueSpecification","valueRequired":true,"valueName":"search_term_string"}}],"inLanguage":"es"},{"@type":"Organization","@id":"https:\/\/www.accent-social.cat\/#organization","name":"Accent Social","url":"https:\/\/www.accent-social.cat\/","logo":{"@type":"ImageObject","inLanguage":"es","@id":"https:\/\/www.accent-social.cat\/#\/schema\/logo\/image\/","url":"https:\/\/www.accent-social.cat\/wp-content\/uploads\/2017\/09\/Logo-Accent-Social.jpg","contentUrl":"https:\/\/www.accent-social.cat\/wp-content\/uploads\/2017\/09\/Logo-Accent-Social.jpg","width":512,"height":512,"caption":"Accent Social"},"image":{"@id":"https:\/\/www.accent-social.cat\/#\/schema\/logo\/image\/"},"sameAs":["https:\/\/www.facebook.com\/accentsocial","https:\/\/x.com\/accentsocial_","http:\/\/www.instagram.com\/accentsocial","https:\/\/www.linkedin.com\/company\/accent-social\/","https:\/\/www.crunchbase.com\/organization\/accent-social","https:\/\/www.hotfrog.es\/empresa\/barcelona\/barcelona\/accent-social","https:\/\/www.youtube.com\/channel\/UCBRsmX50gP0nPuAb5rPfr2g"]},{"@type":"Person","@id":"https:\/\/www.accent-social.cat\/#\/schema\/person\/e3059313a7a9356d5dcb4adc2ee0396a","name":"Accent Social","image":{"@type":"ImageObject","inLanguage":"es","@id":"https:\/\/secure.gravatar.com\/avatar\/9a4d9b0c2bbfb1ff3da85e7195367fa23cc6b72e60b3092496806038fa837fc5?s=96&d=mm&r=g","url":"https:\/\/secure.gravatar.com\/avatar\/9a4d9b0c2bbfb1ff3da85e7195367fa23cc6b72e60b3092496806038fa837fc5?s=96&d=mm&r=g","contentUrl":"https:\/\/secure.gravatar.com\/avatar\/9a4d9b0c2bbfb1ff3da85e7195367fa23cc6b72e60b3092496806038fa837fc5?s=96&d=mm&r=g","caption":"Accent Social"}}]}},"_links":{"self":[{"href":"https:\/\/www.accent-social.cat\/es\/wp-json\/wp\/v2\/posts\/14627","targetHints":{"allow":["GET"]}}],"collection":[{"href":"https:\/\/www.accent-social.cat\/es\/wp-json\/wp\/v2\/posts"}],"about":[{"href":"https:\/\/www.accent-social.cat\/es\/wp-json\/wp\/v2\/types\/post"}],"author":[{"embeddable":true,"href":"https:\/\/www.accent-social.cat\/es\/wp-json\/wp\/v2\/users\/1"}],"replies":[{"embeddable":true,"href":"https:\/\/www.accent-social.cat\/es\/wp-json\/wp\/v2\/comments?post=14627"}],"version-history":[{"count":6,"href":"https:\/\/www.accent-social.cat\/es\/wp-json\/wp\/v2\/posts\/14627\/revisions"}],"predecessor-version":[{"id":14633,"href":"https:\/\/www.accent-social.cat\/es\/wp-json\/wp\/v2\/posts\/14627\/revisions\/14633"}],"wp:featuredmedia":[{"embeddable":true,"href":"https:\/\/www.accent-social.cat\/es\/wp-json\/wp\/v2\/media\/14622"}],"wp:attachment":[{"href":"https:\/\/www.accent-social.cat\/es\/wp-json\/wp\/v2\/media?parent=14627"}],"wp:term":[{"taxonomy":"category","embeddable":true,"href":"https:\/\/www.accent-social.cat\/es\/wp-json\/wp\/v2\/categories?post=14627"},{"taxonomy":"post_tag","embeddable":true,"href":"https:\/\/www.accent-social.cat\/es\/wp-json\/wp\/v2\/tags?post=14627"}],"curies":[{"name":"wp","href":"https:\/\/api.w.org\/{rel}","templated":true}]}}