{"id":14592,"date":"2023-05-10T22:17:29","date_gmt":"2023-05-10T21:17:29","guid":{"rendered":"https:\/\/www.accent-social.cat\/?p=14592"},"modified":"2023-06-25T23:10:53","modified_gmt":"2023-06-25T22:10:53","slug":"cuidarse-para-cuidar-personas-mayores-dependientes","status":"publish","type":"post","link":"https:\/\/www.accent-social.cat\/es\/cuidarse-para-cuidar-personas-mayores-dependientes\/","title":{"rendered":"Es necesario cuidarse para cuidar a las personas mayores o dependientes"},"content":{"rendered":"<h3>Es importante cuidarse para poder cuidar. Lo explica Llu\u00efsa Domingo, directora del Centro de D\u00eda de Montcada i Reixac.<\/h3>\n<p>A menudo, las personas que cuidan diariamente a familiares pueden sentirse cansadas o sobrecargadas f\u00edsica y emocionalmente, debido a la falta de tiempo para atenderse a s\u00ed mismas.<\/p>\n<p>Por esta raz\u00f3n, es muy importante que se propicie su descanso y es necesario recordarles que, para cuidar, tambi\u00e9n deben cuidarse.<\/p>\n<p>Una buena manera de hacer que este descanso sea posible es aprovechar las ventajas de un centro de d\u00eda. En \u00e9l, las personas en situaci\u00f3n de dependencia pueden pasar una parte del d\u00eda y despu\u00e9s volver a casa.<\/p>\n<p>El centro que gestionamos desde Accent Social en Montcada I Reixac es un ejemplo, ya que nos encargamos de su atenci\u00f3n, favoreciendo su descanso y garantizando una mejor gesti\u00f3n del tiempo a los familiares que generalmente est\u00e1n a cargo de su cuidado y contribuyendo al m\u00e1ximo <a href=\"https:\/\/www.accent-social.cat\/es\/tag\/bienestar\/>bienestar<\/a> de las personas usuarias<\/a>>.<\/p>\n<p>En este sentido, los equipos de profesionales nos convertimos en figuras clave, ya que nos encargamos de ofrecer un acompa\u00f1amiento personalizado para las personas usuarias del centro de d\u00eda y aportamos confianza y descanso a las familias.<\/p>\n<p>Creemos que, si conocemos su historia vital y su situaci\u00f3n actual, podemos ofrecer a la compa\u00f1\u00eda m\u00e1s adaptada a sus necesidades.<\/p>\n<p>&nbsp;<\/p>\n<div class=\"infobox\" ><div class=\"infobox_wrapper\"><span class=\"ib-desc\">\u201cLas personas cuidadoras no profesionales necesitan tener la oportunidad de descansar\u201d<\/span><\/div><\/div>\n\n<p>&nbsp;<\/p>\n<hr class=\" hr_color\" style=\"margin:0 auto 30px;\"\/>\n\n<p>&nbsp;<\/p>\n<h3>LOS CENTROS DE D\u00cdA, ESPACIOS PARA FOMENTAR UNA VIDA SOCIAL ACTIVA<\/h3>\n<p>M\u00e1s all\u00e1 del descanso, desde los centros de d\u00eda tambi\u00e9n ofrecemos a las personas usuarias otros m\u00faltiples beneficios. Se trata de un espacio donde se pueden realizar diversas <strong>actividades f\u00edsicas, l\u00fadicas o culturales<\/strong>, planificadas internamente, que ayudan a <strong>fomentar su bienestar emocional<\/strong> y a fortalecer el v\u00ednculo entre el familiar y la persona con dependencia.<\/p>\n<p>Adem\u00e1s tambi\u00e9n favorecemos la creaci\u00f3n de nuevas relaciones sociales con otras personas usuarias y el refuerzo de las habilidades comunicativas.<\/p>\n<p>En el <strong><a href=\"https:\/\/www.montcada.cat\/temes\/gent-gran\/\" target=\"_blank\" rel=\"noopener\">centro de d\u00eda de Montcada i Reixac<\/a><\/strong>, la madre de una de nuestras usuarias valora positivamente los servicios que le ofrecemos como persona cuidadora no profesional: \u00abDesde que mi madre va al centro, est\u00e1 mucho m\u00e1s alegre. Me cuenta todas las actividades que hace all\u00ed y qu\u00e9 bien la trata el equipo de profesionales\u00bb, dice Mari Rosa.<\/p>\n<p>\u00abAprovecho este tiempo para realizar otras actividades que, de lo contrario, no podr\u00eda hacer. Tengo la tranquilidad de saber que est\u00e1 bien atendido y que puedo contactar con el centro cuando lo necesito. S\u00e9 que le prestan una atenci\u00f3n que la ayuda a alcanzar algunos objetivos, como mejorar sus habilidades motoras o fortalecer la estimulaci\u00f3n cognitiva\u00bb, agrega.<\/p>\n<p>Finalmente, concluye: \u00abGracias a ir al centro, cuando pasamos tiempo juntas, es de mayor calidad. Estar unas horas separadas hace que tengamos m\u00e1s cosas para decirnos y que valoremos m\u00e1s el tiempo compartido\u00bb.<\/p>\n<p>Nos gusta pensar que los y las profesionales contribuyen a mejorar la calidad de vida de las personas. Este es el prop\u00f3sito y forma de actuar de Accent Social, desde donde trabajamos para ofrecer un acompa\u00f1amiento amigable y eficiente a las familias que lo necesitan.<\/p>\n<p>Es por ello por lo que insistimos en que, para brindar la mejor atenci\u00f3n a las personas que amamos, necesitamos destinar tiempo para cuidarse de s\u00ed mismo.<\/p>\n<p><em>&#8211; <strong>Llu\u00efsa Domingo<\/strong>, directora del Centro de D\u00eda de Montcada i Reixac (Centre C\u00edvic).<\/em><\/p>\n<hr class=\" hr_color\" style=\"margin:0 auto 30px;\"\/>\n\n<div class=\"column one\"><div class=\"mcb-column-inner\"><br \/>\n<iframe loading=\"lazy\" style=\"border: none; overflow: hidden;\" src=\"https:\/\/www.facebook.com\/plugins\/page.php?href=https%3A%2F%2Fwww.facebook.com%2Faccentsocial%2F&amp;tabs=timeline&amp;width=500&amp;height=100&amp;small_header=false&amp;adapt_container_width=false&amp;hide_cover=false&amp;show_facepile=true&amp;appId\" width=\"500\" height=\"100\" frameborder=\"0\" scrolling=\"no\" data-mce-fragment=\"1\"><\/iframe><br \/>\n<\/div><\/div>\n\n","protected":false},"excerpt":{"rendered":"<p>Es importante cuidarse para poder cuidar. Lo explica Llu\u00efsa Domingo, directora del Centro de D\u00eda de Montcada i Reixac.<\/p>\n","protected":false},"author":1,"featured_media":15066,"comment_status":"closed","ping_status":"open","sticky":false,"template":"","format":"standard","meta":{"footnotes":""},"categories":[359],"tags":[279,468,425,329,489],"class_list":["post-14592","post","type-post","status-publish","format-standard","has-post-thumbnail","hentry","category-proyectos","tag-accent-social-es","tag-bienestar","tag-centros-de-dia","tag-cuidadoras","tag-cuidadors-no-professionals-es"],"yoast_head":"<!-- This site is optimized with the Yoast SEO plugin v27.5 - https:\/\/yoast.com\/product\/yoast-seo-wordpress\/ -->\n<title>Es necesario cuidarse para cuidar a las personas mayores<\/title>\n<meta name=\"description\" content=\"Es importante cuidarse para poder cuidar. Lo explica Llu\u00efsa Domingo, directora del Centro de D\u00eda de Montcada i Reixac.\" \/>\n<meta name=\"robots\" content=\"index, follow, max-snippet:-1, max-image-preview:large, max-video-preview:-1\" \/>\n<link rel=\"canonical\" href=\"https:\/\/www.accent-social.cat\/es\/cuidarse-para-cuidar-personas-mayores-dependientes\/\" \/>\n<meta property=\"og:locale\" content=\"es_ES\" \/>\n<meta property=\"og:type\" content=\"article\" \/>\n<meta property=\"og:title\" content=\"Es necesario cuidarse para cuidar a las personas mayores\" \/>\n<meta property=\"og:description\" content=\"Es importante cuidarse para poder cuidar. Lo explica Llu\u00efsa Domingo, directora del Centro de D\u00eda de Montcada i Reixac.\" \/>\n<meta property=\"og:url\" content=\"https:\/\/www.accent-social.cat\/es\/cuidarse-para-cuidar-personas-mayores-dependientes\/\" \/>\n<meta property=\"og:site_name\" content=\"Accent Social | Serveis d&#039;Atenci\u00f3 Domicili\u00e0ria i centres per gent gran\" \/>\n<meta property=\"article:publisher\" content=\"https:\/\/www.facebook.com\/accentsocial\" \/>\n<meta property=\"article:published_time\" content=\"2023-05-10T21:17:29+00:00\" \/>\n<meta property=\"article:modified_time\" content=\"2023-06-25T22:10:53+00:00\" \/>\n<meta property=\"og:image\" content=\"https:\/\/www.accent-social.cat\/wp-content\/uploads\/2023\/04\/Cuidar-se-per-cuidar-Autocura-per-a-acompanyar-persones-grans-i-amb-dependencia.jpg\" \/>\n\t<meta property=\"og:image:width\" content=\"840\" \/>\n\t<meta property=\"og:image:height\" content=\"400\" \/>\n\t<meta property=\"og:image:type\" content=\"image\/jpeg\" \/>\n<meta name=\"author\" content=\"Accent Social\" \/>\n<meta name=\"twitter:card\" content=\"summary_large_image\" \/>\n<meta name=\"twitter:image\" content=\"https:\/\/www.accent-social.cat\/wp-content\/uploads\/2023\/04\/Cuidar-se-per-cuidar-Autocura-per-a-acompanyar-persones-grans-i-amb-dependencia.jpg\" \/>\n<meta name=\"twitter:creator\" content=\"@accentsocial_\" \/>\n<meta name=\"twitter:site\" content=\"@accentsocial_\" \/>\n<meta name=\"twitter:label1\" content=\"Escrito por\" \/>\n\t<meta name=\"twitter:data1\" content=\"Accent Social\" \/>\n\t<meta name=\"twitter:label2\" content=\"Tiempo de lectura\" \/>\n\t<meta name=\"twitter:data2\" content=\"4 minutos\" \/>\n<script type=\"application\/ld+json\" class=\"yoast-schema-graph\">{\"@context\":\"https:\\\/\\\/schema.org\",\"@graph\":[{\"@type\":\"Article\",\"@id\":\"https:\\\/\\\/www.accent-social.cat\\\/es\\\/cuidarse-para-cuidar-personas-mayores-dependientes\\\/#article\",\"isPartOf\":{\"@id\":\"https:\\\/\\\/www.accent-social.cat\\\/es\\\/cuidarse-para-cuidar-personas-mayores-dependientes\\\/\"},\"author\":{\"name\":\"Accent Social\",\"@id\":\"https:\\\/\\\/www.accent-social.cat\\\/#\\\/schema\\\/person\\\/e3059313a7a9356d5dcb4adc2ee0396a\"},\"headline\":\"Es necesario cuidarse para cuidar a las personas mayores o dependientes\",\"datePublished\":\"2023-05-10T21:17:29+00:00\",\"dateModified\":\"2023-06-25T22:10:53+00:00\",\"mainEntityOfPage\":{\"@id\":\"https:\\\/\\\/www.accent-social.cat\\\/es\\\/cuidarse-para-cuidar-personas-mayores-dependientes\\\/\"},\"wordCount\":176,\"publisher\":{\"@id\":\"https:\\\/\\\/www.accent-social.cat\\\/#organization\"},\"image\":{\"@id\":\"https:\\\/\\\/www.accent-social.cat\\\/es\\\/cuidarse-para-cuidar-personas-mayores-dependientes\\\/#primaryimage\"},\"thumbnailUrl\":\"https:\\\/\\\/www.accent-social.cat\\\/wp-content\\\/uploads\\\/2023\\\/04\\\/Cuidar-se-per-cuidar.-Autocura-per-acompanyar-i-atendre-persones-grans-dependents.jpg\",\"keywords\":[\"Accent Social\",\"bienestar\",\"centros de d\u00eda\",\"cuidadoras\",\"cuidadors no professionals\"],\"articleSection\":[\"Proyectos\"],\"inLanguage\":\"es\"},{\"@type\":\"WebPage\",\"@id\":\"https:\\\/\\\/www.accent-social.cat\\\/es\\\/cuidarse-para-cuidar-personas-mayores-dependientes\\\/\",\"url\":\"https:\\\/\\\/www.accent-social.cat\\\/es\\\/cuidarse-para-cuidar-personas-mayores-dependientes\\\/\",\"name\":\"Es necesario cuidarse para cuidar a las personas mayores\",\"isPartOf\":{\"@id\":\"https:\\\/\\\/www.accent-social.cat\\\/#website\"},\"primaryImageOfPage\":{\"@id\":\"https:\\\/\\\/www.accent-social.cat\\\/es\\\/cuidarse-para-cuidar-personas-mayores-dependientes\\\/#primaryimage\"},\"image\":{\"@id\":\"https:\\\/\\\/www.accent-social.cat\\\/es\\\/cuidarse-para-cuidar-personas-mayores-dependientes\\\/#primaryimage\"},\"thumbnailUrl\":\"https:\\\/\\\/www.accent-social.cat\\\/wp-content\\\/uploads\\\/2023\\\/04\\\/Cuidar-se-per-cuidar.-Autocura-per-acompanyar-i-atendre-persones-grans-dependents.jpg\",\"datePublished\":\"2023-05-10T21:17:29+00:00\",\"dateModified\":\"2023-06-25T22:10:53+00:00\",\"description\":\"Es importante cuidarse para poder cuidar. Lo explica Llu\u00efsa Domingo, directora del Centro de D\u00eda de Montcada i Reixac.\",\"breadcrumb\":{\"@id\":\"https:\\\/\\\/www.accent-social.cat\\\/es\\\/cuidarse-para-cuidar-personas-mayores-dependientes\\\/#breadcrumb\"},\"inLanguage\":\"es\",\"potentialAction\":[{\"@type\":\"ReadAction\",\"target\":[\"https:\\\/\\\/www.accent-social.cat\\\/es\\\/cuidarse-para-cuidar-personas-mayores-dependientes\\\/\"]}]},{\"@type\":\"ImageObject\",\"inLanguage\":\"es\",\"@id\":\"https:\\\/\\\/www.accent-social.cat\\\/es\\\/cuidarse-para-cuidar-personas-mayores-dependientes\\\/#primaryimage\",\"url\":\"https:\\\/\\\/www.accent-social.cat\\\/wp-content\\\/uploads\\\/2023\\\/04\\\/Cuidar-se-per-cuidar.-Autocura-per-acompanyar-i-atendre-persones-grans-dependents.jpg\",\"contentUrl\":\"https:\\\/\\\/www.accent-social.cat\\\/wp-content\\\/uploads\\\/2023\\\/04\\\/Cuidar-se-per-cuidar.-Autocura-per-acompanyar-i-atendre-persones-grans-dependents.jpg\",\"width\":840,\"height\":400,\"caption\":\"Cuidar-se per cuidar. Autocura per acompanyar i atendre persones grans dependents\"},{\"@type\":\"BreadcrumbList\",\"@id\":\"https:\\\/\\\/www.accent-social.cat\\\/es\\\/cuidarse-para-cuidar-personas-mayores-dependientes\\\/#breadcrumb\",\"itemListElement\":[{\"@type\":\"ListItem\",\"position\":1,\"name\":\"Inici\",\"item\":\"https:\\\/\\\/www.accent-social.cat\\\/es\\\/\"},{\"@type\":\"ListItem\",\"position\":2,\"name\":\"Es necesario cuidarse para cuidar a las personas mayores o dependientes\"}]},{\"@type\":\"WebSite\",\"@id\":\"https:\\\/\\\/www.accent-social.cat\\\/#website\",\"url\":\"https:\\\/\\\/www.accent-social.cat\\\/\",\"name\":\"Accent Social | Serveis d'Atenci\u00f3 Domicili\u00e0ria (SAD) i centres col\u00b7lectius\",\"description\":\"Serveis d&#039;Atenci\u00f3 Domicili\u00e0ria i centres de dia a Barcelona. Gesti\u00f3 de serveis socials i per a la gent gran.\",\"publisher\":{\"@id\":\"https:\\\/\\\/www.accent-social.cat\\\/#organization\"},\"potentialAction\":[{\"@type\":\"SearchAction\",\"target\":{\"@type\":\"EntryPoint\",\"urlTemplate\":\"https:\\\/\\\/www.accent-social.cat\\\/?s={search_term_string}\"},\"query-input\":{\"@type\":\"PropertyValueSpecification\",\"valueRequired\":true,\"valueName\":\"search_term_string\"}}],\"inLanguage\":\"es\"},{\"@type\":\"Organization\",\"@id\":\"https:\\\/\\\/www.accent-social.cat\\\/#organization\",\"name\":\"Accent Social\",\"url\":\"https:\\\/\\\/www.accent-social.cat\\\/\",\"logo\":{\"@type\":\"ImageObject\",\"inLanguage\":\"es\",\"@id\":\"https:\\\/\\\/www.accent-social.cat\\\/#\\\/schema\\\/logo\\\/image\\\/\",\"url\":\"https:\\\/\\\/www.accent-social.cat\\\/wp-content\\\/uploads\\\/2017\\\/09\\\/Logo-Accent-Social.jpg\",\"contentUrl\":\"https:\\\/\\\/www.accent-social.cat\\\/wp-content\\\/uploads\\\/2017\\\/09\\\/Logo-Accent-Social.jpg\",\"width\":512,\"height\":512,\"caption\":\"Accent Social\"},\"image\":{\"@id\":\"https:\\\/\\\/www.accent-social.cat\\\/#\\\/schema\\\/logo\\\/image\\\/\"},\"sameAs\":[\"https:\\\/\\\/www.facebook.com\\\/accentsocial\",\"https:\\\/\\\/x.com\\\/accentsocial_\",\"http:\\\/\\\/www.instagram.com\\\/accentsocial\",\"https:\\\/\\\/www.linkedin.com\\\/company\\\/accent-social\\\/\",\"https:\\\/\\\/www.crunchbase.com\\\/organization\\\/accent-social\",\"https:\\\/\\\/www.hotfrog.es\\\/empresa\\\/barcelona\\\/barcelona\\\/accent-social\",\"https:\\\/\\\/www.youtube.com\\\/channel\\\/UCBRsmX50gP0nPuAb5rPfr2g\"]},{\"@type\":\"Person\",\"@id\":\"https:\\\/\\\/www.accent-social.cat\\\/#\\\/schema\\\/person\\\/e3059313a7a9356d5dcb4adc2ee0396a\",\"name\":\"Accent Social\",\"image\":{\"@type\":\"ImageObject\",\"inLanguage\":\"es\",\"@id\":\"https:\\\/\\\/secure.gravatar.com\\\/avatar\\\/9a4d9b0c2bbfb1ff3da85e7195367fa23cc6b72e60b3092496806038fa837fc5?s=96&d=mm&r=g\",\"url\":\"https:\\\/\\\/secure.gravatar.com\\\/avatar\\\/9a4d9b0c2bbfb1ff3da85e7195367fa23cc6b72e60b3092496806038fa837fc5?s=96&d=mm&r=g\",\"contentUrl\":\"https:\\\/\\\/secure.gravatar.com\\\/avatar\\\/9a4d9b0c2bbfb1ff3da85e7195367fa23cc6b72e60b3092496806038fa837fc5?s=96&d=mm&r=g\",\"caption\":\"Accent Social\"}}]}<\/script>\n<!-- \/ Yoast SEO plugin. -->","yoast_head_json":{"title":"Es necesario cuidarse para cuidar a las personas mayores","description":"Es importante cuidarse para poder cuidar. Lo explica Llu\u00efsa Domingo, directora del Centro de D\u00eda de Montcada i Reixac.","robots":{"index":"index","follow":"follow","max-snippet":"max-snippet:-1","max-image-preview":"max-image-preview:large","max-video-preview":"max-video-preview:-1"},"canonical":"https:\/\/www.accent-social.cat\/es\/cuidarse-para-cuidar-personas-mayores-dependientes\/","og_locale":"es_ES","og_type":"article","og_title":"Es necesario cuidarse para cuidar a las personas mayores","og_description":"Es importante cuidarse para poder cuidar. Lo explica Llu\u00efsa Domingo, directora del Centro de D\u00eda de Montcada i Reixac.","og_url":"https:\/\/www.accent-social.cat\/es\/cuidarse-para-cuidar-personas-mayores-dependientes\/","og_site_name":"Accent Social | Serveis d&#039;Atenci\u00f3 Domicili\u00e0ria i centres per gent gran","article_publisher":"https:\/\/www.facebook.com\/accentsocial","article_published_time":"2023-05-10T21:17:29+00:00","article_modified_time":"2023-06-25T22:10:53+00:00","og_image":[{"width":840,"height":400,"url":"https:\/\/www.accent-social.cat\/wp-content\/uploads\/2023\/04\/Cuidar-se-per-cuidar-Autocura-per-a-acompanyar-persones-grans-i-amb-dependencia.jpg","type":"image\/jpeg"}],"author":"Accent Social","twitter_card":"summary_large_image","twitter_image":"https:\/\/www.accent-social.cat\/wp-content\/uploads\/2023\/04\/Cuidar-se-per-cuidar-Autocura-per-a-acompanyar-persones-grans-i-amb-dependencia.jpg","twitter_creator":"@accentsocial_","twitter_site":"@accentsocial_","twitter_misc":{"Escrito por":"Accent Social","Tiempo de lectura":"4 minutos"},"schema":{"@context":"https:\/\/schema.org","@graph":[{"@type":"Article","@id":"https:\/\/www.accent-social.cat\/es\/cuidarse-para-cuidar-personas-mayores-dependientes\/#article","isPartOf":{"@id":"https:\/\/www.accent-social.cat\/es\/cuidarse-para-cuidar-personas-mayores-dependientes\/"},"author":{"name":"Accent Social","@id":"https:\/\/www.accent-social.cat\/#\/schema\/person\/e3059313a7a9356d5dcb4adc2ee0396a"},"headline":"Es necesario cuidarse para cuidar a las personas mayores o dependientes","datePublished":"2023-05-10T21:17:29+00:00","dateModified":"2023-06-25T22:10:53+00:00","mainEntityOfPage":{"@id":"https:\/\/www.accent-social.cat\/es\/cuidarse-para-cuidar-personas-mayores-dependientes\/"},"wordCount":176,"publisher":{"@id":"https:\/\/www.accent-social.cat\/#organization"},"image":{"@id":"https:\/\/www.accent-social.cat\/es\/cuidarse-para-cuidar-personas-mayores-dependientes\/#primaryimage"},"thumbnailUrl":"https:\/\/www.accent-social.cat\/wp-content\/uploads\/2023\/04\/Cuidar-se-per-cuidar.-Autocura-per-acompanyar-i-atendre-persones-grans-dependents.jpg","keywords":["Accent Social","bienestar","centros de d\u00eda","cuidadoras","cuidadors no professionals"],"articleSection":["Proyectos"],"inLanguage":"es"},{"@type":"WebPage","@id":"https:\/\/www.accent-social.cat\/es\/cuidarse-para-cuidar-personas-mayores-dependientes\/","url":"https:\/\/www.accent-social.cat\/es\/cuidarse-para-cuidar-personas-mayores-dependientes\/","name":"Es necesario cuidarse para cuidar a las personas mayores","isPartOf":{"@id":"https:\/\/www.accent-social.cat\/#website"},"primaryImageOfPage":{"@id":"https:\/\/www.accent-social.cat\/es\/cuidarse-para-cuidar-personas-mayores-dependientes\/#primaryimage"},"image":{"@id":"https:\/\/www.accent-social.cat\/es\/cuidarse-para-cuidar-personas-mayores-dependientes\/#primaryimage"},"thumbnailUrl":"https:\/\/www.accent-social.cat\/wp-content\/uploads\/2023\/04\/Cuidar-se-per-cuidar.-Autocura-per-acompanyar-i-atendre-persones-grans-dependents.jpg","datePublished":"2023-05-10T21:17:29+00:00","dateModified":"2023-06-25T22:10:53+00:00","description":"Es importante cuidarse para poder cuidar. Lo explica Llu\u00efsa Domingo, directora del Centro de D\u00eda de Montcada i Reixac.","breadcrumb":{"@id":"https:\/\/www.accent-social.cat\/es\/cuidarse-para-cuidar-personas-mayores-dependientes\/#breadcrumb"},"inLanguage":"es","potentialAction":[{"@type":"ReadAction","target":["https:\/\/www.accent-social.cat\/es\/cuidarse-para-cuidar-personas-mayores-dependientes\/"]}]},{"@type":"ImageObject","inLanguage":"es","@id":"https:\/\/www.accent-social.cat\/es\/cuidarse-para-cuidar-personas-mayores-dependientes\/#primaryimage","url":"https:\/\/www.accent-social.cat\/wp-content\/uploads\/2023\/04\/Cuidar-se-per-cuidar.-Autocura-per-acompanyar-i-atendre-persones-grans-dependents.jpg","contentUrl":"https:\/\/www.accent-social.cat\/wp-content\/uploads\/2023\/04\/Cuidar-se-per-cuidar.-Autocura-per-acompanyar-i-atendre-persones-grans-dependents.jpg","width":840,"height":400,"caption":"Cuidar-se per cuidar. Autocura per acompanyar i atendre persones grans dependents"},{"@type":"BreadcrumbList","@id":"https:\/\/www.accent-social.cat\/es\/cuidarse-para-cuidar-personas-mayores-dependientes\/#breadcrumb","itemListElement":[{"@type":"ListItem","position":1,"name":"Inici","item":"https:\/\/www.accent-social.cat\/es\/"},{"@type":"ListItem","position":2,"name":"Es necesario cuidarse para cuidar a las personas mayores o dependientes"}]},{"@type":"WebSite","@id":"https:\/\/www.accent-social.cat\/#website","url":"https:\/\/www.accent-social.cat\/","name":"Accent Social | Serveis d'Atenci\u00f3 Domicili\u00e0ria (SAD) i centres col\u00b7lectius","description":"Serveis d&#039;Atenci\u00f3 Domicili\u00e0ria i centres de dia a Barcelona. Gesti\u00f3 de serveis socials i per a la gent gran.","publisher":{"@id":"https:\/\/www.accent-social.cat\/#organization"},"potentialAction":[{"@type":"SearchAction","target":{"@type":"EntryPoint","urlTemplate":"https:\/\/www.accent-social.cat\/?s={search_term_string}"},"query-input":{"@type":"PropertyValueSpecification","valueRequired":true,"valueName":"search_term_string"}}],"inLanguage":"es"},{"@type":"Organization","@id":"https:\/\/www.accent-social.cat\/#organization","name":"Accent Social","url":"https:\/\/www.accent-social.cat\/","logo":{"@type":"ImageObject","inLanguage":"es","@id":"https:\/\/www.accent-social.cat\/#\/schema\/logo\/image\/","url":"https:\/\/www.accent-social.cat\/wp-content\/uploads\/2017\/09\/Logo-Accent-Social.jpg","contentUrl":"https:\/\/www.accent-social.cat\/wp-content\/uploads\/2017\/09\/Logo-Accent-Social.jpg","width":512,"height":512,"caption":"Accent Social"},"image":{"@id":"https:\/\/www.accent-social.cat\/#\/schema\/logo\/image\/"},"sameAs":["https:\/\/www.facebook.com\/accentsocial","https:\/\/x.com\/accentsocial_","http:\/\/www.instagram.com\/accentsocial","https:\/\/www.linkedin.com\/company\/accent-social\/","https:\/\/www.crunchbase.com\/organization\/accent-social","https:\/\/www.hotfrog.es\/empresa\/barcelona\/barcelona\/accent-social","https:\/\/www.youtube.com\/channel\/UCBRsmX50gP0nPuAb5rPfr2g"]},{"@type":"Person","@id":"https:\/\/www.accent-social.cat\/#\/schema\/person\/e3059313a7a9356d5dcb4adc2ee0396a","name":"Accent Social","image":{"@type":"ImageObject","inLanguage":"es","@id":"https:\/\/secure.gravatar.com\/avatar\/9a4d9b0c2bbfb1ff3da85e7195367fa23cc6b72e60b3092496806038fa837fc5?s=96&d=mm&r=g","url":"https:\/\/secure.gravatar.com\/avatar\/9a4d9b0c2bbfb1ff3da85e7195367fa23cc6b72e60b3092496806038fa837fc5?s=96&d=mm&r=g","contentUrl":"https:\/\/secure.gravatar.com\/avatar\/9a4d9b0c2bbfb1ff3da85e7195367fa23cc6b72e60b3092496806038fa837fc5?s=96&d=mm&r=g","caption":"Accent Social"}}]}},"_links":{"self":[{"href":"https:\/\/www.accent-social.cat\/es\/wp-json\/wp\/v2\/posts\/14592","targetHints":{"allow":["GET"]}}],"collection":[{"href":"https:\/\/www.accent-social.cat\/es\/wp-json\/wp\/v2\/posts"}],"about":[{"href":"https:\/\/www.accent-social.cat\/es\/wp-json\/wp\/v2\/types\/post"}],"author":[{"embeddable":true,"href":"https:\/\/www.accent-social.cat\/es\/wp-json\/wp\/v2\/users\/1"}],"replies":[{"embeddable":true,"href":"https:\/\/www.accent-social.cat\/es\/wp-json\/wp\/v2\/comments?post=14592"}],"version-history":[{"count":7,"href":"https:\/\/www.accent-social.cat\/es\/wp-json\/wp\/v2\/posts\/14592\/revisions"}],"predecessor-version":[{"id":14599,"href":"https:\/\/www.accent-social.cat\/es\/wp-json\/wp\/v2\/posts\/14592\/revisions\/14599"}],"wp:featuredmedia":[{"embeddable":true,"href":"https:\/\/www.accent-social.cat\/es\/wp-json\/wp\/v2\/media\/15066"}],"wp:attachment":[{"href":"https:\/\/www.accent-social.cat\/es\/wp-json\/wp\/v2\/media?parent=14592"}],"wp:term":[{"taxonomy":"category","embeddable":true,"href":"https:\/\/www.accent-social.cat\/es\/wp-json\/wp\/v2\/categories?post=14592"},{"taxonomy":"post_tag","embeddable":true,"href":"https:\/\/www.accent-social.cat\/es\/wp-json\/wp\/v2\/tags?post=14592"}],"curies":[{"name":"wp","href":"https:\/\/api.w.org\/{rel}","templated":true}]}}