{"id":14310,"date":"2022-12-23T18:28:37","date_gmt":"2022-12-23T17:28:37","guid":{"rendered":"https:\/\/www.accent-social.cat\/?p=14310"},"modified":"2023-01-07T18:38:37","modified_gmt":"2023-01-07T17:38:37","slug":"postales-navidenas-personas-mayores-solas","status":"publish","type":"post","link":"https:\/\/www.accent-social.cat\/es\/postales-navidenas-personas-mayores-solas\/","title":{"rendered":"Profesionales de Accent Social reparten 300 postales navide\u00f1as personas mayores que viven solas"},"content":{"rendered":"<h3>Acompa\u00f1amos a las personas mayores que viven solas, repartiendo por Navidad unas postales que han elaborado profesionales del Servicio de Atenci\u00f3n Domiciliaria (SAD) y sus familias, as\u00ed como por todas aquellas personas que se han querido sumar a hacerles llegar un c\u00e1lido mensaje.<\/h3>\n<p>Cada vez son m\u00e1s las personas mayores que viven solas y no cuentan con un acompa\u00f1amiento diario. Conscientes de que esta realidad es todav\u00eda m\u00e1s notoria en Navidad -\u00e9poca de constantes reuniones y celebraciones familiares-, los profesionales de los Servicios de Atenci\u00f3n Domiciliaria (SAD) que gestiona Accent Social en todo el territorio catal\u00e1n han repartido cerca de 300 postales navide\u00f1as entre las personas usuarias que viven solas, para <strong>acompa\u00f1arlas y mostrarles su afecto en estas fechas tan especiales.<\/strong><\/p>\n<p>Todas las postales han sido elaboradas por el equipo de profesionales de Accent Social y sus familias, as\u00ed como por todas aquellas personas que han querido sumarse, especialmente mayores, para hacer llegar a los usuarios y usuarias un c\u00e1lido mensaje y el deseo de unas felices fiestas.<\/p>\n<p>El personal de Accent Social es muy importante para las personas que atienden en los SAD. Con ellas, <strong>han creado y reforzado un v\u00ednculo profesional muy especial<\/strong> y, por eso, est\u00e1 siendo el mismo equipo de profesionales el que est\u00e1n haciendo entrega de las postales de manera individualizada a los domicilios durante esta semana.<\/p>\n<p>&nbsp;<\/p>\n\n\t\t\t<style type='text\/css'>\n\t\t\t\t#sc_gallery-1 {\n\t\t\t\t\tmargin: auto;\n\t\t\t\t}\n\t\t\t\t#sc_gallery-1 .gallery-item {\n\t\t\t\t\tfloat: left;\n\t\t\t\t\ttext-align: center;\n\t\t\t\t\twidth: 49.99%;\n\t\t\t\t}\n\t\t\t\t#sc_gallery-1 img {\n\t\t\t\t\tborder: 2px solid #cfcfcf;\n\t\t\t\t}\n\t\t\t\t\/* see sc_gallery() in functions\/theme-shortcodes.php *\/\n\t\t\t<\/style>\n\t\t<div id='sc_gallery-1' class='gallery galleryid-14310 gallery-columns-2 gallery-size-large file element_classes gallery-default'><dl class='gallery-item'  data-title='Acompanyar les persones grans que viuen en soledat repartint postals' data-description='Acompanyar les persones grans que viuen en soledat repartint postals'><div class='gallery-item-wrapper'>\n\t\t\t\t<dt class='gallery-icon landscape'>\n\t\t\t\t\t<a href='https:\/\/www.accent-social.cat\/wp-content\/uploads\/2022\/12\/Acompanyar-les-persones-grans-que-viuen-en-soledat-repartint-postals.jpg'><img loading=\"lazy\" decoding=\"async\" width=\"1000\" height=\"750\" src=\"https:\/\/www.accent-social.cat\/wp-content\/uploads\/2022\/12\/Acompanyar-les-persones-grans-que-viuen-en-soledat-repartint-postals.jpg\" class=\"attachment-large size-large\" alt=\"Acompanyar les persones grans que viuen en soledat repartint postals\" srcset=\"https:\/\/www.accent-social.cat\/wp-content\/uploads\/2022\/12\/Acompanyar-les-persones-grans-que-viuen-en-soledat-repartint-postals.jpg 1000w, https:\/\/www.accent-social.cat\/wp-content\/uploads\/2022\/12\/Acompanyar-les-persones-grans-que-viuen-en-soledat-repartint-postals-300x225.jpg 300w, https:\/\/www.accent-social.cat\/wp-content\/uploads\/2022\/12\/Acompanyar-les-persones-grans-que-viuen-en-soledat-repartint-postals-768x576.jpg 768w, https:\/\/www.accent-social.cat\/wp-content\/uploads\/2022\/12\/Acompanyar-les-persones-grans-que-viuen-en-soledat-repartint-postals-195x146.jpg 195w, https:\/\/www.accent-social.cat\/wp-content\/uploads\/2022\/12\/Acompanyar-les-persones-grans-que-viuen-en-soledat-repartint-postals-50x38.jpg 50w, https:\/\/www.accent-social.cat\/wp-content\/uploads\/2022\/12\/Acompanyar-les-persones-grans-que-viuen-en-soledat-repartint-postals-100x75.jpg 100w\" sizes=\"auto, (max-width:767px) 480px, (max-width:1000px) 100vw, 1000px\" \/><\/a>\n\t\t\t\t<\/dt><\/div><\/dl><dl class='gallery-item'  data-title='Els equips de professionals del Servei d'Atenci\u00f3 Domicili\u00e0ria SAD acompanyen persones soles' data-description='Els equips de professionals del Servei d'Atenci\u00f3 Domicili\u00e0ria SAD acompanyen persones soles'><div class='gallery-item-wrapper'>\n\t\t\t\t<dt class='gallery-icon landscape'>\n\t\t\t\t\t<a href='https:\/\/www.accent-social.cat\/wp-content\/uploads\/2022\/12\/Els-equips-de-professionals-del-Servei-dAtencio-Domiciliaria-SAD-acompanyen-persones-soles.jpg'><img loading=\"lazy\" decoding=\"async\" width=\"1000\" height=\"750\" src=\"https:\/\/www.accent-social.cat\/wp-content\/uploads\/2022\/12\/Els-equips-de-professionals-del-Servei-dAtencio-Domiciliaria-SAD-acompanyen-persones-soles.jpg\" class=\"attachment-large size-large\" alt=\"Els equips de professionals del Servei d&#039;Atenci\u00f3 Domicili\u00e0ria SAD acompanyen persones soles\" srcset=\"https:\/\/www.accent-social.cat\/wp-content\/uploads\/2022\/12\/Els-equips-de-professionals-del-Servei-dAtencio-Domiciliaria-SAD-acompanyen-persones-soles.jpg 1000w, https:\/\/www.accent-social.cat\/wp-content\/uploads\/2022\/12\/Els-equips-de-professionals-del-Servei-dAtencio-Domiciliaria-SAD-acompanyen-persones-soles-300x225.jpg 300w, https:\/\/www.accent-social.cat\/wp-content\/uploads\/2022\/12\/Els-equips-de-professionals-del-Servei-dAtencio-Domiciliaria-SAD-acompanyen-persones-soles-768x576.jpg 768w, https:\/\/www.accent-social.cat\/wp-content\/uploads\/2022\/12\/Els-equips-de-professionals-del-Servei-dAtencio-Domiciliaria-SAD-acompanyen-persones-soles-195x146.jpg 195w, https:\/\/www.accent-social.cat\/wp-content\/uploads\/2022\/12\/Els-equips-de-professionals-del-Servei-dAtencio-Domiciliaria-SAD-acompanyen-persones-soles-50x38.jpg 50w, https:\/\/www.accent-social.cat\/wp-content\/uploads\/2022\/12\/Els-equips-de-professionals-del-Servei-dAtencio-Domiciliaria-SAD-acompanyen-persones-soles-100x75.jpg 100w\" sizes=\"auto, (max-width:767px) 480px, (max-width:1000px) 100vw, 1000px\" \/><\/a>\n\t\t\t\t<\/dt><\/div><\/dl><br style=\"clear: both\" \/>\n\t\t\t<\/div>\n\n<hr class=\" hr_color\" style=\"margin:0 auto 30px;\"\/>\n\n<h3>PEQUE\u00d1OS GESTOS PARA FORTALECER LOS V\u00cdNCULOS SOCIALES<\/h3>\n<p>Los profesionales de los Servicios de Atenci\u00f3n Domiciliaria contribuyen, tambi\u00e9n, a <strong>fortalecer los v\u00ednculos sociales entre las personas usuarias y su entorno<\/strong>, a trav\u00e9s de paseos al aire libre y un contacto continuo con la red de establecimientos y servicios municipales, como, por ejemplo, comercios, servicios sanitarios y sociales, etc.<\/p>\n<p>As\u00ed lo ha explicado Montse Par\u00e9s, delegada social de Accent Social: \u201cSomos conscientes que muchas de las personas usuarias sufren de soledad no deseada, especialmente en fechas tan se\u00f1aladas como las fiestas de Navidad. Por eso, desde Accent Social hemos querido llevar a cabo esta peque\u00f1a acci\u00f3n para contribuir, en parte, a reducir la sensaci\u00f3n de aislamiento de las personas mayores\u201d.<\/p>\n<p>Con esta iniciativa, Accent Social quiere continuar dibujando sonrisas en las personas usuarias, <strong>creando peque\u00f1os instantes de ilusi\u00f3n en la Navidad, desde su compromiso con la mejora de la calidad de vida y el bienestar de las personas mayores<\/strong><\/p>\n<div class=\"infobox\" ><div class=\"infobox_wrapper\"><span class=\"ib-desc\">\u201cAl Servei d&#8217;Atenci\u00f3 Domicili\u00e0ria, repartim il\u00b7lusi\u00f3 i copsem l&#8217;alegria i la sorpresa en les cares de les persones grans que viuen soles\u201d.<\/span><\/div><\/div>\n\n<p>&nbsp;<\/p>\n\n\t\t\t<style type='text\/css'>\n\t\t\t\t#sc_gallery-2 {\n\t\t\t\t\tmargin: auto;\n\t\t\t\t}\n\t\t\t\t#sc_gallery-2 .gallery-item {\n\t\t\t\t\tfloat: left;\n\t\t\t\t\ttext-align: center;\n\t\t\t\t\twidth: 49.99%;\n\t\t\t\t}\n\t\t\t\t#sc_gallery-2 img {\n\t\t\t\t\tborder: 2px solid #cfcfcf;\n\t\t\t\t}\n\t\t\t\t\/* see sc_gallery() in functions\/theme-shortcodes.php *\/\n\t\t\t<\/style>\n\t\t<div id='sc_gallery-2' class='gallery galleryid-14310 gallery-columns-2 gallery-size-large file element_classes gallery-default'><dl class='gallery-item'  data-title='Postals de Nadal per a persones grans que viuen soles' data-description='Postals de Nadal per a persones grans que viuen soles'><div class='gallery-item-wrapper'>\n\t\t\t\t<dt class='gallery-icon landscape'>\n\t\t\t\t\t<a href='https:\/\/www.accent-social.cat\/wp-content\/uploads\/2022\/12\/Postals-de-Nadal-per-a-persones-grans-que-viuen-soles.jpg'><img loading=\"lazy\" decoding=\"async\" width=\"1000\" height=\"750\" src=\"https:\/\/www.accent-social.cat\/wp-content\/uploads\/2022\/12\/Postals-de-Nadal-per-a-persones-grans-que-viuen-soles.jpg\" class=\"attachment-large size-large\" alt=\"Postals de Nadal per a persones grans que viuen soles\" srcset=\"https:\/\/www.accent-social.cat\/wp-content\/uploads\/2022\/12\/Postals-de-Nadal-per-a-persones-grans-que-viuen-soles.jpg 1000w, https:\/\/www.accent-social.cat\/wp-content\/uploads\/2022\/12\/Postals-de-Nadal-per-a-persones-grans-que-viuen-soles-300x225.jpg 300w, https:\/\/www.accent-social.cat\/wp-content\/uploads\/2022\/12\/Postals-de-Nadal-per-a-persones-grans-que-viuen-soles-768x576.jpg 768w, https:\/\/www.accent-social.cat\/wp-content\/uploads\/2022\/12\/Postals-de-Nadal-per-a-persones-grans-que-viuen-soles-195x146.jpg 195w, https:\/\/www.accent-social.cat\/wp-content\/uploads\/2022\/12\/Postals-de-Nadal-per-a-persones-grans-que-viuen-soles-50x38.jpg 50w, https:\/\/www.accent-social.cat\/wp-content\/uploads\/2022\/12\/Postals-de-Nadal-per-a-persones-grans-que-viuen-soles-100x75.jpg 100w\" sizes=\"auto, (max-width:767px) 480px, (max-width:1000px) 100vw, 1000px\" \/><\/a>\n\t\t\t\t<\/dt><\/div><\/dl><dl class='gallery-item'  data-title='Acompayament a persones que viuen en soledat des dels Servei d'Atenci\u00f3 Domicili\u00e0ria SAD' data-description='Acompayament a persones que viuen en soledat des dels Servei d'Atenci\u00f3 Domicili\u00e0ria SAD'><div class='gallery-item-wrapper'>\n\t\t\t\t<dt class='gallery-icon landscape'>\n\t\t\t\t\t<a href='https:\/\/www.accent-social.cat\/wp-content\/uploads\/2022\/12\/Acompayament-a-persones-que-viuen-en-soledat-des-dels-Servei-dAtencio-Domiciliaria-SAD.jpg'><img loading=\"lazy\" decoding=\"async\" width=\"1000\" height=\"750\" src=\"https:\/\/www.accent-social.cat\/wp-content\/uploads\/2022\/12\/Acompayament-a-persones-que-viuen-en-soledat-des-dels-Servei-dAtencio-Domiciliaria-SAD.jpg\" class=\"attachment-large size-large\" alt=\"Acompayament a persones que viuen en soledat des dels Servei d&#039;Atenci\u00f3 Domicili\u00e0ria SAD\" srcset=\"https:\/\/www.accent-social.cat\/wp-content\/uploads\/2022\/12\/Acompayament-a-persones-que-viuen-en-soledat-des-dels-Servei-dAtencio-Domiciliaria-SAD.jpg 1000w, https:\/\/www.accent-social.cat\/wp-content\/uploads\/2022\/12\/Acompayament-a-persones-que-viuen-en-soledat-des-dels-Servei-dAtencio-Domiciliaria-SAD-300x225.jpg 300w, https:\/\/www.accent-social.cat\/wp-content\/uploads\/2022\/12\/Acompayament-a-persones-que-viuen-en-soledat-des-dels-Servei-dAtencio-Domiciliaria-SAD-768x576.jpg 768w, https:\/\/www.accent-social.cat\/wp-content\/uploads\/2022\/12\/Acompayament-a-persones-que-viuen-en-soledat-des-dels-Servei-dAtencio-Domiciliaria-SAD-195x146.jpg 195w, https:\/\/www.accent-social.cat\/wp-content\/uploads\/2022\/12\/Acompayament-a-persones-que-viuen-en-soledat-des-dels-Servei-dAtencio-Domiciliaria-SAD-50x38.jpg 50w, https:\/\/www.accent-social.cat\/wp-content\/uploads\/2022\/12\/Acompayament-a-persones-que-viuen-en-soledat-des-dels-Servei-dAtencio-Domiciliaria-SAD-100x75.jpg 100w\" sizes=\"auto, (max-width:767px) 480px, (max-width:1000px) 100vw, 1000px\" \/><\/a>\n\t\t\t\t<\/dt><\/div><\/dl><br style=\"clear: both\" \/>\n\t\t\t<\/div>\n\n<hr class=\" hr_color\" style=\"margin:0 auto 30px;\"\/>\n\n<pre>Art\u00edculo publicado antes en <a href=\"http:\/\/www.entremayores.es\/spa\/ccaa.asp?var2=Catalu%F1a&amp;nar1=3&amp;nar2=26&amp;nar3=52605&amp;nar5=1\">EntreMayores\/a&gt;.<\/a><\/pre>\n<hr class=\" hr_color\" style=\"margin:0 auto 30px;\"\/>\n\n<div class=\"column one\"><div class=\"mcb-column-inner\"><br \/>\n<iframe loading=\"lazy\" style=\"border: none; overflow: hidden;\" src=\"https:\/\/www.facebook.com\/plugins\/page.php?href=https%3A%2F%2Fwww.facebook.com%2Faccentsocial%2F&amp;tabs=timeline&amp;width=500&amp;height=100&amp;small_header=false&amp;adapt_container_width=false&amp;hide_cover=false&amp;show_facepile=true&amp;appId\" width=\"500\" height=\"100\" frameborder=\"0\" scrolling=\"no\" data-mce-fragment=\"1\"><\/iframe><br \/>\n<\/div><\/div>\n\n","protected":false},"excerpt":{"rendered":"<p>Acompa\u00f1amos a las personas mayores que viven solas, repartiendo por Navidad unas postales elaboradas por el equipo del Servicio de Atenci\u00f3n Domiciliaria<\/p>\n","protected":false},"author":1,"featured_media":14299,"comment_status":"closed","ping_status":"open","sticky":false,"template":"","format":"standard","meta":{"footnotes":""},"categories":[234],"tags":[401,413],"class_list":["post-14310","post","type-post","status-publish","format-standard","has-post-thumbnail","hentry","category-jornadas","tag-servicio-de-atencion-domiciliaria","tag-soledad"],"yoast_head":"<!-- This site is optimized with the Yoast SEO plugin v27.5 - https:\/\/yoast.com\/product\/yoast-seo-wordpress\/ -->\n<title>Profesionales de Accent Social reparten 300 postales navide\u00f1as personas mayores que viven solas<\/title>\n<meta name=\"description\" content=\"Acompa\u00f1amos a las personas mayores que viven solas, repartiendo por Navidad unas postales elaboradas por el equipo del Servicio de Atenci\u00f3n Domiciliaria\" \/>\n<meta name=\"robots\" content=\"index, follow, max-snippet:-1, max-image-preview:large, max-video-preview:-1\" \/>\n<link rel=\"canonical\" href=\"https:\/\/www.accent-social.cat\/es\/postales-navidenas-personas-mayores-solas\/\" \/>\n<meta property=\"og:locale\" content=\"es_ES\" \/>\n<meta property=\"og:type\" content=\"article\" \/>\n<meta property=\"og:title\" content=\"Profesionales de Accent Social reparten 300 postales navide\u00f1as personas mayores que viven solas\" \/>\n<meta property=\"og:description\" content=\"Acompa\u00f1amos a las personas mayores que viven solas, repartiendo por Navidad unas postales elaboradas por el equipo del Servicio de Atenci\u00f3n Domiciliaria\" \/>\n<meta property=\"og:url\" content=\"https:\/\/www.accent-social.cat\/es\/postales-navidenas-personas-mayores-solas\/\" \/>\n<meta property=\"og:site_name\" content=\"Accent Social | Serveis d&#039;Atenci\u00f3 Domicili\u00e0ria i centres per gent gran\" \/>\n<meta property=\"article:publisher\" content=\"https:\/\/www.facebook.com\/accentsocial\" \/>\n<meta property=\"article:published_time\" content=\"2022-12-23T17:28:37+00:00\" \/>\n<meta property=\"article:modified_time\" content=\"2023-01-07T17:38:37+00:00\" \/>\n<meta property=\"og:image\" content=\"https:\/\/www.accent-social.cat\/wp-content\/uploads\/2022\/12\/Postals-de-Nadal-per-a-persones-grans-que-viuen-en-soledat.jpg\" \/>\n\t<meta property=\"og:image:width\" content=\"840\" \/>\n\t<meta property=\"og:image:height\" content=\"400\" \/>\n\t<meta property=\"og:image:type\" content=\"image\/jpeg\" \/>\n<meta name=\"author\" content=\"Accent Social\" \/>\n<meta name=\"twitter:card\" content=\"summary_large_image\" \/>\n<meta name=\"twitter:creator\" content=\"@accentsocial_\" \/>\n<meta name=\"twitter:site\" content=\"@accentsocial_\" \/>\n<meta name=\"twitter:label1\" content=\"Escrito por\" \/>\n\t<meta name=\"twitter:data1\" content=\"Accent Social\" \/>\n\t<meta name=\"twitter:label2\" content=\"Tiempo de lectura\" \/>\n\t<meta name=\"twitter:data2\" content=\"3 minutos\" \/>\n<script type=\"application\/ld+json\" class=\"yoast-schema-graph\">{\"@context\":\"https:\\\/\\\/schema.org\",\"@graph\":[{\"@type\":\"Article\",\"@id\":\"https:\\\/\\\/www.accent-social.cat\\\/es\\\/postales-navidenas-personas-mayores-solas\\\/#article\",\"isPartOf\":{\"@id\":\"https:\\\/\\\/www.accent-social.cat\\\/es\\\/postales-navidenas-personas-mayores-solas\\\/\"},\"author\":{\"name\":\"Accent Social\",\"@id\":\"https:\\\/\\\/www.accent-social.cat\\\/#\\\/schema\\\/person\\\/e3059313a7a9356d5dcb4adc2ee0396a\"},\"headline\":\"Profesionales de Accent Social reparten 300 postales navide\u00f1as personas mayores que viven solas\",\"datePublished\":\"2022-12-23T17:28:37+00:00\",\"dateModified\":\"2023-01-07T17:38:37+00:00\",\"mainEntityOfPage\":{\"@id\":\"https:\\\/\\\/www.accent-social.cat\\\/es\\\/postales-navidenas-personas-mayores-solas\\\/\"},\"wordCount\":491,\"publisher\":{\"@id\":\"https:\\\/\\\/www.accent-social.cat\\\/#organization\"},\"image\":{\"@id\":\"https:\\\/\\\/www.accent-social.cat\\\/es\\\/postales-navidenas-personas-mayores-solas\\\/#primaryimage\"},\"thumbnailUrl\":\"https:\\\/\\\/www.accent-social.cat\\\/wp-content\\\/uploads\\\/2022\\\/12\\\/Postals-de-Nadal-per-a-persones-grans-que-viuen-en-soledat.jpg\",\"keywords\":[\"servicio de atenci\u00f3n domiciliaria\",\"soledad\"],\"articleSection\":[\"Jornadas\"],\"inLanguage\":\"es\"},{\"@type\":\"WebPage\",\"@id\":\"https:\\\/\\\/www.accent-social.cat\\\/es\\\/postales-navidenas-personas-mayores-solas\\\/\",\"url\":\"https:\\\/\\\/www.accent-social.cat\\\/es\\\/postales-navidenas-personas-mayores-solas\\\/\",\"name\":\"Profesionales de Accent Social reparten 300 postales navide\u00f1as personas mayores que viven solas\",\"isPartOf\":{\"@id\":\"https:\\\/\\\/www.accent-social.cat\\\/#website\"},\"primaryImageOfPage\":{\"@id\":\"https:\\\/\\\/www.accent-social.cat\\\/es\\\/postales-navidenas-personas-mayores-solas\\\/#primaryimage\"},\"image\":{\"@id\":\"https:\\\/\\\/www.accent-social.cat\\\/es\\\/postales-navidenas-personas-mayores-solas\\\/#primaryimage\"},\"thumbnailUrl\":\"https:\\\/\\\/www.accent-social.cat\\\/wp-content\\\/uploads\\\/2022\\\/12\\\/Postals-de-Nadal-per-a-persones-grans-que-viuen-en-soledat.jpg\",\"datePublished\":\"2022-12-23T17:28:37+00:00\",\"dateModified\":\"2023-01-07T17:38:37+00:00\",\"description\":\"Acompa\u00f1amos a las personas mayores que viven solas, repartiendo por Navidad unas postales elaboradas por el equipo del Servicio de Atenci\u00f3n Domiciliaria\",\"breadcrumb\":{\"@id\":\"https:\\\/\\\/www.accent-social.cat\\\/es\\\/postales-navidenas-personas-mayores-solas\\\/#breadcrumb\"},\"inLanguage\":\"es\",\"potentialAction\":[{\"@type\":\"ReadAction\",\"target\":[\"https:\\\/\\\/www.accent-social.cat\\\/es\\\/postales-navidenas-personas-mayores-solas\\\/\"]}]},{\"@type\":\"ImageObject\",\"inLanguage\":\"es\",\"@id\":\"https:\\\/\\\/www.accent-social.cat\\\/es\\\/postales-navidenas-personas-mayores-solas\\\/#primaryimage\",\"url\":\"https:\\\/\\\/www.accent-social.cat\\\/wp-content\\\/uploads\\\/2022\\\/12\\\/Postals-de-Nadal-per-a-persones-grans-que-viuen-en-soledat.jpg\",\"contentUrl\":\"https:\\\/\\\/www.accent-social.cat\\\/wp-content\\\/uploads\\\/2022\\\/12\\\/Postals-de-Nadal-per-a-persones-grans-que-viuen-en-soledat.jpg\",\"width\":840,\"height\":400,\"caption\":\"Postals de Nadal per a persones grans que viuen en soledat\"},{\"@type\":\"BreadcrumbList\",\"@id\":\"https:\\\/\\\/www.accent-social.cat\\\/es\\\/postales-navidenas-personas-mayores-solas\\\/#breadcrumb\",\"itemListElement\":[{\"@type\":\"ListItem\",\"position\":1,\"name\":\"Inici\",\"item\":\"https:\\\/\\\/www.accent-social.cat\\\/es\\\/\"},{\"@type\":\"ListItem\",\"position\":2,\"name\":\"Profesionales de Accent Social reparten 300 postales navide\u00f1as personas mayores que viven solas\"}]},{\"@type\":\"WebSite\",\"@id\":\"https:\\\/\\\/www.accent-social.cat\\\/#website\",\"url\":\"https:\\\/\\\/www.accent-social.cat\\\/\",\"name\":\"Accent Social | Serveis d'Atenci\u00f3 Domicili\u00e0ria (SAD) i centres col\u00b7lectius\",\"description\":\"Serveis d&#039;Atenci\u00f3 Domicili\u00e0ria i centres de dia a Barcelona. Gesti\u00f3 de serveis socials i per a la gent gran.\",\"publisher\":{\"@id\":\"https:\\\/\\\/www.accent-social.cat\\\/#organization\"},\"potentialAction\":[{\"@type\":\"SearchAction\",\"target\":{\"@type\":\"EntryPoint\",\"urlTemplate\":\"https:\\\/\\\/www.accent-social.cat\\\/?s={search_term_string}\"},\"query-input\":{\"@type\":\"PropertyValueSpecification\",\"valueRequired\":true,\"valueName\":\"search_term_string\"}}],\"inLanguage\":\"es\"},{\"@type\":\"Organization\",\"@id\":\"https:\\\/\\\/www.accent-social.cat\\\/#organization\",\"name\":\"Accent Social\",\"url\":\"https:\\\/\\\/www.accent-social.cat\\\/\",\"logo\":{\"@type\":\"ImageObject\",\"inLanguage\":\"es\",\"@id\":\"https:\\\/\\\/www.accent-social.cat\\\/#\\\/schema\\\/logo\\\/image\\\/\",\"url\":\"https:\\\/\\\/www.accent-social.cat\\\/wp-content\\\/uploads\\\/2017\\\/09\\\/Logo-Accent-Social.jpg\",\"contentUrl\":\"https:\\\/\\\/www.accent-social.cat\\\/wp-content\\\/uploads\\\/2017\\\/09\\\/Logo-Accent-Social.jpg\",\"width\":512,\"height\":512,\"caption\":\"Accent Social\"},\"image\":{\"@id\":\"https:\\\/\\\/www.accent-social.cat\\\/#\\\/schema\\\/logo\\\/image\\\/\"},\"sameAs\":[\"https:\\\/\\\/www.facebook.com\\\/accentsocial\",\"https:\\\/\\\/x.com\\\/accentsocial_\",\"http:\\\/\\\/www.instagram.com\\\/accentsocial\",\"https:\\\/\\\/www.linkedin.com\\\/company\\\/accent-social\\\/\",\"https:\\\/\\\/www.crunchbase.com\\\/organization\\\/accent-social\",\"https:\\\/\\\/www.hotfrog.es\\\/empresa\\\/barcelona\\\/barcelona\\\/accent-social\",\"https:\\\/\\\/www.youtube.com\\\/channel\\\/UCBRsmX50gP0nPuAb5rPfr2g\"]},{\"@type\":\"Person\",\"@id\":\"https:\\\/\\\/www.accent-social.cat\\\/#\\\/schema\\\/person\\\/e3059313a7a9356d5dcb4adc2ee0396a\",\"name\":\"Accent Social\",\"image\":{\"@type\":\"ImageObject\",\"inLanguage\":\"es\",\"@id\":\"https:\\\/\\\/secure.gravatar.com\\\/avatar\\\/9a4d9b0c2bbfb1ff3da85e7195367fa23cc6b72e60b3092496806038fa837fc5?s=96&d=mm&r=g\",\"url\":\"https:\\\/\\\/secure.gravatar.com\\\/avatar\\\/9a4d9b0c2bbfb1ff3da85e7195367fa23cc6b72e60b3092496806038fa837fc5?s=96&d=mm&r=g\",\"contentUrl\":\"https:\\\/\\\/secure.gravatar.com\\\/avatar\\\/9a4d9b0c2bbfb1ff3da85e7195367fa23cc6b72e60b3092496806038fa837fc5?s=96&d=mm&r=g\",\"caption\":\"Accent Social\"}}]}<\/script>\n<!-- \/ Yoast SEO plugin. -->","yoast_head_json":{"title":"Profesionales de Accent Social reparten 300 postales navide\u00f1as personas mayores que viven solas","description":"Acompa\u00f1amos a las personas mayores que viven solas, repartiendo por Navidad unas postales elaboradas por el equipo del Servicio de Atenci\u00f3n Domiciliaria","robots":{"index":"index","follow":"follow","max-snippet":"max-snippet:-1","max-image-preview":"max-image-preview:large","max-video-preview":"max-video-preview:-1"},"canonical":"https:\/\/www.accent-social.cat\/es\/postales-navidenas-personas-mayores-solas\/","og_locale":"es_ES","og_type":"article","og_title":"Profesionales de Accent Social reparten 300 postales navide\u00f1as personas mayores que viven solas","og_description":"Acompa\u00f1amos a las personas mayores que viven solas, repartiendo por Navidad unas postales elaboradas por el equipo del Servicio de Atenci\u00f3n Domiciliaria","og_url":"https:\/\/www.accent-social.cat\/es\/postales-navidenas-personas-mayores-solas\/","og_site_name":"Accent Social | Serveis d&#039;Atenci\u00f3 Domicili\u00e0ria i centres per gent gran","article_publisher":"https:\/\/www.facebook.com\/accentsocial","article_published_time":"2022-12-23T17:28:37+00:00","article_modified_time":"2023-01-07T17:38:37+00:00","og_image":[{"width":840,"height":400,"url":"https:\/\/www.accent-social.cat\/wp-content\/uploads\/2022\/12\/Postals-de-Nadal-per-a-persones-grans-que-viuen-en-soledat.jpg","type":"image\/jpeg"}],"author":"Accent Social","twitter_card":"summary_large_image","twitter_creator":"@accentsocial_","twitter_site":"@accentsocial_","twitter_misc":{"Escrito por":"Accent Social","Tiempo de lectura":"3 minutos"},"schema":{"@context":"https:\/\/schema.org","@graph":[{"@type":"Article","@id":"https:\/\/www.accent-social.cat\/es\/postales-navidenas-personas-mayores-solas\/#article","isPartOf":{"@id":"https:\/\/www.accent-social.cat\/es\/postales-navidenas-personas-mayores-solas\/"},"author":{"name":"Accent Social","@id":"https:\/\/www.accent-social.cat\/#\/schema\/person\/e3059313a7a9356d5dcb4adc2ee0396a"},"headline":"Profesionales de Accent Social reparten 300 postales navide\u00f1as personas mayores que viven solas","datePublished":"2022-12-23T17:28:37+00:00","dateModified":"2023-01-07T17:38:37+00:00","mainEntityOfPage":{"@id":"https:\/\/www.accent-social.cat\/es\/postales-navidenas-personas-mayores-solas\/"},"wordCount":491,"publisher":{"@id":"https:\/\/www.accent-social.cat\/#organization"},"image":{"@id":"https:\/\/www.accent-social.cat\/es\/postales-navidenas-personas-mayores-solas\/#primaryimage"},"thumbnailUrl":"https:\/\/www.accent-social.cat\/wp-content\/uploads\/2022\/12\/Postals-de-Nadal-per-a-persones-grans-que-viuen-en-soledat.jpg","keywords":["servicio de atenci\u00f3n domiciliaria","soledad"],"articleSection":["Jornadas"],"inLanguage":"es"},{"@type":"WebPage","@id":"https:\/\/www.accent-social.cat\/es\/postales-navidenas-personas-mayores-solas\/","url":"https:\/\/www.accent-social.cat\/es\/postales-navidenas-personas-mayores-solas\/","name":"Profesionales de Accent Social reparten 300 postales navide\u00f1as personas mayores que viven solas","isPartOf":{"@id":"https:\/\/www.accent-social.cat\/#website"},"primaryImageOfPage":{"@id":"https:\/\/www.accent-social.cat\/es\/postales-navidenas-personas-mayores-solas\/#primaryimage"},"image":{"@id":"https:\/\/www.accent-social.cat\/es\/postales-navidenas-personas-mayores-solas\/#primaryimage"},"thumbnailUrl":"https:\/\/www.accent-social.cat\/wp-content\/uploads\/2022\/12\/Postals-de-Nadal-per-a-persones-grans-que-viuen-en-soledat.jpg","datePublished":"2022-12-23T17:28:37+00:00","dateModified":"2023-01-07T17:38:37+00:00","description":"Acompa\u00f1amos a las personas mayores que viven solas, repartiendo por Navidad unas postales elaboradas por el equipo del Servicio de Atenci\u00f3n Domiciliaria","breadcrumb":{"@id":"https:\/\/www.accent-social.cat\/es\/postales-navidenas-personas-mayores-solas\/#breadcrumb"},"inLanguage":"es","potentialAction":[{"@type":"ReadAction","target":["https:\/\/www.accent-social.cat\/es\/postales-navidenas-personas-mayores-solas\/"]}]},{"@type":"ImageObject","inLanguage":"es","@id":"https:\/\/www.accent-social.cat\/es\/postales-navidenas-personas-mayores-solas\/#primaryimage","url":"https:\/\/www.accent-social.cat\/wp-content\/uploads\/2022\/12\/Postals-de-Nadal-per-a-persones-grans-que-viuen-en-soledat.jpg","contentUrl":"https:\/\/www.accent-social.cat\/wp-content\/uploads\/2022\/12\/Postals-de-Nadal-per-a-persones-grans-que-viuen-en-soledat.jpg","width":840,"height":400,"caption":"Postals de Nadal per a persones grans que viuen en soledat"},{"@type":"BreadcrumbList","@id":"https:\/\/www.accent-social.cat\/es\/postales-navidenas-personas-mayores-solas\/#breadcrumb","itemListElement":[{"@type":"ListItem","position":1,"name":"Inici","item":"https:\/\/www.accent-social.cat\/es\/"},{"@type":"ListItem","position":2,"name":"Profesionales de Accent Social reparten 300 postales navide\u00f1as personas mayores que viven solas"}]},{"@type":"WebSite","@id":"https:\/\/www.accent-social.cat\/#website","url":"https:\/\/www.accent-social.cat\/","name":"Accent Social | Serveis d'Atenci\u00f3 Domicili\u00e0ria (SAD) i centres col\u00b7lectius","description":"Serveis d&#039;Atenci\u00f3 Domicili\u00e0ria i centres de dia a Barcelona. Gesti\u00f3 de serveis socials i per a la gent gran.","publisher":{"@id":"https:\/\/www.accent-social.cat\/#organization"},"potentialAction":[{"@type":"SearchAction","target":{"@type":"EntryPoint","urlTemplate":"https:\/\/www.accent-social.cat\/?s={search_term_string}"},"query-input":{"@type":"PropertyValueSpecification","valueRequired":true,"valueName":"search_term_string"}}],"inLanguage":"es"},{"@type":"Organization","@id":"https:\/\/www.accent-social.cat\/#organization","name":"Accent Social","url":"https:\/\/www.accent-social.cat\/","logo":{"@type":"ImageObject","inLanguage":"es","@id":"https:\/\/www.accent-social.cat\/#\/schema\/logo\/image\/","url":"https:\/\/www.accent-social.cat\/wp-content\/uploads\/2017\/09\/Logo-Accent-Social.jpg","contentUrl":"https:\/\/www.accent-social.cat\/wp-content\/uploads\/2017\/09\/Logo-Accent-Social.jpg","width":512,"height":512,"caption":"Accent Social"},"image":{"@id":"https:\/\/www.accent-social.cat\/#\/schema\/logo\/image\/"},"sameAs":["https:\/\/www.facebook.com\/accentsocial","https:\/\/x.com\/accentsocial_","http:\/\/www.instagram.com\/accentsocial","https:\/\/www.linkedin.com\/company\/accent-social\/","https:\/\/www.crunchbase.com\/organization\/accent-social","https:\/\/www.hotfrog.es\/empresa\/barcelona\/barcelona\/accent-social","https:\/\/www.youtube.com\/channel\/UCBRsmX50gP0nPuAb5rPfr2g"]},{"@type":"Person","@id":"https:\/\/www.accent-social.cat\/#\/schema\/person\/e3059313a7a9356d5dcb4adc2ee0396a","name":"Accent Social","image":{"@type":"ImageObject","inLanguage":"es","@id":"https:\/\/secure.gravatar.com\/avatar\/9a4d9b0c2bbfb1ff3da85e7195367fa23cc6b72e60b3092496806038fa837fc5?s=96&d=mm&r=g","url":"https:\/\/secure.gravatar.com\/avatar\/9a4d9b0c2bbfb1ff3da85e7195367fa23cc6b72e60b3092496806038fa837fc5?s=96&d=mm&r=g","contentUrl":"https:\/\/secure.gravatar.com\/avatar\/9a4d9b0c2bbfb1ff3da85e7195367fa23cc6b72e60b3092496806038fa837fc5?s=96&d=mm&r=g","caption":"Accent Social"}}]}},"_links":{"self":[{"href":"https:\/\/www.accent-social.cat\/es\/wp-json\/wp\/v2\/posts\/14310","targetHints":{"allow":["GET"]}}],"collection":[{"href":"https:\/\/www.accent-social.cat\/es\/wp-json\/wp\/v2\/posts"}],"about":[{"href":"https:\/\/www.accent-social.cat\/es\/wp-json\/wp\/v2\/types\/post"}],"author":[{"embeddable":true,"href":"https:\/\/www.accent-social.cat\/es\/wp-json\/wp\/v2\/users\/1"}],"replies":[{"embeddable":true,"href":"https:\/\/www.accent-social.cat\/es\/wp-json\/wp\/v2\/comments?post=14310"}],"version-history":[{"count":5,"href":"https:\/\/www.accent-social.cat\/es\/wp-json\/wp\/v2\/posts\/14310\/revisions"}],"predecessor-version":[{"id":14315,"href":"https:\/\/www.accent-social.cat\/es\/wp-json\/wp\/v2\/posts\/14310\/revisions\/14315"}],"wp:featuredmedia":[{"embeddable":true,"href":"https:\/\/www.accent-social.cat\/es\/wp-json\/wp\/v2\/media\/14299"}],"wp:attachment":[{"href":"https:\/\/www.accent-social.cat\/es\/wp-json\/wp\/v2\/media?parent=14310"}],"wp:term":[{"taxonomy":"category","embeddable":true,"href":"https:\/\/www.accent-social.cat\/es\/wp-json\/wp\/v2\/categories?post=14310"},{"taxonomy":"post_tag","embeddable":true,"href":"https:\/\/www.accent-social.cat\/es\/wp-json\/wp\/v2\/tags?post=14310"}],"curies":[{"name":"wp","href":"https:\/\/api.w.org\/{rel}","templated":true}]}}