{"id":14187,"date":"2022-10-30T13:12:52","date_gmt":"2022-10-30T12:12:52","guid":{"rendered":"https:\/\/www.accent-social.cat\/?p=14187"},"modified":"2022-11-02T10:28:39","modified_gmt":"2022-11-02T09:28:39","slug":"envejecimiento-autoestima-habitos-saludables-personas-mayores","status":"publish","type":"post","link":"https:\/\/www.accent-social.cat\/es\/envejecimiento-autoestima-habitos-saludables-personas-mayores\/","title":{"rendered":"Envejecimiento y autoestima. H\u00e1bitos saludables para verse y sentirse mejor"},"content":{"rendered":"<h3>Envejecimiento y autoestima: el concepto de autoimagen experimenta cambios a lo largo de la edad, pudiendo suponer una alteraci\u00f3n en el grado de aceptaci\u00f3n de la imagen corporal propia en personas mayores.<\/h3>\n<p>La sociedad actual ha normalizado la asociaci\u00f3n entre belleza y juventud, que crea un sesgo de malestar con la propia imagen cuando las personas alcanzan edades avanzadas.<\/p>\n<p>La baja autoestima frecuentemente guarda una estrecha relaci\u00f3n con el proceso de envejecimiento. El paso de los a\u00f1os, los cambios f\u00edsicos y cognitivos, la p\u00e9rdida de autonom\u00eda en algunos casos y el cambio en la rutina, pueden resultar dif\u00edciles de aceptar generando auto-rechazo y desaprobaci\u00f3n. Por el contrario, el fomento del autocuidado favorece la autoestima y el bienestar de las personas mayores.<\/p>\n<p>En los Servicios de\u00a0<strong>Atenci\u00f3n Domiciliaria (SAD)<\/strong>\u00a0gestionados por Accent Social,\u00a0<strong>el acompa\u00f1amiento en el cuidado personal constituye una pieza clave\u00a0<\/strong>en el d\u00eda a d\u00eda de estos servicios.\u00a0<strong>Teresa Prieto<\/strong>, trabajadora familiar del Servicio de Atenci\u00f3n Domiciliaria destaca la importancia de conocer en profundidad a la persona usuaria:<\/p>\n<p style=\"padding-left: 40px;\"><span style=\"color: #ab4fab;\"><em>\u00abLos colores, las formas, el estilo de vestir\u2026<strong>Quiz\u00e1s haya cosas con las que no se atrev\u00eda en su juventud y con la edad ha ganado la suficiente confianza y seguridad en s\u00ed misma como para poder hacerlas<\/strong>. En ese caso, me gusta poder contribuir a ello\u00bb.<\/em><\/span><\/p>\n<p>Del mismo modo,\u00a0<strong>es importante conocer su personalidad y ayudar a potenciar todas sus virtudes<\/strong>. <\/p>\n<p style=\"padding-left: 40px;\"><span style=\"color: #ab4fab;\"><em>\u00abSi es elegante, con un gran saber estar\u2026 Se trata de dar forma a todos los aspectos que conoces de la persona, especialmente a sus valores, para acompa\u00f1arla en el proceso de b\u00fasqueda de su mejor versi\u00f3n\u00bb.<\/em><\/span><\/p>\n<hr class=\" hr_color\" style=\"margin:0 auto 30px;\"\/>\n\n<h3>EL ENVEJECIMIENTO, EL MEJOR MOMENTO PARA RETOMAR AFICIONES<\/h3>\n<p>El autocuidado\u00a0<strong>tambi\u00e9n supone saber escucharse a uno mismo y tener en cuenta aquello que nos hace felices.<\/strong>\u00a0Por ello, un aspecto fundamental es poder decidir voluntariamente c\u00f3mo gestionar nuestro tiempo y qu\u00e9 sentido darle.<strong>\u00a0La finalidad es seguir desarrollando las capacidades, potenciando la creatividad y la libertad de decisi\u00f3n<\/strong>.<\/p>\n<p>De hecho, e<strong>l envejecimiento puede convertirse en la etapa perfecta para recuperar las aficiones que se abandonaron en alg\u00fan momento por falta de tiempo<\/strong>\u00a0y seguir participando activamente en la vida social y familiar, a trav\u00e9s de actividades de\u00a0<strong>voluntariado, de ocio, de aprendizaje o de expresi\u00f3n cultural<\/strong>. <\/p>\n<p>As\u00ed, ser activo y mantener h\u00e1bitos saludables significa participar en la sociedad de acuerdo con las necesidades, deseos y habilidades de cada uno,\u00a0<strong>tratando de mantener una buena salud y relaci\u00f3n con el entorno social,<\/strong>\u00a0con el objetivo de\u00a0<strong>mejorar la calidad de vida y la longevidad.<\/strong><\/p>\n<p>Por ello, el equipo de profesionales del Servicio de Atenci\u00f3n Domiciliaria tambi\u00e9n refuerza la motivaci\u00f3n de los usuarios y usuarias para que retomen aquellas actividades que les satisfacen.\u00a0Tal como explica <strong>Cristina Fern\u00e1ndez<\/strong>, jefa de servicio de Accent Social:<\/p>\n<p style=\"padding-left: 40px;\"><span style=\"color: #ab4fab;\"><em>\u201cPuede ser un buen momento para\u00a0<strong>volver a leer, pintar o reemprender las salidas culturales<\/strong>. Aquellas peque\u00f1as cosas para las que nos suele faltar tiempo pero que son las que realmente nos complacen\u201d.<\/em><\/span><\/p>\n<p>Del mismo modo,\u00a0<strong>que las personas mayores practiquen ejercicio f\u00edsico de forma regular en su d\u00eda a d\u00eda, les ayuda a mantenerse activas f\u00edsica y cognitivamente, as\u00ed como a reforzar su salud cardiovascular<\/strong>.<\/p>\n<p>Por ello, en todos los servicios gestionados por Accent Social tratamos de fomentar la<strong>\u00a0psicomotricidad y la actividad f\u00edsica\u00a0<\/strong>a trav\u00e9s de paseos y ejercicios pautados y dirigidos por nuestro equipo de profesionales,\u00a0<strong>con la finalidad de seguir potenciando la autoestima de todas las personas.<\/strong><\/p>\n<div class=\"infobox\" ><div class=\"infobox_wrapper\"><span class=\"ib-desc\">\u201cEl concepto de autoimagen experimenta cambios a lo largo de la edad, pudiendo suponer una alteraci\u00f3n en el grado de aceptaci\u00f3n de la imagen corporal propia en las personas mayores. El fomento del autocuidado favorece la autoestima\u201d.<\/span><\/div><\/div>\n\n<hr class=\" hr_color\" style=\"margin:0 auto 30px;\"\/>\n\n<pre>Art\u00edculo publicado antes en <a href=\"https:\/\/www.geriatricarea.com\/2022\/10\/22\/habitos-saludables-verse-bien-para-sentirse-mejor\/\" target=\"_blank\" rel=\"noopener\">Geriatric \u00c1rea<\/a>.<\/pre>\n<hr class=\" hr_color\" style=\"margin:0 auto 30px;\"\/>\n\n<p>&nbsp;<\/p>\n","protected":false},"excerpt":{"rendered":"<p>Envejecimiento y autoestima. Cuando flaquea el grado de aceptaci\u00f3n de la imagen corporal en personas mayores, se debe fomentar el autocuidado<\/p>\n","protected":false},"author":1,"featured_media":14193,"comment_status":"closed","ping_status":"open","sticky":false,"template":"","format":"standard","meta":{"footnotes":""},"categories":[470,359],"tags":[285,468,421,220,584],"class_list":["post-14187","post","type-post","status-publish","format-standard","has-post-thumbnail","hentry","category-buen-trato-personas-mayores","category-proyectos","tag-autoestima-es","tag-bienestar","tag-envejecimiento-activo","tag-gent-gran-es","tag-habitos-saludables"],"yoast_head":"<!-- This site is optimized with the Yoast SEO plugin v27.5 - https:\/\/yoast.com\/product\/yoast-seo-wordpress\/ -->\n<title>Envejecimiento y autoestima. H\u00e1bitos saludables para sentirse mejor<\/title>\n<meta name=\"description\" content=\"Envejecimiento y autoestima. Cuando flaquea el grado de aceptaci\u00f3n de la imagen corporal en personas mayores, se debe fomentar el autocuidado\" \/>\n<meta name=\"robots\" content=\"index, follow, max-snippet:-1, max-image-preview:large, max-video-preview:-1\" \/>\n<link rel=\"canonical\" href=\"https:\/\/www.accent-social.cat\/es\/envejecimiento-autoestima-habitos-saludables-personas-mayores\/\" \/>\n<meta property=\"og:locale\" content=\"es_ES\" \/>\n<meta property=\"og:type\" content=\"article\" \/>\n<meta property=\"og:title\" content=\"Envejecimiento y autoestima. H\u00e1bitos saludables para sentirse mejor\" \/>\n<meta property=\"og:description\" content=\"Envejecimiento y autoestima. Cuando flaquea el grado de aceptaci\u00f3n de la imagen corporal en personas mayores, se debe fomentar el autocuidado\" \/>\n<meta property=\"og:url\" content=\"https:\/\/www.accent-social.cat\/es\/envejecimiento-autoestima-habitos-saludables-personas-mayores\/\" \/>\n<meta property=\"og:site_name\" content=\"Accent Social | Serveis d&#039;Atenci\u00f3 Domicili\u00e0ria i centres per gent gran\" \/>\n<meta property=\"article:publisher\" content=\"https:\/\/www.facebook.com\/accentsocial\" \/>\n<meta property=\"article:published_time\" content=\"2022-10-30T12:12:52+00:00\" \/>\n<meta property=\"article:modified_time\" content=\"2022-11-02T09:28:39+00:00\" \/>\n<meta property=\"og:image\" content=\"https:\/\/www.accent-social.cat\/wp-content\/uploads\/2022\/10\/Envelliment-i-autoestima-en-persones-grans.jpg\" \/>\n\t<meta property=\"og:image:width\" content=\"840\" \/>\n\t<meta property=\"og:image:height\" content=\"400\" \/>\n\t<meta property=\"og:image:type\" content=\"image\/jpeg\" \/>\n<meta name=\"author\" content=\"Accent Social\" \/>\n<meta name=\"twitter:card\" content=\"summary_large_image\" \/>\n<meta name=\"twitter:image\" content=\"https:\/\/www.accent-social.cat\/wp-content\/uploads\/2022\/10\/Envelliment-i-autoestima-en-persones-grans.jpg\" \/>\n<meta name=\"twitter:creator\" content=\"@accentsocial_\" \/>\n<meta name=\"twitter:site\" content=\"@accentsocial_\" \/>\n<meta name=\"twitter:label1\" content=\"Escrito por\" \/>\n\t<meta name=\"twitter:data1\" content=\"Accent Social\" \/>\n\t<meta name=\"twitter:label2\" content=\"Tiempo de lectura\" \/>\n\t<meta name=\"twitter:data2\" content=\"4 minutos\" \/>\n<script type=\"application\/ld+json\" class=\"yoast-schema-graph\">{\"@context\":\"https:\\\/\\\/schema.org\",\"@graph\":[{\"@type\":\"Article\",\"@id\":\"https:\\\/\\\/www.accent-social.cat\\\/es\\\/envejecimiento-autoestima-habitos-saludables-personas-mayores\\\/#article\",\"isPartOf\":{\"@id\":\"https:\\\/\\\/www.accent-social.cat\\\/es\\\/envejecimiento-autoestima-habitos-saludables-personas-mayores\\\/\"},\"author\":{\"name\":\"Accent Social\",\"@id\":\"https:\\\/\\\/www.accent-social.cat\\\/#\\\/schema\\\/person\\\/e3059313a7a9356d5dcb4adc2ee0396a\"},\"headline\":\"Envejecimiento y autoestima. H\u00e1bitos saludables para verse y sentirse mejor\",\"datePublished\":\"2022-10-30T12:12:52+00:00\",\"dateModified\":\"2022-11-02T09:28:39+00:00\",\"mainEntityOfPage\":{\"@id\":\"https:\\\/\\\/www.accent-social.cat\\\/es\\\/envejecimiento-autoestima-habitos-saludables-personas-mayores\\\/\"},\"wordCount\":690,\"publisher\":{\"@id\":\"https:\\\/\\\/www.accent-social.cat\\\/#organization\"},\"image\":{\"@id\":\"https:\\\/\\\/www.accent-social.cat\\\/es\\\/envejecimiento-autoestima-habitos-saludables-personas-mayores\\\/#primaryimage\"},\"thumbnailUrl\":\"https:\\\/\\\/www.accent-social.cat\\\/wp-content\\\/uploads\\\/2022\\\/10\\\/Envelliment-i-autoestima-en-persones-grans.jpg\",\"keywords\":[\"autoestima\",\"bienestar\",\"envejecimiento activo\",\"gent gran\",\"h\u00e1bitos saludables\"],\"articleSection\":[\"Buen trato a personas mayores\",\"Proyectos\"],\"inLanguage\":\"es\"},{\"@type\":\"WebPage\",\"@id\":\"https:\\\/\\\/www.accent-social.cat\\\/es\\\/envejecimiento-autoestima-habitos-saludables-personas-mayores\\\/\",\"url\":\"https:\\\/\\\/www.accent-social.cat\\\/es\\\/envejecimiento-autoestima-habitos-saludables-personas-mayores\\\/\",\"name\":\"Envejecimiento y autoestima. H\u00e1bitos saludables para sentirse mejor\",\"isPartOf\":{\"@id\":\"https:\\\/\\\/www.accent-social.cat\\\/#website\"},\"primaryImageOfPage\":{\"@id\":\"https:\\\/\\\/www.accent-social.cat\\\/es\\\/envejecimiento-autoestima-habitos-saludables-personas-mayores\\\/#primaryimage\"},\"image\":{\"@id\":\"https:\\\/\\\/www.accent-social.cat\\\/es\\\/envejecimiento-autoestima-habitos-saludables-personas-mayores\\\/#primaryimage\"},\"thumbnailUrl\":\"https:\\\/\\\/www.accent-social.cat\\\/wp-content\\\/uploads\\\/2022\\\/10\\\/Envelliment-i-autoestima-en-persones-grans.jpg\",\"datePublished\":\"2022-10-30T12:12:52+00:00\",\"dateModified\":\"2022-11-02T09:28:39+00:00\",\"description\":\"Envejecimiento y autoestima. Cuando flaquea el grado de aceptaci\u00f3n de la imagen corporal en personas mayores, se debe fomentar el autocuidado\",\"breadcrumb\":{\"@id\":\"https:\\\/\\\/www.accent-social.cat\\\/es\\\/envejecimiento-autoestima-habitos-saludables-personas-mayores\\\/#breadcrumb\"},\"inLanguage\":\"es\",\"potentialAction\":[{\"@type\":\"ReadAction\",\"target\":[\"https:\\\/\\\/www.accent-social.cat\\\/es\\\/envejecimiento-autoestima-habitos-saludables-personas-mayores\\\/\"]}]},{\"@type\":\"ImageObject\",\"inLanguage\":\"es\",\"@id\":\"https:\\\/\\\/www.accent-social.cat\\\/es\\\/envejecimiento-autoestima-habitos-saludables-personas-mayores\\\/#primaryimage\",\"url\":\"https:\\\/\\\/www.accent-social.cat\\\/wp-content\\\/uploads\\\/2022\\\/10\\\/Envelliment-i-autoestima-en-persones-grans.jpg\",\"contentUrl\":\"https:\\\/\\\/www.accent-social.cat\\\/wp-content\\\/uploads\\\/2022\\\/10\\\/Envelliment-i-autoestima-en-persones-grans.jpg\",\"width\":840,\"height\":400,\"caption\":\"Envelliment i autoestima en persones grans\"},{\"@type\":\"BreadcrumbList\",\"@id\":\"https:\\\/\\\/www.accent-social.cat\\\/es\\\/envejecimiento-autoestima-habitos-saludables-personas-mayores\\\/#breadcrumb\",\"itemListElement\":[{\"@type\":\"ListItem\",\"position\":1,\"name\":\"Inici\",\"item\":\"https:\\\/\\\/www.accent-social.cat\\\/es\\\/\"},{\"@type\":\"ListItem\",\"position\":2,\"name\":\"Envejecimiento y autoestima. H\u00e1bitos saludables para verse y sentirse mejor\"}]},{\"@type\":\"WebSite\",\"@id\":\"https:\\\/\\\/www.accent-social.cat\\\/#website\",\"url\":\"https:\\\/\\\/www.accent-social.cat\\\/\",\"name\":\"Accent Social | Serveis d'Atenci\u00f3 Domicili\u00e0ria (SAD) i centres col\u00b7lectius\",\"description\":\"Serveis d&#039;Atenci\u00f3 Domicili\u00e0ria i centres de dia a Barcelona. Gesti\u00f3 de serveis socials i per a la gent gran.\",\"publisher\":{\"@id\":\"https:\\\/\\\/www.accent-social.cat\\\/#organization\"},\"potentialAction\":[{\"@type\":\"SearchAction\",\"target\":{\"@type\":\"EntryPoint\",\"urlTemplate\":\"https:\\\/\\\/www.accent-social.cat\\\/?s={search_term_string}\"},\"query-input\":{\"@type\":\"PropertyValueSpecification\",\"valueRequired\":true,\"valueName\":\"search_term_string\"}}],\"inLanguage\":\"es\"},{\"@type\":\"Organization\",\"@id\":\"https:\\\/\\\/www.accent-social.cat\\\/#organization\",\"name\":\"Accent Social\",\"url\":\"https:\\\/\\\/www.accent-social.cat\\\/\",\"logo\":{\"@type\":\"ImageObject\",\"inLanguage\":\"es\",\"@id\":\"https:\\\/\\\/www.accent-social.cat\\\/#\\\/schema\\\/logo\\\/image\\\/\",\"url\":\"https:\\\/\\\/www.accent-social.cat\\\/wp-content\\\/uploads\\\/2017\\\/09\\\/Logo-Accent-Social.jpg\",\"contentUrl\":\"https:\\\/\\\/www.accent-social.cat\\\/wp-content\\\/uploads\\\/2017\\\/09\\\/Logo-Accent-Social.jpg\",\"width\":512,\"height\":512,\"caption\":\"Accent Social\"},\"image\":{\"@id\":\"https:\\\/\\\/www.accent-social.cat\\\/#\\\/schema\\\/logo\\\/image\\\/\"},\"sameAs\":[\"https:\\\/\\\/www.facebook.com\\\/accentsocial\",\"https:\\\/\\\/x.com\\\/accentsocial_\",\"http:\\\/\\\/www.instagram.com\\\/accentsocial\",\"https:\\\/\\\/www.linkedin.com\\\/company\\\/accent-social\\\/\",\"https:\\\/\\\/www.crunchbase.com\\\/organization\\\/accent-social\",\"https:\\\/\\\/www.hotfrog.es\\\/empresa\\\/barcelona\\\/barcelona\\\/accent-social\",\"https:\\\/\\\/www.youtube.com\\\/channel\\\/UCBRsmX50gP0nPuAb5rPfr2g\"]},{\"@type\":\"Person\",\"@id\":\"https:\\\/\\\/www.accent-social.cat\\\/#\\\/schema\\\/person\\\/e3059313a7a9356d5dcb4adc2ee0396a\",\"name\":\"Accent Social\",\"image\":{\"@type\":\"ImageObject\",\"inLanguage\":\"es\",\"@id\":\"https:\\\/\\\/secure.gravatar.com\\\/avatar\\\/9a4d9b0c2bbfb1ff3da85e7195367fa23cc6b72e60b3092496806038fa837fc5?s=96&d=mm&r=g\",\"url\":\"https:\\\/\\\/secure.gravatar.com\\\/avatar\\\/9a4d9b0c2bbfb1ff3da85e7195367fa23cc6b72e60b3092496806038fa837fc5?s=96&d=mm&r=g\",\"contentUrl\":\"https:\\\/\\\/secure.gravatar.com\\\/avatar\\\/9a4d9b0c2bbfb1ff3da85e7195367fa23cc6b72e60b3092496806038fa837fc5?s=96&d=mm&r=g\",\"caption\":\"Accent Social\"}}]}<\/script>\n<!-- \/ Yoast SEO plugin. -->","yoast_head_json":{"title":"Envejecimiento y autoestima. H\u00e1bitos saludables para sentirse mejor","description":"Envejecimiento y autoestima. Cuando flaquea el grado de aceptaci\u00f3n de la imagen corporal en personas mayores, se debe fomentar el autocuidado","robots":{"index":"index","follow":"follow","max-snippet":"max-snippet:-1","max-image-preview":"max-image-preview:large","max-video-preview":"max-video-preview:-1"},"canonical":"https:\/\/www.accent-social.cat\/es\/envejecimiento-autoestima-habitos-saludables-personas-mayores\/","og_locale":"es_ES","og_type":"article","og_title":"Envejecimiento y autoestima. H\u00e1bitos saludables para sentirse mejor","og_description":"Envejecimiento y autoestima. Cuando flaquea el grado de aceptaci\u00f3n de la imagen corporal en personas mayores, se debe fomentar el autocuidado","og_url":"https:\/\/www.accent-social.cat\/es\/envejecimiento-autoestima-habitos-saludables-personas-mayores\/","og_site_name":"Accent Social | Serveis d&#039;Atenci\u00f3 Domicili\u00e0ria i centres per gent gran","article_publisher":"https:\/\/www.facebook.com\/accentsocial","article_published_time":"2022-10-30T12:12:52+00:00","article_modified_time":"2022-11-02T09:28:39+00:00","og_image":[{"width":840,"height":400,"url":"https:\/\/www.accent-social.cat\/wp-content\/uploads\/2022\/10\/Envelliment-i-autoestima-en-persones-grans.jpg","type":"image\/jpeg"}],"author":"Accent Social","twitter_card":"summary_large_image","twitter_image":"https:\/\/www.accent-social.cat\/wp-content\/uploads\/2022\/10\/Envelliment-i-autoestima-en-persones-grans.jpg","twitter_creator":"@accentsocial_","twitter_site":"@accentsocial_","twitter_misc":{"Escrito por":"Accent Social","Tiempo de lectura":"4 minutos"},"schema":{"@context":"https:\/\/schema.org","@graph":[{"@type":"Article","@id":"https:\/\/www.accent-social.cat\/es\/envejecimiento-autoestima-habitos-saludables-personas-mayores\/#article","isPartOf":{"@id":"https:\/\/www.accent-social.cat\/es\/envejecimiento-autoestima-habitos-saludables-personas-mayores\/"},"author":{"name":"Accent Social","@id":"https:\/\/www.accent-social.cat\/#\/schema\/person\/e3059313a7a9356d5dcb4adc2ee0396a"},"headline":"Envejecimiento y autoestima. H\u00e1bitos saludables para verse y sentirse mejor","datePublished":"2022-10-30T12:12:52+00:00","dateModified":"2022-11-02T09:28:39+00:00","mainEntityOfPage":{"@id":"https:\/\/www.accent-social.cat\/es\/envejecimiento-autoestima-habitos-saludables-personas-mayores\/"},"wordCount":690,"publisher":{"@id":"https:\/\/www.accent-social.cat\/#organization"},"image":{"@id":"https:\/\/www.accent-social.cat\/es\/envejecimiento-autoestima-habitos-saludables-personas-mayores\/#primaryimage"},"thumbnailUrl":"https:\/\/www.accent-social.cat\/wp-content\/uploads\/2022\/10\/Envelliment-i-autoestima-en-persones-grans.jpg","keywords":["autoestima","bienestar","envejecimiento activo","gent gran","h\u00e1bitos saludables"],"articleSection":["Buen trato a personas mayores","Proyectos"],"inLanguage":"es"},{"@type":"WebPage","@id":"https:\/\/www.accent-social.cat\/es\/envejecimiento-autoestima-habitos-saludables-personas-mayores\/","url":"https:\/\/www.accent-social.cat\/es\/envejecimiento-autoestima-habitos-saludables-personas-mayores\/","name":"Envejecimiento y autoestima. H\u00e1bitos saludables para sentirse mejor","isPartOf":{"@id":"https:\/\/www.accent-social.cat\/#website"},"primaryImageOfPage":{"@id":"https:\/\/www.accent-social.cat\/es\/envejecimiento-autoestima-habitos-saludables-personas-mayores\/#primaryimage"},"image":{"@id":"https:\/\/www.accent-social.cat\/es\/envejecimiento-autoestima-habitos-saludables-personas-mayores\/#primaryimage"},"thumbnailUrl":"https:\/\/www.accent-social.cat\/wp-content\/uploads\/2022\/10\/Envelliment-i-autoestima-en-persones-grans.jpg","datePublished":"2022-10-30T12:12:52+00:00","dateModified":"2022-11-02T09:28:39+00:00","description":"Envejecimiento y autoestima. Cuando flaquea el grado de aceptaci\u00f3n de la imagen corporal en personas mayores, se debe fomentar el autocuidado","breadcrumb":{"@id":"https:\/\/www.accent-social.cat\/es\/envejecimiento-autoestima-habitos-saludables-personas-mayores\/#breadcrumb"},"inLanguage":"es","potentialAction":[{"@type":"ReadAction","target":["https:\/\/www.accent-social.cat\/es\/envejecimiento-autoestima-habitos-saludables-personas-mayores\/"]}]},{"@type":"ImageObject","inLanguage":"es","@id":"https:\/\/www.accent-social.cat\/es\/envejecimiento-autoestima-habitos-saludables-personas-mayores\/#primaryimage","url":"https:\/\/www.accent-social.cat\/wp-content\/uploads\/2022\/10\/Envelliment-i-autoestima-en-persones-grans.jpg","contentUrl":"https:\/\/www.accent-social.cat\/wp-content\/uploads\/2022\/10\/Envelliment-i-autoestima-en-persones-grans.jpg","width":840,"height":400,"caption":"Envelliment i autoestima en persones grans"},{"@type":"BreadcrumbList","@id":"https:\/\/www.accent-social.cat\/es\/envejecimiento-autoestima-habitos-saludables-personas-mayores\/#breadcrumb","itemListElement":[{"@type":"ListItem","position":1,"name":"Inici","item":"https:\/\/www.accent-social.cat\/es\/"},{"@type":"ListItem","position":2,"name":"Envejecimiento y autoestima. H\u00e1bitos saludables para verse y sentirse mejor"}]},{"@type":"WebSite","@id":"https:\/\/www.accent-social.cat\/#website","url":"https:\/\/www.accent-social.cat\/","name":"Accent Social | Serveis d'Atenci\u00f3 Domicili\u00e0ria (SAD) i centres col\u00b7lectius","description":"Serveis d&#039;Atenci\u00f3 Domicili\u00e0ria i centres de dia a Barcelona. Gesti\u00f3 de serveis socials i per a la gent gran.","publisher":{"@id":"https:\/\/www.accent-social.cat\/#organization"},"potentialAction":[{"@type":"SearchAction","target":{"@type":"EntryPoint","urlTemplate":"https:\/\/www.accent-social.cat\/?s={search_term_string}"},"query-input":{"@type":"PropertyValueSpecification","valueRequired":true,"valueName":"search_term_string"}}],"inLanguage":"es"},{"@type":"Organization","@id":"https:\/\/www.accent-social.cat\/#organization","name":"Accent Social","url":"https:\/\/www.accent-social.cat\/","logo":{"@type":"ImageObject","inLanguage":"es","@id":"https:\/\/www.accent-social.cat\/#\/schema\/logo\/image\/","url":"https:\/\/www.accent-social.cat\/wp-content\/uploads\/2017\/09\/Logo-Accent-Social.jpg","contentUrl":"https:\/\/www.accent-social.cat\/wp-content\/uploads\/2017\/09\/Logo-Accent-Social.jpg","width":512,"height":512,"caption":"Accent Social"},"image":{"@id":"https:\/\/www.accent-social.cat\/#\/schema\/logo\/image\/"},"sameAs":["https:\/\/www.facebook.com\/accentsocial","https:\/\/x.com\/accentsocial_","http:\/\/www.instagram.com\/accentsocial","https:\/\/www.linkedin.com\/company\/accent-social\/","https:\/\/www.crunchbase.com\/organization\/accent-social","https:\/\/www.hotfrog.es\/empresa\/barcelona\/barcelona\/accent-social","https:\/\/www.youtube.com\/channel\/UCBRsmX50gP0nPuAb5rPfr2g"]},{"@type":"Person","@id":"https:\/\/www.accent-social.cat\/#\/schema\/person\/e3059313a7a9356d5dcb4adc2ee0396a","name":"Accent Social","image":{"@type":"ImageObject","inLanguage":"es","@id":"https:\/\/secure.gravatar.com\/avatar\/9a4d9b0c2bbfb1ff3da85e7195367fa23cc6b72e60b3092496806038fa837fc5?s=96&d=mm&r=g","url":"https:\/\/secure.gravatar.com\/avatar\/9a4d9b0c2bbfb1ff3da85e7195367fa23cc6b72e60b3092496806038fa837fc5?s=96&d=mm&r=g","contentUrl":"https:\/\/secure.gravatar.com\/avatar\/9a4d9b0c2bbfb1ff3da85e7195367fa23cc6b72e60b3092496806038fa837fc5?s=96&d=mm&r=g","caption":"Accent Social"}}]}},"_links":{"self":[{"href":"https:\/\/www.accent-social.cat\/es\/wp-json\/wp\/v2\/posts\/14187","targetHints":{"allow":["GET"]}}],"collection":[{"href":"https:\/\/www.accent-social.cat\/es\/wp-json\/wp\/v2\/posts"}],"about":[{"href":"https:\/\/www.accent-social.cat\/es\/wp-json\/wp\/v2\/types\/post"}],"author":[{"embeddable":true,"href":"https:\/\/www.accent-social.cat\/es\/wp-json\/wp\/v2\/users\/1"}],"replies":[{"embeddable":true,"href":"https:\/\/www.accent-social.cat\/es\/wp-json\/wp\/v2\/comments?post=14187"}],"version-history":[{"count":8,"href":"https:\/\/www.accent-social.cat\/es\/wp-json\/wp\/v2\/posts\/14187\/revisions"}],"predecessor-version":[{"id":14198,"href":"https:\/\/www.accent-social.cat\/es\/wp-json\/wp\/v2\/posts\/14187\/revisions\/14198"}],"wp:featuredmedia":[{"embeddable":true,"href":"https:\/\/www.accent-social.cat\/es\/wp-json\/wp\/v2\/media\/14193"}],"wp:attachment":[{"href":"https:\/\/www.accent-social.cat\/es\/wp-json\/wp\/v2\/media?parent=14187"}],"wp:term":[{"taxonomy":"category","embeddable":true,"href":"https:\/\/www.accent-social.cat\/es\/wp-json\/wp\/v2\/categories?post=14187"},{"taxonomy":"post_tag","embeddable":true,"href":"https:\/\/www.accent-social.cat\/es\/wp-json\/wp\/v2\/tags?post=14187"}],"curies":[{"name":"wp","href":"https:\/\/api.w.org\/{rel}","templated":true}]}}