{"id":13838,"date":"2021-12-29T00:32:40","date_gmt":"2021-12-28T23:32:40","guid":{"rendered":"https:\/\/www.accent-social.cat\/servei-atencio-domiciliaria-sabadell-rebost-solidari\/"},"modified":"2021-12-30T01:56:27","modified_gmt":"2021-12-30T00:56:27","slug":"servicio-atencion-domiciliaria-sabadell-rebost-solidario","status":"publish","type":"post","link":"https:\/\/www.accent-social.cat\/es\/servicio-atencion-domiciliaria-sabadell-rebost-solidario\/","title":{"rendered":"El SAD de Sabadell recoge media tonelada de alimentos para el Rebost Solidari"},"content":{"rendered":"<h3>El Servicio de Atenci\u00f3n Domiciliaria, gestionado por Accent Social, a\u00f1ade un kilo de alimentos a la colecta solidaria, por cada uno que recoge.<\/h3>\n<p>El SAD de Sabadell ha entregado media tonelada de alimentos y productos b\u00e1sicos al <a href=\"https:\/\/rebostsolidari.org\/\" rel=\"noopener\" target=\"_blank\"><strong>Rebost Solidari<\/strong><\/a>, en una iniciativa impulsada por este organismo y por el <a href=\"https:\/\/web.sabadell.cat\/\" rel=\"noopener\" target=\"_blank\"><strong>Ayuntamiento de Sabadell<\/strong><\/a> y que se ha prolongado durante 20 d\u00edas, llev\u00e1ndose a cabo durante el mes de diciembre.<\/p>\n<p>Una campa\u00f1a con doble solidaridad, ya que adem\u00e1s de la entrega de esta cantidad, el SAD ha a\u00f1adido un kilogramo m\u00e1s por cada uno que ha recogido. As\u00ed, los 250 kg recogidos se han convertido en 500, con la voluntad de <strong>contribuir contra la malnutrici\u00f3n<\/strong>, \u00abuna enfermedad social que evidencia una carencia de nutrientes esenciales\u00bb.<\/p>\n<p>La entrega de los alimentos se ha hecho el 20 de diciembre, coincidiendo con el <strong>D\u00eda Internacional de la Solidaridad<\/strong> y justo antes del inicio de las fiestas navide\u00f1as.<\/p>\n<div class=\"infobox\" ><div class=\"infobox_wrapper\"><span class=\"ib-desc\">\u00abNuestro objetivo es mejorar la calidad de vida de las personas, no solo las usuarias, sino tambi\u00e9n de nuestro entorno. Por este motivo, hemos querido dar apoyo a aquellas personas que m\u00e1s lo necesitan.\u201d -Raquel Magdaleno, jefa de servicio del SAD de Sabadell.<br \/>\n<\/span><\/div><\/div>\n\n<hr class=\" hr_color\" style=\"margin:0 auto 30px;\"\/>\n\n\n\t\t\t<style type='text\/css'>\n\t\t\t\t#sc_gallery-1 {\n\t\t\t\t\tmargin: auto;\n\t\t\t\t}\n\t\t\t\t#sc_gallery-1 .gallery-item {\n\t\t\t\t\tfloat: left;\n\t\t\t\t\ttext-align: center;\n\t\t\t\t\twidth: 49.99%;\n\t\t\t\t}\n\t\t\t\t#sc_gallery-1 img {\n\t\t\t\t\tborder: 2px solid #cfcfcf;\n\t\t\t\t}\n\t\t\t\t\/* see sc_gallery() in functions\/theme-shortcodes.php *\/\n\t\t\t<\/style>\n\t\t<div id='sc_gallery-1' class='gallery galleryid-13838 gallery-columns-2 gallery-size-large  element_classes gallery-default'><dl class='gallery-item'  data-title='Nadal m\u00e9s solidari a Sabadell amb la participaci\u00f3 del SAD Accent Social i Ajuntament' data-description=''><div class='gallery-item-wrapper'>\n\t\t\t\t<dt class='gallery-icon portrait'>\n\t\t\t\t\t<a href='https:\/\/www.accent-social.cat\/es\/servicio-atencion-domiciliaria-sabadell-rebost-solidario\/nadal-mes-solidari-a-sabadell-amb-la-participacio-del-sad-accent-social-i-ajuntament-2\/'><img loading=\"lazy\" decoding=\"async\" width=\"425\" height=\"600\" src=\"https:\/\/www.accent-social.cat\/wp-content\/uploads\/2021\/12\/Nadal-mes-solidari-a-Sabadell-amb-la-participacio-del-SAD-Accent-Social-i-Ajuntament.jpeg\" class=\"attachment-large size-large\" alt=\"\" srcset=\"https:\/\/www.accent-social.cat\/wp-content\/uploads\/2021\/12\/Nadal-mes-solidari-a-Sabadell-amb-la-participacio-del-SAD-Accent-Social-i-Ajuntament.jpeg 425w, https:\/\/www.accent-social.cat\/wp-content\/uploads\/2021\/12\/Nadal-mes-solidari-a-Sabadell-amb-la-participacio-del-SAD-Accent-Social-i-Ajuntament-213x300.jpeg 213w, https:\/\/www.accent-social.cat\/wp-content\/uploads\/2021\/12\/Nadal-mes-solidari-a-Sabadell-amb-la-participacio-del-SAD-Accent-Social-i-Ajuntament-103x146.jpeg 103w, https:\/\/www.accent-social.cat\/wp-content\/uploads\/2021\/12\/Nadal-mes-solidari-a-Sabadell-amb-la-participacio-del-SAD-Accent-Social-i-Ajuntament-35x50.jpeg 35w, https:\/\/www.accent-social.cat\/wp-content\/uploads\/2021\/12\/Nadal-mes-solidari-a-Sabadell-amb-la-participacio-del-SAD-Accent-Social-i-Ajuntament-53x75.jpeg 53w\" sizes=\"auto, (max-width:767px) 425px, 425px\" \/><\/a>\n\t\t\t\t<\/dt><\/div><\/dl><dl class='gallery-item'  data-title='SAD de Sabadell recull aliments a Sabadell pel Rebost Solidari' data-description=''><div class='gallery-item-wrapper'>\n\t\t\t\t<dt class='gallery-icon portrait'>\n\t\t\t\t\t<a href='https:\/\/www.accent-social.cat\/es\/servicio-atencion-domiciliaria-sabadell-rebost-solidario\/sad-de-sabadell-recull-aliments-a-sabadell-pel-rebost-solidari-2\/'><img loading=\"lazy\" decoding=\"async\" width=\"425\" height=\"600\" src=\"https:\/\/www.accent-social.cat\/wp-content\/uploads\/2021\/12\/SAD-de-Sabadell-recull-aliments-a-Sabadell-pel-Rebost-Solidari.jpg\" class=\"attachment-large size-large\" alt=\"\" srcset=\"https:\/\/www.accent-social.cat\/wp-content\/uploads\/2021\/12\/SAD-de-Sabadell-recull-aliments-a-Sabadell-pel-Rebost-Solidari.jpg 425w, https:\/\/www.accent-social.cat\/wp-content\/uploads\/2021\/12\/SAD-de-Sabadell-recull-aliments-a-Sabadell-pel-Rebost-Solidari-213x300.jpg 213w, https:\/\/www.accent-social.cat\/wp-content\/uploads\/2021\/12\/SAD-de-Sabadell-recull-aliments-a-Sabadell-pel-Rebost-Solidari-103x146.jpg 103w, https:\/\/www.accent-social.cat\/wp-content\/uploads\/2021\/12\/SAD-de-Sabadell-recull-aliments-a-Sabadell-pel-Rebost-Solidari-35x50.jpg 35w, https:\/\/www.accent-social.cat\/wp-content\/uploads\/2021\/12\/SAD-de-Sabadell-recull-aliments-a-Sabadell-pel-Rebost-Solidari-53x75.jpg 53w\" sizes=\"auto, (max-width:767px) 425px, 425px\" \/><\/a>\n\t\t\t\t<\/dt><\/div><\/dl><br style=\"clear: both\" \/>\n\t\t\t<\/div>\n\n<p>&nbsp;<\/p>\n<hr class=\" hr_color\" style=\"margin:0 auto 30px;\"\/>\n\n<p>Art\u00edculo tambi\u00e9n publicado en Naci\u00f3 Digital: <a href=\"https:\/\/www.naciodigital.cat\/sabadell\/noticia\/36017\/sad-de-sabadell-recull-mitja-tona-aliments-rebost-solidari\" rel=\"noopener\" target=\"_blank\">https:\/\/www.naciodigital.cat\/sabadell\/noticia\/36017\/sad-de-sabadell-recull-mitja-tona-aliments-rebost-solidari<\/a><\/p>\n<hr class=\" hr_color\" style=\"margin:0 auto 30px;\"\/>\n\n<div class=\"column one\"><div class=\"mcb-column-inner\"><br \/>\n<iframe loading=\"lazy\" style=\"border: none; overflow: hidden;\" src=\"https:\/\/www.facebook.com\/plugins\/page.php?href=https%3A%2F%2Fwww.facebook.com%2Faccentsocial%2F&amp;tabs=timeline&amp;width=500&amp;height=100&amp;small_header=false&amp;adapt_container_width=false&amp;hide_cover=false&amp;show_facepile=true&amp;appId\" width=\"500\" height=\"100\" frameborder=\"0\" scrolling=\"no\"><\/iframe><br \/>\n<\/div><\/div>\n\n","protected":false},"excerpt":{"rendered":"<p>El Servicio de Atenci\u00f3n Domiciliaria de Sabadell, gestionado por Accent Social, duplica los kgs de alimentos recogidos en colecta solidaria<\/p>\n","protected":false},"author":1,"featured_media":13827,"comment_status":"closed","ping_status":"open","sticky":false,"template":"","format":"standard","meta":{"footnotes":""},"categories":[359],"tags":[384,389,453,286,380,401,214],"class_list":["post-13838","post","type-post","status-publish","format-standard","has-post-thumbnail","hentry","category-proyectos","tag-alimentos","tag-banco-de-los-alimentos","tag-proyecto-social","tag-rsc-es","tag-sabadell-es","tag-servicio-de-atencion-domiciliaria","tag-solidaritat-es"],"yoast_head":"<!-- This site is optimized with the Yoast SEO plugin v27.5 - https:\/\/yoast.com\/product\/yoast-seo-wordpress\/ -->\n<title>El SAD Sabadell recoge media tonelada de alimentos para el Rebost Solidario<\/title>\n<meta name=\"description\" content=\"El Servicio de Atenci\u00f3n Domiciliaria de Sabadell, gestionado por Accent Social, duplica los kgs de alimentos recogidos en colecta solidaria\" \/>\n<meta name=\"robots\" content=\"index, follow, max-snippet:-1, max-image-preview:large, max-video-preview:-1\" \/>\n<link rel=\"canonical\" href=\"https:\/\/www.accent-social.cat\/es\/servicio-atencion-domiciliaria-sabadell-rebost-solidario\/\" \/>\n<meta property=\"og:locale\" content=\"es_ES\" \/>\n<meta property=\"og:type\" content=\"article\" \/>\n<meta property=\"og:title\" content=\"El SAD Sabadell recoge media tonelada de alimentos para el Rebost Solidario\" \/>\n<meta property=\"og:description\" content=\"El Servicio de Atenci\u00f3n Domiciliaria de Sabadell, gestionado por Accent Social, duplica los kgs de alimentos recogidos en colecta solidaria\" \/>\n<meta property=\"og:url\" content=\"https:\/\/www.accent-social.cat\/es\/servicio-atencion-domiciliaria-sabadell-rebost-solidario\/\" \/>\n<meta property=\"og:site_name\" content=\"Accent Social | Serveis d&#039;Atenci\u00f3 Domicili\u00e0ria i centres per gent gran\" \/>\n<meta property=\"article:publisher\" content=\"https:\/\/www.facebook.com\/accentsocial\" \/>\n<meta property=\"article:published_time\" content=\"2021-12-28T23:32:40+00:00\" \/>\n<meta property=\"article:modified_time\" content=\"2021-12-30T00:56:27+00:00\" \/>\n<meta property=\"og:image\" content=\"https:\/\/www.accent-social.cat\/wp-content\/uploads\/2021\/12\/El-SAD-de-Sabadell-al-recapte-daliments-per-al-Rebost-Solidari.jpg\" \/>\n\t<meta property=\"og:image:width\" content=\"840\" \/>\n\t<meta property=\"og:image:height\" content=\"400\" \/>\n\t<meta property=\"og:image:type\" content=\"image\/jpeg\" \/>\n<meta name=\"author\" content=\"Accent Social\" \/>\n<meta name=\"twitter:card\" content=\"summary_large_image\" \/>\n<meta name=\"twitter:creator\" content=\"@accentsocial_\" \/>\n<meta name=\"twitter:site\" content=\"@accentsocial_\" \/>\n<meta name=\"twitter:label1\" content=\"Escrito por\" \/>\n\t<meta name=\"twitter:data1\" content=\"Accent Social\" \/>\n\t<meta name=\"twitter:label2\" content=\"Tiempo de lectura\" \/>\n\t<meta name=\"twitter:data2\" content=\"1 minuto\" \/>\n<script type=\"application\/ld+json\" class=\"yoast-schema-graph\">{\"@context\":\"https:\\\/\\\/schema.org\",\"@graph\":[{\"@type\":\"Article\",\"@id\":\"https:\\\/\\\/www.accent-social.cat\\\/es\\\/servicio-atencion-domiciliaria-sabadell-rebost-solidario\\\/#article\",\"isPartOf\":{\"@id\":\"https:\\\/\\\/www.accent-social.cat\\\/es\\\/servicio-atencion-domiciliaria-sabadell-rebost-solidario\\\/\"},\"author\":{\"name\":\"Accent Social\",\"@id\":\"https:\\\/\\\/www.accent-social.cat\\\/#\\\/schema\\\/person\\\/e3059313a7a9356d5dcb4adc2ee0396a\"},\"headline\":\"El SAD de Sabadell recoge media tonelada de alimentos para el Rebost Solidari\",\"datePublished\":\"2021-12-28T23:32:40+00:00\",\"dateModified\":\"2021-12-30T00:56:27+00:00\",\"mainEntityOfPage\":{\"@id\":\"https:\\\/\\\/www.accent-social.cat\\\/es\\\/servicio-atencion-domiciliaria-sabadell-rebost-solidario\\\/\"},\"wordCount\":269,\"publisher\":{\"@id\":\"https:\\\/\\\/www.accent-social.cat\\\/#organization\"},\"image\":{\"@id\":\"https:\\\/\\\/www.accent-social.cat\\\/es\\\/servicio-atencion-domiciliaria-sabadell-rebost-solidario\\\/#primaryimage\"},\"thumbnailUrl\":\"https:\\\/\\\/www.accent-social.cat\\\/wp-content\\\/uploads\\\/2021\\\/12\\\/El-SAD-de-Sabadell-al-recapte-daliments-per-al-Rebost-Solidari.jpg\",\"keywords\":[\"alimentos\",\"banco de los alimentos\",\"proyecto social\",\"RSC\",\"Sabadell\",\"servicio de atenci\u00f3n domiciliaria\",\"solidaritat\"],\"articleSection\":[\"Proyectos\"],\"inLanguage\":\"es\"},{\"@type\":\"WebPage\",\"@id\":\"https:\\\/\\\/www.accent-social.cat\\\/es\\\/servicio-atencion-domiciliaria-sabadell-rebost-solidario\\\/\",\"url\":\"https:\\\/\\\/www.accent-social.cat\\\/es\\\/servicio-atencion-domiciliaria-sabadell-rebost-solidario\\\/\",\"name\":\"El SAD Sabadell recoge media tonelada de alimentos para el Rebost Solidario\",\"isPartOf\":{\"@id\":\"https:\\\/\\\/www.accent-social.cat\\\/#website\"},\"primaryImageOfPage\":{\"@id\":\"https:\\\/\\\/www.accent-social.cat\\\/es\\\/servicio-atencion-domiciliaria-sabadell-rebost-solidario\\\/#primaryimage\"},\"image\":{\"@id\":\"https:\\\/\\\/www.accent-social.cat\\\/es\\\/servicio-atencion-domiciliaria-sabadell-rebost-solidario\\\/#primaryimage\"},\"thumbnailUrl\":\"https:\\\/\\\/www.accent-social.cat\\\/wp-content\\\/uploads\\\/2021\\\/12\\\/El-SAD-de-Sabadell-al-recapte-daliments-per-al-Rebost-Solidari.jpg\",\"datePublished\":\"2021-12-28T23:32:40+00:00\",\"dateModified\":\"2021-12-30T00:56:27+00:00\",\"description\":\"El Servicio de Atenci\u00f3n Domiciliaria de Sabadell, gestionado por Accent Social, duplica los kgs de alimentos recogidos en colecta solidaria\",\"breadcrumb\":{\"@id\":\"https:\\\/\\\/www.accent-social.cat\\\/es\\\/servicio-atencion-domiciliaria-sabadell-rebost-solidario\\\/#breadcrumb\"},\"inLanguage\":\"es\",\"potentialAction\":[{\"@type\":\"ReadAction\",\"target\":[\"https:\\\/\\\/www.accent-social.cat\\\/es\\\/servicio-atencion-domiciliaria-sabadell-rebost-solidario\\\/\"]}]},{\"@type\":\"ImageObject\",\"inLanguage\":\"es\",\"@id\":\"https:\\\/\\\/www.accent-social.cat\\\/es\\\/servicio-atencion-domiciliaria-sabadell-rebost-solidario\\\/#primaryimage\",\"url\":\"https:\\\/\\\/www.accent-social.cat\\\/wp-content\\\/uploads\\\/2021\\\/12\\\/El-SAD-de-Sabadell-al-recapte-daliments-per-al-Rebost-Solidari.jpg\",\"contentUrl\":\"https:\\\/\\\/www.accent-social.cat\\\/wp-content\\\/uploads\\\/2021\\\/12\\\/El-SAD-de-Sabadell-al-recapte-daliments-per-al-Rebost-Solidari.jpg\",\"width\":840,\"height\":400,\"caption\":\"El SAD de Sabadell al recapte d'aliments per al Rebost Solidari\"},{\"@type\":\"BreadcrumbList\",\"@id\":\"https:\\\/\\\/www.accent-social.cat\\\/es\\\/servicio-atencion-domiciliaria-sabadell-rebost-solidario\\\/#breadcrumb\",\"itemListElement\":[{\"@type\":\"ListItem\",\"position\":1,\"name\":\"Inici\",\"item\":\"https:\\\/\\\/www.accent-social.cat\\\/es\\\/\"},{\"@type\":\"ListItem\",\"position\":2,\"name\":\"El SAD de Sabadell recoge media tonelada de alimentos para el Rebost Solidari\"}]},{\"@type\":\"WebSite\",\"@id\":\"https:\\\/\\\/www.accent-social.cat\\\/#website\",\"url\":\"https:\\\/\\\/www.accent-social.cat\\\/\",\"name\":\"Accent Social | Serveis d'Atenci\u00f3 Domicili\u00e0ria (SAD) i centres col\u00b7lectius\",\"description\":\"Serveis d&#039;Atenci\u00f3 Domicili\u00e0ria i centres de dia a Barcelona. Gesti\u00f3 de serveis socials i per a la gent gran.\",\"publisher\":{\"@id\":\"https:\\\/\\\/www.accent-social.cat\\\/#organization\"},\"potentialAction\":[{\"@type\":\"SearchAction\",\"target\":{\"@type\":\"EntryPoint\",\"urlTemplate\":\"https:\\\/\\\/www.accent-social.cat\\\/?s={search_term_string}\"},\"query-input\":{\"@type\":\"PropertyValueSpecification\",\"valueRequired\":true,\"valueName\":\"search_term_string\"}}],\"inLanguage\":\"es\"},{\"@type\":\"Organization\",\"@id\":\"https:\\\/\\\/www.accent-social.cat\\\/#organization\",\"name\":\"Accent Social\",\"url\":\"https:\\\/\\\/www.accent-social.cat\\\/\",\"logo\":{\"@type\":\"ImageObject\",\"inLanguage\":\"es\",\"@id\":\"https:\\\/\\\/www.accent-social.cat\\\/#\\\/schema\\\/logo\\\/image\\\/\",\"url\":\"https:\\\/\\\/www.accent-social.cat\\\/wp-content\\\/uploads\\\/2017\\\/09\\\/Logo-Accent-Social.jpg\",\"contentUrl\":\"https:\\\/\\\/www.accent-social.cat\\\/wp-content\\\/uploads\\\/2017\\\/09\\\/Logo-Accent-Social.jpg\",\"width\":512,\"height\":512,\"caption\":\"Accent Social\"},\"image\":{\"@id\":\"https:\\\/\\\/www.accent-social.cat\\\/#\\\/schema\\\/logo\\\/image\\\/\"},\"sameAs\":[\"https:\\\/\\\/www.facebook.com\\\/accentsocial\",\"https:\\\/\\\/x.com\\\/accentsocial_\",\"http:\\\/\\\/www.instagram.com\\\/accentsocial\",\"https:\\\/\\\/www.linkedin.com\\\/company\\\/accent-social\\\/\",\"https:\\\/\\\/www.crunchbase.com\\\/organization\\\/accent-social\",\"https:\\\/\\\/www.hotfrog.es\\\/empresa\\\/barcelona\\\/barcelona\\\/accent-social\",\"https:\\\/\\\/www.youtube.com\\\/channel\\\/UCBRsmX50gP0nPuAb5rPfr2g\"]},{\"@type\":\"Person\",\"@id\":\"https:\\\/\\\/www.accent-social.cat\\\/#\\\/schema\\\/person\\\/e3059313a7a9356d5dcb4adc2ee0396a\",\"name\":\"Accent Social\",\"image\":{\"@type\":\"ImageObject\",\"inLanguage\":\"es\",\"@id\":\"https:\\\/\\\/secure.gravatar.com\\\/avatar\\\/9a4d9b0c2bbfb1ff3da85e7195367fa23cc6b72e60b3092496806038fa837fc5?s=96&d=mm&r=g\",\"url\":\"https:\\\/\\\/secure.gravatar.com\\\/avatar\\\/9a4d9b0c2bbfb1ff3da85e7195367fa23cc6b72e60b3092496806038fa837fc5?s=96&d=mm&r=g\",\"contentUrl\":\"https:\\\/\\\/secure.gravatar.com\\\/avatar\\\/9a4d9b0c2bbfb1ff3da85e7195367fa23cc6b72e60b3092496806038fa837fc5?s=96&d=mm&r=g\",\"caption\":\"Accent Social\"}}]}<\/script>\n<!-- \/ Yoast SEO plugin. -->","yoast_head_json":{"title":"El SAD Sabadell recoge media tonelada de alimentos para el Rebost Solidario","description":"El Servicio de Atenci\u00f3n Domiciliaria de Sabadell, gestionado por Accent Social, duplica los kgs de alimentos recogidos en colecta solidaria","robots":{"index":"index","follow":"follow","max-snippet":"max-snippet:-1","max-image-preview":"max-image-preview:large","max-video-preview":"max-video-preview:-1"},"canonical":"https:\/\/www.accent-social.cat\/es\/servicio-atencion-domiciliaria-sabadell-rebost-solidario\/","og_locale":"es_ES","og_type":"article","og_title":"El SAD Sabadell recoge media tonelada de alimentos para el Rebost Solidario","og_description":"El Servicio de Atenci\u00f3n Domiciliaria de Sabadell, gestionado por Accent Social, duplica los kgs de alimentos recogidos en colecta solidaria","og_url":"https:\/\/www.accent-social.cat\/es\/servicio-atencion-domiciliaria-sabadell-rebost-solidario\/","og_site_name":"Accent Social | Serveis d&#039;Atenci\u00f3 Domicili\u00e0ria i centres per gent gran","article_publisher":"https:\/\/www.facebook.com\/accentsocial","article_published_time":"2021-12-28T23:32:40+00:00","article_modified_time":"2021-12-30T00:56:27+00:00","og_image":[{"width":840,"height":400,"url":"https:\/\/www.accent-social.cat\/wp-content\/uploads\/2021\/12\/El-SAD-de-Sabadell-al-recapte-daliments-per-al-Rebost-Solidari.jpg","type":"image\/jpeg"}],"author":"Accent Social","twitter_card":"summary_large_image","twitter_creator":"@accentsocial_","twitter_site":"@accentsocial_","twitter_misc":{"Escrito por":"Accent Social","Tiempo de lectura":"1 minuto"},"schema":{"@context":"https:\/\/schema.org","@graph":[{"@type":"Article","@id":"https:\/\/www.accent-social.cat\/es\/servicio-atencion-domiciliaria-sabadell-rebost-solidario\/#article","isPartOf":{"@id":"https:\/\/www.accent-social.cat\/es\/servicio-atencion-domiciliaria-sabadell-rebost-solidario\/"},"author":{"name":"Accent Social","@id":"https:\/\/www.accent-social.cat\/#\/schema\/person\/e3059313a7a9356d5dcb4adc2ee0396a"},"headline":"El SAD de Sabadell recoge media tonelada de alimentos para el Rebost Solidari","datePublished":"2021-12-28T23:32:40+00:00","dateModified":"2021-12-30T00:56:27+00:00","mainEntityOfPage":{"@id":"https:\/\/www.accent-social.cat\/es\/servicio-atencion-domiciliaria-sabadell-rebost-solidario\/"},"wordCount":269,"publisher":{"@id":"https:\/\/www.accent-social.cat\/#organization"},"image":{"@id":"https:\/\/www.accent-social.cat\/es\/servicio-atencion-domiciliaria-sabadell-rebost-solidario\/#primaryimage"},"thumbnailUrl":"https:\/\/www.accent-social.cat\/wp-content\/uploads\/2021\/12\/El-SAD-de-Sabadell-al-recapte-daliments-per-al-Rebost-Solidari.jpg","keywords":["alimentos","banco de los alimentos","proyecto social","RSC","Sabadell","servicio de atenci\u00f3n domiciliaria","solidaritat"],"articleSection":["Proyectos"],"inLanguage":"es"},{"@type":"WebPage","@id":"https:\/\/www.accent-social.cat\/es\/servicio-atencion-domiciliaria-sabadell-rebost-solidario\/","url":"https:\/\/www.accent-social.cat\/es\/servicio-atencion-domiciliaria-sabadell-rebost-solidario\/","name":"El SAD Sabadell recoge media tonelada de alimentos para el Rebost Solidario","isPartOf":{"@id":"https:\/\/www.accent-social.cat\/#website"},"primaryImageOfPage":{"@id":"https:\/\/www.accent-social.cat\/es\/servicio-atencion-domiciliaria-sabadell-rebost-solidario\/#primaryimage"},"image":{"@id":"https:\/\/www.accent-social.cat\/es\/servicio-atencion-domiciliaria-sabadell-rebost-solidario\/#primaryimage"},"thumbnailUrl":"https:\/\/www.accent-social.cat\/wp-content\/uploads\/2021\/12\/El-SAD-de-Sabadell-al-recapte-daliments-per-al-Rebost-Solidari.jpg","datePublished":"2021-12-28T23:32:40+00:00","dateModified":"2021-12-30T00:56:27+00:00","description":"El Servicio de Atenci\u00f3n Domiciliaria de Sabadell, gestionado por Accent Social, duplica los kgs de alimentos recogidos en colecta solidaria","breadcrumb":{"@id":"https:\/\/www.accent-social.cat\/es\/servicio-atencion-domiciliaria-sabadell-rebost-solidario\/#breadcrumb"},"inLanguage":"es","potentialAction":[{"@type":"ReadAction","target":["https:\/\/www.accent-social.cat\/es\/servicio-atencion-domiciliaria-sabadell-rebost-solidario\/"]}]},{"@type":"ImageObject","inLanguage":"es","@id":"https:\/\/www.accent-social.cat\/es\/servicio-atencion-domiciliaria-sabadell-rebost-solidario\/#primaryimage","url":"https:\/\/www.accent-social.cat\/wp-content\/uploads\/2021\/12\/El-SAD-de-Sabadell-al-recapte-daliments-per-al-Rebost-Solidari.jpg","contentUrl":"https:\/\/www.accent-social.cat\/wp-content\/uploads\/2021\/12\/El-SAD-de-Sabadell-al-recapte-daliments-per-al-Rebost-Solidari.jpg","width":840,"height":400,"caption":"El SAD de Sabadell al recapte d'aliments per al Rebost Solidari"},{"@type":"BreadcrumbList","@id":"https:\/\/www.accent-social.cat\/es\/servicio-atencion-domiciliaria-sabadell-rebost-solidario\/#breadcrumb","itemListElement":[{"@type":"ListItem","position":1,"name":"Inici","item":"https:\/\/www.accent-social.cat\/es\/"},{"@type":"ListItem","position":2,"name":"El SAD de Sabadell recoge media tonelada de alimentos para el Rebost Solidari"}]},{"@type":"WebSite","@id":"https:\/\/www.accent-social.cat\/#website","url":"https:\/\/www.accent-social.cat\/","name":"Accent Social | Serveis d'Atenci\u00f3 Domicili\u00e0ria (SAD) i centres col\u00b7lectius","description":"Serveis d&#039;Atenci\u00f3 Domicili\u00e0ria i centres de dia a Barcelona. Gesti\u00f3 de serveis socials i per a la gent gran.","publisher":{"@id":"https:\/\/www.accent-social.cat\/#organization"},"potentialAction":[{"@type":"SearchAction","target":{"@type":"EntryPoint","urlTemplate":"https:\/\/www.accent-social.cat\/?s={search_term_string}"},"query-input":{"@type":"PropertyValueSpecification","valueRequired":true,"valueName":"search_term_string"}}],"inLanguage":"es"},{"@type":"Organization","@id":"https:\/\/www.accent-social.cat\/#organization","name":"Accent Social","url":"https:\/\/www.accent-social.cat\/","logo":{"@type":"ImageObject","inLanguage":"es","@id":"https:\/\/www.accent-social.cat\/#\/schema\/logo\/image\/","url":"https:\/\/www.accent-social.cat\/wp-content\/uploads\/2017\/09\/Logo-Accent-Social.jpg","contentUrl":"https:\/\/www.accent-social.cat\/wp-content\/uploads\/2017\/09\/Logo-Accent-Social.jpg","width":512,"height":512,"caption":"Accent Social"},"image":{"@id":"https:\/\/www.accent-social.cat\/#\/schema\/logo\/image\/"},"sameAs":["https:\/\/www.facebook.com\/accentsocial","https:\/\/x.com\/accentsocial_","http:\/\/www.instagram.com\/accentsocial","https:\/\/www.linkedin.com\/company\/accent-social\/","https:\/\/www.crunchbase.com\/organization\/accent-social","https:\/\/www.hotfrog.es\/empresa\/barcelona\/barcelona\/accent-social","https:\/\/www.youtube.com\/channel\/UCBRsmX50gP0nPuAb5rPfr2g"]},{"@type":"Person","@id":"https:\/\/www.accent-social.cat\/#\/schema\/person\/e3059313a7a9356d5dcb4adc2ee0396a","name":"Accent Social","image":{"@type":"ImageObject","inLanguage":"es","@id":"https:\/\/secure.gravatar.com\/avatar\/9a4d9b0c2bbfb1ff3da85e7195367fa23cc6b72e60b3092496806038fa837fc5?s=96&d=mm&r=g","url":"https:\/\/secure.gravatar.com\/avatar\/9a4d9b0c2bbfb1ff3da85e7195367fa23cc6b72e60b3092496806038fa837fc5?s=96&d=mm&r=g","contentUrl":"https:\/\/secure.gravatar.com\/avatar\/9a4d9b0c2bbfb1ff3da85e7195367fa23cc6b72e60b3092496806038fa837fc5?s=96&d=mm&r=g","caption":"Accent Social"}}]}},"_links":{"self":[{"href":"https:\/\/www.accent-social.cat\/es\/wp-json\/wp\/v2\/posts\/13838","targetHints":{"allow":["GET"]}}],"collection":[{"href":"https:\/\/www.accent-social.cat\/es\/wp-json\/wp\/v2\/posts"}],"about":[{"href":"https:\/\/www.accent-social.cat\/es\/wp-json\/wp\/v2\/types\/post"}],"author":[{"embeddable":true,"href":"https:\/\/www.accent-social.cat\/es\/wp-json\/wp\/v2\/users\/1"}],"replies":[{"embeddable":true,"href":"https:\/\/www.accent-social.cat\/es\/wp-json\/wp\/v2\/comments?post=13838"}],"version-history":[{"count":4,"href":"https:\/\/www.accent-social.cat\/es\/wp-json\/wp\/v2\/posts\/13838\/revisions"}],"predecessor-version":[{"id":13842,"href":"https:\/\/www.accent-social.cat\/es\/wp-json\/wp\/v2\/posts\/13838\/revisions\/13842"}],"wp:featuredmedia":[{"embeddable":true,"href":"https:\/\/www.accent-social.cat\/es\/wp-json\/wp\/v2\/media\/13827"}],"wp:attachment":[{"href":"https:\/\/www.accent-social.cat\/es\/wp-json\/wp\/v2\/media?parent=13838"}],"wp:term":[{"taxonomy":"category","embeddable":true,"href":"https:\/\/www.accent-social.cat\/es\/wp-json\/wp\/v2\/categories?post=13838"},{"taxonomy":"post_tag","embeddable":true,"href":"https:\/\/www.accent-social.cat\/es\/wp-json\/wp\/v2\/tags?post=13838"}],"curies":[{"name":"wp","href":"https:\/\/api.w.org\/{rel}","templated":true}]}}