{"id":13678,"date":"2021-10-06T11:44:56","date_gmt":"2021-10-06T10:44:56","guid":{"rendered":"https:\/\/www.accent-social.cat\/?p=13678"},"modified":"2021-10-26T22:47:29","modified_gmt":"2021-10-26T21:47:29","slug":"servicio-atencion-domiciliario-frenar-despoblacion-rural","status":"publish","type":"post","link":"https:\/\/www.accent-social.cat\/es\/servicio-atencion-domiciliario-frenar-despoblacion-rural\/","title":{"rendered":"Frenar la despoblaci\u00f3n rural desde la atenci\u00f3n individualizada"},"content":{"rendered":"<h3>La despoblaci\u00f3n rural se ha convertido en un problema en Catalunya. Cada vez m\u00e1s, las personas se concentran en torno a las grandes ciudades, donde la demograf\u00eda crece a\u00f1o tras a\u00f1o, mientras que una multitud de regiones se est\u00e1n quedando despobladas y <strong>corren el riesgo de desaparecer<\/strong>.<\/h3>\n<p>De hecho, en Catalunya hay 338 municipios en peligro de desaparici\u00f3n, si consideramos aquellos que cuentan con menos de 500 habitantes y una poblaci\u00f3n muy envejecida.<\/p>\n<p>En estas zonas viven decenas de personas que requieren asistencia domiciliaria como la que ofrece la entidad Accent Social, centrada en <strong>la atenci\u00f3n, el acompa\u00f1amiento y los cuidados a las personas de la tercera edad<\/strong>, con diversidad funcional o con dependencia que lo requieran, tambi\u00e9n en el entorno rural. Lejos de suponer un freno para ofrecer el Servicio de Atenci\u00f3n Domiciliaria (SAD), esta entidad ve en este una oportunidad \u00fanica para seguir garantizando que las personas sigan en las casas donde nacieron, <strong>en sus poblaciones de origen<\/strong> o all\u00ed donde han elegido vivir. De esta forma, a trav\u00e9s de la atenci\u00f3n personalizada y el acompa\u00f1amiento, suplen la falta de servicios de cuidados b\u00e1sicos y las dificultades de comunicaci\u00f3n de estas zonas rurales.<\/p>\n<p>Y lo hacen <strong>con especial sensibilidad<\/strong>. M\u00e1s all\u00e1 de las tareas de cuidado personal y soporte en las necesidades diarias, los trabajadores y trabajadoras hacen labores que son poco visibles pero que, <strong>realizadas siempre desde el respeto, la autonom\u00eda y la proximidad,<\/strong> resultan imprescindibles para el bienestar de las personas usuarias.<\/p>\n<p>&nbsp;<\/p>\n<div class=\"infobox\" ><div class=\"infobox_wrapper\"><span class=\"ib-desc\">Con estos valores, Accent Social presta ayuda a domicilio a m\u00e1s de 8.000 personas en Catalunya en zonas urbanas y rurales, y cuenta con una red de 1.600 profesionales dedicados a ello.<br \/>\n<\/span><\/div><\/div>\n\n<p>&nbsp;<\/p>\n<hr class=\" hr_color\" style=\"margin:0 auto 30px;\"\/>\n\n<h3>\u201cES UN TRABAJO DIFERENTE\u201d<\/h3>\n<p>Cristina Teixid\u00f3, desde su experiencia en la coordinaci\u00f3n t\u00e9cnica del SAD, es conocedora de las caracter\u00edsticas de los <strong>municipios rurales del Segri\u00e0<\/strong>. Gracias a ello, durante mucho tiempo contribuy\u00f3 a organizar las visitas de los cuidadores y cuidadoras a los diferentes pueblos en los que hay usuarios que requieren este servicio. \u201cEn Accent ponemos el foco donde el acceso a servicios, como por ejemplo tiendas, es m\u00e1s <strong>complicado<\/strong>\u201d, destaca Teixid\u00f3.<\/p>\n<p>Sin embargo, \u201chay una gran acogida de las trabajadoras que acuden a ayudar a las personas mayores en estos municipios alejados\u201d, destaca Cristina.<\/p>\n<p>De esta forma, los trabajadores se incorporan en la s\u00f3lida comunidad que crean los usuarios y sus vecinos \u2013unidos por un fuerte v\u00ednculo con su territorio\u2013, favoreciendo que las personas a las que atienden puedan seguir desarrollando su d\u00eda a d\u00eda como desean, lo que tiene un gran impacto en su bienestar. \u201cAl final, los profesionales pasan a formar parte de la din\u00e1mica tan caracter\u00edstica de estos pueblos, donde la <strong>cooperaci\u00f3n y la solidaridad<\/strong> entre vecinos son la base de su funcionamiento, por ejemplo, a la hora de disponer de alimentos y servicios\u201d, explica Teixid\u00f3.<\/p>\n<p>Pese a gozar de relaciones estrechas entre su peque\u00f1a comunidad, \u201clos usuarios agradecen mucho <strong>la compa\u00f1\u00eda, el apoyo emocional y la conversaci\u00f3n<\/strong>\u201d, apunta. Y a\u00f1ade, \u201cde hecho, dir\u00eda que es una de las contribuciones adicionales m\u00e1s importantes del SAD rural\u201d, un servicio que evidentemente se centra en la atenci\u00f3n personal y el apoyo en las tareas dom\u00e9sticas, de un modo personalizado, y por tanto que presenta m\u00faltiples manifestaciones como la asistencia en tareas de higiene personal, el cuidado del hogar o la ayuda en la compra\u2026<\/p>\n<p>Si bien el Servicio de Atenci\u00f3n Domiciliaria resulta esencial en cualquier municipio por contribuir a la calidad de vida de sus beneficiarios, es especialmente necesario en las zonas rurales, ya que supone un soporte imprescindible para muchas personas y suple, en ocasiones, <strong>las dificultades de acceso a servicios<\/strong> o la falta de disponibilidad que tienen muchas familias para ayudar a sus seres queridos, de un modo continuo.<\/p>\n<p>\u201cLos servicios rurales presentan m\u00e1s dificultades de gesti\u00f3n y programaci\u00f3n, pero su esencia es muy especial: la mayor\u00eda son personas que toda su vida han vivido en un pueblo y tienen unas rutinas establecidas que les aportan mucho bienestar vital\u201d, explica Cristina Teixid\u00f3.<\/p>\n<p>Y a\u00f1ade, \u201cResulta muy satisfactorio recibir <strong>las muestras de agradecimiento de los usuarios<\/strong>, que valoran mucho que los trabajadores se desplacen como m\u00ednimo dos veces por semana hasta su pueblo para cuidarles\u201d. \u201cEs un trabajo <strong>singular<\/strong>, que permite apoyar el deseo de las personas usuarias de permanecer all\u00ed donde se sienten arraigadas\u201d, concluye con acierto.<\/p>\n<p>&nbsp;<\/p>\n<p><img loading=\"lazy\" decoding=\"async\" class=\"aligncenter size-full wp-image-13684\" src=\"https:\/\/www.accent-social.cat\/wp-content\/uploads\/2021\/10\/Serveis-dAtenci\u00f3-Domicili\u00e0ria-SAD-a-zones-rurals-de-Catalunya.jpg\" alt=\"Serveis d'Atenci\u00f3 Domicili\u00e0ria SAD a zones rurals de Catalunya\" width=\"840\" height=\"400\" srcset=\"https:\/\/www.accent-social.cat\/wp-content\/uploads\/2021\/10\/Serveis-dAtenci\u00f3-Domicili\u00e0ria-SAD-a-zones-rurals-de-Catalunya.jpg 840w, https:\/\/www.accent-social.cat\/wp-content\/uploads\/2021\/10\/Serveis-dAtenci\u00f3-Domicili\u00e0ria-SAD-a-zones-rurals-de-Catalunya-300x143.jpg 300w, https:\/\/www.accent-social.cat\/wp-content\/uploads\/2021\/10\/Serveis-dAtenci\u00f3-Domicili\u00e0ria-SAD-a-zones-rurals-de-Catalunya-768x366.jpg 768w, https:\/\/www.accent-social.cat\/wp-content\/uploads\/2021\/10\/Serveis-dAtenci\u00f3-Domicili\u00e0ria-SAD-a-zones-rurals-de-Catalunya-260x124.jpg 260w, https:\/\/www.accent-social.cat\/wp-content\/uploads\/2021\/10\/Serveis-dAtenci\u00f3-Domicili\u00e0ria-SAD-a-zones-rurals-de-Catalunya-50x24.jpg 50w, https:\/\/www.accent-social.cat\/wp-content\/uploads\/2021\/10\/Serveis-dAtenci\u00f3-Domicili\u00e0ria-SAD-a-zones-rurals-de-Catalunya-150x71.jpg 150w\" sizes=\"auto, (max-width:767px) 480px, (max-width:840px) 100vw, 840px\" \/><\/p>\n<p>&nbsp;<\/p>\n<hr class=\" hr_color\" style=\"margin:0 auto 30px;\"\/>\n\n<h3 class=\"ladillo\">VIVIR EN UN MUNICIPIO DE 200 HABITANTES<\/h3>\n<p>Mar\u00eda Monn\u00e9 tiene 93 a\u00f1os y ha vivido toda la vida en Aspa. Antes, el d\u00eda a d\u00eda en este peque\u00f1o pueblo del sureste del Segri\u00e0 era diferente: las calles ten\u00edan mucha m\u00e1s vida, hab\u00eda m\u00e1s personas y gozaban de m\u00e1s servicios. En cambio, a d\u00eda de hoy, el municipio tiene 220 habitantes y reina la tranquilidad.<\/p>\n<p>Pese a vivir en un pueblo peque\u00f1o, Mar\u00eda cuenta con la ayuda del Servicio de Atenci\u00f3n Domiciliaria: <strong>dos veces a la semana recibe la visita de Mar Burgos, trabajadora familiar de Accent Social.<\/strong> \u201cNo quiero marcharme de Aspa, desde peque\u00f1a he paseado por sus calles y he crecido aqu\u00ed. Por eso, estoy muy contenta con este servicio, es muy reconfortante poder contar con su ayuda\u201d, explica Monn\u00e9.<\/p>\n<p>Mar la acompa\u00f1a en todo lo que puede necesitar Monn\u00e9 en su d\u00eda a d\u00eda: desde ir a comprar, hasta asearse o acicalarse para su encuentro vespertino con los vecinos. \u201cVamos a comprar juntas para que ella mantenga su autonom\u00eda y movilidad, pero yo le llevo el peso de la compra\u201d, detalla Mar. Y precisa, \u201cen muchos de estos pueblos, no existe ning\u00fan tipo de asociaci\u00f3n, ni actividades de gimnasia para personas mayores\u201d, por lo que <strong>este servicio, y el acompa\u00f1amiento que ofrece<\/strong>, es muy importante para los usuarios.<\/p>\n<p>Gracias a su atenci\u00f3n, Mar\u00eda puede seguir viviendo en Aspa y <strong>disfrutar de las actividades que m\u00e1s le gustan<\/strong>, como el de quedar una vez al d\u00eda con sus vecinas para charlar en la calle mientras toman el aire. La visita de Mar es una alegr\u00eda para ella y una ventaja para su familia, que no siempre dispone del tiempo necesario para atenderla.<\/p>\n<p>&nbsp;<\/p>\n<div class=\"infobox\" ><div class=\"infobox_wrapper\"><span class=\"ib-desc\"> \u201cLas personas mayores somos afortunadas de poder contar con <strong>la ayuda de personas m\u00e1s all\u00e1 de nuestro n\u00facleo familiar<\/strong>\u201d, es el mensaje que Mar\u00eda Monn\u00e9 quiere trasladar al resto de personas que, como ella, en alg\u00fan momento podr\u00edan ser usuarios del SAD.<br \/>\n<\/span><\/div><\/div>\n\n<p>&nbsp;<\/p>\n<hr class=\" hr_color\" style=\"margin:0 auto 30px;\"\/>\n\n<h3 class=\"ladillo\">LA GENERACI\u00d3N DE OCUPACI\u00d3N, OTRO MOTIVO DE ESPERANZA PARA EL ENTORNO RURAL<\/h3>\n<p>Adem\u00e1s de la gran labor que hacen para garantizar el bienestar de las personas, entidades como Accent Social contribuyen de un modo capital <strong>en evitar la despoblaci\u00f3n y fomentar a la vez el empleo en zonas rurales<\/strong>. Adem\u00e1s de la contrataci\u00f3n de los cuidadores y las cuidadoras, hacen uso de los servicios de estos pueblos y, junto a sus habitantes, los mantienen vivos.<\/p>\n<p>Como traslada Cristina: \u201cEstas zonas se han visto afectadas por grandes movimientos migratorios hacia las ciudades, y los municipios rurales pr\u00e1cticamente carecen de actividad econ\u00f3mica\u201d. En consecuencia, <strong>generar puestos de trabajo locales<\/strong> y fortalecer los ya existentes es clave para mantener y fijar poblaci\u00f3n activa en estas zonas. Sumar nuevas generaciones a estos municipios es la \u00fanica v\u00eda para mantener la vertebraci\u00f3n socioecon\u00f3mica y garantizar su futuro.<\/p>\n<p>&nbsp;<\/p>\n<hr class=\" hr_color\" style=\"margin:0 auto 30px;\"\/>\n\n<div class=\"column one\"><div class=\"mcb-column-inner\"><br \/>\n<iframe loading=\"lazy\" style=\"border: none; overflow: hidden;\" src=\"https:\/\/www.facebook.com\/plugins\/page.php?href=https%3A%2F%2Fwww.facebook.com%2Faccentsocial%2F&amp;tabs=timeline&amp;width=500&amp;height=100&amp;small_header=false&amp;adapt_container_width=false&amp;hide_cover=false&amp;show_facepile=true&amp;appId\" width=\"500\" height=\"100\" frameborder=\"0\" scrolling=\"no\" data-mce-fragment=\"1\"><\/iframe><br \/>\n<\/div><\/div>\n\n","protected":false},"excerpt":{"rendered":"<p>La despoblaci\u00f3n rural se ha convertido en un problema en Catalunya. Cada vez m\u00e1s, las personas se concentran en torno a las grandes ciudades, donde la<span class=\"excerpt-hellip\"> [\u2026]<\/span><\/p>\n","protected":false},"author":1,"featured_media":13680,"comment_status":"closed","ping_status":"open","sticky":false,"template":"","format":"standard","meta":{"footnotes":""},"categories":[359,236],"tags":[279,276,495,496,401],"class_list":["post-13678","post","type-post","status-publish","format-standard","has-post-thumbnail","hentry","category-proyectos","category-sad-servicio-asistencia-domiciliaria","tag-accent-social-es","tag-asistencia-domiciliaria","tag-lleida-es","tag-segria-es","tag-servicio-de-atencion-domiciliaria"],"yoast_head":"<!-- This site is optimized with the Yoast SEO plugin v27.5 - https:\/\/yoast.com\/product\/yoast-seo-wordpress\/ -->\n<title>Frenar la despoblaci\u00f3n rural desde la atenci\u00f3n individualizada<\/title>\n<meta name=\"description\" content=\"Los servicios de atenci\u00f3n domiciliaria en municipios de zonas rurales ayudan a frenar la despoblaci\u00f3n y mantener el arraigo territorial de personas mayores.\" \/>\n<meta name=\"robots\" content=\"index, follow, max-snippet:-1, max-image-preview:large, max-video-preview:-1\" \/>\n<link rel=\"canonical\" href=\"https:\/\/www.accent-social.cat\/es\/servicio-atencion-domiciliario-frenar-despoblacion-rural\/\" \/>\n<meta property=\"og:locale\" content=\"es_ES\" \/>\n<meta property=\"og:type\" content=\"article\" \/>\n<meta property=\"og:title\" content=\"Frenar la despoblaci\u00f3n rural desde la atenci\u00f3n individualizada\" \/>\n<meta property=\"og:description\" content=\"Los servicios de atenci\u00f3n domiciliaria en municipios de zonas rurales ayudan a frenar la despoblaci\u00f3n y mantener el arraigo territorial de personas mayores.\" \/>\n<meta property=\"og:url\" content=\"https:\/\/www.accent-social.cat\/es\/servicio-atencion-domiciliario-frenar-despoblacion-rural\/\" \/>\n<meta property=\"og:site_name\" content=\"Accent Social | Serveis d&#039;Atenci\u00f3 Domicili\u00e0ria i centres per gent gran\" \/>\n<meta property=\"article:publisher\" content=\"https:\/\/www.facebook.com\/accentsocial\" \/>\n<meta property=\"article:published_time\" content=\"2021-10-06T10:44:56+00:00\" \/>\n<meta property=\"article:modified_time\" content=\"2021-10-26T21:47:29+00:00\" \/>\n<meta property=\"og:image\" content=\"https:\/\/www.accent-social.cat\/wp-content\/uploads\/2021\/10\/Serveis-dAtenci\u00f3-Domicili\u00e0ria-SAD-per-frenar-la-despoblaci\u00f3-rural.jpg\" \/>\n\t<meta property=\"og:image:width\" content=\"840\" \/>\n\t<meta property=\"og:image:height\" content=\"400\" \/>\n\t<meta property=\"og:image:type\" content=\"image\/jpeg\" \/>\n<meta name=\"author\" content=\"Accent Social\" \/>\n<meta name=\"twitter:card\" content=\"summary_large_image\" \/>\n<meta name=\"twitter:creator\" content=\"@accentsocial_\" \/>\n<meta name=\"twitter:site\" content=\"@accentsocial_\" \/>\n<meta name=\"twitter:label1\" content=\"Escrito por\" \/>\n\t<meta name=\"twitter:data1\" content=\"Accent Social\" \/>\n\t<meta name=\"twitter:label2\" content=\"Tiempo de lectura\" \/>\n\t<meta name=\"twitter:data2\" content=\"7 minutos\" \/>\n<script type=\"application\/ld+json\" class=\"yoast-schema-graph\">{\"@context\":\"https:\\\/\\\/schema.org\",\"@graph\":[{\"@type\":\"Article\",\"@id\":\"https:\\\/\\\/www.accent-social.cat\\\/es\\\/servicio-atencion-domiciliario-frenar-despoblacion-rural\\\/#article\",\"isPartOf\":{\"@id\":\"https:\\\/\\\/www.accent-social.cat\\\/es\\\/servicio-atencion-domiciliario-frenar-despoblacion-rural\\\/\"},\"author\":{\"name\":\"Accent Social\",\"@id\":\"https:\\\/\\\/www.accent-social.cat\\\/#\\\/schema\\\/person\\\/e3059313a7a9356d5dcb4adc2ee0396a\"},\"headline\":\"Frenar la despoblaci\u00f3n rural desde la atenci\u00f3n individualizada\",\"datePublished\":\"2021-10-06T10:44:56+00:00\",\"dateModified\":\"2021-10-26T21:47:29+00:00\",\"mainEntityOfPage\":{\"@id\":\"https:\\\/\\\/www.accent-social.cat\\\/es\\\/servicio-atencion-domiciliario-frenar-despoblacion-rural\\\/\"},\"wordCount\":1333,\"publisher\":{\"@id\":\"https:\\\/\\\/www.accent-social.cat\\\/#organization\"},\"image\":{\"@id\":\"https:\\\/\\\/www.accent-social.cat\\\/es\\\/servicio-atencion-domiciliario-frenar-despoblacion-rural\\\/#primaryimage\"},\"thumbnailUrl\":\"https:\\\/\\\/www.accent-social.cat\\\/wp-content\\\/uploads\\\/2021\\\/10\\\/Serveis-dAtenci\u00f3-Domicili\u00e0ria-SAD-per-frenar-la-despoblaci\u00f3-rural.jpg\",\"keywords\":[\"Accent Social\",\"asistencia domiciliaria\",\"Lleida\",\"Segri\u00e0\",\"servicio de atenci\u00f3n domiciliaria\"],\"articleSection\":[\"Proyectos\",\"SAD Servicio Asistencia Domiciliaria\"],\"inLanguage\":\"es\"},{\"@type\":\"WebPage\",\"@id\":\"https:\\\/\\\/www.accent-social.cat\\\/es\\\/servicio-atencion-domiciliario-frenar-despoblacion-rural\\\/\",\"url\":\"https:\\\/\\\/www.accent-social.cat\\\/es\\\/servicio-atencion-domiciliario-frenar-despoblacion-rural\\\/\",\"name\":\"Frenar la despoblaci\u00f3n rural desde la atenci\u00f3n individualizada\",\"isPartOf\":{\"@id\":\"https:\\\/\\\/www.accent-social.cat\\\/#website\"},\"primaryImageOfPage\":{\"@id\":\"https:\\\/\\\/www.accent-social.cat\\\/es\\\/servicio-atencion-domiciliario-frenar-despoblacion-rural\\\/#primaryimage\"},\"image\":{\"@id\":\"https:\\\/\\\/www.accent-social.cat\\\/es\\\/servicio-atencion-domiciliario-frenar-despoblacion-rural\\\/#primaryimage\"},\"thumbnailUrl\":\"https:\\\/\\\/www.accent-social.cat\\\/wp-content\\\/uploads\\\/2021\\\/10\\\/Serveis-dAtenci\u00f3-Domicili\u00e0ria-SAD-per-frenar-la-despoblaci\u00f3-rural.jpg\",\"datePublished\":\"2021-10-06T10:44:56+00:00\",\"dateModified\":\"2021-10-26T21:47:29+00:00\",\"description\":\"Los servicios de atenci\u00f3n domiciliaria en municipios de zonas rurales ayudan a frenar la despoblaci\u00f3n y mantener el arraigo territorial de personas mayores.\",\"breadcrumb\":{\"@id\":\"https:\\\/\\\/www.accent-social.cat\\\/es\\\/servicio-atencion-domiciliario-frenar-despoblacion-rural\\\/#breadcrumb\"},\"inLanguage\":\"es\",\"potentialAction\":[{\"@type\":\"ReadAction\",\"target\":[\"https:\\\/\\\/www.accent-social.cat\\\/es\\\/servicio-atencion-domiciliario-frenar-despoblacion-rural\\\/\"]}]},{\"@type\":\"ImageObject\",\"inLanguage\":\"es\",\"@id\":\"https:\\\/\\\/www.accent-social.cat\\\/es\\\/servicio-atencion-domiciliario-frenar-despoblacion-rural\\\/#primaryimage\",\"url\":\"https:\\\/\\\/www.accent-social.cat\\\/wp-content\\\/uploads\\\/2021\\\/10\\\/Serveis-dAtenci\u00f3-Domicili\u00e0ria-SAD-per-frenar-la-despoblaci\u00f3-rural.jpg\",\"contentUrl\":\"https:\\\/\\\/www.accent-social.cat\\\/wp-content\\\/uploads\\\/2021\\\/10\\\/Serveis-dAtenci\u00f3-Domicili\u00e0ria-SAD-per-frenar-la-despoblaci\u00f3-rural.jpg\",\"width\":840,\"height\":400,\"caption\":\"Serveis d'Atenci\u00f3 Domicili\u00e0ria SAD per frenar la despoblaci\u00f3 rural\"},{\"@type\":\"BreadcrumbList\",\"@id\":\"https:\\\/\\\/www.accent-social.cat\\\/es\\\/servicio-atencion-domiciliario-frenar-despoblacion-rural\\\/#breadcrumb\",\"itemListElement\":[{\"@type\":\"ListItem\",\"position\":1,\"name\":\"Inici\",\"item\":\"https:\\\/\\\/www.accent-social.cat\\\/es\\\/\"},{\"@type\":\"ListItem\",\"position\":2,\"name\":\"Frenar la despoblaci\u00f3n rural desde la atenci\u00f3n individualizada\"}]},{\"@type\":\"WebSite\",\"@id\":\"https:\\\/\\\/www.accent-social.cat\\\/#website\",\"url\":\"https:\\\/\\\/www.accent-social.cat\\\/\",\"name\":\"Accent Social | Serveis d'Atenci\u00f3 Domicili\u00e0ria (SAD) i centres col\u00b7lectius\",\"description\":\"Serveis d&#039;Atenci\u00f3 Domicili\u00e0ria i centres de dia a Barcelona. Gesti\u00f3 de serveis socials i per a la gent gran.\",\"publisher\":{\"@id\":\"https:\\\/\\\/www.accent-social.cat\\\/#organization\"},\"potentialAction\":[{\"@type\":\"SearchAction\",\"target\":{\"@type\":\"EntryPoint\",\"urlTemplate\":\"https:\\\/\\\/www.accent-social.cat\\\/?s={search_term_string}\"},\"query-input\":{\"@type\":\"PropertyValueSpecification\",\"valueRequired\":true,\"valueName\":\"search_term_string\"}}],\"inLanguage\":\"es\"},{\"@type\":\"Organization\",\"@id\":\"https:\\\/\\\/www.accent-social.cat\\\/#organization\",\"name\":\"Accent Social\",\"url\":\"https:\\\/\\\/www.accent-social.cat\\\/\",\"logo\":{\"@type\":\"ImageObject\",\"inLanguage\":\"es\",\"@id\":\"https:\\\/\\\/www.accent-social.cat\\\/#\\\/schema\\\/logo\\\/image\\\/\",\"url\":\"https:\\\/\\\/www.accent-social.cat\\\/wp-content\\\/uploads\\\/2017\\\/09\\\/Logo-Accent-Social.jpg\",\"contentUrl\":\"https:\\\/\\\/www.accent-social.cat\\\/wp-content\\\/uploads\\\/2017\\\/09\\\/Logo-Accent-Social.jpg\",\"width\":512,\"height\":512,\"caption\":\"Accent Social\"},\"image\":{\"@id\":\"https:\\\/\\\/www.accent-social.cat\\\/#\\\/schema\\\/logo\\\/image\\\/\"},\"sameAs\":[\"https:\\\/\\\/www.facebook.com\\\/accentsocial\",\"https:\\\/\\\/x.com\\\/accentsocial_\",\"http:\\\/\\\/www.instagram.com\\\/accentsocial\",\"https:\\\/\\\/www.linkedin.com\\\/company\\\/accent-social\\\/\",\"https:\\\/\\\/www.crunchbase.com\\\/organization\\\/accent-social\",\"https:\\\/\\\/www.hotfrog.es\\\/empresa\\\/barcelona\\\/barcelona\\\/accent-social\",\"https:\\\/\\\/www.youtube.com\\\/channel\\\/UCBRsmX50gP0nPuAb5rPfr2g\"]},{\"@type\":\"Person\",\"@id\":\"https:\\\/\\\/www.accent-social.cat\\\/#\\\/schema\\\/person\\\/e3059313a7a9356d5dcb4adc2ee0396a\",\"name\":\"Accent Social\",\"image\":{\"@type\":\"ImageObject\",\"inLanguage\":\"es\",\"@id\":\"https:\\\/\\\/secure.gravatar.com\\\/avatar\\\/9a4d9b0c2bbfb1ff3da85e7195367fa23cc6b72e60b3092496806038fa837fc5?s=96&d=mm&r=g\",\"url\":\"https:\\\/\\\/secure.gravatar.com\\\/avatar\\\/9a4d9b0c2bbfb1ff3da85e7195367fa23cc6b72e60b3092496806038fa837fc5?s=96&d=mm&r=g\",\"contentUrl\":\"https:\\\/\\\/secure.gravatar.com\\\/avatar\\\/9a4d9b0c2bbfb1ff3da85e7195367fa23cc6b72e60b3092496806038fa837fc5?s=96&d=mm&r=g\",\"caption\":\"Accent Social\"}}]}<\/script>\n<!-- \/ Yoast SEO plugin. -->","yoast_head_json":{"title":"Frenar la despoblaci\u00f3n rural desde la atenci\u00f3n individualizada","description":"Los servicios de atenci\u00f3n domiciliaria en municipios de zonas rurales ayudan a frenar la despoblaci\u00f3n y mantener el arraigo territorial de personas mayores.","robots":{"index":"index","follow":"follow","max-snippet":"max-snippet:-1","max-image-preview":"max-image-preview:large","max-video-preview":"max-video-preview:-1"},"canonical":"https:\/\/www.accent-social.cat\/es\/servicio-atencion-domiciliario-frenar-despoblacion-rural\/","og_locale":"es_ES","og_type":"article","og_title":"Frenar la despoblaci\u00f3n rural desde la atenci\u00f3n individualizada","og_description":"Los servicios de atenci\u00f3n domiciliaria en municipios de zonas rurales ayudan a frenar la despoblaci\u00f3n y mantener el arraigo territorial de personas mayores.","og_url":"https:\/\/www.accent-social.cat\/es\/servicio-atencion-domiciliario-frenar-despoblacion-rural\/","og_site_name":"Accent Social | Serveis d&#039;Atenci\u00f3 Domicili\u00e0ria i centres per gent gran","article_publisher":"https:\/\/www.facebook.com\/accentsocial","article_published_time":"2021-10-06T10:44:56+00:00","article_modified_time":"2021-10-26T21:47:29+00:00","og_image":[{"width":840,"height":400,"url":"https:\/\/www.accent-social.cat\/wp-content\/uploads\/2021\/10\/Serveis-dAtenci\u00f3-Domicili\u00e0ria-SAD-per-frenar-la-despoblaci\u00f3-rural.jpg","type":"image\/jpeg"}],"author":"Accent Social","twitter_card":"summary_large_image","twitter_creator":"@accentsocial_","twitter_site":"@accentsocial_","twitter_misc":{"Escrito por":"Accent Social","Tiempo de lectura":"7 minutos"},"schema":{"@context":"https:\/\/schema.org","@graph":[{"@type":"Article","@id":"https:\/\/www.accent-social.cat\/es\/servicio-atencion-domiciliario-frenar-despoblacion-rural\/#article","isPartOf":{"@id":"https:\/\/www.accent-social.cat\/es\/servicio-atencion-domiciliario-frenar-despoblacion-rural\/"},"author":{"name":"Accent Social","@id":"https:\/\/www.accent-social.cat\/#\/schema\/person\/e3059313a7a9356d5dcb4adc2ee0396a"},"headline":"Frenar la despoblaci\u00f3n rural desde la atenci\u00f3n individualizada","datePublished":"2021-10-06T10:44:56+00:00","dateModified":"2021-10-26T21:47:29+00:00","mainEntityOfPage":{"@id":"https:\/\/www.accent-social.cat\/es\/servicio-atencion-domiciliario-frenar-despoblacion-rural\/"},"wordCount":1333,"publisher":{"@id":"https:\/\/www.accent-social.cat\/#organization"},"image":{"@id":"https:\/\/www.accent-social.cat\/es\/servicio-atencion-domiciliario-frenar-despoblacion-rural\/#primaryimage"},"thumbnailUrl":"https:\/\/www.accent-social.cat\/wp-content\/uploads\/2021\/10\/Serveis-dAtenci\u00f3-Domicili\u00e0ria-SAD-per-frenar-la-despoblaci\u00f3-rural.jpg","keywords":["Accent Social","asistencia domiciliaria","Lleida","Segri\u00e0","servicio de atenci\u00f3n domiciliaria"],"articleSection":["Proyectos","SAD Servicio Asistencia Domiciliaria"],"inLanguage":"es"},{"@type":"WebPage","@id":"https:\/\/www.accent-social.cat\/es\/servicio-atencion-domiciliario-frenar-despoblacion-rural\/","url":"https:\/\/www.accent-social.cat\/es\/servicio-atencion-domiciliario-frenar-despoblacion-rural\/","name":"Frenar la despoblaci\u00f3n rural desde la atenci\u00f3n individualizada","isPartOf":{"@id":"https:\/\/www.accent-social.cat\/#website"},"primaryImageOfPage":{"@id":"https:\/\/www.accent-social.cat\/es\/servicio-atencion-domiciliario-frenar-despoblacion-rural\/#primaryimage"},"image":{"@id":"https:\/\/www.accent-social.cat\/es\/servicio-atencion-domiciliario-frenar-despoblacion-rural\/#primaryimage"},"thumbnailUrl":"https:\/\/www.accent-social.cat\/wp-content\/uploads\/2021\/10\/Serveis-dAtenci\u00f3-Domicili\u00e0ria-SAD-per-frenar-la-despoblaci\u00f3-rural.jpg","datePublished":"2021-10-06T10:44:56+00:00","dateModified":"2021-10-26T21:47:29+00:00","description":"Los servicios de atenci\u00f3n domiciliaria en municipios de zonas rurales ayudan a frenar la despoblaci\u00f3n y mantener el arraigo territorial de personas mayores.","breadcrumb":{"@id":"https:\/\/www.accent-social.cat\/es\/servicio-atencion-domiciliario-frenar-despoblacion-rural\/#breadcrumb"},"inLanguage":"es","potentialAction":[{"@type":"ReadAction","target":["https:\/\/www.accent-social.cat\/es\/servicio-atencion-domiciliario-frenar-despoblacion-rural\/"]}]},{"@type":"ImageObject","inLanguage":"es","@id":"https:\/\/www.accent-social.cat\/es\/servicio-atencion-domiciliario-frenar-despoblacion-rural\/#primaryimage","url":"https:\/\/www.accent-social.cat\/wp-content\/uploads\/2021\/10\/Serveis-dAtenci\u00f3-Domicili\u00e0ria-SAD-per-frenar-la-despoblaci\u00f3-rural.jpg","contentUrl":"https:\/\/www.accent-social.cat\/wp-content\/uploads\/2021\/10\/Serveis-dAtenci\u00f3-Domicili\u00e0ria-SAD-per-frenar-la-despoblaci\u00f3-rural.jpg","width":840,"height":400,"caption":"Serveis d'Atenci\u00f3 Domicili\u00e0ria SAD per frenar la despoblaci\u00f3 rural"},{"@type":"BreadcrumbList","@id":"https:\/\/www.accent-social.cat\/es\/servicio-atencion-domiciliario-frenar-despoblacion-rural\/#breadcrumb","itemListElement":[{"@type":"ListItem","position":1,"name":"Inici","item":"https:\/\/www.accent-social.cat\/es\/"},{"@type":"ListItem","position":2,"name":"Frenar la despoblaci\u00f3n rural desde la atenci\u00f3n individualizada"}]},{"@type":"WebSite","@id":"https:\/\/www.accent-social.cat\/#website","url":"https:\/\/www.accent-social.cat\/","name":"Accent Social | Serveis d'Atenci\u00f3 Domicili\u00e0ria (SAD) i centres col\u00b7lectius","description":"Serveis d&#039;Atenci\u00f3 Domicili\u00e0ria i centres de dia a Barcelona. Gesti\u00f3 de serveis socials i per a la gent gran.","publisher":{"@id":"https:\/\/www.accent-social.cat\/#organization"},"potentialAction":[{"@type":"SearchAction","target":{"@type":"EntryPoint","urlTemplate":"https:\/\/www.accent-social.cat\/?s={search_term_string}"},"query-input":{"@type":"PropertyValueSpecification","valueRequired":true,"valueName":"search_term_string"}}],"inLanguage":"es"},{"@type":"Organization","@id":"https:\/\/www.accent-social.cat\/#organization","name":"Accent Social","url":"https:\/\/www.accent-social.cat\/","logo":{"@type":"ImageObject","inLanguage":"es","@id":"https:\/\/www.accent-social.cat\/#\/schema\/logo\/image\/","url":"https:\/\/www.accent-social.cat\/wp-content\/uploads\/2017\/09\/Logo-Accent-Social.jpg","contentUrl":"https:\/\/www.accent-social.cat\/wp-content\/uploads\/2017\/09\/Logo-Accent-Social.jpg","width":512,"height":512,"caption":"Accent Social"},"image":{"@id":"https:\/\/www.accent-social.cat\/#\/schema\/logo\/image\/"},"sameAs":["https:\/\/www.facebook.com\/accentsocial","https:\/\/x.com\/accentsocial_","http:\/\/www.instagram.com\/accentsocial","https:\/\/www.linkedin.com\/company\/accent-social\/","https:\/\/www.crunchbase.com\/organization\/accent-social","https:\/\/www.hotfrog.es\/empresa\/barcelona\/barcelona\/accent-social","https:\/\/www.youtube.com\/channel\/UCBRsmX50gP0nPuAb5rPfr2g"]},{"@type":"Person","@id":"https:\/\/www.accent-social.cat\/#\/schema\/person\/e3059313a7a9356d5dcb4adc2ee0396a","name":"Accent Social","image":{"@type":"ImageObject","inLanguage":"es","@id":"https:\/\/secure.gravatar.com\/avatar\/9a4d9b0c2bbfb1ff3da85e7195367fa23cc6b72e60b3092496806038fa837fc5?s=96&d=mm&r=g","url":"https:\/\/secure.gravatar.com\/avatar\/9a4d9b0c2bbfb1ff3da85e7195367fa23cc6b72e60b3092496806038fa837fc5?s=96&d=mm&r=g","contentUrl":"https:\/\/secure.gravatar.com\/avatar\/9a4d9b0c2bbfb1ff3da85e7195367fa23cc6b72e60b3092496806038fa837fc5?s=96&d=mm&r=g","caption":"Accent Social"}}]}},"_links":{"self":[{"href":"https:\/\/www.accent-social.cat\/es\/wp-json\/wp\/v2\/posts\/13678","targetHints":{"allow":["GET"]}}],"collection":[{"href":"https:\/\/www.accent-social.cat\/es\/wp-json\/wp\/v2\/posts"}],"about":[{"href":"https:\/\/www.accent-social.cat\/es\/wp-json\/wp\/v2\/types\/post"}],"author":[{"embeddable":true,"href":"https:\/\/www.accent-social.cat\/es\/wp-json\/wp\/v2\/users\/1"}],"replies":[{"embeddable":true,"href":"https:\/\/www.accent-social.cat\/es\/wp-json\/wp\/v2\/comments?post=13678"}],"version-history":[{"count":6,"href":"https:\/\/www.accent-social.cat\/es\/wp-json\/wp\/v2\/posts\/13678\/revisions"}],"predecessor-version":[{"id":13688,"href":"https:\/\/www.accent-social.cat\/es\/wp-json\/wp\/v2\/posts\/13678\/revisions\/13688"}],"wp:featuredmedia":[{"embeddable":true,"href":"https:\/\/www.accent-social.cat\/es\/wp-json\/wp\/v2\/media\/13680"}],"wp:attachment":[{"href":"https:\/\/www.accent-social.cat\/es\/wp-json\/wp\/v2\/media?parent=13678"}],"wp:term":[{"taxonomy":"category","embeddable":true,"href":"https:\/\/www.accent-social.cat\/es\/wp-json\/wp\/v2\/categories?post=13678"},{"taxonomy":"post_tag","embeddable":true,"href":"https:\/\/www.accent-social.cat\/es\/wp-json\/wp\/v2\/tags?post=13678"}],"curies":[{"name":"wp","href":"https:\/\/api.w.org\/{rel}","templated":true}]}}