{"id":13483,"date":"2021-05-08T11:33:36","date_gmt":"2021-05-08T10:33:36","guid":{"rendered":"https:\/\/www.accent-social.cat\/?p=13483"},"modified":"2021-05-08T12:38:10","modified_gmt":"2021-05-08T11:38:10","slug":"espacios-reflexion-etica-servicios-sociales","status":"publish","type":"post","link":"https:\/\/www.accent-social.cat\/es\/espacios-reflexion-etica-servicios-sociales\/","title":{"rendered":"Accent Social promueve los espacios de reflexi\u00f3n \u00e9tica en los servicios sociales"},"content":{"rendered":"<h3>El 15 de febrero de 2019 se constituy\u00f3 el Comit\u00e9 Asistencial \u00c9tico de Accent Social (CAEA) con el objetivo de solucionar los dilemas morales que surgen en el d\u00eda a d\u00eda de los profesionales del \u00e1mbito de los servicios sociales. Durante este mes de mayo se celebrar\u00e1n los primeros espacios de reflexi\u00f3n telem\u00e1ticos entre trabajadores y trabajadoras en Catalu\u00f1a.<\/h3>\n<p>Accent Social naci\u00f3 con el prop\u00f3sito de acompa\u00f1ar a las personas en su proyecto vital y siempre desde el respeto y la dignidad. Los espacios de reflexi\u00f3n \u00e9tica pretenden que los equipos de profesionales puedan encontrar un lugar com\u00fan donde <strong>debatir y reflexionar sobre los dilemas deontol\u00f3gicos<\/strong> a los que se enfrentan a diario y donde poder recibir el apoyo necesario por parte de otros profesionales .<\/p>\n<p>Para <strong>Montse Olaria, coordinadora del SAD de <a href=\"https:\/\/www.accent-social.cat\/es\/tag\/barbera-del-valles-es\/\">Barber\u00e1 del Vall\u00e8s<\/a><\/strong>, es fundamental que las profesionales puedan tener un espacio donde explicar lo que les preocupa y as\u00ed poder liberarse de cargas emocionales que generan una gran desaz\u00f3n.<\/p>\n<p>En total, se constituir\u00e1n tres grupos, correspondientes a las zonas de: <strong>Lleida y Tarragona<\/strong>; <strong>Baix Llobregat y Barcelona<\/strong>, <strong>Maresme<\/strong>, <strong>Vall\u00e9s y Girona<\/strong>, formados por profesionales del \u00e1mbito de la psicolog\u00eda, trabajadoras y trabajadores sociales, educadores y educadoras y personal sanitario y gerontol\u00f3gico, entre otros. Para garantizar el buen funcionamiento de los foros de debate, todas las personas asistentes han recibido una formaci\u00f3n previa sobre <strong><a href=\"https:\/\/www.accent-social.cat\/es\/tag\/etica-es\/\">\u00e9tica<\/a><\/strong>. La idea es que estos encuentros se puedan realizar cada dos meses.<\/p>\n<hr class=\" hr_color\" style=\"margin:0 auto 30px;\"\/>\n\n<h3>DILEMAS A DEBATE<\/h3>\n<p>El equipo de profesionales de Accent Social se encuentra a diario con situaciones donde deben actuar con rapidez y en ocasiones, se cuestionan si su actuaci\u00f3n ha sido la m\u00e1s adecuada. Incluso puede que los <strong>retos \u00e9ticos<\/strong> con los que se encuentran pongan en confrontaci\u00f3n sus valores con las necesidades de la persona usuaria.<\/p>\n<p>Montse Olaria nos explica uno de los casos m\u00e1s frecuentes en los <strong><a href=\"https:\/\/www.badiadelvalles.cat\/area.php?id=10\">Servicios de Atenci\u00f3n Domiciliaria<\/a><\/strong>:<\/p>\n<p style=\"padding-left: 40px;\"><em><span style=\"color: #ab4fab;\">\u201cEs habitual que una trabajadora detecte un nuevo caso de dependencia en un mismo n\u00facleo familiar, ya que, a edades avanzadas, la persona c\u00f3nyuge tambi\u00e9n puede presentar un empeoramiento en su estado de salud. Tener un asesoramiento para poder aprender a detectarlo y saber c\u00f3mo actuar en estas situaciones es esencial para nuestro equipo de profesionales\u201d.<\/span><\/em><\/p>\n<p>Este es solo un ejemplo, los trabajadores y trabajadoras de Accent Social toman decisiones que pueden afectar a la intimidad o la voluntad y preferencias de los usuarios, y en este sentido, <strong>el objetivo de los espacios de reflexi\u00f3n es encontrar un punto intermedio<\/strong> y evitar las decisiones basadas en extremos.<\/p>\n<p style=\"padding-left: 40px;\"><em><span style=\"color: #ab4fab;\">\u00abSi se agrava la enfermedad de una persona usuaria y te pide que no informes a la familia, debes actuar priorizando siempre su salud y respetando el principio de no maleficencia\u00bb.- Explica Montse Olaria.<\/span><\/em><\/p>\n<p>Con el esp\u00edritu de mejorar la calidad de vida de las personas y entendiendo <strong>la dignidad como un derecho inherente<\/strong> a las mismas, los espacios de debate del <strong><a href=\"https:\/\/www.accent-social.cat\/es\/tag\/comite-etico\/\">Comit\u00e9 Asistencial \u00c9tico<\/a><\/strong> de Accent Social supondr\u00e1n una mejora para seguir consolidando la gesti\u00f3n de los recursos sociales en el \u00e1mbito p\u00fablico y privado, contando con un equipo de profesionales comprometidos con la \u00e9tica, la responsabilidad y la cercan\u00eda con las personas.<\/p>\n<hr class=\" hr_color\" style=\"margin:0 auto 30px;\"\/>\n\n<div class=\"column one\"><div class=\"mcb-column-inner\"><br \/>\n<iframe loading=\"lazy\" style=\"border: none; overflow: hidden;\" src=\"https:\/\/www.facebook.com\/plugins\/page.php?href=https%3A%2F%2Fwww.facebook.com%2Faccentsocial%2F&amp;tabs=timeline&amp;width=500&amp;height=100&amp;small_header=false&amp;adapt_container_width=false&amp;hide_cover=false&amp;show_facepile=true&amp;appId\" width=\"500\" height=\"100\" frameborder=\"0\" scrolling=\"no\" data-mce-fragment=\"1\"><\/iframe><br \/>\n<\/div><\/div>\n\n","protected":false},"excerpt":{"rendered":"<p>En mayo de 2021 celebramos los primeros espacios de reflexi\u00f3n \u00e9tica telem\u00e1ticos entre trabajadores y trabajadoras de la Accent Social en Catalu\u00f1a.<\/p>\n","protected":false},"author":1,"featured_media":13470,"comment_status":"closed","ping_status":"open","sticky":false,"template":"","format":"standard","meta":{"footnotes":""},"categories":[359],"tags":[279,280,456,492,479,295],"class_list":["post-13483","post","type-post","status-publish","format-standard","has-post-thumbnail","hentry","category-proyectos","tag-accent-social-es","tag-barbera-del-valles-es","tag-comite-etico","tag-etica-es","tag-etica-cuidados","tag-formacion"],"yoast_head":"<!-- This site is optimized with the Yoast SEO plugin v27.5 - https:\/\/yoast.com\/product\/yoast-seo-wordpress\/ -->\n<title>Accent Social promueve los espacios de reflexi\u00f3n \u00e9tica en los servicios sociales | Accent Social | Serveis d&#039;Atenci\u00f3 Domicili\u00e0ria i centres per gent gran<\/title>\n<meta name=\"robots\" content=\"index, follow, max-snippet:-1, max-image-preview:large, max-video-preview:-1\" \/>\n<link rel=\"canonical\" href=\"https:\/\/www.accent-social.cat\/es\/espacios-reflexion-etica-servicios-sociales\/\" \/>\n<meta property=\"og:locale\" content=\"es_ES\" \/>\n<meta property=\"og:type\" content=\"article\" \/>\n<meta property=\"og:title\" content=\"Accent Social promueve los espacios de reflexi\u00f3n \u00e9tica en los servicios sociales | Accent Social | Serveis d&#039;Atenci\u00f3 Domicili\u00e0ria i centres per gent gran\" \/>\n<meta property=\"og:description\" content=\"En mayo de 2021 celebramos los primeros espacios de reflexi\u00f3n \u00e9tica telem\u00e1ticos entre trabajadores y trabajadoras de la Accent Social en Catalu\u00f1a.\" \/>\n<meta property=\"og:url\" content=\"https:\/\/www.accent-social.cat\/es\/espacios-reflexion-etica-servicios-sociales\/\" \/>\n<meta property=\"og:site_name\" content=\"Accent Social | Serveis d&#039;Atenci\u00f3 Domicili\u00e0ria i centres per gent gran\" \/>\n<meta property=\"article:publisher\" content=\"https:\/\/www.facebook.com\/accentsocial\" \/>\n<meta property=\"article:published_time\" content=\"2021-05-08T10:33:36+00:00\" \/>\n<meta property=\"article:modified_time\" content=\"2021-05-08T11:38:10+00:00\" \/>\n<meta property=\"og:image\" content=\"https:\/\/www.accent-social.cat\/wp-content\/uploads\/2021\/05\/Espais-de-reflexi\u00f3-\u00e8tica-als-serveis-socials.jpg\" \/>\n\t<meta property=\"og:image:width\" content=\"840\" \/>\n\t<meta property=\"og:image:height\" content=\"400\" \/>\n\t<meta property=\"og:image:type\" content=\"image\/jpeg\" \/>\n<meta name=\"author\" content=\"Accent Social\" \/>\n<meta name=\"twitter:card\" content=\"summary_large_image\" \/>\n<meta name=\"twitter:creator\" content=\"@accentsocial_\" \/>\n<meta name=\"twitter:site\" content=\"@accentsocial_\" \/>\n<meta name=\"twitter:label1\" content=\"Escrito por\" \/>\n\t<meta name=\"twitter:data1\" content=\"Accent Social\" \/>\n\t<meta name=\"twitter:label2\" content=\"Tiempo de lectura\" \/>\n\t<meta name=\"twitter:data2\" content=\"3 minutos\" \/>\n<script type=\"application\/ld+json\" class=\"yoast-schema-graph\">{\"@context\":\"https:\\\/\\\/schema.org\",\"@graph\":[{\"@type\":\"Article\",\"@id\":\"https:\\\/\\\/www.accent-social.cat\\\/es\\\/espacios-reflexion-etica-servicios-sociales\\\/#article\",\"isPartOf\":{\"@id\":\"https:\\\/\\\/www.accent-social.cat\\\/es\\\/espacios-reflexion-etica-servicios-sociales\\\/\"},\"author\":{\"name\":\"Accent Social\",\"@id\":\"https:\\\/\\\/www.accent-social.cat\\\/#\\\/schema\\\/person\\\/e3059313a7a9356d5dcb4adc2ee0396a\"},\"headline\":\"Accent Social promueve los espacios de reflexi\u00f3n \u00e9tica en los servicios sociales\",\"datePublished\":\"2021-05-08T10:33:36+00:00\",\"dateModified\":\"2021-05-08T11:38:10+00:00\",\"mainEntityOfPage\":{\"@id\":\"https:\\\/\\\/www.accent-social.cat\\\/es\\\/espacios-reflexion-etica-servicios-sociales\\\/\"},\"wordCount\":584,\"publisher\":{\"@id\":\"https:\\\/\\\/www.accent-social.cat\\\/#organization\"},\"image\":{\"@id\":\"https:\\\/\\\/www.accent-social.cat\\\/es\\\/espacios-reflexion-etica-servicios-sociales\\\/#primaryimage\"},\"thumbnailUrl\":\"https:\\\/\\\/www.accent-social.cat\\\/wp-content\\\/uploads\\\/2021\\\/05\\\/Espais-de-reflexi\u00f3-\u00e8tica-als-serveis-socials.jpg\",\"keywords\":[\"Accent Social\",\"Barber\u00e0 del Vall\u00e8s\",\"comit\u00e9 \u00e9tico\",\"\u00e8tica\",\"\u00e9tica de los cuidados\",\"formaci\u00f3n\"],\"articleSection\":[\"Proyectos\"],\"inLanguage\":\"es\"},{\"@type\":\"WebPage\",\"@id\":\"https:\\\/\\\/www.accent-social.cat\\\/es\\\/espacios-reflexion-etica-servicios-sociales\\\/\",\"url\":\"https:\\\/\\\/www.accent-social.cat\\\/es\\\/espacios-reflexion-etica-servicios-sociales\\\/\",\"name\":\"Accent Social promueve los espacios de reflexi\u00f3n \u00e9tica en los servicios sociales | Accent Social | Serveis d&#039;Atenci\u00f3 Domicili\u00e0ria i centres per gent gran\",\"isPartOf\":{\"@id\":\"https:\\\/\\\/www.accent-social.cat\\\/#website\"},\"primaryImageOfPage\":{\"@id\":\"https:\\\/\\\/www.accent-social.cat\\\/es\\\/espacios-reflexion-etica-servicios-sociales\\\/#primaryimage\"},\"image\":{\"@id\":\"https:\\\/\\\/www.accent-social.cat\\\/es\\\/espacios-reflexion-etica-servicios-sociales\\\/#primaryimage\"},\"thumbnailUrl\":\"https:\\\/\\\/www.accent-social.cat\\\/wp-content\\\/uploads\\\/2021\\\/05\\\/Espais-de-reflexi\u00f3-\u00e8tica-als-serveis-socials.jpg\",\"datePublished\":\"2021-05-08T10:33:36+00:00\",\"dateModified\":\"2021-05-08T11:38:10+00:00\",\"breadcrumb\":{\"@id\":\"https:\\\/\\\/www.accent-social.cat\\\/es\\\/espacios-reflexion-etica-servicios-sociales\\\/#breadcrumb\"},\"inLanguage\":\"es\",\"potentialAction\":[{\"@type\":\"ReadAction\",\"target\":[\"https:\\\/\\\/www.accent-social.cat\\\/es\\\/espacios-reflexion-etica-servicios-sociales\\\/\"]}]},{\"@type\":\"ImageObject\",\"inLanguage\":\"es\",\"@id\":\"https:\\\/\\\/www.accent-social.cat\\\/es\\\/espacios-reflexion-etica-servicios-sociales\\\/#primaryimage\",\"url\":\"https:\\\/\\\/www.accent-social.cat\\\/wp-content\\\/uploads\\\/2021\\\/05\\\/Espais-de-reflexi\u00f3-\u00e8tica-als-serveis-socials.jpg\",\"contentUrl\":\"https:\\\/\\\/www.accent-social.cat\\\/wp-content\\\/uploads\\\/2021\\\/05\\\/Espais-de-reflexi\u00f3-\u00e8tica-als-serveis-socials.jpg\",\"width\":840,\"height\":400,\"caption\":\"Espais de reflexi\u00f3 \u00e8tica als serveis socials\"},{\"@type\":\"BreadcrumbList\",\"@id\":\"https:\\\/\\\/www.accent-social.cat\\\/es\\\/espacios-reflexion-etica-servicios-sociales\\\/#breadcrumb\",\"itemListElement\":[{\"@type\":\"ListItem\",\"position\":1,\"name\":\"Inici\",\"item\":\"https:\\\/\\\/www.accent-social.cat\\\/es\\\/\"},{\"@type\":\"ListItem\",\"position\":2,\"name\":\"Accent Social promueve los espacios de reflexi\u00f3n \u00e9tica en los servicios sociales\"}]},{\"@type\":\"WebSite\",\"@id\":\"https:\\\/\\\/www.accent-social.cat\\\/#website\",\"url\":\"https:\\\/\\\/www.accent-social.cat\\\/\",\"name\":\"Accent Social | Serveis d'Atenci\u00f3 Domicili\u00e0ria (SAD) i centres col\u00b7lectius\",\"description\":\"Serveis d&#039;Atenci\u00f3 Domicili\u00e0ria i centres de dia a Barcelona. Gesti\u00f3 de serveis socials i per a la gent gran.\",\"publisher\":{\"@id\":\"https:\\\/\\\/www.accent-social.cat\\\/#organization\"},\"potentialAction\":[{\"@type\":\"SearchAction\",\"target\":{\"@type\":\"EntryPoint\",\"urlTemplate\":\"https:\\\/\\\/www.accent-social.cat\\\/?s={search_term_string}\"},\"query-input\":{\"@type\":\"PropertyValueSpecification\",\"valueRequired\":true,\"valueName\":\"search_term_string\"}}],\"inLanguage\":\"es\"},{\"@type\":\"Organization\",\"@id\":\"https:\\\/\\\/www.accent-social.cat\\\/#organization\",\"name\":\"Accent Social\",\"url\":\"https:\\\/\\\/www.accent-social.cat\\\/\",\"logo\":{\"@type\":\"ImageObject\",\"inLanguage\":\"es\",\"@id\":\"https:\\\/\\\/www.accent-social.cat\\\/#\\\/schema\\\/logo\\\/image\\\/\",\"url\":\"https:\\\/\\\/www.accent-social.cat\\\/wp-content\\\/uploads\\\/2017\\\/09\\\/Logo-Accent-Social.jpg\",\"contentUrl\":\"https:\\\/\\\/www.accent-social.cat\\\/wp-content\\\/uploads\\\/2017\\\/09\\\/Logo-Accent-Social.jpg\",\"width\":512,\"height\":512,\"caption\":\"Accent Social\"},\"image\":{\"@id\":\"https:\\\/\\\/www.accent-social.cat\\\/#\\\/schema\\\/logo\\\/image\\\/\"},\"sameAs\":[\"https:\\\/\\\/www.facebook.com\\\/accentsocial\",\"https:\\\/\\\/x.com\\\/accentsocial_\",\"http:\\\/\\\/www.instagram.com\\\/accentsocial\",\"https:\\\/\\\/www.linkedin.com\\\/company\\\/accent-social\\\/\",\"https:\\\/\\\/www.crunchbase.com\\\/organization\\\/accent-social\",\"https:\\\/\\\/www.hotfrog.es\\\/empresa\\\/barcelona\\\/barcelona\\\/accent-social\",\"https:\\\/\\\/www.youtube.com\\\/channel\\\/UCBRsmX50gP0nPuAb5rPfr2g\"]},{\"@type\":\"Person\",\"@id\":\"https:\\\/\\\/www.accent-social.cat\\\/#\\\/schema\\\/person\\\/e3059313a7a9356d5dcb4adc2ee0396a\",\"name\":\"Accent Social\",\"image\":{\"@type\":\"ImageObject\",\"inLanguage\":\"es\",\"@id\":\"https:\\\/\\\/secure.gravatar.com\\\/avatar\\\/9a4d9b0c2bbfb1ff3da85e7195367fa23cc6b72e60b3092496806038fa837fc5?s=96&d=mm&r=g\",\"url\":\"https:\\\/\\\/secure.gravatar.com\\\/avatar\\\/9a4d9b0c2bbfb1ff3da85e7195367fa23cc6b72e60b3092496806038fa837fc5?s=96&d=mm&r=g\",\"contentUrl\":\"https:\\\/\\\/secure.gravatar.com\\\/avatar\\\/9a4d9b0c2bbfb1ff3da85e7195367fa23cc6b72e60b3092496806038fa837fc5?s=96&d=mm&r=g\",\"caption\":\"Accent Social\"}}]}<\/script>\n<!-- \/ Yoast SEO plugin. -->","yoast_head_json":{"title":"Accent Social promueve los espacios de reflexi\u00f3n \u00e9tica en los servicios sociales | Accent Social | Serveis d&#039;Atenci\u00f3 Domicili\u00e0ria i centres per gent gran","robots":{"index":"index","follow":"follow","max-snippet":"max-snippet:-1","max-image-preview":"max-image-preview:large","max-video-preview":"max-video-preview:-1"},"canonical":"https:\/\/www.accent-social.cat\/es\/espacios-reflexion-etica-servicios-sociales\/","og_locale":"es_ES","og_type":"article","og_title":"Accent Social promueve los espacios de reflexi\u00f3n \u00e9tica en los servicios sociales | Accent Social | Serveis d&#039;Atenci\u00f3 Domicili\u00e0ria i centres per gent gran","og_description":"En mayo de 2021 celebramos los primeros espacios de reflexi\u00f3n \u00e9tica telem\u00e1ticos entre trabajadores y trabajadoras de la Accent Social en Catalu\u00f1a.","og_url":"https:\/\/www.accent-social.cat\/es\/espacios-reflexion-etica-servicios-sociales\/","og_site_name":"Accent Social | Serveis d&#039;Atenci\u00f3 Domicili\u00e0ria i centres per gent gran","article_publisher":"https:\/\/www.facebook.com\/accentsocial","article_published_time":"2021-05-08T10:33:36+00:00","article_modified_time":"2021-05-08T11:38:10+00:00","og_image":[{"width":840,"height":400,"url":"https:\/\/www.accent-social.cat\/wp-content\/uploads\/2021\/05\/Espais-de-reflexi\u00f3-\u00e8tica-als-serveis-socials.jpg","type":"image\/jpeg"}],"author":"Accent Social","twitter_card":"summary_large_image","twitter_creator":"@accentsocial_","twitter_site":"@accentsocial_","twitter_misc":{"Escrito por":"Accent Social","Tiempo de lectura":"3 minutos"},"schema":{"@context":"https:\/\/schema.org","@graph":[{"@type":"Article","@id":"https:\/\/www.accent-social.cat\/es\/espacios-reflexion-etica-servicios-sociales\/#article","isPartOf":{"@id":"https:\/\/www.accent-social.cat\/es\/espacios-reflexion-etica-servicios-sociales\/"},"author":{"name":"Accent Social","@id":"https:\/\/www.accent-social.cat\/#\/schema\/person\/e3059313a7a9356d5dcb4adc2ee0396a"},"headline":"Accent Social promueve los espacios de reflexi\u00f3n \u00e9tica en los servicios sociales","datePublished":"2021-05-08T10:33:36+00:00","dateModified":"2021-05-08T11:38:10+00:00","mainEntityOfPage":{"@id":"https:\/\/www.accent-social.cat\/es\/espacios-reflexion-etica-servicios-sociales\/"},"wordCount":584,"publisher":{"@id":"https:\/\/www.accent-social.cat\/#organization"},"image":{"@id":"https:\/\/www.accent-social.cat\/es\/espacios-reflexion-etica-servicios-sociales\/#primaryimage"},"thumbnailUrl":"https:\/\/www.accent-social.cat\/wp-content\/uploads\/2021\/05\/Espais-de-reflexi\u00f3-\u00e8tica-als-serveis-socials.jpg","keywords":["Accent Social","Barber\u00e0 del Vall\u00e8s","comit\u00e9 \u00e9tico","\u00e8tica","\u00e9tica de los cuidados","formaci\u00f3n"],"articleSection":["Proyectos"],"inLanguage":"es"},{"@type":"WebPage","@id":"https:\/\/www.accent-social.cat\/es\/espacios-reflexion-etica-servicios-sociales\/","url":"https:\/\/www.accent-social.cat\/es\/espacios-reflexion-etica-servicios-sociales\/","name":"Accent Social promueve los espacios de reflexi\u00f3n \u00e9tica en los servicios sociales | Accent Social | Serveis d&#039;Atenci\u00f3 Domicili\u00e0ria i centres per gent gran","isPartOf":{"@id":"https:\/\/www.accent-social.cat\/#website"},"primaryImageOfPage":{"@id":"https:\/\/www.accent-social.cat\/es\/espacios-reflexion-etica-servicios-sociales\/#primaryimage"},"image":{"@id":"https:\/\/www.accent-social.cat\/es\/espacios-reflexion-etica-servicios-sociales\/#primaryimage"},"thumbnailUrl":"https:\/\/www.accent-social.cat\/wp-content\/uploads\/2021\/05\/Espais-de-reflexi\u00f3-\u00e8tica-als-serveis-socials.jpg","datePublished":"2021-05-08T10:33:36+00:00","dateModified":"2021-05-08T11:38:10+00:00","breadcrumb":{"@id":"https:\/\/www.accent-social.cat\/es\/espacios-reflexion-etica-servicios-sociales\/#breadcrumb"},"inLanguage":"es","potentialAction":[{"@type":"ReadAction","target":["https:\/\/www.accent-social.cat\/es\/espacios-reflexion-etica-servicios-sociales\/"]}]},{"@type":"ImageObject","inLanguage":"es","@id":"https:\/\/www.accent-social.cat\/es\/espacios-reflexion-etica-servicios-sociales\/#primaryimage","url":"https:\/\/www.accent-social.cat\/wp-content\/uploads\/2021\/05\/Espais-de-reflexi\u00f3-\u00e8tica-als-serveis-socials.jpg","contentUrl":"https:\/\/www.accent-social.cat\/wp-content\/uploads\/2021\/05\/Espais-de-reflexi\u00f3-\u00e8tica-als-serveis-socials.jpg","width":840,"height":400,"caption":"Espais de reflexi\u00f3 \u00e8tica als serveis socials"},{"@type":"BreadcrumbList","@id":"https:\/\/www.accent-social.cat\/es\/espacios-reflexion-etica-servicios-sociales\/#breadcrumb","itemListElement":[{"@type":"ListItem","position":1,"name":"Inici","item":"https:\/\/www.accent-social.cat\/es\/"},{"@type":"ListItem","position":2,"name":"Accent Social promueve los espacios de reflexi\u00f3n \u00e9tica en los servicios sociales"}]},{"@type":"WebSite","@id":"https:\/\/www.accent-social.cat\/#website","url":"https:\/\/www.accent-social.cat\/","name":"Accent Social | Serveis d'Atenci\u00f3 Domicili\u00e0ria (SAD) i centres col\u00b7lectius","description":"Serveis d&#039;Atenci\u00f3 Domicili\u00e0ria i centres de dia a Barcelona. Gesti\u00f3 de serveis socials i per a la gent gran.","publisher":{"@id":"https:\/\/www.accent-social.cat\/#organization"},"potentialAction":[{"@type":"SearchAction","target":{"@type":"EntryPoint","urlTemplate":"https:\/\/www.accent-social.cat\/?s={search_term_string}"},"query-input":{"@type":"PropertyValueSpecification","valueRequired":true,"valueName":"search_term_string"}}],"inLanguage":"es"},{"@type":"Organization","@id":"https:\/\/www.accent-social.cat\/#organization","name":"Accent Social","url":"https:\/\/www.accent-social.cat\/","logo":{"@type":"ImageObject","inLanguage":"es","@id":"https:\/\/www.accent-social.cat\/#\/schema\/logo\/image\/","url":"https:\/\/www.accent-social.cat\/wp-content\/uploads\/2017\/09\/Logo-Accent-Social.jpg","contentUrl":"https:\/\/www.accent-social.cat\/wp-content\/uploads\/2017\/09\/Logo-Accent-Social.jpg","width":512,"height":512,"caption":"Accent Social"},"image":{"@id":"https:\/\/www.accent-social.cat\/#\/schema\/logo\/image\/"},"sameAs":["https:\/\/www.facebook.com\/accentsocial","https:\/\/x.com\/accentsocial_","http:\/\/www.instagram.com\/accentsocial","https:\/\/www.linkedin.com\/company\/accent-social\/","https:\/\/www.crunchbase.com\/organization\/accent-social","https:\/\/www.hotfrog.es\/empresa\/barcelona\/barcelona\/accent-social","https:\/\/www.youtube.com\/channel\/UCBRsmX50gP0nPuAb5rPfr2g"]},{"@type":"Person","@id":"https:\/\/www.accent-social.cat\/#\/schema\/person\/e3059313a7a9356d5dcb4adc2ee0396a","name":"Accent Social","image":{"@type":"ImageObject","inLanguage":"es","@id":"https:\/\/secure.gravatar.com\/avatar\/9a4d9b0c2bbfb1ff3da85e7195367fa23cc6b72e60b3092496806038fa837fc5?s=96&d=mm&r=g","url":"https:\/\/secure.gravatar.com\/avatar\/9a4d9b0c2bbfb1ff3da85e7195367fa23cc6b72e60b3092496806038fa837fc5?s=96&d=mm&r=g","contentUrl":"https:\/\/secure.gravatar.com\/avatar\/9a4d9b0c2bbfb1ff3da85e7195367fa23cc6b72e60b3092496806038fa837fc5?s=96&d=mm&r=g","caption":"Accent Social"}}]}},"_links":{"self":[{"href":"https:\/\/www.accent-social.cat\/es\/wp-json\/wp\/v2\/posts\/13483","targetHints":{"allow":["GET"]}}],"collection":[{"href":"https:\/\/www.accent-social.cat\/es\/wp-json\/wp\/v2\/posts"}],"about":[{"href":"https:\/\/www.accent-social.cat\/es\/wp-json\/wp\/v2\/types\/post"}],"author":[{"embeddable":true,"href":"https:\/\/www.accent-social.cat\/es\/wp-json\/wp\/v2\/users\/1"}],"replies":[{"embeddable":true,"href":"https:\/\/www.accent-social.cat\/es\/wp-json\/wp\/v2\/comments?post=13483"}],"version-history":[{"count":6,"href":"https:\/\/www.accent-social.cat\/es\/wp-json\/wp\/v2\/posts\/13483\/revisions"}],"predecessor-version":[{"id":13489,"href":"https:\/\/www.accent-social.cat\/es\/wp-json\/wp\/v2\/posts\/13483\/revisions\/13489"}],"wp:featuredmedia":[{"embeddable":true,"href":"https:\/\/www.accent-social.cat\/es\/wp-json\/wp\/v2\/media\/13470"}],"wp:attachment":[{"href":"https:\/\/www.accent-social.cat\/es\/wp-json\/wp\/v2\/media?parent=13483"}],"wp:term":[{"taxonomy":"category","embeddable":true,"href":"https:\/\/www.accent-social.cat\/es\/wp-json\/wp\/v2\/categories?post=13483"},{"taxonomy":"post_tag","embeddable":true,"href":"https:\/\/www.accent-social.cat\/es\/wp-json\/wp\/v2\/tags?post=13483"}],"curies":[{"name":"wp","href":"https:\/\/api.w.org\/{rel}","templated":true}]}}