{"id":13298,"date":"2021-01-19T12:48:12","date_gmt":"2021-01-19T11:48:12","guid":{"rendered":"https:\/\/www.accent-social.cat\/?p=13298"},"modified":"2021-01-22T02:02:35","modified_gmt":"2021-01-22T01:02:35","slug":"navidad-responsablemente-proxima","status":"publish","type":"post","link":"https:\/\/www.accent-social.cat\/es\/navidad-responsablemente-proxima\/","title":{"rendered":"Una Navidad diferente, responsablemente pr\u00f3xima"},"content":{"rendered":"<h3>Las fiestas de Navidad son d\u00edas de encuentros, de calidez, de ilusi\u00f3n y de disfrute. Pero este a\u00f1o, la pandemia del Covid-19 y las restricciones impuestas para evitar los contagios, han condicionado enormemente estos d\u00edas, que necesariamente han tenido que ser diferentes.<\/h3>\n<p>Este a\u00f1o, hemos vivido una Navidad delicada, especialmente para las personas que sufren <strong><a href=\"https:\/\/www.accent-social.cat\/es\/tag\/soledad\/\">soledad<\/a><\/strong>, ya que en algunos casos este estado se ha visto agravado por los efectos del coronavirus.<\/p>\n<p>En Accent Social hemos querido poner el foco en paliar el aislamiento social y que la <strong><a href=\"https:\/\/www.accent-social.cat\/es\/tag\/covid19\/\">pandemia<\/a><\/strong> no agravara la soledad no deseada. Los equipos del <strong><a href=\"https:\/\/www.accent-social.cat\/es\/tag\/atencion-domiciliaria\/\">Servicio de Atenci\u00f3n Domiciliaria<\/a><\/strong> han apoyado a las personas los d\u00edas de Navidad, como hacen todos los d\u00edas. No s\u00f3lo para hacer las tareas habituales sino como muestra de calor. Y es que las personas trabajadoras familiares han dedicado un espacio especial, en el tiempo en que est\u00e1n en el domicilio, para hacer que las fiestas navide\u00f1as <strong>sigan siendo d\u00edas significativos <\/strong>para las personas usuarias.<\/p>\n<p>Nuria, trabajadora del SAD nos explic\u00f3 su experiencia:<\/p>\n<p>&nbsp;<\/p>\n<p style=\"padding-left: 40px;\"><em><span style=\"color: #ab4fab;\">\u00abA m\u00ed siempre me ha gustado compartir las fiestas de Navidad, y me gusta tanto hacerlo en casa como con las personas que tengo cerca. Los d\u00edas de Navidad son d\u00edas especiales para las personas usuarias que atiendo, pero tambi\u00e9n para m\u00ed. Me hace mucha ilusi\u00f3n compartir momentos de mi Navidad con ellas y ellos. Siempre procuro que, a pesar de su situaci\u00f3n particular, disfruten de las fiestas. Este a\u00f1o, por ejemplo, a la se\u00f1ora Mar\u00eda le hac\u00eda ilusi\u00f3n preparar los tradicionales canelones de San Esteban, y lo hicimos juntas. Su ilusi\u00f3n es de las cosas que m\u00e1s me llenan y me satisfacen en mi trabajo\u00bb.<\/span><\/em><\/p>\n<p>&nbsp;<\/p>\n<div class=\"infobox\" ><div class=\"infobox_wrapper\"><span class=\"ib-desc\">\u00abA la se\u00f1ora Mar\u00eda le hac\u00eda ilusi\u00f3n preparar los tradicionales canelones de San Esteban y lo hicimos juntas\u00bb -N\u00faria, trabajadora familiar.<\/span><\/div><\/div>\n\n<p>&nbsp;<\/p>\n<p>En los <strong>Centros de D\u00eda y Viviendas con Servicios para Mayores<\/strong>, han dedicado las horas de talleres a elaborar todo tipo de decoraci\u00f3n navide\u00f1a, siempre en grupos reducidos y siguiendo las medidas de seguridad, para adornar los espacios comunes. Gracias a las tradiciones navide\u00f1as, conseguimos <strong>estimular la creatividad y la reminiscencia<\/strong> de los usuarios, as\u00ed como fomentar la motricidad fina, el trazo y la fuerza.<\/p>\n<p>En el\u00a0<strong><a href=\"https:\/\/guia.barcelona.cat\/detall\/centre-de-dia-meridiana_95166124615.html\">Equipament Integral Meridiana<\/a><\/strong>, celebraron el d\u00eda de Navidad y el fin de a\u00f1o con comidas especiales. Las personas usuarias, que anteriormente hab\u00edan vivido situaciones de gran vulnerabilidad, manifiestan <strong>sentirse afortunadas de poder<\/strong> <strong>pasar las fiestas de Navidad en compa\u00f1\u00eda<\/strong>, a pesar de las prevenciones de la Covid-19, despu\u00e9s de a\u00f1os de soledad. Entre todas y todos pusieron de su parte para crear un ambiente de hermandad.<\/p>\n<p>&nbsp;<\/p>\n<h3>NAVIDAD EN EL EQUIPAMIENTO PARA PERSONAS MAYORES JOSEP MIRACLE<\/h3>\n<p>En la <strong><a href=\"https:\/\/www.accent-social.cat\/es\/tag\/josep-miracle\/\">Residencia Josep Miracle<\/a><\/strong>, tambi\u00e9n se vivieron momentos emotivos. Por ejemplo cuando las personas residentes se regalaron jabones artesanales que hab\u00edan preparado d\u00edas antes, las unas a las otras, utilizando la f\u00f3rmula del Ti\u00f3. Con tradiciones como \u00e9sta, las personas <strong>evocaron momentos y recuerdos especiales con sus familias,<\/strong> sobre todo con los m\u00e1s peque\u00f1os.<\/p>\n<p>La delicadeza de esta Navidad ha hecho que todo el equipo de profesionales se preocupase que la atenci\u00f3n y el afecto durante estos d\u00edas fuera m\u00e1s cercano, si fuera posible.<\/p>\n<p>Ana Toribio, directora del equipamiento, asegura que se vivieron momentos muy especiales:<\/p>\n<p style=\"padding-left: 40px;\"><em><span style=\"color: #ab4fab;\">\u00abHa habido an\u00e9cdotas muy bonitas, sobre todo en los momentos de las visitas de las familias. Ha sido muy especial ver como las personas se esforzaban por transmitir un abrazo en palabras\u00bb.<\/span><\/em><\/p>\n<p>&nbsp;<\/p>\n<h3>EL APOYO EMOCIONAL A LOS MAYORES, IMPRESCINDIBLE<\/h3>\n<p>A pesar de haber sido una Navidad at\u00edpica, desde Accent Social hemos querido que las personas de nuestros servicios disfruten de las fiestas, haciendo \u00e9nfasis en el apoyo emocional. Hemos adaptado nuestras actividades con el objetivo de promover la participaci\u00f3n en comunidad y la <strong><a href=\"https:\/\/www.accent-social.cat\/es\/tag\/autoestima\/\">autoestima<\/a><\/strong> de las personas, creando un clima seguro, de estima, calor y proximidad. Pero sobre todo, es gracias a la calidad humana y la vocaci\u00f3n de las personas que integran Accent, que estos d\u00edas las personas que atendemos se han podido sentir un poco m\u00e1s acompa\u00f1adas.<\/p>\n<p>Haciendo un balance positivo de c\u00f3mo entre todas hemos abordado esta Navidad, <strong>priorizando la salud y seguridad de las personas<\/strong>, pero sin desatender la importancia emocional que estas fechas tienen por ellas, s\u00f3lo podemos desear que este 2021 venga cargado de salud y de esperanza, que podamos reencontrarnos plenamente con nuestros seres queridos, y que la pr\u00f3xima Navidad sea m\u00e1s \u00abnormal\u00bb.<\/p>\n<p>&nbsp;<br \/>\n<div class=\"infobox\" ><div class=\"infobox_wrapper\"><span class=\"ib-desc\">\u00abHa sido muy especial ver como las personas se esforzaban por transmitir un abrazo en palabras\u00bb -Ana Toribio, directora del Equipamiento Josep Miracle.<\/span><\/div><\/div>\n<br \/>\n<hr class=\" hr_color\" style=\"margin:0 auto 30px;\"\/>\n<br \/>\n&nbsp;<\/p>\n\n\t\t\t<style type='text\/css'>\n\t\t\t\t#sc_gallery-1 {\n\t\t\t\t\tmargin: auto;\n\t\t\t\t}\n\t\t\t\t#sc_gallery-1 .gallery-item {\n\t\t\t\t\tfloat: left;\n\t\t\t\t\ttext-align: center;\n\t\t\t\t\twidth: 24.99%;\n\t\t\t\t}\n\t\t\t\t#sc_gallery-1 img {\n\t\t\t\t\tborder: 2px solid #cfcfcf;\n\t\t\t\t}\n\t\t\t\t\/* see sc_gallery() in functions\/theme-shortcodes.php *\/\n\t\t\t<\/style>\n\t\t<div id='sc_gallery-1' class='gallery galleryid-13298 gallery-columns-4 gallery-size-large file element_classes gallery-default'><dl class='gallery-item'  data-title='Un Nadal diferent per la incid\u00e8ncia de la Covid19' data-description=''><div class='gallery-item-wrapper'>\n\t\t\t\t<dt class='gallery-icon portrait'>\n\t\t\t\t\t<a href='https:\/\/www.accent-social.cat\/wp-content\/uploads\/2021\/01\/Un-Nadal-diferent-per-la-incid\u00e8ncia-de-la-Covid19.jpg'><img loading=\"lazy\" decoding=\"async\" width=\"450\" height=\"600\" src=\"https:\/\/www.accent-social.cat\/wp-content\/uploads\/2021\/01\/Un-Nadal-diferent-per-la-incid\u00e8ncia-de-la-Covid19.jpg\" class=\"attachment-large size-large\" alt=\"\" srcset=\"https:\/\/www.accent-social.cat\/wp-content\/uploads\/2021\/01\/Un-Nadal-diferent-per-la-incid\u00e8ncia-de-la-Covid19.jpg 450w, https:\/\/www.accent-social.cat\/wp-content\/uploads\/2021\/01\/Un-Nadal-diferent-per-la-incid\u00e8ncia-de-la-Covid19-225x300.jpg 225w, https:\/\/www.accent-social.cat\/wp-content\/uploads\/2021\/01\/Un-Nadal-diferent-per-la-incid\u00e8ncia-de-la-Covid19-110x146.jpg 110w, https:\/\/www.accent-social.cat\/wp-content\/uploads\/2021\/01\/Un-Nadal-diferent-per-la-incid\u00e8ncia-de-la-Covid19-38x50.jpg 38w, https:\/\/www.accent-social.cat\/wp-content\/uploads\/2021\/01\/Un-Nadal-diferent-per-la-incid\u00e8ncia-de-la-Covid19-56x75.jpg 56w\" sizes=\"auto, (max-width:767px) 450px, 450px\" \/><\/a>\n\t\t\t\t<\/dt><\/div><\/dl><dl class='gallery-item'  data-title='Un Nadal diferent als centres de dia' data-description=''><div class='gallery-item-wrapper'>\n\t\t\t\t<dt class='gallery-icon portrait'>\n\t\t\t\t\t<a href='https:\/\/www.accent-social.cat\/wp-content\/uploads\/2021\/01\/Un-Nadal-diferent-als-centres-de-dia.jpg'><img loading=\"lazy\" decoding=\"async\" width=\"450\" height=\"600\" src=\"https:\/\/www.accent-social.cat\/wp-content\/uploads\/2021\/01\/Un-Nadal-diferent-als-centres-de-dia.jpg\" class=\"attachment-large size-large\" alt=\"\" srcset=\"https:\/\/www.accent-social.cat\/wp-content\/uploads\/2021\/01\/Un-Nadal-diferent-als-centres-de-dia.jpg 450w, https:\/\/www.accent-social.cat\/wp-content\/uploads\/2021\/01\/Un-Nadal-diferent-als-centres-de-dia-225x300.jpg 225w, https:\/\/www.accent-social.cat\/wp-content\/uploads\/2021\/01\/Un-Nadal-diferent-als-centres-de-dia-110x146.jpg 110w, https:\/\/www.accent-social.cat\/wp-content\/uploads\/2021\/01\/Un-Nadal-diferent-als-centres-de-dia-38x50.jpg 38w, https:\/\/www.accent-social.cat\/wp-content\/uploads\/2021\/01\/Un-Nadal-diferent-als-centres-de-dia-56x75.jpg 56w\" sizes=\"auto, (max-width:767px) 450px, 450px\" \/><\/a>\n\t\t\t\t<\/dt><\/div><\/dl><dl class='gallery-item'  data-title='Un Nadal diferent a les resid\u00e8ncies i centres per a la gent gran' data-description=''><div class='gallery-item-wrapper'>\n\t\t\t\t<dt class='gallery-icon portrait'>\n\t\t\t\t\t<a href='https:\/\/www.accent-social.cat\/wp-content\/uploads\/2021\/01\/Un-Nadal-diferent-a-les-resid\u00e8ncies-i-centres-per-a-la-gent-gran.jpg'><img loading=\"lazy\" decoding=\"async\" width=\"450\" height=\"600\" src=\"https:\/\/www.accent-social.cat\/wp-content\/uploads\/2021\/01\/Un-Nadal-diferent-a-les-resid\u00e8ncies-i-centres-per-a-la-gent-gran.jpg\" class=\"attachment-large size-large\" alt=\"\" srcset=\"https:\/\/www.accent-social.cat\/wp-content\/uploads\/2021\/01\/Un-Nadal-diferent-a-les-resid\u00e8ncies-i-centres-per-a-la-gent-gran.jpg 450w, https:\/\/www.accent-social.cat\/wp-content\/uploads\/2021\/01\/Un-Nadal-diferent-a-les-resid\u00e8ncies-i-centres-per-a-la-gent-gran-225x300.jpg 225w, https:\/\/www.accent-social.cat\/wp-content\/uploads\/2021\/01\/Un-Nadal-diferent-a-les-resid\u00e8ncies-i-centres-per-a-la-gent-gran-110x146.jpg 110w, https:\/\/www.accent-social.cat\/wp-content\/uploads\/2021\/01\/Un-Nadal-diferent-a-les-resid\u00e8ncies-i-centres-per-a-la-gent-gran-38x50.jpg 38w, https:\/\/www.accent-social.cat\/wp-content\/uploads\/2021\/01\/Un-Nadal-diferent-a-les-resid\u00e8ncies-i-centres-per-a-la-gent-gran-56x75.jpg 56w\" sizes=\"auto, (max-width:767px) 450px, 450px\" \/><\/a>\n\t\t\t\t<\/dt><\/div><\/dl><dl class='gallery-item'  data-title='Un Nadal diferent per a les persones grans' data-description=''><div class='gallery-item-wrapper'>\n\t\t\t\t<dt class='gallery-icon portrait'>\n\t\t\t\t\t<a href='https:\/\/www.accent-social.cat\/wp-content\/uploads\/2021\/01\/Un-Nadal-diferent-per-a-les-persones-grans.jpg'><img loading=\"lazy\" decoding=\"async\" width=\"450\" height=\"600\" src=\"https:\/\/www.accent-social.cat\/wp-content\/uploads\/2021\/01\/Un-Nadal-diferent-per-a-les-persones-grans.jpg\" class=\"attachment-large size-large\" alt=\"\" srcset=\"https:\/\/www.accent-social.cat\/wp-content\/uploads\/2021\/01\/Un-Nadal-diferent-per-a-les-persones-grans.jpg 450w, https:\/\/www.accent-social.cat\/wp-content\/uploads\/2021\/01\/Un-Nadal-diferent-per-a-les-persones-grans-225x300.jpg 225w, https:\/\/www.accent-social.cat\/wp-content\/uploads\/2021\/01\/Un-Nadal-diferent-per-a-les-persones-grans-110x146.jpg 110w, https:\/\/www.accent-social.cat\/wp-content\/uploads\/2021\/01\/Un-Nadal-diferent-per-a-les-persones-grans-38x50.jpg 38w, https:\/\/www.accent-social.cat\/wp-content\/uploads\/2021\/01\/Un-Nadal-diferent-per-a-les-persones-grans-56x75.jpg 56w\" sizes=\"auto, (max-width:767px) 450px, 450px\" \/><\/a>\n\t\t\t\t<\/dt><\/div><\/dl><br style=\"clear: both\" \/>\n\t\t\t<\/div>\n\n<hr class=\" hr_color\" style=\"margin:0 auto 30px;\"\/>\n\n<div class=\"column one\"><div class=\"mcb-column-inner\"><br \/>\n<iframe loading=\"lazy\" style=\"border: none; overflow: hidden;\" src=\"https:\/\/www.facebook.com\/plugins\/page.php?href=https%3A%2F%2Fwww.facebook.com%2Faccentsocial%2F&amp;tabs=timeline&amp;width=500&amp;height=100&amp;small_header=false&amp;adapt_container_width=false&amp;hide_cover=false&amp;show_facepile=true&amp;appId\" width=\"500\" height=\"100\" frameborder=\"0\" scrolling=\"no\" data-mce-fragment=\"1\"><\/iframe><br \/>\n<\/div><\/div>\n\n","protected":false},"excerpt":{"rendered":"<p>Una Navidad diferente por las restricciones para evitar contagios por Covid-19, pero con el mismo calor, ilusi\u00f3n y disfrute, en las residencias para mayores<\/p>\n","protected":false},"author":1,"featured_media":13269,"comment_status":"closed","ping_status":"open","sticky":false,"template":"","format":"standard","meta":{"footnotes":""},"categories":[234],"tags":[425,546,541,221],"class_list":["post-13298","post","type-post","status-publish","format-standard","has-post-thumbnail","hentry","category-jornadas","tag-centros-de-dia","tag-coronavirus-covid19","tag-equipamiento-integral-meridiana","tag-josep-miracle-es"],"yoast_head":"<!-- This site is optimized with the Yoast SEO plugin v27.5 - https:\/\/yoast.com\/product\/yoast-seo-wordpress\/ -->\n<title>Una Navidad diferente, responsablemente pr\u00f3xima<\/title>\n<meta name=\"description\" content=\"Una Navidad diferente por las restricciones para evitar contagios por Covid-19, pero con el mismo calor, ilusi\u00f3n y disfrute, en las residencias para mayores\" \/>\n<meta name=\"robots\" content=\"index, follow, max-snippet:-1, max-image-preview:large, max-video-preview:-1\" \/>\n<link rel=\"canonical\" href=\"https:\/\/www.accent-social.cat\/es\/navidad-responsablemente-proxima\/\" \/>\n<meta property=\"og:locale\" content=\"es_ES\" \/>\n<meta property=\"og:type\" content=\"article\" \/>\n<meta property=\"og:title\" content=\"Una Navidad diferente, responsablemente pr\u00f3xima\" \/>\n<meta property=\"og:description\" content=\"Una Navidad diferente por las restricciones para evitar contagios por Covid-19, pero con el mismo calor, ilusi\u00f3n y disfrute, en las residencias para mayores\" \/>\n<meta property=\"og:url\" content=\"https:\/\/www.accent-social.cat\/es\/navidad-responsablemente-proxima\/\" \/>\n<meta property=\"og:site_name\" content=\"Accent Social | Serveis d&#039;Atenci\u00f3 Domicili\u00e0ria i centres per gent gran\" \/>\n<meta property=\"article:publisher\" content=\"https:\/\/www.facebook.com\/accentsocial\" \/>\n<meta property=\"article:published_time\" content=\"2021-01-19T11:48:12+00:00\" \/>\n<meta property=\"article:modified_time\" content=\"2021-01-22T01:02:35+00:00\" \/>\n<meta property=\"og:image\" content=\"https:\/\/www.accent-social.cat\/wp-content\/uploads\/2021\/01\/Nadal-2021-a-les-resid\u00e8ncies-i-centres-de-dia.jpg\" \/>\n\t<meta property=\"og:image:width\" content=\"840\" \/>\n\t<meta property=\"og:image:height\" content=\"400\" \/>\n\t<meta property=\"og:image:type\" content=\"image\/jpeg\" \/>\n<meta name=\"author\" content=\"Accent Social\" \/>\n<meta name=\"twitter:card\" content=\"summary_large_image\" \/>\n<meta name=\"twitter:creator\" content=\"@accentsocial_\" \/>\n<meta name=\"twitter:site\" content=\"@accentsocial_\" \/>\n<meta name=\"twitter:label1\" content=\"Escrito por\" \/>\n\t<meta name=\"twitter:data1\" content=\"Accent Social\" \/>\n\t<meta name=\"twitter:label2\" content=\"Tiempo de lectura\" \/>\n\t<meta name=\"twitter:data2\" content=\"4 minutos\" \/>\n<script type=\"application\/ld+json\" class=\"yoast-schema-graph\">{\"@context\":\"https:\\\/\\\/schema.org\",\"@graph\":[{\"@type\":\"Article\",\"@id\":\"https:\\\/\\\/www.accent-social.cat\\\/es\\\/navidad-responsablemente-proxima\\\/#article\",\"isPartOf\":{\"@id\":\"https:\\\/\\\/www.accent-social.cat\\\/es\\\/navidad-responsablemente-proxima\\\/\"},\"author\":{\"name\":\"Accent Social\",\"@id\":\"https:\\\/\\\/www.accent-social.cat\\\/#\\\/schema\\\/person\\\/e3059313a7a9356d5dcb4adc2ee0396a\"},\"headline\":\"Una Navidad diferente, responsablemente pr\u00f3xima\",\"datePublished\":\"2021-01-19T11:48:12+00:00\",\"dateModified\":\"2021-01-22T01:02:35+00:00\",\"mainEntityOfPage\":{\"@id\":\"https:\\\/\\\/www.accent-social.cat\\\/es\\\/navidad-responsablemente-proxima\\\/\"},\"wordCount\":858,\"publisher\":{\"@id\":\"https:\\\/\\\/www.accent-social.cat\\\/#organization\"},\"image\":{\"@id\":\"https:\\\/\\\/www.accent-social.cat\\\/es\\\/navidad-responsablemente-proxima\\\/#primaryimage\"},\"thumbnailUrl\":\"https:\\\/\\\/www.accent-social.cat\\\/wp-content\\\/uploads\\\/2021\\\/01\\\/Nadal-2021-a-les-resid\u00e8ncies-i-centres-de-dia.jpg\",\"keywords\":[\"centros de d\u00eda\",\"covid19\",\"Equipamiento Integral Meridiana\",\"Josep Miracle\"],\"articleSection\":[\"Jornadas\"],\"inLanguage\":\"es\"},{\"@type\":\"WebPage\",\"@id\":\"https:\\\/\\\/www.accent-social.cat\\\/es\\\/navidad-responsablemente-proxima\\\/\",\"url\":\"https:\\\/\\\/www.accent-social.cat\\\/es\\\/navidad-responsablemente-proxima\\\/\",\"name\":\"Una Navidad diferente, responsablemente pr\u00f3xima\",\"isPartOf\":{\"@id\":\"https:\\\/\\\/www.accent-social.cat\\\/#website\"},\"primaryImageOfPage\":{\"@id\":\"https:\\\/\\\/www.accent-social.cat\\\/es\\\/navidad-responsablemente-proxima\\\/#primaryimage\"},\"image\":{\"@id\":\"https:\\\/\\\/www.accent-social.cat\\\/es\\\/navidad-responsablemente-proxima\\\/#primaryimage\"},\"thumbnailUrl\":\"https:\\\/\\\/www.accent-social.cat\\\/wp-content\\\/uploads\\\/2021\\\/01\\\/Nadal-2021-a-les-resid\u00e8ncies-i-centres-de-dia.jpg\",\"datePublished\":\"2021-01-19T11:48:12+00:00\",\"dateModified\":\"2021-01-22T01:02:35+00:00\",\"description\":\"Una Navidad diferente por las restricciones para evitar contagios por Covid-19, pero con el mismo calor, ilusi\u00f3n y disfrute, en las residencias para mayores\",\"breadcrumb\":{\"@id\":\"https:\\\/\\\/www.accent-social.cat\\\/es\\\/navidad-responsablemente-proxima\\\/#breadcrumb\"},\"inLanguage\":\"es\",\"potentialAction\":[{\"@type\":\"ReadAction\",\"target\":[\"https:\\\/\\\/www.accent-social.cat\\\/es\\\/navidad-responsablemente-proxima\\\/\"]}]},{\"@type\":\"ImageObject\",\"inLanguage\":\"es\",\"@id\":\"https:\\\/\\\/www.accent-social.cat\\\/es\\\/navidad-responsablemente-proxima\\\/#primaryimage\",\"url\":\"https:\\\/\\\/www.accent-social.cat\\\/wp-content\\\/uploads\\\/2021\\\/01\\\/Nadal-2021-a-les-resid\u00e8ncies-i-centres-de-dia.jpg\",\"contentUrl\":\"https:\\\/\\\/www.accent-social.cat\\\/wp-content\\\/uploads\\\/2021\\\/01\\\/Nadal-2021-a-les-resid\u00e8ncies-i-centres-de-dia.jpg\",\"width\":840,\"height\":400,\"caption\":\"Nadal 2021 a les resid\u00e8ncies i centres de dia\"},{\"@type\":\"BreadcrumbList\",\"@id\":\"https:\\\/\\\/www.accent-social.cat\\\/es\\\/navidad-responsablemente-proxima\\\/#breadcrumb\",\"itemListElement\":[{\"@type\":\"ListItem\",\"position\":1,\"name\":\"Inici\",\"item\":\"https:\\\/\\\/www.accent-social.cat\\\/es\\\/\"},{\"@type\":\"ListItem\",\"position\":2,\"name\":\"Una Navidad diferente, responsablemente pr\u00f3xima\"}]},{\"@type\":\"WebSite\",\"@id\":\"https:\\\/\\\/www.accent-social.cat\\\/#website\",\"url\":\"https:\\\/\\\/www.accent-social.cat\\\/\",\"name\":\"Accent Social | Serveis d'Atenci\u00f3 Domicili\u00e0ria (SAD) i centres col\u00b7lectius\",\"description\":\"Serveis d&#039;Atenci\u00f3 Domicili\u00e0ria i centres de dia a Barcelona. Gesti\u00f3 de serveis socials i per a la gent gran.\",\"publisher\":{\"@id\":\"https:\\\/\\\/www.accent-social.cat\\\/#organization\"},\"potentialAction\":[{\"@type\":\"SearchAction\",\"target\":{\"@type\":\"EntryPoint\",\"urlTemplate\":\"https:\\\/\\\/www.accent-social.cat\\\/?s={search_term_string}\"},\"query-input\":{\"@type\":\"PropertyValueSpecification\",\"valueRequired\":true,\"valueName\":\"search_term_string\"}}],\"inLanguage\":\"es\"},{\"@type\":\"Organization\",\"@id\":\"https:\\\/\\\/www.accent-social.cat\\\/#organization\",\"name\":\"Accent Social\",\"url\":\"https:\\\/\\\/www.accent-social.cat\\\/\",\"logo\":{\"@type\":\"ImageObject\",\"inLanguage\":\"es\",\"@id\":\"https:\\\/\\\/www.accent-social.cat\\\/#\\\/schema\\\/logo\\\/image\\\/\",\"url\":\"https:\\\/\\\/www.accent-social.cat\\\/wp-content\\\/uploads\\\/2017\\\/09\\\/Logo-Accent-Social.jpg\",\"contentUrl\":\"https:\\\/\\\/www.accent-social.cat\\\/wp-content\\\/uploads\\\/2017\\\/09\\\/Logo-Accent-Social.jpg\",\"width\":512,\"height\":512,\"caption\":\"Accent Social\"},\"image\":{\"@id\":\"https:\\\/\\\/www.accent-social.cat\\\/#\\\/schema\\\/logo\\\/image\\\/\"},\"sameAs\":[\"https:\\\/\\\/www.facebook.com\\\/accentsocial\",\"https:\\\/\\\/x.com\\\/accentsocial_\",\"http:\\\/\\\/www.instagram.com\\\/accentsocial\",\"https:\\\/\\\/www.linkedin.com\\\/company\\\/accent-social\\\/\",\"https:\\\/\\\/www.crunchbase.com\\\/organization\\\/accent-social\",\"https:\\\/\\\/www.hotfrog.es\\\/empresa\\\/barcelona\\\/barcelona\\\/accent-social\",\"https:\\\/\\\/www.youtube.com\\\/channel\\\/UCBRsmX50gP0nPuAb5rPfr2g\"]},{\"@type\":\"Person\",\"@id\":\"https:\\\/\\\/www.accent-social.cat\\\/#\\\/schema\\\/person\\\/e3059313a7a9356d5dcb4adc2ee0396a\",\"name\":\"Accent Social\",\"image\":{\"@type\":\"ImageObject\",\"inLanguage\":\"es\",\"@id\":\"https:\\\/\\\/secure.gravatar.com\\\/avatar\\\/9a4d9b0c2bbfb1ff3da85e7195367fa23cc6b72e60b3092496806038fa837fc5?s=96&d=mm&r=g\",\"url\":\"https:\\\/\\\/secure.gravatar.com\\\/avatar\\\/9a4d9b0c2bbfb1ff3da85e7195367fa23cc6b72e60b3092496806038fa837fc5?s=96&d=mm&r=g\",\"contentUrl\":\"https:\\\/\\\/secure.gravatar.com\\\/avatar\\\/9a4d9b0c2bbfb1ff3da85e7195367fa23cc6b72e60b3092496806038fa837fc5?s=96&d=mm&r=g\",\"caption\":\"Accent Social\"}}]}<\/script>\n<!-- \/ Yoast SEO plugin. -->","yoast_head_json":{"title":"Una Navidad diferente, responsablemente pr\u00f3xima","description":"Una Navidad diferente por las restricciones para evitar contagios por Covid-19, pero con el mismo calor, ilusi\u00f3n y disfrute, en las residencias para mayores","robots":{"index":"index","follow":"follow","max-snippet":"max-snippet:-1","max-image-preview":"max-image-preview:large","max-video-preview":"max-video-preview:-1"},"canonical":"https:\/\/www.accent-social.cat\/es\/navidad-responsablemente-proxima\/","og_locale":"es_ES","og_type":"article","og_title":"Una Navidad diferente, responsablemente pr\u00f3xima","og_description":"Una Navidad diferente por las restricciones para evitar contagios por Covid-19, pero con el mismo calor, ilusi\u00f3n y disfrute, en las residencias para mayores","og_url":"https:\/\/www.accent-social.cat\/es\/navidad-responsablemente-proxima\/","og_site_name":"Accent Social | Serveis d&#039;Atenci\u00f3 Domicili\u00e0ria i centres per gent gran","article_publisher":"https:\/\/www.facebook.com\/accentsocial","article_published_time":"2021-01-19T11:48:12+00:00","article_modified_time":"2021-01-22T01:02:35+00:00","og_image":[{"width":840,"height":400,"url":"https:\/\/www.accent-social.cat\/wp-content\/uploads\/2021\/01\/Nadal-2021-a-les-resid\u00e8ncies-i-centres-de-dia.jpg","type":"image\/jpeg"}],"author":"Accent Social","twitter_card":"summary_large_image","twitter_creator":"@accentsocial_","twitter_site":"@accentsocial_","twitter_misc":{"Escrito por":"Accent Social","Tiempo de lectura":"4 minutos"},"schema":{"@context":"https:\/\/schema.org","@graph":[{"@type":"Article","@id":"https:\/\/www.accent-social.cat\/es\/navidad-responsablemente-proxima\/#article","isPartOf":{"@id":"https:\/\/www.accent-social.cat\/es\/navidad-responsablemente-proxima\/"},"author":{"name":"Accent Social","@id":"https:\/\/www.accent-social.cat\/#\/schema\/person\/e3059313a7a9356d5dcb4adc2ee0396a"},"headline":"Una Navidad diferente, responsablemente pr\u00f3xima","datePublished":"2021-01-19T11:48:12+00:00","dateModified":"2021-01-22T01:02:35+00:00","mainEntityOfPage":{"@id":"https:\/\/www.accent-social.cat\/es\/navidad-responsablemente-proxima\/"},"wordCount":858,"publisher":{"@id":"https:\/\/www.accent-social.cat\/#organization"},"image":{"@id":"https:\/\/www.accent-social.cat\/es\/navidad-responsablemente-proxima\/#primaryimage"},"thumbnailUrl":"https:\/\/www.accent-social.cat\/wp-content\/uploads\/2021\/01\/Nadal-2021-a-les-resid\u00e8ncies-i-centres-de-dia.jpg","keywords":["centros de d\u00eda","covid19","Equipamiento Integral Meridiana","Josep Miracle"],"articleSection":["Jornadas"],"inLanguage":"es"},{"@type":"WebPage","@id":"https:\/\/www.accent-social.cat\/es\/navidad-responsablemente-proxima\/","url":"https:\/\/www.accent-social.cat\/es\/navidad-responsablemente-proxima\/","name":"Una Navidad diferente, responsablemente pr\u00f3xima","isPartOf":{"@id":"https:\/\/www.accent-social.cat\/#website"},"primaryImageOfPage":{"@id":"https:\/\/www.accent-social.cat\/es\/navidad-responsablemente-proxima\/#primaryimage"},"image":{"@id":"https:\/\/www.accent-social.cat\/es\/navidad-responsablemente-proxima\/#primaryimage"},"thumbnailUrl":"https:\/\/www.accent-social.cat\/wp-content\/uploads\/2021\/01\/Nadal-2021-a-les-resid\u00e8ncies-i-centres-de-dia.jpg","datePublished":"2021-01-19T11:48:12+00:00","dateModified":"2021-01-22T01:02:35+00:00","description":"Una Navidad diferente por las restricciones para evitar contagios por Covid-19, pero con el mismo calor, ilusi\u00f3n y disfrute, en las residencias para mayores","breadcrumb":{"@id":"https:\/\/www.accent-social.cat\/es\/navidad-responsablemente-proxima\/#breadcrumb"},"inLanguage":"es","potentialAction":[{"@type":"ReadAction","target":["https:\/\/www.accent-social.cat\/es\/navidad-responsablemente-proxima\/"]}]},{"@type":"ImageObject","inLanguage":"es","@id":"https:\/\/www.accent-social.cat\/es\/navidad-responsablemente-proxima\/#primaryimage","url":"https:\/\/www.accent-social.cat\/wp-content\/uploads\/2021\/01\/Nadal-2021-a-les-resid\u00e8ncies-i-centres-de-dia.jpg","contentUrl":"https:\/\/www.accent-social.cat\/wp-content\/uploads\/2021\/01\/Nadal-2021-a-les-resid\u00e8ncies-i-centres-de-dia.jpg","width":840,"height":400,"caption":"Nadal 2021 a les resid\u00e8ncies i centres de dia"},{"@type":"BreadcrumbList","@id":"https:\/\/www.accent-social.cat\/es\/navidad-responsablemente-proxima\/#breadcrumb","itemListElement":[{"@type":"ListItem","position":1,"name":"Inici","item":"https:\/\/www.accent-social.cat\/es\/"},{"@type":"ListItem","position":2,"name":"Una Navidad diferente, responsablemente pr\u00f3xima"}]},{"@type":"WebSite","@id":"https:\/\/www.accent-social.cat\/#website","url":"https:\/\/www.accent-social.cat\/","name":"Accent Social | Serveis d'Atenci\u00f3 Domicili\u00e0ria (SAD) i centres col\u00b7lectius","description":"Serveis d&#039;Atenci\u00f3 Domicili\u00e0ria i centres de dia a Barcelona. Gesti\u00f3 de serveis socials i per a la gent gran.","publisher":{"@id":"https:\/\/www.accent-social.cat\/#organization"},"potentialAction":[{"@type":"SearchAction","target":{"@type":"EntryPoint","urlTemplate":"https:\/\/www.accent-social.cat\/?s={search_term_string}"},"query-input":{"@type":"PropertyValueSpecification","valueRequired":true,"valueName":"search_term_string"}}],"inLanguage":"es"},{"@type":"Organization","@id":"https:\/\/www.accent-social.cat\/#organization","name":"Accent Social","url":"https:\/\/www.accent-social.cat\/","logo":{"@type":"ImageObject","inLanguage":"es","@id":"https:\/\/www.accent-social.cat\/#\/schema\/logo\/image\/","url":"https:\/\/www.accent-social.cat\/wp-content\/uploads\/2017\/09\/Logo-Accent-Social.jpg","contentUrl":"https:\/\/www.accent-social.cat\/wp-content\/uploads\/2017\/09\/Logo-Accent-Social.jpg","width":512,"height":512,"caption":"Accent Social"},"image":{"@id":"https:\/\/www.accent-social.cat\/#\/schema\/logo\/image\/"},"sameAs":["https:\/\/www.facebook.com\/accentsocial","https:\/\/x.com\/accentsocial_","http:\/\/www.instagram.com\/accentsocial","https:\/\/www.linkedin.com\/company\/accent-social\/","https:\/\/www.crunchbase.com\/organization\/accent-social","https:\/\/www.hotfrog.es\/empresa\/barcelona\/barcelona\/accent-social","https:\/\/www.youtube.com\/channel\/UCBRsmX50gP0nPuAb5rPfr2g"]},{"@type":"Person","@id":"https:\/\/www.accent-social.cat\/#\/schema\/person\/e3059313a7a9356d5dcb4adc2ee0396a","name":"Accent Social","image":{"@type":"ImageObject","inLanguage":"es","@id":"https:\/\/secure.gravatar.com\/avatar\/9a4d9b0c2bbfb1ff3da85e7195367fa23cc6b72e60b3092496806038fa837fc5?s=96&d=mm&r=g","url":"https:\/\/secure.gravatar.com\/avatar\/9a4d9b0c2bbfb1ff3da85e7195367fa23cc6b72e60b3092496806038fa837fc5?s=96&d=mm&r=g","contentUrl":"https:\/\/secure.gravatar.com\/avatar\/9a4d9b0c2bbfb1ff3da85e7195367fa23cc6b72e60b3092496806038fa837fc5?s=96&d=mm&r=g","caption":"Accent Social"}}]}},"_links":{"self":[{"href":"https:\/\/www.accent-social.cat\/es\/wp-json\/wp\/v2\/posts\/13298","targetHints":{"allow":["GET"]}}],"collection":[{"href":"https:\/\/www.accent-social.cat\/es\/wp-json\/wp\/v2\/posts"}],"about":[{"href":"https:\/\/www.accent-social.cat\/es\/wp-json\/wp\/v2\/types\/post"}],"author":[{"embeddable":true,"href":"https:\/\/www.accent-social.cat\/es\/wp-json\/wp\/v2\/users\/1"}],"replies":[{"embeddable":true,"href":"https:\/\/www.accent-social.cat\/es\/wp-json\/wp\/v2\/comments?post=13298"}],"version-history":[{"count":5,"href":"https:\/\/www.accent-social.cat\/es\/wp-json\/wp\/v2\/posts\/13298\/revisions"}],"predecessor-version":[{"id":13303,"href":"https:\/\/www.accent-social.cat\/es\/wp-json\/wp\/v2\/posts\/13298\/revisions\/13303"}],"wp:featuredmedia":[{"embeddable":true,"href":"https:\/\/www.accent-social.cat\/es\/wp-json\/wp\/v2\/media\/13269"}],"wp:attachment":[{"href":"https:\/\/www.accent-social.cat\/es\/wp-json\/wp\/v2\/media?parent=13298"}],"wp:term":[{"taxonomy":"category","embeddable":true,"href":"https:\/\/www.accent-social.cat\/es\/wp-json\/wp\/v2\/categories?post=13298"},{"taxonomy":"post_tag","embeddable":true,"href":"https:\/\/www.accent-social.cat\/es\/wp-json\/wp\/v2\/tags?post=13298"}],"curies":[{"name":"wp","href":"https:\/\/api.w.org\/{rel}","templated":true}]}}