{"id":13069,"date":"2020-09-28T17:14:57","date_gmt":"2020-09-28T16:14:57","guid":{"rendered":"https:\/\/www.accent-social.cat\/?p=13069"},"modified":"2021-03-10T13:55:10","modified_gmt":"2021-03-10T12:55:10","slug":"recuerdos-reminiscencia-musica","status":"publish","type":"post","link":"https:\/\/www.accent-social.cat\/es\/recuerdos-reminiscencia-musica\/","title":{"rendered":"De la melod\u00eda al recuerdo. Reminiscencia a trav\u00e9s de la m\u00fasica."},"content":{"rendered":"<h3>Con motivo del D\u00eda Mundial del Alzheimer, celebrado el pasado 21 de septiembre, en la Residencia Josep Miracle organizamos una actividad de reminiscencia para las personas usuarias del centro que sufren esta enfermedad.<\/h3>\n<p>Sabemos que recibimos informaci\u00f3n a trav\u00e9s de los sentidos. Mediante el o\u00eddo, por ejemplo, podemos escuchar m\u00fasica que, al llegar al cerebro, se vincula con las emociones. Es a partir de aqu\u00ed cuando se producen los recuerdos.<\/p>\n<p>\u00abDe la melod\u00eda al recuerdo\u00bb pretende <strong>evocar las emociones<\/strong> de las personas participantes en un ejercicio de <strong>memoria autobiogr\u00e1fica.<\/strong><\/p>\n<p>Es por este motivo que, d\u00edas antes de celebrar la actividad, el equip de profesionales del <a href=\"http:\/\/serveisoberts.gencat.cat\/equipaments\/416575\" target=\"_blank\" rel=\"noopener noreferrer\"><strong>Equipamiento para Personas Mayores Josep Miracle<\/strong><\/a> nos pusimos en contacto con las familias de las personas usuarias que participar\u00edan en la actividad. Les pedimos que nos hicieran saber algunas de las <strong>canciones m\u00e1s significativas<\/strong> para ellas.<\/p>\n<p>La familia de Montserrat, por ejemplo, nos dijo que <strong><a href=\"https:\/\/www.youtube.com\/watch?v=rR6VX3BsDqs\" target=\"_blank\" rel=\"noopener noreferrer\">\u201cEl cant de la senyera\u201d<\/a><\/strong> era muy especial para ella. Adem\u00e1s, sugirieron que le ense\u00f1\u00e1ramos una fotograf\u00eda del Pedraforca, ya que muchas veces iban de excursi\u00f3n y es una monta\u00f1a que ha sido, desde siempre, muy importante para ella. Montserrat, de familia de m\u00fasicos y con un fuerte sentimiento por la tierra, disfrut\u00f3 much\u00edsimo de la actividad. <strong>Recuerda y se emociona cada vez que escucha esta canci\u00f3n<\/strong>. Su hija Roser, mediante una videollamada, pudo ver las reacciones de su madre mientras participaba en la actividad y asegura tambi\u00e9n haberse emocionado.<\/p>\n<p>A Mar\u00eda le pusimos canciones de los Beatles. Quien la conoce sabe que es fan incondicional del m\u00edtico grupo ingl\u00e9s. <strong>S\u00f3lo con las notas iniciales de la primera canci\u00f3n, supo identificarla y comenz\u00f3 a cantarla<\/strong>. Comentaba que cuando era joven, los Beatles eran un fen\u00f3meno y que las chicas se volv\u00edan \u00ablocas\u00bb.<\/p>\n<p>Con esta actividad hemos querido <strong>trabajar la restauraci\u00f3n, el mantenimiento y la mejora de la salud mental<\/strong>, haciendo un ejercicio de reminiscencia para que las personas que padecen Alzheimer recordasen a trav\u00e9s de la m\u00fasica.<\/p>\n<p>Christopher Yeste, psic\u00f3logo de la residencia y dinamizador de la actividad, asevera que fue una actividad muy bonita y emotiva y sugiere hacerla con otras personas que, pese a no sufrir Alzheimer, muestran cierto deterioro cognitivo.<\/p>\n<hr class=\" hr_color\" style=\"margin:0 auto 30px;\"\/>\n\n<p><img loading=\"lazy\" decoding=\"async\" class=\"aligncenter size-full wp-image-13064\" src=\"https:\/\/www.accent-social.cat\/wp-content\/uploads\/2020\/09\/Reminisc\u00e8ncia-i-m\u00fasica-per-a-persones-grans.jpg\" alt=\"Reminisc\u00e8ncia i m\u00fasica per a persones grans\" width=\"654\" height=\"304\" srcset=\"https:\/\/www.accent-social.cat\/wp-content\/uploads\/2020\/09\/Reminisc\u00e8ncia-i-m\u00fasica-per-a-persones-grans.jpg 654w, https:\/\/www.accent-social.cat\/wp-content\/uploads\/2020\/09\/Reminisc\u00e8ncia-i-m\u00fasica-per-a-persones-grans-300x139.jpg 300w, https:\/\/www.accent-social.cat\/wp-content\/uploads\/2020\/09\/Reminisc\u00e8ncia-i-m\u00fasica-per-a-persones-grans-260x121.jpg 260w, https:\/\/www.accent-social.cat\/wp-content\/uploads\/2020\/09\/Reminisc\u00e8ncia-i-m\u00fasica-per-a-persones-grans-50x23.jpg 50w, https:\/\/www.accent-social.cat\/wp-content\/uploads\/2020\/09\/Reminisc\u00e8ncia-i-m\u00fasica-per-a-persones-grans-150x70.jpg 150w\" sizes=\"auto, (max-width:767px) 480px, 654px\" \/><\/p>\n<hr class=\" hr_color\" style=\"margin:0 auto 30px;\"\/>\n\n<div class=\"column one\"><div class=\"mcb-column-inner\"><br \/>\n<iframe loading=\"lazy\" style=\"border: none; overflow: hidden;\" src=\"https:\/\/www.facebook.com\/plugins\/page.php?href=https%3A%2F%2Fwww.facebook.com%2Faccentsocial%2F&amp;tabs=timeline&amp;width=500&amp;height=100&amp;small_header=false&amp;adapt_container_width=false&amp;hide_cover=false&amp;show_facepile=true&amp;appId\" width=\"500\" height=\"100\" frameborder=\"0\" scrolling=\"no\" data-mce-fragment=\"1\"><\/iframe><br \/>\n<\/div><\/div>\n\n","protected":false},"excerpt":{"rendered":"<p>M\u00fasica y recuerdos. Organizamos en la Residencia Josep Miracle una activdad de reminiscencia para las personas usuarias del centro que padecen Alzheimer.<\/p>\n","protected":false},"author":1,"featured_media":13062,"comment_status":"closed","ping_status":"open","sticky":false,"template":"","format":"standard","meta":{"footnotes":""},"categories":[234],"tags":[375,220,239,221,518,519,422,521,522],"class_list":["post-13069","post","type-post","status-publish","format-standard","has-post-thumbnail","hentry","category-jornadas","tag-alzheimer-es","tag-gent-gran-es","tag-gente-mayor","tag-josep-miracle-es","tag-memoria-es","tag-musica-es","tag-psicologia-es","tag-recuerdos","tag-reminiscencia-es"],"yoast_head":"<!-- This site is optimized with the Yoast SEO plugin v27.5 - https:\/\/yoast.com\/product\/yoast-seo-wordpress\/ -->\n<title>De la melod\u00eda al recuerdo. Reminiscencia a trav\u00e9s de la m\u00fasica.<\/title>\n<meta name=\"description\" content=\"M\u00fasica y recuerdos. Organizamos en la Residencia Josep Miracle una activdad de reminiscencia para las personas usuarias del centro que padecen Alzheimer.\" \/>\n<meta name=\"robots\" content=\"index, follow, max-snippet:-1, max-image-preview:large, max-video-preview:-1\" \/>\n<link rel=\"canonical\" href=\"https:\/\/www.accent-social.cat\/es\/recuerdos-reminiscencia-musica\/\" \/>\n<meta property=\"og:locale\" content=\"es_ES\" \/>\n<meta property=\"og:type\" content=\"article\" \/>\n<meta property=\"og:title\" content=\"De la melod\u00eda al recuerdo. Reminiscencia a trav\u00e9s de la m\u00fasica.\" \/>\n<meta property=\"og:description\" content=\"M\u00fasica y recuerdos. Organizamos en la Residencia Josep Miracle una activdad de reminiscencia para las personas usuarias del centro que padecen Alzheimer.\" \/>\n<meta property=\"og:url\" content=\"https:\/\/www.accent-social.cat\/es\/recuerdos-reminiscencia-musica\/\" \/>\n<meta property=\"og:site_name\" content=\"Accent Social | Serveis d&#039;Atenci\u00f3 Domicili\u00e0ria i centres per gent gran\" \/>\n<meta property=\"article:publisher\" content=\"https:\/\/www.facebook.com\/accentsocial\" \/>\n<meta property=\"article:published_time\" content=\"2020-09-28T16:14:57+00:00\" \/>\n<meta property=\"article:modified_time\" content=\"2021-03-10T12:55:10+00:00\" \/>\n<meta property=\"og:image\" content=\"https:\/\/www.accent-social.cat\/wp-content\/uploads\/2020\/09\/Activitat-de-m\u00fasica-i-reminisc\u00e8ncia-per-a-la-gent-gran.jpg\" \/>\n\t<meta property=\"og:image:width\" content=\"840\" \/>\n\t<meta property=\"og:image:height\" content=\"402\" \/>\n\t<meta property=\"og:image:type\" content=\"image\/jpeg\" \/>\n<meta name=\"author\" content=\"Accent Social\" \/>\n<meta name=\"twitter:card\" content=\"summary_large_image\" \/>\n<meta name=\"twitter:creator\" content=\"@accentsocial_\" \/>\n<meta name=\"twitter:site\" content=\"@accentsocial_\" \/>\n<meta name=\"twitter:label1\" content=\"Escrito por\" \/>\n\t<meta name=\"twitter:data1\" content=\"Accent Social\" \/>\n\t<meta name=\"twitter:label2\" content=\"Tiempo de lectura\" \/>\n\t<meta name=\"twitter:data2\" content=\"2 minutos\" \/>\n<script type=\"application\/ld+json\" class=\"yoast-schema-graph\">{\"@context\":\"https:\\\/\\\/schema.org\",\"@graph\":[{\"@type\":\"Article\",\"@id\":\"https:\\\/\\\/www.accent-social.cat\\\/es\\\/recuerdos-reminiscencia-musica\\\/#article\",\"isPartOf\":{\"@id\":\"https:\\\/\\\/www.accent-social.cat\\\/es\\\/recuerdos-reminiscencia-musica\\\/\"},\"author\":{\"name\":\"Accent Social\",\"@id\":\"https:\\\/\\\/www.accent-social.cat\\\/#\\\/schema\\\/person\\\/e3059313a7a9356d5dcb4adc2ee0396a\"},\"headline\":\"De la melod\u00eda al recuerdo. Reminiscencia a trav\u00e9s de la m\u00fasica.\",\"datePublished\":\"2020-09-28T16:14:57+00:00\",\"dateModified\":\"2021-03-10T12:55:10+00:00\",\"mainEntityOfPage\":{\"@id\":\"https:\\\/\\\/www.accent-social.cat\\\/es\\\/recuerdos-reminiscencia-musica\\\/\"},\"wordCount\":422,\"publisher\":{\"@id\":\"https:\\\/\\\/www.accent-social.cat\\\/#organization\"},\"image\":{\"@id\":\"https:\\\/\\\/www.accent-social.cat\\\/es\\\/recuerdos-reminiscencia-musica\\\/#primaryimage\"},\"thumbnailUrl\":\"https:\\\/\\\/www.accent-social.cat\\\/wp-content\\\/uploads\\\/2020\\\/09\\\/Activitat-de-m\u00fasica-i-reminisc\u00e8ncia-per-a-la-gent-gran.jpg\",\"keywords\":[\"Alzheimer\",\"gent gran\",\"gente mayor\",\"Josep Miracle\",\"memoria\",\"m\u00fasica\",\"psicolog\u00eda\",\"recuerdos\",\"reminiscencia\"],\"articleSection\":[\"Jornadas\"],\"inLanguage\":\"es\"},{\"@type\":\"WebPage\",\"@id\":\"https:\\\/\\\/www.accent-social.cat\\\/es\\\/recuerdos-reminiscencia-musica\\\/\",\"url\":\"https:\\\/\\\/www.accent-social.cat\\\/es\\\/recuerdos-reminiscencia-musica\\\/\",\"name\":\"De la melod\u00eda al recuerdo. Reminiscencia a trav\u00e9s de la m\u00fasica.\",\"isPartOf\":{\"@id\":\"https:\\\/\\\/www.accent-social.cat\\\/#website\"},\"primaryImageOfPage\":{\"@id\":\"https:\\\/\\\/www.accent-social.cat\\\/es\\\/recuerdos-reminiscencia-musica\\\/#primaryimage\"},\"image\":{\"@id\":\"https:\\\/\\\/www.accent-social.cat\\\/es\\\/recuerdos-reminiscencia-musica\\\/#primaryimage\"},\"thumbnailUrl\":\"https:\\\/\\\/www.accent-social.cat\\\/wp-content\\\/uploads\\\/2020\\\/09\\\/Activitat-de-m\u00fasica-i-reminisc\u00e8ncia-per-a-la-gent-gran.jpg\",\"datePublished\":\"2020-09-28T16:14:57+00:00\",\"dateModified\":\"2021-03-10T12:55:10+00:00\",\"description\":\"M\u00fasica y recuerdos. Organizamos en la Residencia Josep Miracle una activdad de reminiscencia para las personas usuarias del centro que padecen Alzheimer.\",\"breadcrumb\":{\"@id\":\"https:\\\/\\\/www.accent-social.cat\\\/es\\\/recuerdos-reminiscencia-musica\\\/#breadcrumb\"},\"inLanguage\":\"es\",\"potentialAction\":[{\"@type\":\"ReadAction\",\"target\":[\"https:\\\/\\\/www.accent-social.cat\\\/es\\\/recuerdos-reminiscencia-musica\\\/\"]}]},{\"@type\":\"ImageObject\",\"inLanguage\":\"es\",\"@id\":\"https:\\\/\\\/www.accent-social.cat\\\/es\\\/recuerdos-reminiscencia-musica\\\/#primaryimage\",\"url\":\"https:\\\/\\\/www.accent-social.cat\\\/wp-content\\\/uploads\\\/2020\\\/09\\\/Activitat-de-m\u00fasica-i-reminisc\u00e8ncia-per-a-la-gent-gran.jpg\",\"contentUrl\":\"https:\\\/\\\/www.accent-social.cat\\\/wp-content\\\/uploads\\\/2020\\\/09\\\/Activitat-de-m\u00fasica-i-reminisc\u00e8ncia-per-a-la-gent-gran.jpg\",\"width\":840,\"height\":402,\"caption\":\"Activitat de m\u00fasica i reminisc\u00e8ncia per a la gent gran\"},{\"@type\":\"BreadcrumbList\",\"@id\":\"https:\\\/\\\/www.accent-social.cat\\\/es\\\/recuerdos-reminiscencia-musica\\\/#breadcrumb\",\"itemListElement\":[{\"@type\":\"ListItem\",\"position\":1,\"name\":\"Inici\",\"item\":\"https:\\\/\\\/www.accent-social.cat\\\/es\\\/\"},{\"@type\":\"ListItem\",\"position\":2,\"name\":\"De la melod\u00eda al recuerdo. Reminiscencia a trav\u00e9s de la m\u00fasica.\"}]},{\"@type\":\"WebSite\",\"@id\":\"https:\\\/\\\/www.accent-social.cat\\\/#website\",\"url\":\"https:\\\/\\\/www.accent-social.cat\\\/\",\"name\":\"Accent Social | Serveis d'Atenci\u00f3 Domicili\u00e0ria (SAD) i centres col\u00b7lectius\",\"description\":\"Serveis d&#039;Atenci\u00f3 Domicili\u00e0ria i centres de dia a Barcelona. Gesti\u00f3 de serveis socials i per a la gent gran.\",\"publisher\":{\"@id\":\"https:\\\/\\\/www.accent-social.cat\\\/#organization\"},\"potentialAction\":[{\"@type\":\"SearchAction\",\"target\":{\"@type\":\"EntryPoint\",\"urlTemplate\":\"https:\\\/\\\/www.accent-social.cat\\\/?s={search_term_string}\"},\"query-input\":{\"@type\":\"PropertyValueSpecification\",\"valueRequired\":true,\"valueName\":\"search_term_string\"}}],\"inLanguage\":\"es\"},{\"@type\":\"Organization\",\"@id\":\"https:\\\/\\\/www.accent-social.cat\\\/#organization\",\"name\":\"Accent Social\",\"url\":\"https:\\\/\\\/www.accent-social.cat\\\/\",\"logo\":{\"@type\":\"ImageObject\",\"inLanguage\":\"es\",\"@id\":\"https:\\\/\\\/www.accent-social.cat\\\/#\\\/schema\\\/logo\\\/image\\\/\",\"url\":\"https:\\\/\\\/www.accent-social.cat\\\/wp-content\\\/uploads\\\/2017\\\/09\\\/Logo-Accent-Social.jpg\",\"contentUrl\":\"https:\\\/\\\/www.accent-social.cat\\\/wp-content\\\/uploads\\\/2017\\\/09\\\/Logo-Accent-Social.jpg\",\"width\":512,\"height\":512,\"caption\":\"Accent Social\"},\"image\":{\"@id\":\"https:\\\/\\\/www.accent-social.cat\\\/#\\\/schema\\\/logo\\\/image\\\/\"},\"sameAs\":[\"https:\\\/\\\/www.facebook.com\\\/accentsocial\",\"https:\\\/\\\/x.com\\\/accentsocial_\",\"http:\\\/\\\/www.instagram.com\\\/accentsocial\",\"https:\\\/\\\/www.linkedin.com\\\/company\\\/accent-social\\\/\",\"https:\\\/\\\/www.crunchbase.com\\\/organization\\\/accent-social\",\"https:\\\/\\\/www.hotfrog.es\\\/empresa\\\/barcelona\\\/barcelona\\\/accent-social\",\"https:\\\/\\\/www.youtube.com\\\/channel\\\/UCBRsmX50gP0nPuAb5rPfr2g\"]},{\"@type\":\"Person\",\"@id\":\"https:\\\/\\\/www.accent-social.cat\\\/#\\\/schema\\\/person\\\/e3059313a7a9356d5dcb4adc2ee0396a\",\"name\":\"Accent Social\",\"image\":{\"@type\":\"ImageObject\",\"inLanguage\":\"es\",\"@id\":\"https:\\\/\\\/secure.gravatar.com\\\/avatar\\\/9a4d9b0c2bbfb1ff3da85e7195367fa23cc6b72e60b3092496806038fa837fc5?s=96&d=mm&r=g\",\"url\":\"https:\\\/\\\/secure.gravatar.com\\\/avatar\\\/9a4d9b0c2bbfb1ff3da85e7195367fa23cc6b72e60b3092496806038fa837fc5?s=96&d=mm&r=g\",\"contentUrl\":\"https:\\\/\\\/secure.gravatar.com\\\/avatar\\\/9a4d9b0c2bbfb1ff3da85e7195367fa23cc6b72e60b3092496806038fa837fc5?s=96&d=mm&r=g\",\"caption\":\"Accent Social\"}}]}<\/script>\n<!-- \/ Yoast SEO plugin. -->","yoast_head_json":{"title":"De la melod\u00eda al recuerdo. Reminiscencia a trav\u00e9s de la m\u00fasica.","description":"M\u00fasica y recuerdos. Organizamos en la Residencia Josep Miracle una activdad de reminiscencia para las personas usuarias del centro que padecen Alzheimer.","robots":{"index":"index","follow":"follow","max-snippet":"max-snippet:-1","max-image-preview":"max-image-preview:large","max-video-preview":"max-video-preview:-1"},"canonical":"https:\/\/www.accent-social.cat\/es\/recuerdos-reminiscencia-musica\/","og_locale":"es_ES","og_type":"article","og_title":"De la melod\u00eda al recuerdo. Reminiscencia a trav\u00e9s de la m\u00fasica.","og_description":"M\u00fasica y recuerdos. Organizamos en la Residencia Josep Miracle una activdad de reminiscencia para las personas usuarias del centro que padecen Alzheimer.","og_url":"https:\/\/www.accent-social.cat\/es\/recuerdos-reminiscencia-musica\/","og_site_name":"Accent Social | Serveis d&#039;Atenci\u00f3 Domicili\u00e0ria i centres per gent gran","article_publisher":"https:\/\/www.facebook.com\/accentsocial","article_published_time":"2020-09-28T16:14:57+00:00","article_modified_time":"2021-03-10T12:55:10+00:00","og_image":[{"width":840,"height":402,"url":"https:\/\/www.accent-social.cat\/wp-content\/uploads\/2020\/09\/Activitat-de-m\u00fasica-i-reminisc\u00e8ncia-per-a-la-gent-gran.jpg","type":"image\/jpeg"}],"author":"Accent Social","twitter_card":"summary_large_image","twitter_creator":"@accentsocial_","twitter_site":"@accentsocial_","twitter_misc":{"Escrito por":"Accent Social","Tiempo de lectura":"2 minutos"},"schema":{"@context":"https:\/\/schema.org","@graph":[{"@type":"Article","@id":"https:\/\/www.accent-social.cat\/es\/recuerdos-reminiscencia-musica\/#article","isPartOf":{"@id":"https:\/\/www.accent-social.cat\/es\/recuerdos-reminiscencia-musica\/"},"author":{"name":"Accent Social","@id":"https:\/\/www.accent-social.cat\/#\/schema\/person\/e3059313a7a9356d5dcb4adc2ee0396a"},"headline":"De la melod\u00eda al recuerdo. Reminiscencia a trav\u00e9s de la m\u00fasica.","datePublished":"2020-09-28T16:14:57+00:00","dateModified":"2021-03-10T12:55:10+00:00","mainEntityOfPage":{"@id":"https:\/\/www.accent-social.cat\/es\/recuerdos-reminiscencia-musica\/"},"wordCount":422,"publisher":{"@id":"https:\/\/www.accent-social.cat\/#organization"},"image":{"@id":"https:\/\/www.accent-social.cat\/es\/recuerdos-reminiscencia-musica\/#primaryimage"},"thumbnailUrl":"https:\/\/www.accent-social.cat\/wp-content\/uploads\/2020\/09\/Activitat-de-m\u00fasica-i-reminisc\u00e8ncia-per-a-la-gent-gran.jpg","keywords":["Alzheimer","gent gran","gente mayor","Josep Miracle","memoria","m\u00fasica","psicolog\u00eda","recuerdos","reminiscencia"],"articleSection":["Jornadas"],"inLanguage":"es"},{"@type":"WebPage","@id":"https:\/\/www.accent-social.cat\/es\/recuerdos-reminiscencia-musica\/","url":"https:\/\/www.accent-social.cat\/es\/recuerdos-reminiscencia-musica\/","name":"De la melod\u00eda al recuerdo. Reminiscencia a trav\u00e9s de la m\u00fasica.","isPartOf":{"@id":"https:\/\/www.accent-social.cat\/#website"},"primaryImageOfPage":{"@id":"https:\/\/www.accent-social.cat\/es\/recuerdos-reminiscencia-musica\/#primaryimage"},"image":{"@id":"https:\/\/www.accent-social.cat\/es\/recuerdos-reminiscencia-musica\/#primaryimage"},"thumbnailUrl":"https:\/\/www.accent-social.cat\/wp-content\/uploads\/2020\/09\/Activitat-de-m\u00fasica-i-reminisc\u00e8ncia-per-a-la-gent-gran.jpg","datePublished":"2020-09-28T16:14:57+00:00","dateModified":"2021-03-10T12:55:10+00:00","description":"M\u00fasica y recuerdos. Organizamos en la Residencia Josep Miracle una activdad de reminiscencia para las personas usuarias del centro que padecen Alzheimer.","breadcrumb":{"@id":"https:\/\/www.accent-social.cat\/es\/recuerdos-reminiscencia-musica\/#breadcrumb"},"inLanguage":"es","potentialAction":[{"@type":"ReadAction","target":["https:\/\/www.accent-social.cat\/es\/recuerdos-reminiscencia-musica\/"]}]},{"@type":"ImageObject","inLanguage":"es","@id":"https:\/\/www.accent-social.cat\/es\/recuerdos-reminiscencia-musica\/#primaryimage","url":"https:\/\/www.accent-social.cat\/wp-content\/uploads\/2020\/09\/Activitat-de-m\u00fasica-i-reminisc\u00e8ncia-per-a-la-gent-gran.jpg","contentUrl":"https:\/\/www.accent-social.cat\/wp-content\/uploads\/2020\/09\/Activitat-de-m\u00fasica-i-reminisc\u00e8ncia-per-a-la-gent-gran.jpg","width":840,"height":402,"caption":"Activitat de m\u00fasica i reminisc\u00e8ncia per a la gent gran"},{"@type":"BreadcrumbList","@id":"https:\/\/www.accent-social.cat\/es\/recuerdos-reminiscencia-musica\/#breadcrumb","itemListElement":[{"@type":"ListItem","position":1,"name":"Inici","item":"https:\/\/www.accent-social.cat\/es\/"},{"@type":"ListItem","position":2,"name":"De la melod\u00eda al recuerdo. Reminiscencia a trav\u00e9s de la m\u00fasica."}]},{"@type":"WebSite","@id":"https:\/\/www.accent-social.cat\/#website","url":"https:\/\/www.accent-social.cat\/","name":"Accent Social | Serveis d'Atenci\u00f3 Domicili\u00e0ria (SAD) i centres col\u00b7lectius","description":"Serveis d&#039;Atenci\u00f3 Domicili\u00e0ria i centres de dia a Barcelona. Gesti\u00f3 de serveis socials i per a la gent gran.","publisher":{"@id":"https:\/\/www.accent-social.cat\/#organization"},"potentialAction":[{"@type":"SearchAction","target":{"@type":"EntryPoint","urlTemplate":"https:\/\/www.accent-social.cat\/?s={search_term_string}"},"query-input":{"@type":"PropertyValueSpecification","valueRequired":true,"valueName":"search_term_string"}}],"inLanguage":"es"},{"@type":"Organization","@id":"https:\/\/www.accent-social.cat\/#organization","name":"Accent Social","url":"https:\/\/www.accent-social.cat\/","logo":{"@type":"ImageObject","inLanguage":"es","@id":"https:\/\/www.accent-social.cat\/#\/schema\/logo\/image\/","url":"https:\/\/www.accent-social.cat\/wp-content\/uploads\/2017\/09\/Logo-Accent-Social.jpg","contentUrl":"https:\/\/www.accent-social.cat\/wp-content\/uploads\/2017\/09\/Logo-Accent-Social.jpg","width":512,"height":512,"caption":"Accent Social"},"image":{"@id":"https:\/\/www.accent-social.cat\/#\/schema\/logo\/image\/"},"sameAs":["https:\/\/www.facebook.com\/accentsocial","https:\/\/x.com\/accentsocial_","http:\/\/www.instagram.com\/accentsocial","https:\/\/www.linkedin.com\/company\/accent-social\/","https:\/\/www.crunchbase.com\/organization\/accent-social","https:\/\/www.hotfrog.es\/empresa\/barcelona\/barcelona\/accent-social","https:\/\/www.youtube.com\/channel\/UCBRsmX50gP0nPuAb5rPfr2g"]},{"@type":"Person","@id":"https:\/\/www.accent-social.cat\/#\/schema\/person\/e3059313a7a9356d5dcb4adc2ee0396a","name":"Accent Social","image":{"@type":"ImageObject","inLanguage":"es","@id":"https:\/\/secure.gravatar.com\/avatar\/9a4d9b0c2bbfb1ff3da85e7195367fa23cc6b72e60b3092496806038fa837fc5?s=96&d=mm&r=g","url":"https:\/\/secure.gravatar.com\/avatar\/9a4d9b0c2bbfb1ff3da85e7195367fa23cc6b72e60b3092496806038fa837fc5?s=96&d=mm&r=g","contentUrl":"https:\/\/secure.gravatar.com\/avatar\/9a4d9b0c2bbfb1ff3da85e7195367fa23cc6b72e60b3092496806038fa837fc5?s=96&d=mm&r=g","caption":"Accent Social"}}]}},"_links":{"self":[{"href":"https:\/\/www.accent-social.cat\/es\/wp-json\/wp\/v2\/posts\/13069","targetHints":{"allow":["GET"]}}],"collection":[{"href":"https:\/\/www.accent-social.cat\/es\/wp-json\/wp\/v2\/posts"}],"about":[{"href":"https:\/\/www.accent-social.cat\/es\/wp-json\/wp\/v2\/types\/post"}],"author":[{"embeddable":true,"href":"https:\/\/www.accent-social.cat\/es\/wp-json\/wp\/v2\/users\/1"}],"replies":[{"embeddable":true,"href":"https:\/\/www.accent-social.cat\/es\/wp-json\/wp\/v2\/comments?post=13069"}],"version-history":[{"count":4,"href":"https:\/\/www.accent-social.cat\/es\/wp-json\/wp\/v2\/posts\/13069\/revisions"}],"predecessor-version":[{"id":13075,"href":"https:\/\/www.accent-social.cat\/es\/wp-json\/wp\/v2\/posts\/13069\/revisions\/13075"}],"wp:featuredmedia":[{"embeddable":true,"href":"https:\/\/www.accent-social.cat\/es\/wp-json\/wp\/v2\/media\/13062"}],"wp:attachment":[{"href":"https:\/\/www.accent-social.cat\/es\/wp-json\/wp\/v2\/media?parent=13069"}],"wp:term":[{"taxonomy":"category","embeddable":true,"href":"https:\/\/www.accent-social.cat\/es\/wp-json\/wp\/v2\/categories?post=13069"},{"taxonomy":"post_tag","embeddable":true,"href":"https:\/\/www.accent-social.cat\/es\/wp-json\/wp\/v2\/tags?post=13069"}],"curies":[{"name":"wp","href":"https:\/\/api.w.org\/{rel}","templated":true}]}}