{"id":12936,"date":"2020-07-08T15:55:22","date_gmt":"2020-07-08T14:55:22","guid":{"rendered":"https:\/\/www.accent-social.cat\/?p=12936"},"modified":"2020-09-01T17:37:02","modified_gmt":"2020-09-01T16:37:02","slug":"equipamiento-integral-meridiana-un-ejemplo-mas-de-buena-gestion-durante-la-crisis-sanitaria","status":"publish","type":"post","link":"https:\/\/www.accent-social.cat\/es\/equipamiento-integral-meridiana-un-ejemplo-mas-de-buena-gestion-durante-la-crisis-sanitaria\/","title":{"rendered":"Equipamiento Integral Meridiana, un ejemplo m\u00e1s de buena gesti\u00f3n durante la crisis sanitaria"},"content":{"rendered":"<h3>La implicaci\u00f3n de todo el equipo y el soporte del Ayuntamiento de Barcelona en la implementaci\u00f3n del Plan de Contingencias garantizaron que el Covid-19 se mantenga fuera de el Equipamiento, que registra 0 casos positivos en esta crisis.<\/h3>\n<p>La prevenci\u00f3n y la coordinaci\u00f3n han sido piezas claves para llevar a cabo el <strong>Plan de Contingencia<\/strong>. <\/p>\n<p>Al inicio del estado de alarma, desde Accent Social dise\u00f1amos este plan, con el consentimiento de el Ayuntamiento de Barcelona, con la finalidad de poder dar respuesta a una situaci\u00f3n desconocida hasta el momento, minimizando el impacto.<\/p>\n<p>Por tal de conseguir que no se produjeran contagios,<strong> se confinaron a las personas usuarias de la forma mas c\u00f3moda <\/strong>. Sin embargo, siempre con este objetivo presente, el plan ha sido un elemento din\u00e1mico que se ha sometido a modificaciones dependiendo de las necesidades del centro y con el consentimiento del ayuntamiento.<\/p>\n<p>El primer planteamiento comporto la <strong> reestructuraci\u00f3n de los turnos del equipo t\u00e9cnico del centro y la incorporaci\u00f3n de nuevas personas profesionales<\/strong>, con el fin de garantizar una mejor atenci\u00f3n a las personas residentes y aumentar la periodicidad en la limpieza y desinfecci\u00f3n de el equipamiento.<\/p>\n<p>Permanentemente, se procura que las personas usuarias de el equipamiento pasaran una <strong> estancia amena y distendida, siguiendo las medidas de distanciamiento <\/strong>, as\u00ed promoviendo que se he hiciera uso de todas las instalaciones del centro.<\/p>\n<p>En la recepci\u00f3n se coloco una mesa de ping-pong y varias mesas y sillas que han utilizado para jugar a juegos de mesa. En el comedor, se instalo un nuevo televisor, ademas del que hab\u00eda en el centro, en otra sala. El objetivo fue <strong> poder repartir las personas usuarias y facilitar la distancia de seguridad <\/strong> entre unas y otras.<\/p>\n<p>Tambi\u00e9n se <strong> adaptaron las actividades y talleres <\/strong> establecidos en la programaci\u00f3n. Algunas personas usuarias, como las del taller de castellano, recib\u00edan telef\u00f3nicamente los materiales para poder seguir realizando las actividades. A la vez, se pusieron los ordenadores a disposici\u00f3n de todos, no solo para navegar por Internet sino que tambi\u00e9n para mantener el contacto con amistades y familia. El Ayuntamiento, tambi\u00e9n, cedi\u00f3 tres tabletas para hacer mas accesible el contacto con el exterior.<\/p>\n<p>Con el desconfinamiento, siguiendo con las restricciones horarias, se organizaron paseos para que las personas usuarias pudieran salir a la calle, acompa\u00f1adas de el equipo de profesionales.<\/p>\n<hr class=\" hr_color\" style=\"margin:0 auto 30px;\"\/>\n\n<h3> TOMAR CONCIENCIA DE LOS NUEVOS H\u00c1BITOS, UN ASPECTO CLAVE <\/h3>\n<p>Las personas usuarias se han mostrado en todo momento muy colaborativas. Fue la enfermera del equipamiento, la F\u00e0tima Drammeh, quien explico la nueva pedagog\u00eda de h\u00e1bitos as\u00ed como las pautas para lavarse las manos, hacer uso del gel hidroalcoh\u00f2lico, etc.<\/p>\n<p>La Direcci\u00f3n del centro recalca <strong> la efectividad de haber tomado conciencia de los nuevos h\u00e1bitos <\/strong>, ya que en cuando las medidas de protecci\u00f3n, higiene y desinfecci\u00f3n, <em> \u201cnunca nos ha faltado nada. Desde el minuto uno, cuando en la asamblea semanal la enfermera transmiti\u00f3 a los y las residentes que hab\u00eda una pandemia mundial, hemos contado con mascarillas, guantes, batas  y gel hidroalcoh\u00f2lico para todas las instalaciones. Esto ha facilitado que la pedagog\u00eda calara en las personas usuarias. Enfermer\u00eda ha echo todo el trabajo mas enfocado a la salud, desde la concienciaci\u00f3n hasta la readaptaci\u00f3n de la medicaci\u00f3n. Su pedagog\u00eda surgi\u00f3 efecto y fue muy eficaz\u00bb.<\/em><\/p>\n<p>En Equipament Integral Meridiana, en el momento del estado de alarma, hab\u00eda 41 personas usuarias, residentes. Estas recib\u00edan un <strong> servicio residencial que incluye alojamiento para dormir, comidas y servicios de enfermer\u00eda <\/strong>, entre otros.<\/p>\n<p>A pesar del confinamiento, no se dejo de prestar servicios de comedor externo. En vez de recibir a las personas en Equipamiento, se entregaban fiambreras a los que no resid\u00edan en el centro.<\/p>\n<p>Es necesario agradecer al CAP Maragall, el CAP de referencia del centro, su soporte. Los buenos resultados son gracias, en parte, a la excelente relaci\u00f3n, coordinaci\u00f3n y comunicaci\u00f3n que se estableci\u00f3 con el Centro de Atenci\u00f3n Primaria de Maragall. La direcci\u00f3n del E.I.Meridiana asegura que desde el primer momento han ayudado much\u00edsimo, con contacto casi a diario.<\/p>\n<p>Todo el equipo de profesionales coincide que, en general, <strong>las personas usuarias del Equipamiento Integral Meridiana han gestionado con facilidad la situaci\u00f3n de confinamiento <\/strong>, pese las circunstancias at\u00edpicas.<\/p>\n<p>Tanto la enfermer\u00eda como el equipo medico de referencia adecuaron los tratamientos de las personas usuarias por tal que tuvieran una estancia mas confortable. <strong>La pedagog\u00eda, la concienciaci\u00f3n y la responsabilidad<\/strong> tanto de las persones usuarias como de los profesionales del Equipament Integral Meridiana han surgido efecto y no habido ning\u00fan caso positivo de Covid-19 en todo este tiempo.<\/p>\n","protected":false},"excerpt":{"rendered":"<p>La implicaci\u00f3n de profesionales y personas residentes en el Equipamiento Integral Meridiana han garantizado resultados de cero casos positivos por Covid-19<\/p>\n","protected":false},"author":1,"featured_media":12927,"comment_status":"closed","ping_status":"open","sticky":false,"template":"","format":"standard","meta":{"footnotes":""},"categories":[235,173],"tags":[218,546,536,541,400],"class_list":["post-12936","post","type-post","status-publish","format-standard","has-post-thumbnail","hentry","category-residencias","category-viviendas-con-servicios","tag-barcelona-es","tag-coronavirus-covid19","tag-crab-meridiana-es","tag-equipamiento-integral-meridiana","tag-seguridad"],"yoast_head":"<!-- This site is optimized with the Yoast SEO plugin v27.5 - https:\/\/yoast.com\/product\/yoast-seo-wordpress\/ -->\n<title>Equipamiento Integral Meridiana, buena gesti\u00f3n durante la crisis sanitaria<\/title>\n<meta name=\"description\" content=\"La implicaci\u00f3n de profesionales y personas residentes en el Equipamiento Integral Meridiana han garantizado resultados de cero casos positivos por Covid-19\" \/>\n<meta name=\"robots\" content=\"index, follow, max-snippet:-1, max-image-preview:large, max-video-preview:-1\" \/>\n<link rel=\"canonical\" href=\"https:\/\/www.accent-social.cat\/es\/equipamiento-integral-meridiana-un-ejemplo-mas-de-buena-gestion-durante-la-crisis-sanitaria\/\" \/>\n<meta property=\"og:locale\" content=\"es_ES\" \/>\n<meta property=\"og:type\" content=\"article\" \/>\n<meta property=\"og:title\" content=\"Equipamiento Integral Meridiana, buena gesti\u00f3n durante la crisis sanitaria\" \/>\n<meta property=\"og:description\" content=\"La implicaci\u00f3n de profesionales y personas residentes en el Equipamiento Integral Meridiana han garantizado resultados de cero casos positivos por Covid-19\" \/>\n<meta property=\"og:url\" content=\"https:\/\/www.accent-social.cat\/es\/equipamiento-integral-meridiana-un-ejemplo-mas-de-buena-gestion-durante-la-crisis-sanitaria\/\" \/>\n<meta property=\"og:site_name\" content=\"Accent Social | Serveis d&#039;Atenci\u00f3 Domicili\u00e0ria i centres per gent gran\" \/>\n<meta property=\"article:publisher\" content=\"https:\/\/www.facebook.com\/accentsocial\" \/>\n<meta property=\"article:published_time\" content=\"2020-07-08T14:55:22+00:00\" \/>\n<meta property=\"article:modified_time\" content=\"2020-09-01T16:37:02+00:00\" \/>\n<meta property=\"og:image\" content=\"https:\/\/www.accent-social.cat\/wp-content\/uploads\/2020\/07\/Equipament-Integral-Meridiana-bona-gesti\u00f3-sanit\u00e0ria.jpg\" \/>\n\t<meta property=\"og:image:width\" content=\"840\" \/>\n\t<meta property=\"og:image:height\" content=\"400\" \/>\n\t<meta property=\"og:image:type\" content=\"image\/jpeg\" \/>\n<meta name=\"author\" content=\"Accent Social\" \/>\n<meta name=\"twitter:card\" content=\"summary_large_image\" \/>\n<meta name=\"twitter:creator\" content=\"@accentsocial_\" \/>\n<meta name=\"twitter:site\" content=\"@accentsocial_\" \/>\n<meta name=\"twitter:label1\" content=\"Escrito por\" \/>\n\t<meta name=\"twitter:data1\" content=\"Accent Social\" \/>\n\t<meta name=\"twitter:label2\" content=\"Tiempo de lectura\" \/>\n\t<meta name=\"twitter:data2\" content=\"4 minutos\" \/>\n<script type=\"application\/ld+json\" class=\"yoast-schema-graph\">{\"@context\":\"https:\\\/\\\/schema.org\",\"@graph\":[{\"@type\":\"Article\",\"@id\":\"https:\\\/\\\/www.accent-social.cat\\\/es\\\/equipamiento-integral-meridiana-un-ejemplo-mas-de-buena-gestion-durante-la-crisis-sanitaria\\\/#article\",\"isPartOf\":{\"@id\":\"https:\\\/\\\/www.accent-social.cat\\\/es\\\/equipamiento-integral-meridiana-un-ejemplo-mas-de-buena-gestion-durante-la-crisis-sanitaria\\\/\"},\"author\":{\"name\":\"Accent Social\",\"@id\":\"https:\\\/\\\/www.accent-social.cat\\\/#\\\/schema\\\/person\\\/e3059313a7a9356d5dcb4adc2ee0396a\"},\"headline\":\"Equipamiento Integral Meridiana, un ejemplo m\u00e1s de buena gesti\u00f3n durante la crisis sanitaria\",\"datePublished\":\"2020-07-08T14:55:22+00:00\",\"dateModified\":\"2020-09-01T16:37:02+00:00\",\"mainEntityOfPage\":{\"@id\":\"https:\\\/\\\/www.accent-social.cat\\\/es\\\/equipamiento-integral-meridiana-un-ejemplo-mas-de-buena-gestion-durante-la-crisis-sanitaria\\\/\"},\"wordCount\":824,\"publisher\":{\"@id\":\"https:\\\/\\\/www.accent-social.cat\\\/#organization\"},\"image\":{\"@id\":\"https:\\\/\\\/www.accent-social.cat\\\/es\\\/equipamiento-integral-meridiana-un-ejemplo-mas-de-buena-gestion-durante-la-crisis-sanitaria\\\/#primaryimage\"},\"thumbnailUrl\":\"https:\\\/\\\/www.accent-social.cat\\\/wp-content\\\/uploads\\\/2020\\\/07\\\/Equipament-Integral-Meridiana-bona-gesti\u00f3-sanit\u00e0ria.jpg\",\"keywords\":[\"Barcelona\",\"covid19\",\"CRAB Meridiana\",\"Equipamiento Integral Meridiana\",\"seguridad\"],\"articleSection\":[\"Residencias\",\"Viviendas con servicios\"],\"inLanguage\":\"es\"},{\"@type\":\"WebPage\",\"@id\":\"https:\\\/\\\/www.accent-social.cat\\\/es\\\/equipamiento-integral-meridiana-un-ejemplo-mas-de-buena-gestion-durante-la-crisis-sanitaria\\\/\",\"url\":\"https:\\\/\\\/www.accent-social.cat\\\/es\\\/equipamiento-integral-meridiana-un-ejemplo-mas-de-buena-gestion-durante-la-crisis-sanitaria\\\/\",\"name\":\"Equipamiento Integral Meridiana, buena gesti\u00f3n durante la crisis sanitaria\",\"isPartOf\":{\"@id\":\"https:\\\/\\\/www.accent-social.cat\\\/#website\"},\"primaryImageOfPage\":{\"@id\":\"https:\\\/\\\/www.accent-social.cat\\\/es\\\/equipamiento-integral-meridiana-un-ejemplo-mas-de-buena-gestion-durante-la-crisis-sanitaria\\\/#primaryimage\"},\"image\":{\"@id\":\"https:\\\/\\\/www.accent-social.cat\\\/es\\\/equipamiento-integral-meridiana-un-ejemplo-mas-de-buena-gestion-durante-la-crisis-sanitaria\\\/#primaryimage\"},\"thumbnailUrl\":\"https:\\\/\\\/www.accent-social.cat\\\/wp-content\\\/uploads\\\/2020\\\/07\\\/Equipament-Integral-Meridiana-bona-gesti\u00f3-sanit\u00e0ria.jpg\",\"datePublished\":\"2020-07-08T14:55:22+00:00\",\"dateModified\":\"2020-09-01T16:37:02+00:00\",\"description\":\"La implicaci\u00f3n de profesionales y personas residentes en el Equipamiento Integral Meridiana han garantizado resultados de cero casos positivos por Covid-19\",\"breadcrumb\":{\"@id\":\"https:\\\/\\\/www.accent-social.cat\\\/es\\\/equipamiento-integral-meridiana-un-ejemplo-mas-de-buena-gestion-durante-la-crisis-sanitaria\\\/#breadcrumb\"},\"inLanguage\":\"es\",\"potentialAction\":[{\"@type\":\"ReadAction\",\"target\":[\"https:\\\/\\\/www.accent-social.cat\\\/es\\\/equipamiento-integral-meridiana-un-ejemplo-mas-de-buena-gestion-durante-la-crisis-sanitaria\\\/\"]}]},{\"@type\":\"ImageObject\",\"inLanguage\":\"es\",\"@id\":\"https:\\\/\\\/www.accent-social.cat\\\/es\\\/equipamiento-integral-meridiana-un-ejemplo-mas-de-buena-gestion-durante-la-crisis-sanitaria\\\/#primaryimage\",\"url\":\"https:\\\/\\\/www.accent-social.cat\\\/wp-content\\\/uploads\\\/2020\\\/07\\\/Equipament-Integral-Meridiana-bona-gesti\u00f3-sanit\u00e0ria.jpg\",\"contentUrl\":\"https:\\\/\\\/www.accent-social.cat\\\/wp-content\\\/uploads\\\/2020\\\/07\\\/Equipament-Integral-Meridiana-bona-gesti\u00f3-sanit\u00e0ria.jpg\",\"width\":840,\"height\":400,\"caption\":\"Equipament Integral Meridiana, bona gesti\u00f3 sanit\u00e0ria\"},{\"@type\":\"BreadcrumbList\",\"@id\":\"https:\\\/\\\/www.accent-social.cat\\\/es\\\/equipamiento-integral-meridiana-un-ejemplo-mas-de-buena-gestion-durante-la-crisis-sanitaria\\\/#breadcrumb\",\"itemListElement\":[{\"@type\":\"ListItem\",\"position\":1,\"name\":\"Inici\",\"item\":\"https:\\\/\\\/www.accent-social.cat\\\/es\\\/\"},{\"@type\":\"ListItem\",\"position\":2,\"name\":\"Equipamiento Integral Meridiana, un ejemplo m\u00e1s de buena gesti\u00f3n durante la crisis sanitaria\"}]},{\"@type\":\"WebSite\",\"@id\":\"https:\\\/\\\/www.accent-social.cat\\\/#website\",\"url\":\"https:\\\/\\\/www.accent-social.cat\\\/\",\"name\":\"Accent Social | Serveis d'Atenci\u00f3 Domicili\u00e0ria (SAD) i centres col\u00b7lectius\",\"description\":\"Serveis d&#039;Atenci\u00f3 Domicili\u00e0ria i centres de dia a Barcelona. Gesti\u00f3 de serveis socials i per a la gent gran.\",\"publisher\":{\"@id\":\"https:\\\/\\\/www.accent-social.cat\\\/#organization\"},\"potentialAction\":[{\"@type\":\"SearchAction\",\"target\":{\"@type\":\"EntryPoint\",\"urlTemplate\":\"https:\\\/\\\/www.accent-social.cat\\\/?s={search_term_string}\"},\"query-input\":{\"@type\":\"PropertyValueSpecification\",\"valueRequired\":true,\"valueName\":\"search_term_string\"}}],\"inLanguage\":\"es\"},{\"@type\":\"Organization\",\"@id\":\"https:\\\/\\\/www.accent-social.cat\\\/#organization\",\"name\":\"Accent Social\",\"url\":\"https:\\\/\\\/www.accent-social.cat\\\/\",\"logo\":{\"@type\":\"ImageObject\",\"inLanguage\":\"es\",\"@id\":\"https:\\\/\\\/www.accent-social.cat\\\/#\\\/schema\\\/logo\\\/image\\\/\",\"url\":\"https:\\\/\\\/www.accent-social.cat\\\/wp-content\\\/uploads\\\/2017\\\/09\\\/Logo-Accent-Social.jpg\",\"contentUrl\":\"https:\\\/\\\/www.accent-social.cat\\\/wp-content\\\/uploads\\\/2017\\\/09\\\/Logo-Accent-Social.jpg\",\"width\":512,\"height\":512,\"caption\":\"Accent Social\"},\"image\":{\"@id\":\"https:\\\/\\\/www.accent-social.cat\\\/#\\\/schema\\\/logo\\\/image\\\/\"},\"sameAs\":[\"https:\\\/\\\/www.facebook.com\\\/accentsocial\",\"https:\\\/\\\/x.com\\\/accentsocial_\",\"http:\\\/\\\/www.instagram.com\\\/accentsocial\",\"https:\\\/\\\/www.linkedin.com\\\/company\\\/accent-social\\\/\",\"https:\\\/\\\/www.crunchbase.com\\\/organization\\\/accent-social\",\"https:\\\/\\\/www.hotfrog.es\\\/empresa\\\/barcelona\\\/barcelona\\\/accent-social\",\"https:\\\/\\\/www.youtube.com\\\/channel\\\/UCBRsmX50gP0nPuAb5rPfr2g\"]},{\"@type\":\"Person\",\"@id\":\"https:\\\/\\\/www.accent-social.cat\\\/#\\\/schema\\\/person\\\/e3059313a7a9356d5dcb4adc2ee0396a\",\"name\":\"Accent Social\",\"image\":{\"@type\":\"ImageObject\",\"inLanguage\":\"es\",\"@id\":\"https:\\\/\\\/secure.gravatar.com\\\/avatar\\\/9a4d9b0c2bbfb1ff3da85e7195367fa23cc6b72e60b3092496806038fa837fc5?s=96&d=mm&r=g\",\"url\":\"https:\\\/\\\/secure.gravatar.com\\\/avatar\\\/9a4d9b0c2bbfb1ff3da85e7195367fa23cc6b72e60b3092496806038fa837fc5?s=96&d=mm&r=g\",\"contentUrl\":\"https:\\\/\\\/secure.gravatar.com\\\/avatar\\\/9a4d9b0c2bbfb1ff3da85e7195367fa23cc6b72e60b3092496806038fa837fc5?s=96&d=mm&r=g\",\"caption\":\"Accent Social\"}}]}<\/script>\n<!-- \/ Yoast SEO plugin. -->","yoast_head_json":{"title":"Equipamiento Integral Meridiana, buena gesti\u00f3n durante la crisis sanitaria","description":"La implicaci\u00f3n de profesionales y personas residentes en el Equipamiento Integral Meridiana han garantizado resultados de cero casos positivos por Covid-19","robots":{"index":"index","follow":"follow","max-snippet":"max-snippet:-1","max-image-preview":"max-image-preview:large","max-video-preview":"max-video-preview:-1"},"canonical":"https:\/\/www.accent-social.cat\/es\/equipamiento-integral-meridiana-un-ejemplo-mas-de-buena-gestion-durante-la-crisis-sanitaria\/","og_locale":"es_ES","og_type":"article","og_title":"Equipamiento Integral Meridiana, buena gesti\u00f3n durante la crisis sanitaria","og_description":"La implicaci\u00f3n de profesionales y personas residentes en el Equipamiento Integral Meridiana han garantizado resultados de cero casos positivos por Covid-19","og_url":"https:\/\/www.accent-social.cat\/es\/equipamiento-integral-meridiana-un-ejemplo-mas-de-buena-gestion-durante-la-crisis-sanitaria\/","og_site_name":"Accent Social | Serveis d&#039;Atenci\u00f3 Domicili\u00e0ria i centres per gent gran","article_publisher":"https:\/\/www.facebook.com\/accentsocial","article_published_time":"2020-07-08T14:55:22+00:00","article_modified_time":"2020-09-01T16:37:02+00:00","og_image":[{"width":840,"height":400,"url":"https:\/\/www.accent-social.cat\/wp-content\/uploads\/2020\/07\/Equipament-Integral-Meridiana-bona-gesti\u00f3-sanit\u00e0ria.jpg","type":"image\/jpeg"}],"author":"Accent Social","twitter_card":"summary_large_image","twitter_creator":"@accentsocial_","twitter_site":"@accentsocial_","twitter_misc":{"Escrito por":"Accent Social","Tiempo de lectura":"4 minutos"},"schema":{"@context":"https:\/\/schema.org","@graph":[{"@type":"Article","@id":"https:\/\/www.accent-social.cat\/es\/equipamiento-integral-meridiana-un-ejemplo-mas-de-buena-gestion-durante-la-crisis-sanitaria\/#article","isPartOf":{"@id":"https:\/\/www.accent-social.cat\/es\/equipamiento-integral-meridiana-un-ejemplo-mas-de-buena-gestion-durante-la-crisis-sanitaria\/"},"author":{"name":"Accent Social","@id":"https:\/\/www.accent-social.cat\/#\/schema\/person\/e3059313a7a9356d5dcb4adc2ee0396a"},"headline":"Equipamiento Integral Meridiana, un ejemplo m\u00e1s de buena gesti\u00f3n durante la crisis sanitaria","datePublished":"2020-07-08T14:55:22+00:00","dateModified":"2020-09-01T16:37:02+00:00","mainEntityOfPage":{"@id":"https:\/\/www.accent-social.cat\/es\/equipamiento-integral-meridiana-un-ejemplo-mas-de-buena-gestion-durante-la-crisis-sanitaria\/"},"wordCount":824,"publisher":{"@id":"https:\/\/www.accent-social.cat\/#organization"},"image":{"@id":"https:\/\/www.accent-social.cat\/es\/equipamiento-integral-meridiana-un-ejemplo-mas-de-buena-gestion-durante-la-crisis-sanitaria\/#primaryimage"},"thumbnailUrl":"https:\/\/www.accent-social.cat\/wp-content\/uploads\/2020\/07\/Equipament-Integral-Meridiana-bona-gesti\u00f3-sanit\u00e0ria.jpg","keywords":["Barcelona","covid19","CRAB Meridiana","Equipamiento Integral Meridiana","seguridad"],"articleSection":["Residencias","Viviendas con servicios"],"inLanguage":"es"},{"@type":"WebPage","@id":"https:\/\/www.accent-social.cat\/es\/equipamiento-integral-meridiana-un-ejemplo-mas-de-buena-gestion-durante-la-crisis-sanitaria\/","url":"https:\/\/www.accent-social.cat\/es\/equipamiento-integral-meridiana-un-ejemplo-mas-de-buena-gestion-durante-la-crisis-sanitaria\/","name":"Equipamiento Integral Meridiana, buena gesti\u00f3n durante la crisis sanitaria","isPartOf":{"@id":"https:\/\/www.accent-social.cat\/#website"},"primaryImageOfPage":{"@id":"https:\/\/www.accent-social.cat\/es\/equipamiento-integral-meridiana-un-ejemplo-mas-de-buena-gestion-durante-la-crisis-sanitaria\/#primaryimage"},"image":{"@id":"https:\/\/www.accent-social.cat\/es\/equipamiento-integral-meridiana-un-ejemplo-mas-de-buena-gestion-durante-la-crisis-sanitaria\/#primaryimage"},"thumbnailUrl":"https:\/\/www.accent-social.cat\/wp-content\/uploads\/2020\/07\/Equipament-Integral-Meridiana-bona-gesti\u00f3-sanit\u00e0ria.jpg","datePublished":"2020-07-08T14:55:22+00:00","dateModified":"2020-09-01T16:37:02+00:00","description":"La implicaci\u00f3n de profesionales y personas residentes en el Equipamiento Integral Meridiana han garantizado resultados de cero casos positivos por Covid-19","breadcrumb":{"@id":"https:\/\/www.accent-social.cat\/es\/equipamiento-integral-meridiana-un-ejemplo-mas-de-buena-gestion-durante-la-crisis-sanitaria\/#breadcrumb"},"inLanguage":"es","potentialAction":[{"@type":"ReadAction","target":["https:\/\/www.accent-social.cat\/es\/equipamiento-integral-meridiana-un-ejemplo-mas-de-buena-gestion-durante-la-crisis-sanitaria\/"]}]},{"@type":"ImageObject","inLanguage":"es","@id":"https:\/\/www.accent-social.cat\/es\/equipamiento-integral-meridiana-un-ejemplo-mas-de-buena-gestion-durante-la-crisis-sanitaria\/#primaryimage","url":"https:\/\/www.accent-social.cat\/wp-content\/uploads\/2020\/07\/Equipament-Integral-Meridiana-bona-gesti\u00f3-sanit\u00e0ria.jpg","contentUrl":"https:\/\/www.accent-social.cat\/wp-content\/uploads\/2020\/07\/Equipament-Integral-Meridiana-bona-gesti\u00f3-sanit\u00e0ria.jpg","width":840,"height":400,"caption":"Equipament Integral Meridiana, bona gesti\u00f3 sanit\u00e0ria"},{"@type":"BreadcrumbList","@id":"https:\/\/www.accent-social.cat\/es\/equipamiento-integral-meridiana-un-ejemplo-mas-de-buena-gestion-durante-la-crisis-sanitaria\/#breadcrumb","itemListElement":[{"@type":"ListItem","position":1,"name":"Inici","item":"https:\/\/www.accent-social.cat\/es\/"},{"@type":"ListItem","position":2,"name":"Equipamiento Integral Meridiana, un ejemplo m\u00e1s de buena gesti\u00f3n durante la crisis sanitaria"}]},{"@type":"WebSite","@id":"https:\/\/www.accent-social.cat\/#website","url":"https:\/\/www.accent-social.cat\/","name":"Accent Social | Serveis d'Atenci\u00f3 Domicili\u00e0ria (SAD) i centres col\u00b7lectius","description":"Serveis d&#039;Atenci\u00f3 Domicili\u00e0ria i centres de dia a Barcelona. Gesti\u00f3 de serveis socials i per a la gent gran.","publisher":{"@id":"https:\/\/www.accent-social.cat\/#organization"},"potentialAction":[{"@type":"SearchAction","target":{"@type":"EntryPoint","urlTemplate":"https:\/\/www.accent-social.cat\/?s={search_term_string}"},"query-input":{"@type":"PropertyValueSpecification","valueRequired":true,"valueName":"search_term_string"}}],"inLanguage":"es"},{"@type":"Organization","@id":"https:\/\/www.accent-social.cat\/#organization","name":"Accent Social","url":"https:\/\/www.accent-social.cat\/","logo":{"@type":"ImageObject","inLanguage":"es","@id":"https:\/\/www.accent-social.cat\/#\/schema\/logo\/image\/","url":"https:\/\/www.accent-social.cat\/wp-content\/uploads\/2017\/09\/Logo-Accent-Social.jpg","contentUrl":"https:\/\/www.accent-social.cat\/wp-content\/uploads\/2017\/09\/Logo-Accent-Social.jpg","width":512,"height":512,"caption":"Accent Social"},"image":{"@id":"https:\/\/www.accent-social.cat\/#\/schema\/logo\/image\/"},"sameAs":["https:\/\/www.facebook.com\/accentsocial","https:\/\/x.com\/accentsocial_","http:\/\/www.instagram.com\/accentsocial","https:\/\/www.linkedin.com\/company\/accent-social\/","https:\/\/www.crunchbase.com\/organization\/accent-social","https:\/\/www.hotfrog.es\/empresa\/barcelona\/barcelona\/accent-social","https:\/\/www.youtube.com\/channel\/UCBRsmX50gP0nPuAb5rPfr2g"]},{"@type":"Person","@id":"https:\/\/www.accent-social.cat\/#\/schema\/person\/e3059313a7a9356d5dcb4adc2ee0396a","name":"Accent Social","image":{"@type":"ImageObject","inLanguage":"es","@id":"https:\/\/secure.gravatar.com\/avatar\/9a4d9b0c2bbfb1ff3da85e7195367fa23cc6b72e60b3092496806038fa837fc5?s=96&d=mm&r=g","url":"https:\/\/secure.gravatar.com\/avatar\/9a4d9b0c2bbfb1ff3da85e7195367fa23cc6b72e60b3092496806038fa837fc5?s=96&d=mm&r=g","contentUrl":"https:\/\/secure.gravatar.com\/avatar\/9a4d9b0c2bbfb1ff3da85e7195367fa23cc6b72e60b3092496806038fa837fc5?s=96&d=mm&r=g","caption":"Accent Social"}}]}},"_links":{"self":[{"href":"https:\/\/www.accent-social.cat\/es\/wp-json\/wp\/v2\/posts\/12936","targetHints":{"allow":["GET"]}}],"collection":[{"href":"https:\/\/www.accent-social.cat\/es\/wp-json\/wp\/v2\/posts"}],"about":[{"href":"https:\/\/www.accent-social.cat\/es\/wp-json\/wp\/v2\/types\/post"}],"author":[{"embeddable":true,"href":"https:\/\/www.accent-social.cat\/es\/wp-json\/wp\/v2\/users\/1"}],"replies":[{"embeddable":true,"href":"https:\/\/www.accent-social.cat\/es\/wp-json\/wp\/v2\/comments?post=12936"}],"version-history":[{"count":4,"href":"https:\/\/www.accent-social.cat\/es\/wp-json\/wp\/v2\/posts\/12936\/revisions"}],"predecessor-version":[{"id":13010,"href":"https:\/\/www.accent-social.cat\/es\/wp-json\/wp\/v2\/posts\/12936\/revisions\/13010"}],"wp:featuredmedia":[{"embeddable":true,"href":"https:\/\/www.accent-social.cat\/es\/wp-json\/wp\/v2\/media\/12927"}],"wp:attachment":[{"href":"https:\/\/www.accent-social.cat\/es\/wp-json\/wp\/v2\/media?parent=12936"}],"wp:term":[{"taxonomy":"category","embeddable":true,"href":"https:\/\/www.accent-social.cat\/es\/wp-json\/wp\/v2\/categories?post=12936"},{"taxonomy":"post_tag","embeddable":true,"href":"https:\/\/www.accent-social.cat\/es\/wp-json\/wp\/v2\/tags?post=12936"}],"curies":[{"name":"wp","href":"https:\/\/api.w.org\/{rel}","templated":true}]}}