{"id":12640,"date":"2020-02-24T00:10:44","date_gmt":"2020-02-23T23:10:44","guid":{"rendered":"https:\/\/www.accent-social.cat\/?p=12640"},"modified":"2020-03-05T10:27:14","modified_gmt":"2020-03-05T09:27:14","slug":"psicologia-centros-personas-mayores","status":"publish","type":"post","link":"https:\/\/www.accent-social.cat\/es\/psicologia-centros-personas-mayores\/","title":{"rendered":"Psicolog\u00eda en centros para personas mayores: Entrevista a Christopher Yeste"},"content":{"rendered":"<h3>Con motivo de la celebraci\u00f3n del D\u00eda de la Psicolog\u00eda en Espa\u00f1a, en Accent Social hemos querido acercar y poner en valor el trabajo que hace el equipo de psic\u00f3logos de nuestros centros.<\/h3>\n<p>Lo hacemos a trav\u00e9s de la experiencia de Christopher Yeste, psic\u00f3logo de la Residencia Josep Miracle de Barcelona.<\/p>\n<p>Yeste es psic\u00f3logo especialista en neuropsicolog\u00eda, campo de la psicolog\u00eda que estudia, investiga, eval\u00faa y trata enfermedades que encuentran su base en disfunciones y lesiones del sistema nervioso. Lleva poco m\u00e1s de 4 meses en el <a href=\"http:\/\/serveisoberts.gencat.cat\/equipaments\/416575\" target=\"_blank\" rel=\"noopener\"><strong>Equipamiento para Personas Mayores Josep Miracle<\/strong><\/a>\u00a0y asegura que la escucha activa, la empat\u00eda y la capacidad de observaci\u00f3n y empat\u00eda son las competencias que mejor representan su trabajo en la residencia. Christopher Yeste nos explica su experiencia.<\/p>\n<hr class=\" hr_color\" style=\"margin:0 auto 30px;\"\/>\n\n<h3>\u00bfPor qu\u00e9 decidiste dedicarte a la psicolog\u00eda en el \u00e1mbito de las personas mayores?<\/h3>\n<p>-Hace tiempo estuve en el servicio de neuropsicolog\u00eda del <strong><a href=\"https:\/\/www.csi.cat\/ciutadans\/centres\/hospital-moises-broggi\/\" target=\"_blank\" rel=\"noopener\">Hospital Mois\u00e9s Broggi<\/a>,<\/strong>\u00a0donde tuve la suerte de vivir la experiencia de\u00a0<strong>trabajar con todo tipo de enfermedades neurodegenerativas y deterioros cognitivos<\/strong>\u00a0con un p\u00fablico de avanzada edad. Esto me despert\u00f3 el inter\u00e9s en este \u00e1mbito, ya que percib\u00ed que muchas de estas enfermedades se dan casi siempre en la gente mayor.<\/p>\n<p>Adem\u00e1s, tengo la sensaci\u00f3n personal que son un p\u00fablico que, m\u00e1s all\u00e1 de la adherencia terap\u00e9utica que puedan tener, <strong>se muestran sinceros y transparentes a la hora de ser evaluados<\/strong> o en el momento de trabajar en alg\u00fan programa de intervenci\u00f3n, lo que ayuda a tener un feedback constante para poder mejorar y crecer como profesional.<\/p>\n<hr class=\" hr_color\" style=\"margin:0 auto 30px;\"\/>\n\n<h3>\u00bfCu\u00e1les son tus funciones como psic\u00f3logo del Equipamiento Josep Miracle?<\/h3>\n<p>En el Equipamiento Josep Miracle, una de mis funciones es la evaluaci\u00f3n de las personas residentes, en el momento de su incorporaci\u00f3n a la residencia pero tambi\u00e9n de forma peri\u00f3dica. Hago <strong>seguimiento, cada seis meses, a las personas usuarias<\/strong> para poder observar si se est\u00e1 produciendo alg\u00fan tipo de deterioro cognitivo o si conseguimos mantener un envejecimiento normal en la persona residente.<\/p>\n<p>Adem\u00e1s, en relaci\u00f3n con la funci\u00f3n anterior, me encargo de establecer y llevar a cabo <strong>programas de intervenci\u00f3n individuales<\/strong> ajustados a las necesidades de cada persona, de la misma manera que de ofrecer apoyo a los familiares que lo puedan necesitar.<\/p>\n<p>A escala de equipo, realizamos constantes reuniones interdisciplinarias para tener un <strong>intercambio de informaci\u00f3n permanente entre profesionales<\/strong> y establecer una buena comunicaci\u00f3n que permita que la vida de las personas sea lo m\u00e1s f\u00e1cil y c\u00f3moda posible.<\/p>\n<p>Tambi\u00e9n realizamos <strong>actividades grupales<\/strong>, conjuntamente con las otras \u00e1reas del equipo t\u00e9cnico y los profesionales de la vida cotidiana, que est\u00e1n destinadas a la <strong>mejora y mantenimiento de la independencia<\/strong> y las funciones cognitivas de las personas.<\/p>\n<p>En el caso de <strong>trastornos de conducta espec\u00edficos<\/strong> de las personas usuarias de la residencia, se establecen unos protocolos y pautas de actuaci\u00f3n que se ponen en com\u00fan con el resto de profesionales del equipamiento.<\/p>\n<hr class=\" hr_color\" style=\"margin:0 auto 30px;\"\/>\n\n<h3>\u00bfQu\u00e9 tareas llevas a cabo en cuanto a la atenci\u00f3n centrada en la persona (ACP)?<\/h3>\n<p>La labor principal y conjunta de todos los profesionales es la de <strong>conocer la historia de vida, las preferencias y costumbres de los usuarios<\/strong>, escuchando y teniendo en cuenta sus necesidades, a fin de adaptar nuestro trabajo a su d\u00eda a d\u00eda y que puedan continuar su vida dentro del equipamiento con un proyecto vital activo.<\/p>\n<p>De manera individual, me encargo de establecer planes de tratamiento, en caso de que sean necesarios, y sobre todo, de <strong>velar por el bienestar emocional de las personas<\/strong>. En el caso de nuevas incorporaciones, se lleva a cabo una evaluaci\u00f3n y apoyo en la adaptaci\u00f3n al equipamiento.<\/p>\n<hr class=\" hr_color\" style=\"margin:0 auto 30px;\"\/>\n\n<h3>\u00bfQu\u00e9 ha aportado de nuevo la ACP en las residencias?<\/h3>\n<p>Creo que es un modelo que marca un antes y un despu\u00e9s, con cambios significativos, dado que <strong>se priorizan las preferencias de las personas, sus costumbres, sus gustos, sus necesidades, etc.<\/strong> Esto, adem\u00e1s, favorece el trabajo en equipo de los profesionales del centro, que debemos compartir tareas y colaborar con el fin de adaptar lo m\u00e1ximo posible el centro a la persona y no al rev\u00e9s.<br \/>\n<hr class=\" hr_color\" style=\"margin:0 auto 30px;\"\/>\n<\/p>\n<h3>Hay alguna iniciativa innovadora o metodolog\u00eda que hayas aplicado o que te gustar\u00eda aplicar que supusiera un cambio?<\/h3>\n<p>Las personas mayores son uno de los grupos de edad m\u00e1s afectados por la llamada brecha digital, la desigualdad provocada por la llegada de la sociedad de la informaci\u00f3n, el acceso a internet y las tecnolog\u00edas de la informaci\u00f3n y la comunicaci\u00f3n (TIC).<\/p>\n<p>Por ello, desde el <strong><a href=\"https:\/\/www.accent-social.cat\/tag\/josep-miracle\/\">Equipamiento Josep Miracle<\/a><\/strong>, estamos implementando un programa de entrenamiento cognitivo que se encarga de trabajar diferentes funciones como la memoria, la atenci\u00f3n, el c\u00e1lculo, el lenguaje y la capacidad visuoespacial, interactuando con apps a trav\u00e9s de tabletas electr\u00f3nicas.<\/p>\n<p>Con estas actividades, adem\u00e1s de realizar los ejercicios destinados al mantenimiento cognitivo, <strong>rompemos la barrera entre la tecnolog\u00eda y la gente mayor<\/strong>, promoviendo que sean conscientes de c\u00f3mo avanza la sociedad y demostrando que el equipamiento no se queda atr\u00e1s.<\/p>\n<p>Desde Accent Social queremos resaltar el trabajo de todos los profesionales del \u00e1mbito de la psicolog\u00eda que, con un trato cercano, trabajan bajo la premisa de centrar la atenci\u00f3n en la persona. <strong>La empat\u00eda y la visi\u00f3n integradora con las que afrontan las personas psic\u00f3logas<\/strong> de nuestros equipamientos, cada interacci\u00f3n con los usuarios, nos enorgullece profundamente, hoy y todos los d\u00edas.<\/p>\n<p>Por \u00faltimo, agradecer la predisposici\u00f3n de Christopher Yeste, psic\u00f3logo de la residencia Josep Miracle, para acercarnos a esta profesi\u00f3n.<br \/>\n&nbsp;<\/p>\n<div class=\"infobox\" ><div class=\"infobox_wrapper\"><span class=\"ib-desc\">Estamos implementando un programa de entrenamiento cognitivo que se encarga de trabajar diferentes funciones, como son la memoria, la atenci\u00f3n, el c\u00e1lculo, el lenguaje y la capacidad visuoespacial, interactuando con apps mediante tabletas electr\u00f3nicas.<\/span><\/div><\/div>\n\n<p>&nbsp;<\/p>\n<p>&nbsp;<\/p>\n","protected":false},"excerpt":{"rendered":"<p>Con motivo del D\u00eda de la Psicolog\u00eda, en Accent Social hemos querido poner en valor el trabajo realizado por el equipo de psic\u00f3logos\/as en los centros para personas mayores.<\/p>\n","protected":false},"author":1,"featured_media":12647,"comment_status":"closed","ping_status":"open","sticky":false,"template":"","format":"standard","meta":{"footnotes":""},"categories":[235,173],"tags":[535,538,239,537,543],"class_list":["post-12640","post","type-post","status-publish","format-standard","has-post-thumbnail","hentry","category-residencias","category-viviendas-con-servicios","tag-acp-es","tag-atencion-centrada-en-la-persona","tag-gente-mayor","tag-historial-de-vida-es","tag-resid"],"yoast_head":"<!-- This site is optimized with the Yoast SEO plugin v27.5 - https:\/\/yoast.com\/product\/yoast-seo-wordpress\/ -->\n<title>Psicolog\u00eda en centros para personas mayores: Entrevista a Christopher Yeste<\/title>\n<meta name=\"description\" content=\"En el D\u00eda de la Psicolog\u00eda, Accent Social queremos poner en valor el trabajo realizado por el equipo de psic\u00f3logos\/as en los centros para personas mayores.\" \/>\n<meta name=\"robots\" content=\"index, follow, max-snippet:-1, max-image-preview:large, max-video-preview:-1\" \/>\n<link rel=\"canonical\" href=\"https:\/\/www.accent-social.cat\/es\/psicologia-centros-personas-mayores\/\" \/>\n<meta property=\"og:locale\" content=\"es_ES\" \/>\n<meta property=\"og:type\" content=\"article\" \/>\n<meta property=\"og:title\" content=\"Psicolog\u00eda en centros para personas mayores: Entrevista a Christopher Yeste\" \/>\n<meta property=\"og:description\" content=\"En el D\u00eda de la Psicolog\u00eda, Accent Social queremos poner en valor el trabajo realizado por el equipo de psic\u00f3logos\/as en los centros para personas mayores.\" \/>\n<meta property=\"og:url\" content=\"https:\/\/www.accent-social.cat\/es\/psicologia-centros-personas-mayores\/\" \/>\n<meta property=\"og:site_name\" content=\"Accent Social | Serveis d&#039;Atenci\u00f3 Domicili\u00e0ria i centres per gent gran\" \/>\n<meta property=\"article:publisher\" content=\"https:\/\/www.facebook.com\/accentsocial\" \/>\n<meta property=\"article:published_time\" content=\"2020-02-23T23:10:44+00:00\" \/>\n<meta property=\"article:modified_time\" content=\"2020-03-05T09:27:14+00:00\" \/>\n<meta property=\"og:image\" content=\"https:\/\/www.accent-social.cat\/wp-content\/uploads\/2020\/02\/D\u00eda-de-la-psicolog\u00eda-en-centros-para-personas-mayores.jpg\" \/>\n\t<meta property=\"og:image:width\" content=\"840\" \/>\n\t<meta property=\"og:image:height\" content=\"400\" \/>\n\t<meta property=\"og:image:type\" content=\"image\/jpeg\" \/>\n<meta name=\"author\" content=\"Accent Social\" \/>\n<meta name=\"twitter:card\" content=\"summary_large_image\" \/>\n<meta name=\"twitter:creator\" content=\"@accentsocial_\" \/>\n<meta name=\"twitter:site\" content=\"@accentsocial_\" \/>\n<meta name=\"twitter:label1\" content=\"Escrito por\" \/>\n\t<meta name=\"twitter:data1\" content=\"Accent Social\" \/>\n\t<meta name=\"twitter:label2\" content=\"Tiempo de lectura\" \/>\n\t<meta name=\"twitter:data2\" content=\"5 minutos\" \/>\n<script type=\"application\/ld+json\" class=\"yoast-schema-graph\">{\"@context\":\"https:\\\/\\\/schema.org\",\"@graph\":[{\"@type\":\"Article\",\"@id\":\"https:\\\/\\\/www.accent-social.cat\\\/es\\\/psicologia-centros-personas-mayores\\\/#article\",\"isPartOf\":{\"@id\":\"https:\\\/\\\/www.accent-social.cat\\\/es\\\/psicologia-centros-personas-mayores\\\/\"},\"author\":{\"name\":\"Accent Social\",\"@id\":\"https:\\\/\\\/www.accent-social.cat\\\/#\\\/schema\\\/person\\\/e3059313a7a9356d5dcb4adc2ee0396a\"},\"headline\":\"Psicolog\u00eda en centros para personas mayores: Entrevista a Christopher Yeste\",\"datePublished\":\"2020-02-23T23:10:44+00:00\",\"dateModified\":\"2020-03-05T09:27:14+00:00\",\"mainEntityOfPage\":{\"@id\":\"https:\\\/\\\/www.accent-social.cat\\\/es\\\/psicologia-centros-personas-mayores\\\/\"},\"wordCount\":1070,\"publisher\":{\"@id\":\"https:\\\/\\\/www.accent-social.cat\\\/#organization\"},\"image\":{\"@id\":\"https:\\\/\\\/www.accent-social.cat\\\/es\\\/psicologia-centros-personas-mayores\\\/#primaryimage\"},\"thumbnailUrl\":\"https:\\\/\\\/www.accent-social.cat\\\/wp-content\\\/uploads\\\/2020\\\/02\\\/D\u00eda-de-la-psicolog\u00eda-en-centros-para-personas-mayores.jpg\",\"keywords\":[\"ACP\",\"atenci\u00f3n centrada en la persona\",\"gente mayor\",\"historial de vida\",\"resid\"],\"articleSection\":[\"Residencias\",\"Viviendas con servicios\"],\"inLanguage\":\"es\"},{\"@type\":\"WebPage\",\"@id\":\"https:\\\/\\\/www.accent-social.cat\\\/es\\\/psicologia-centros-personas-mayores\\\/\",\"url\":\"https:\\\/\\\/www.accent-social.cat\\\/es\\\/psicologia-centros-personas-mayores\\\/\",\"name\":\"Psicolog\u00eda en centros para personas mayores: Entrevista a Christopher Yeste\",\"isPartOf\":{\"@id\":\"https:\\\/\\\/www.accent-social.cat\\\/#website\"},\"primaryImageOfPage\":{\"@id\":\"https:\\\/\\\/www.accent-social.cat\\\/es\\\/psicologia-centros-personas-mayores\\\/#primaryimage\"},\"image\":{\"@id\":\"https:\\\/\\\/www.accent-social.cat\\\/es\\\/psicologia-centros-personas-mayores\\\/#primaryimage\"},\"thumbnailUrl\":\"https:\\\/\\\/www.accent-social.cat\\\/wp-content\\\/uploads\\\/2020\\\/02\\\/D\u00eda-de-la-psicolog\u00eda-en-centros-para-personas-mayores.jpg\",\"datePublished\":\"2020-02-23T23:10:44+00:00\",\"dateModified\":\"2020-03-05T09:27:14+00:00\",\"description\":\"En el D\u00eda de la Psicolog\u00eda, Accent Social queremos poner en valor el trabajo realizado por el equipo de psic\u00f3logos\\\/as en los centros para personas mayores.\",\"breadcrumb\":{\"@id\":\"https:\\\/\\\/www.accent-social.cat\\\/es\\\/psicologia-centros-personas-mayores\\\/#breadcrumb\"},\"inLanguage\":\"es\",\"potentialAction\":[{\"@type\":\"ReadAction\",\"target\":[\"https:\\\/\\\/www.accent-social.cat\\\/es\\\/psicologia-centros-personas-mayores\\\/\"]}]},{\"@type\":\"ImageObject\",\"inLanguage\":\"es\",\"@id\":\"https:\\\/\\\/www.accent-social.cat\\\/es\\\/psicologia-centros-personas-mayores\\\/#primaryimage\",\"url\":\"https:\\\/\\\/www.accent-social.cat\\\/wp-content\\\/uploads\\\/2020\\\/02\\\/D\u00eda-de-la-psicolog\u00eda-en-centros-para-personas-mayores.jpg\",\"contentUrl\":\"https:\\\/\\\/www.accent-social.cat\\\/wp-content\\\/uploads\\\/2020\\\/02\\\/D\u00eda-de-la-psicolog\u00eda-en-centros-para-personas-mayores.jpg\",\"width\":840,\"height\":400,\"caption\":\"D\u00eda de la psicolog\u00eda en centros para personas mayores\"},{\"@type\":\"BreadcrumbList\",\"@id\":\"https:\\\/\\\/www.accent-social.cat\\\/es\\\/psicologia-centros-personas-mayores\\\/#breadcrumb\",\"itemListElement\":[{\"@type\":\"ListItem\",\"position\":1,\"name\":\"Inici\",\"item\":\"https:\\\/\\\/www.accent-social.cat\\\/es\\\/\"},{\"@type\":\"ListItem\",\"position\":2,\"name\":\"Psicolog\u00eda en centros para personas mayores: Entrevista a Christopher Yeste\"}]},{\"@type\":\"WebSite\",\"@id\":\"https:\\\/\\\/www.accent-social.cat\\\/#website\",\"url\":\"https:\\\/\\\/www.accent-social.cat\\\/\",\"name\":\"Accent Social | Serveis d'Atenci\u00f3 Domicili\u00e0ria (SAD) i centres col\u00b7lectius\",\"description\":\"Serveis d&#039;Atenci\u00f3 Domicili\u00e0ria i centres de dia a Barcelona. Gesti\u00f3 de serveis socials i per a la gent gran.\",\"publisher\":{\"@id\":\"https:\\\/\\\/www.accent-social.cat\\\/#organization\"},\"potentialAction\":[{\"@type\":\"SearchAction\",\"target\":{\"@type\":\"EntryPoint\",\"urlTemplate\":\"https:\\\/\\\/www.accent-social.cat\\\/?s={search_term_string}\"},\"query-input\":{\"@type\":\"PropertyValueSpecification\",\"valueRequired\":true,\"valueName\":\"search_term_string\"}}],\"inLanguage\":\"es\"},{\"@type\":\"Organization\",\"@id\":\"https:\\\/\\\/www.accent-social.cat\\\/#organization\",\"name\":\"Accent Social\",\"url\":\"https:\\\/\\\/www.accent-social.cat\\\/\",\"logo\":{\"@type\":\"ImageObject\",\"inLanguage\":\"es\",\"@id\":\"https:\\\/\\\/www.accent-social.cat\\\/#\\\/schema\\\/logo\\\/image\\\/\",\"url\":\"https:\\\/\\\/www.accent-social.cat\\\/wp-content\\\/uploads\\\/2017\\\/09\\\/Logo-Accent-Social.jpg\",\"contentUrl\":\"https:\\\/\\\/www.accent-social.cat\\\/wp-content\\\/uploads\\\/2017\\\/09\\\/Logo-Accent-Social.jpg\",\"width\":512,\"height\":512,\"caption\":\"Accent Social\"},\"image\":{\"@id\":\"https:\\\/\\\/www.accent-social.cat\\\/#\\\/schema\\\/logo\\\/image\\\/\"},\"sameAs\":[\"https:\\\/\\\/www.facebook.com\\\/accentsocial\",\"https:\\\/\\\/x.com\\\/accentsocial_\",\"http:\\\/\\\/www.instagram.com\\\/accentsocial\",\"https:\\\/\\\/www.linkedin.com\\\/company\\\/accent-social\\\/\",\"https:\\\/\\\/www.crunchbase.com\\\/organization\\\/accent-social\",\"https:\\\/\\\/www.hotfrog.es\\\/empresa\\\/barcelona\\\/barcelona\\\/accent-social\",\"https:\\\/\\\/www.youtube.com\\\/channel\\\/UCBRsmX50gP0nPuAb5rPfr2g\"]},{\"@type\":\"Person\",\"@id\":\"https:\\\/\\\/www.accent-social.cat\\\/#\\\/schema\\\/person\\\/e3059313a7a9356d5dcb4adc2ee0396a\",\"name\":\"Accent Social\",\"image\":{\"@type\":\"ImageObject\",\"inLanguage\":\"es\",\"@id\":\"https:\\\/\\\/secure.gravatar.com\\\/avatar\\\/9a4d9b0c2bbfb1ff3da85e7195367fa23cc6b72e60b3092496806038fa837fc5?s=96&d=mm&r=g\",\"url\":\"https:\\\/\\\/secure.gravatar.com\\\/avatar\\\/9a4d9b0c2bbfb1ff3da85e7195367fa23cc6b72e60b3092496806038fa837fc5?s=96&d=mm&r=g\",\"contentUrl\":\"https:\\\/\\\/secure.gravatar.com\\\/avatar\\\/9a4d9b0c2bbfb1ff3da85e7195367fa23cc6b72e60b3092496806038fa837fc5?s=96&d=mm&r=g\",\"caption\":\"Accent Social\"}}]}<\/script>\n<!-- \/ Yoast SEO plugin. -->","yoast_head_json":{"title":"Psicolog\u00eda en centros para personas mayores: Entrevista a Christopher Yeste","description":"En el D\u00eda de la Psicolog\u00eda, Accent Social queremos poner en valor el trabajo realizado por el equipo de psic\u00f3logos\/as en los centros para personas mayores.","robots":{"index":"index","follow":"follow","max-snippet":"max-snippet:-1","max-image-preview":"max-image-preview:large","max-video-preview":"max-video-preview:-1"},"canonical":"https:\/\/www.accent-social.cat\/es\/psicologia-centros-personas-mayores\/","og_locale":"es_ES","og_type":"article","og_title":"Psicolog\u00eda en centros para personas mayores: Entrevista a Christopher Yeste","og_description":"En el D\u00eda de la Psicolog\u00eda, Accent Social queremos poner en valor el trabajo realizado por el equipo de psic\u00f3logos\/as en los centros para personas mayores.","og_url":"https:\/\/www.accent-social.cat\/es\/psicologia-centros-personas-mayores\/","og_site_name":"Accent Social | Serveis d&#039;Atenci\u00f3 Domicili\u00e0ria i centres per gent gran","article_publisher":"https:\/\/www.facebook.com\/accentsocial","article_published_time":"2020-02-23T23:10:44+00:00","article_modified_time":"2020-03-05T09:27:14+00:00","og_image":[{"width":840,"height":400,"url":"https:\/\/www.accent-social.cat\/wp-content\/uploads\/2020\/02\/D\u00eda-de-la-psicolog\u00eda-en-centros-para-personas-mayores.jpg","type":"image\/jpeg"}],"author":"Accent Social","twitter_card":"summary_large_image","twitter_creator":"@accentsocial_","twitter_site":"@accentsocial_","twitter_misc":{"Escrito por":"Accent Social","Tiempo de lectura":"5 minutos"},"schema":{"@context":"https:\/\/schema.org","@graph":[{"@type":"Article","@id":"https:\/\/www.accent-social.cat\/es\/psicologia-centros-personas-mayores\/#article","isPartOf":{"@id":"https:\/\/www.accent-social.cat\/es\/psicologia-centros-personas-mayores\/"},"author":{"name":"Accent Social","@id":"https:\/\/www.accent-social.cat\/#\/schema\/person\/e3059313a7a9356d5dcb4adc2ee0396a"},"headline":"Psicolog\u00eda en centros para personas mayores: Entrevista a Christopher Yeste","datePublished":"2020-02-23T23:10:44+00:00","dateModified":"2020-03-05T09:27:14+00:00","mainEntityOfPage":{"@id":"https:\/\/www.accent-social.cat\/es\/psicologia-centros-personas-mayores\/"},"wordCount":1070,"publisher":{"@id":"https:\/\/www.accent-social.cat\/#organization"},"image":{"@id":"https:\/\/www.accent-social.cat\/es\/psicologia-centros-personas-mayores\/#primaryimage"},"thumbnailUrl":"https:\/\/www.accent-social.cat\/wp-content\/uploads\/2020\/02\/D\u00eda-de-la-psicolog\u00eda-en-centros-para-personas-mayores.jpg","keywords":["ACP","atenci\u00f3n centrada en la persona","gente mayor","historial de vida","resid"],"articleSection":["Residencias","Viviendas con servicios"],"inLanguage":"es"},{"@type":"WebPage","@id":"https:\/\/www.accent-social.cat\/es\/psicologia-centros-personas-mayores\/","url":"https:\/\/www.accent-social.cat\/es\/psicologia-centros-personas-mayores\/","name":"Psicolog\u00eda en centros para personas mayores: Entrevista a Christopher Yeste","isPartOf":{"@id":"https:\/\/www.accent-social.cat\/#website"},"primaryImageOfPage":{"@id":"https:\/\/www.accent-social.cat\/es\/psicologia-centros-personas-mayores\/#primaryimage"},"image":{"@id":"https:\/\/www.accent-social.cat\/es\/psicologia-centros-personas-mayores\/#primaryimage"},"thumbnailUrl":"https:\/\/www.accent-social.cat\/wp-content\/uploads\/2020\/02\/D\u00eda-de-la-psicolog\u00eda-en-centros-para-personas-mayores.jpg","datePublished":"2020-02-23T23:10:44+00:00","dateModified":"2020-03-05T09:27:14+00:00","description":"En el D\u00eda de la Psicolog\u00eda, Accent Social queremos poner en valor el trabajo realizado por el equipo de psic\u00f3logos\/as en los centros para personas mayores.","breadcrumb":{"@id":"https:\/\/www.accent-social.cat\/es\/psicologia-centros-personas-mayores\/#breadcrumb"},"inLanguage":"es","potentialAction":[{"@type":"ReadAction","target":["https:\/\/www.accent-social.cat\/es\/psicologia-centros-personas-mayores\/"]}]},{"@type":"ImageObject","inLanguage":"es","@id":"https:\/\/www.accent-social.cat\/es\/psicologia-centros-personas-mayores\/#primaryimage","url":"https:\/\/www.accent-social.cat\/wp-content\/uploads\/2020\/02\/D\u00eda-de-la-psicolog\u00eda-en-centros-para-personas-mayores.jpg","contentUrl":"https:\/\/www.accent-social.cat\/wp-content\/uploads\/2020\/02\/D\u00eda-de-la-psicolog\u00eda-en-centros-para-personas-mayores.jpg","width":840,"height":400,"caption":"D\u00eda de la psicolog\u00eda en centros para personas mayores"},{"@type":"BreadcrumbList","@id":"https:\/\/www.accent-social.cat\/es\/psicologia-centros-personas-mayores\/#breadcrumb","itemListElement":[{"@type":"ListItem","position":1,"name":"Inici","item":"https:\/\/www.accent-social.cat\/es\/"},{"@type":"ListItem","position":2,"name":"Psicolog\u00eda en centros para personas mayores: Entrevista a Christopher Yeste"}]},{"@type":"WebSite","@id":"https:\/\/www.accent-social.cat\/#website","url":"https:\/\/www.accent-social.cat\/","name":"Accent Social | Serveis d'Atenci\u00f3 Domicili\u00e0ria (SAD) i centres col\u00b7lectius","description":"Serveis d&#039;Atenci\u00f3 Domicili\u00e0ria i centres de dia a Barcelona. Gesti\u00f3 de serveis socials i per a la gent gran.","publisher":{"@id":"https:\/\/www.accent-social.cat\/#organization"},"potentialAction":[{"@type":"SearchAction","target":{"@type":"EntryPoint","urlTemplate":"https:\/\/www.accent-social.cat\/?s={search_term_string}"},"query-input":{"@type":"PropertyValueSpecification","valueRequired":true,"valueName":"search_term_string"}}],"inLanguage":"es"},{"@type":"Organization","@id":"https:\/\/www.accent-social.cat\/#organization","name":"Accent Social","url":"https:\/\/www.accent-social.cat\/","logo":{"@type":"ImageObject","inLanguage":"es","@id":"https:\/\/www.accent-social.cat\/#\/schema\/logo\/image\/","url":"https:\/\/www.accent-social.cat\/wp-content\/uploads\/2017\/09\/Logo-Accent-Social.jpg","contentUrl":"https:\/\/www.accent-social.cat\/wp-content\/uploads\/2017\/09\/Logo-Accent-Social.jpg","width":512,"height":512,"caption":"Accent Social"},"image":{"@id":"https:\/\/www.accent-social.cat\/#\/schema\/logo\/image\/"},"sameAs":["https:\/\/www.facebook.com\/accentsocial","https:\/\/x.com\/accentsocial_","http:\/\/www.instagram.com\/accentsocial","https:\/\/www.linkedin.com\/company\/accent-social\/","https:\/\/www.crunchbase.com\/organization\/accent-social","https:\/\/www.hotfrog.es\/empresa\/barcelona\/barcelona\/accent-social","https:\/\/www.youtube.com\/channel\/UCBRsmX50gP0nPuAb5rPfr2g"]},{"@type":"Person","@id":"https:\/\/www.accent-social.cat\/#\/schema\/person\/e3059313a7a9356d5dcb4adc2ee0396a","name":"Accent Social","image":{"@type":"ImageObject","inLanguage":"es","@id":"https:\/\/secure.gravatar.com\/avatar\/9a4d9b0c2bbfb1ff3da85e7195367fa23cc6b72e60b3092496806038fa837fc5?s=96&d=mm&r=g","url":"https:\/\/secure.gravatar.com\/avatar\/9a4d9b0c2bbfb1ff3da85e7195367fa23cc6b72e60b3092496806038fa837fc5?s=96&d=mm&r=g","contentUrl":"https:\/\/secure.gravatar.com\/avatar\/9a4d9b0c2bbfb1ff3da85e7195367fa23cc6b72e60b3092496806038fa837fc5?s=96&d=mm&r=g","caption":"Accent Social"}}]}},"_links":{"self":[{"href":"https:\/\/www.accent-social.cat\/es\/wp-json\/wp\/v2\/posts\/12640","targetHints":{"allow":["GET"]}}],"collection":[{"href":"https:\/\/www.accent-social.cat\/es\/wp-json\/wp\/v2\/posts"}],"about":[{"href":"https:\/\/www.accent-social.cat\/es\/wp-json\/wp\/v2\/types\/post"}],"author":[{"embeddable":true,"href":"https:\/\/www.accent-social.cat\/es\/wp-json\/wp\/v2\/users\/1"}],"replies":[{"embeddable":true,"href":"https:\/\/www.accent-social.cat\/es\/wp-json\/wp\/v2\/comments?post=12640"}],"version-history":[{"count":7,"href":"https:\/\/www.accent-social.cat\/es\/wp-json\/wp\/v2\/posts\/12640\/revisions"}],"predecessor-version":[{"id":12662,"href":"https:\/\/www.accent-social.cat\/es\/wp-json\/wp\/v2\/posts\/12640\/revisions\/12662"}],"wp:featuredmedia":[{"embeddable":true,"href":"https:\/\/www.accent-social.cat\/es\/wp-json\/wp\/v2\/media\/12647"}],"wp:attachment":[{"href":"https:\/\/www.accent-social.cat\/es\/wp-json\/wp\/v2\/media?parent=12640"}],"wp:term":[{"taxonomy":"category","embeddable":true,"href":"https:\/\/www.accent-social.cat\/es\/wp-json\/wp\/v2\/categories?post=12640"},{"taxonomy":"post_tag","embeddable":true,"href":"https:\/\/www.accent-social.cat\/es\/wp-json\/wp\/v2\/tags?post=12640"}],"curies":[{"name":"wp","href":"https:\/\/api.w.org\/{rel}","templated":true}]}}