{"id":12583,"date":"2020-01-30T12:04:04","date_gmt":"2020-01-30T11:04:04","guid":{"rendered":"https:\/\/www.accent-social.cat\/?p=12583"},"modified":"2020-02-11T12:16:44","modified_gmt":"2020-02-11T11:16:44","slug":"compromiso-sostenibilidad-medioambiente-rezero","status":"publish","type":"post","link":"https:\/\/www.accent-social.cat\/es\/compromiso-sostenibilidad-medioambiente-rezero\/","title":{"rendered":"Compromiso con la sostenibilidad y el medio ambiente: renovamos el convenio con Rezero"},"content":{"rendered":"<h3>Fruto del compromiso de Accent Social con la sostenibilidad y el medio ambiente, hemos renovado el convenio de colaboraci\u00f3n con la Fundaci\u00f3n para la Prevenci\u00f3n de Residuos y el Consumo Responsable, Rezero.<\/h3>\n<p><strong><a href=\"http:\/\/rezero.cat\/\" target=\"_blank\" rel=\"noopener\">Rezero<\/a><\/strong> es una entidad sin \u00e1nimo de lucro que tiene como finalidad promover actuaciones y pol\u00edticas activas para lograr modelos de producci\u00f3n y de consumo tendentes al <strong><a href=\"https:\/\/ajuntament.barcelona.cat\/ecologiaurbana\/ca\/residu-zero\" target=\"_blank\" rel=\"noopener\">Residuo Cero<\/a><\/strong>, sin materias t\u00f3xicas, ni productos fuera de uso, as\u00ed como fomentar la eficiencia y el ahorro de agua y de energ\u00eda.<\/p>\n<p>Desde <strong><a href=\"https:\/\/www.accent-social.cat\">Accent Social<\/a><\/strong> y mediante la firma del convenio, nos involucramos activamente para afrontar los problemas globales que afectan al medio ambiente. Apoyamos as\u00ed el desarrollo de programas y acciones de Rezero, que persiguen su protecci\u00f3n, al tiempo que fomentan una <strong>mayor concienciaci\u00f3n respecto del impacto de ciertos h\u00e1bitos<\/strong>.<\/p>\n<hr class=\" hr_color\" style=\"margin:0 auto 30px;\"\/>\n\n<h3>SOLUCIONES INNOVADORAS PARA LOS SERVICIOS DE ATENCI\u00d3N A LAS PERSONAS<\/h3>\n<p>La suscripci\u00f3n del convenio compromete a Rezero a generar soluciones innovadoras para que Accent Social las pueda llevar a cabo, mediante <strong>proyectos y programas espec\u00edficos en los servicios de atenci\u00f3n a las personas<\/strong>.<\/p>\n<p>En julio de 2018 se firm\u00f3 por primera vez un <strong><a href=\"https:\/\/www.accent-social.cat\/es\/tag\/rezero-residuos\/\">convenio de colaboraci\u00f3n entre Rezero y Accent Social<\/a><\/strong>. Los valores de Rezero, como son el rigor, la profesionalidad, la prelaci\u00f3n de la calidad, la innovaci\u00f3n o el trabajo en equipo se suman a los valores de Accent Social y enriquecen nuestra responsabilidad social.<\/p>\n<p>&nbsp;<\/p>\n<div class=\"infobox\" ><div class=\"infobox_wrapper\"><span class=\"ib-desc\">La sinergia entre ambas entidades, que se reafirma y fortalece con el tiempo, nos impulsa a seguir avanzando hacia el Residuo Cero.<\/span><\/div><\/div>\n\n<p>&nbsp;<br \/>\n\n\t\t\t<style type='text\/css'>\n\t\t\t\t#sc_gallery-1 {\n\t\t\t\t\tmargin: auto;\n\t\t\t\t}\n\t\t\t\t#sc_gallery-1 .gallery-item {\n\t\t\t\t\tfloat: left;\n\t\t\t\t\ttext-align: center;\n\t\t\t\t\twidth: 49.99%;\n\t\t\t\t}\n\t\t\t\t#sc_gallery-1 img {\n\t\t\t\t\tborder: 2px solid #cfcfcf;\n\t\t\t\t}\n\t\t\t\t\/* see sc_gallery() in functions\/theme-shortcodes.php *\/\n\t\t\t<\/style>\n\t\t<div id='sc_gallery-1' class='gallery galleryid-12583 gallery-columns-2 gallery-size-full file element_classes gallery-default'><dl class='gallery-item'  data-title='Sostenibilitat i Residu Zero als serveis d'atenci\u00f3 a les persones' data-description='Sostenibilitat i Residu Zero als serveis d'atenci\u00f3 a les persones'><div class='gallery-item-wrapper'>\n\t\t\t\t<dt class='gallery-icon landscape'>\n\t\t\t\t\t<a href='https:\/\/www.accent-social.cat\/wp-content\/uploads\/2020\/01\/Sostenibilitat-i-Residu-Zero-als-serveis-datenci\u00f3-a-les-persones.jpeg'><img loading=\"lazy\" decoding=\"async\" width=\"800\" height=\"600\" src=\"https:\/\/www.accent-social.cat\/wp-content\/uploads\/2020\/01\/Sostenibilitat-i-Residu-Zero-als-serveis-datenci\u00f3-a-les-persones.jpeg\" class=\"attachment-full size-full\" alt=\"Sostenibilitat i Residu Zero als serveis d&#039;atenci\u00f3 a les persones\" srcset=\"https:\/\/www.accent-social.cat\/wp-content\/uploads\/2020\/01\/Sostenibilitat-i-Residu-Zero-als-serveis-datenci\u00f3-a-les-persones.jpeg 800w, https:\/\/www.accent-social.cat\/wp-content\/uploads\/2020\/01\/Sostenibilitat-i-Residu-Zero-als-serveis-datenci\u00f3-a-les-persones-300x225.jpeg 300w, https:\/\/www.accent-social.cat\/wp-content\/uploads\/2020\/01\/Sostenibilitat-i-Residu-Zero-als-serveis-datenci\u00f3-a-les-persones-768x576.jpeg 768w, https:\/\/www.accent-social.cat\/wp-content\/uploads\/2020\/01\/Sostenibilitat-i-Residu-Zero-als-serveis-datenci\u00f3-a-les-persones-195x146.jpeg 195w, https:\/\/www.accent-social.cat\/wp-content\/uploads\/2020\/01\/Sostenibilitat-i-Residu-Zero-als-serveis-datenci\u00f3-a-les-persones-50x38.jpeg 50w, https:\/\/www.accent-social.cat\/wp-content\/uploads\/2020\/01\/Sostenibilitat-i-Residu-Zero-als-serveis-datenci\u00f3-a-les-persones-100x75.jpeg 100w\" sizes=\"auto, (max-width:767px) 480px, (max-width:800px) 100vw, 800px\" \/><\/a>\n\t\t\t\t<\/dt><\/div><\/dl><dl class='gallery-item'  data-title='Renovaci\u00f3 conveni Accent Social i Rezero per una societat Residu Zero' data-description='Renovaci\u00f3 conveni Accent Social i Rezero per una societat Residu Zero'><div class='gallery-item-wrapper'>\n\t\t\t\t<dt class='gallery-icon landscape'>\n\t\t\t\t\t<a href='https:\/\/www.accent-social.cat\/wp-content\/uploads\/2020\/01\/Renovaci\u00f3-conveni-Accent-Social-i-Rezero-per-una-societat-Residu-Zero.jpeg'><img loading=\"lazy\" decoding=\"async\" width=\"800\" height=\"600\" src=\"https:\/\/www.accent-social.cat\/wp-content\/uploads\/2020\/01\/Renovaci\u00f3-conveni-Accent-Social-i-Rezero-per-una-societat-Residu-Zero.jpeg\" class=\"attachment-full size-full\" alt=\"Renovaci\u00f3 conveni Accent Social i Rezero per una societat Residu Zero\" srcset=\"https:\/\/www.accent-social.cat\/wp-content\/uploads\/2020\/01\/Renovaci\u00f3-conveni-Accent-Social-i-Rezero-per-una-societat-Residu-Zero.jpeg 800w, https:\/\/www.accent-social.cat\/wp-content\/uploads\/2020\/01\/Renovaci\u00f3-conveni-Accent-Social-i-Rezero-per-una-societat-Residu-Zero-300x225.jpeg 300w, https:\/\/www.accent-social.cat\/wp-content\/uploads\/2020\/01\/Renovaci\u00f3-conveni-Accent-Social-i-Rezero-per-una-societat-Residu-Zero-768x576.jpeg 768w, https:\/\/www.accent-social.cat\/wp-content\/uploads\/2020\/01\/Renovaci\u00f3-conveni-Accent-Social-i-Rezero-per-una-societat-Residu-Zero-195x146.jpeg 195w, https:\/\/www.accent-social.cat\/wp-content\/uploads\/2020\/01\/Renovaci\u00f3-conveni-Accent-Social-i-Rezero-per-una-societat-Residu-Zero-50x38.jpeg 50w, https:\/\/www.accent-social.cat\/wp-content\/uploads\/2020\/01\/Renovaci\u00f3-conveni-Accent-Social-i-Rezero-per-una-societat-Residu-Zero-100x75.jpeg 100w\" sizes=\"auto, (max-width:767px) 480px, (max-width:800px) 100vw, 800px\" \/><\/a>\n\t\t\t\t<\/dt><\/div><\/dl><br style=\"clear: both\" \/>\n\t\t\t<\/div>\n<br \/>\n&nbsp;<\/p>\n","protected":false},"excerpt":{"rendered":"<p>Fruto del compromiso de Accent Social con la sostenibilidad y el medio ambiente, hemos renovado el convenio de colaboraci\u00f3n con Rezero.<\/p>\n","protected":false},"author":1,"featured_media":12556,"comment_status":"closed","ping_status":"open","sticky":false,"template":"","format":"standard","meta":{"footnotes":""},"categories":[359],"tags":[279,385,453,291,360,286,411],"class_list":["post-12583","post","type-post","status-publish","format-standard","has-post-thumbnail","hentry","category-proyectos","tag-accent-social-es","tag-atencion-domiciliaria","tag-proyecto-social","tag-responsabilidad-social","tag-rezero-residuos","tag-rsc-es","tag-servicios-a-las-personas"],"yoast_head":"<!-- This site is optimized with the Yoast SEO plugin v27.5 - https:\/\/yoast.com\/product\/yoast-seo-wordpress\/ -->\n<title>Compromiso con la sostenibilidad y el medio ambiente: convenio Rezero<\/title>\n<meta name=\"description\" content=\"Fruto del compromiso de Accent Social con la sostenibilidad y el medio ambiente, hemos renovado el convenio de colaboraci\u00f3n con Rezero.\" \/>\n<meta name=\"robots\" content=\"index, follow, max-snippet:-1, max-image-preview:large, max-video-preview:-1\" \/>\n<link rel=\"canonical\" href=\"https:\/\/www.accent-social.cat\/es\/compromiso-sostenibilidad-medioambiente-rezero\/\" \/>\n<meta property=\"og:locale\" content=\"es_ES\" \/>\n<meta property=\"og:type\" content=\"article\" \/>\n<meta property=\"og:title\" content=\"Compromiso con la sostenibilidad y el medio ambiente: convenio Rezero\" \/>\n<meta property=\"og:description\" content=\"Fruto del compromiso de Accent Social con la sostenibilidad y el medio ambiente, hemos renovado el convenio de colaboraci\u00f3n con Rezero.\" \/>\n<meta property=\"og:url\" content=\"https:\/\/www.accent-social.cat\/es\/compromiso-sostenibilidad-medioambiente-rezero\/\" \/>\n<meta property=\"og:site_name\" content=\"Accent Social | Serveis d&#039;Atenci\u00f3 Domicili\u00e0ria i centres per gent gran\" \/>\n<meta property=\"article:publisher\" content=\"https:\/\/www.facebook.com\/accentsocial\" \/>\n<meta property=\"article:published_time\" content=\"2020-01-30T11:04:04+00:00\" \/>\n<meta property=\"article:modified_time\" content=\"2020-02-11T11:16:44+00:00\" \/>\n<meta property=\"og:image\" content=\"https:\/\/www.accent-social.cat\/wp-content\/uploads\/2020\/01\/Comprom\u00eds-amb-sostenibilitat-i-medi-ambient-Accent-Social-i-Rezero-1.jpg\" \/>\n\t<meta property=\"og:image:width\" content=\"840\" \/>\n\t<meta property=\"og:image:height\" content=\"400\" \/>\n\t<meta property=\"og:image:type\" content=\"image\/jpeg\" \/>\n<meta name=\"author\" content=\"Accent Social\" \/>\n<meta name=\"twitter:card\" content=\"summary_large_image\" \/>\n<meta name=\"twitter:image\" content=\"https:\/\/www.accent-social.cat\/wp-content\/uploads\/2020\/01\/Comprom\u00eds-amb-sostenibilitat-i-medi-ambient-Accent-Social-i-Rezero-1.jpg\" \/>\n<meta name=\"twitter:creator\" content=\"@accentsocial_\" \/>\n<meta name=\"twitter:site\" content=\"@accentsocial_\" \/>\n<meta name=\"twitter:label1\" content=\"Escrito por\" \/>\n\t<meta name=\"twitter:data1\" content=\"Accent Social\" \/>\n\t<meta name=\"twitter:label2\" content=\"Tiempo de lectura\" \/>\n\t<meta name=\"twitter:data2\" content=\"1 minuto\" \/>\n<script type=\"application\/ld+json\" class=\"yoast-schema-graph\">{\"@context\":\"https:\\\/\\\/schema.org\",\"@graph\":[{\"@type\":\"Article\",\"@id\":\"https:\\\/\\\/www.accent-social.cat\\\/es\\\/compromiso-sostenibilidad-medioambiente-rezero\\\/#article\",\"isPartOf\":{\"@id\":\"https:\\\/\\\/www.accent-social.cat\\\/es\\\/compromiso-sostenibilidad-medioambiente-rezero\\\/\"},\"author\":{\"name\":\"Accent Social\",\"@id\":\"https:\\\/\\\/www.accent-social.cat\\\/#\\\/schema\\\/person\\\/e3059313a7a9356d5dcb4adc2ee0396a\"},\"headline\":\"Compromiso con la sostenibilidad y el medio ambiente: renovamos el convenio con Rezero\",\"datePublished\":\"2020-01-30T11:04:04+00:00\",\"dateModified\":\"2020-02-11T11:16:44+00:00\",\"mainEntityOfPage\":{\"@id\":\"https:\\\/\\\/www.accent-social.cat\\\/es\\\/compromiso-sostenibilidad-medioambiente-rezero\\\/\"},\"wordCount\":302,\"publisher\":{\"@id\":\"https:\\\/\\\/www.accent-social.cat\\\/#organization\"},\"image\":{\"@id\":\"https:\\\/\\\/www.accent-social.cat\\\/es\\\/compromiso-sostenibilidad-medioambiente-rezero\\\/#primaryimage\"},\"thumbnailUrl\":\"https:\\\/\\\/www.accent-social.cat\\\/wp-content\\\/uploads\\\/2020\\\/01\\\/Comprom\u00eds-amb-sostenibilitat-i-medi-ambient-Accent-Social-i-Rezero-1.jpg\",\"keywords\":[\"Accent Social\",\"atenci\u00f3n domiciliaria\",\"proyecto social\",\"responsabilidad social\",\"Rezero\",\"RSC\",\"servicios a las personas\"],\"articleSection\":[\"Proyectos\"],\"inLanguage\":\"es\"},{\"@type\":\"WebPage\",\"@id\":\"https:\\\/\\\/www.accent-social.cat\\\/es\\\/compromiso-sostenibilidad-medioambiente-rezero\\\/\",\"url\":\"https:\\\/\\\/www.accent-social.cat\\\/es\\\/compromiso-sostenibilidad-medioambiente-rezero\\\/\",\"name\":\"Compromiso con la sostenibilidad y el medio ambiente: convenio Rezero\",\"isPartOf\":{\"@id\":\"https:\\\/\\\/www.accent-social.cat\\\/#website\"},\"primaryImageOfPage\":{\"@id\":\"https:\\\/\\\/www.accent-social.cat\\\/es\\\/compromiso-sostenibilidad-medioambiente-rezero\\\/#primaryimage\"},\"image\":{\"@id\":\"https:\\\/\\\/www.accent-social.cat\\\/es\\\/compromiso-sostenibilidad-medioambiente-rezero\\\/#primaryimage\"},\"thumbnailUrl\":\"https:\\\/\\\/www.accent-social.cat\\\/wp-content\\\/uploads\\\/2020\\\/01\\\/Comprom\u00eds-amb-sostenibilitat-i-medi-ambient-Accent-Social-i-Rezero-1.jpg\",\"datePublished\":\"2020-01-30T11:04:04+00:00\",\"dateModified\":\"2020-02-11T11:16:44+00:00\",\"description\":\"Fruto del compromiso de Accent Social con la sostenibilidad y el medio ambiente, hemos renovado el convenio de colaboraci\u00f3n con Rezero.\",\"breadcrumb\":{\"@id\":\"https:\\\/\\\/www.accent-social.cat\\\/es\\\/compromiso-sostenibilidad-medioambiente-rezero\\\/#breadcrumb\"},\"inLanguage\":\"es\",\"potentialAction\":[{\"@type\":\"ReadAction\",\"target\":[\"https:\\\/\\\/www.accent-social.cat\\\/es\\\/compromiso-sostenibilidad-medioambiente-rezero\\\/\"]}]},{\"@type\":\"ImageObject\",\"inLanguage\":\"es\",\"@id\":\"https:\\\/\\\/www.accent-social.cat\\\/es\\\/compromiso-sostenibilidad-medioambiente-rezero\\\/#primaryimage\",\"url\":\"https:\\\/\\\/www.accent-social.cat\\\/wp-content\\\/uploads\\\/2020\\\/01\\\/Comprom\u00eds-amb-sostenibilitat-i-medi-ambient-Accent-Social-i-Rezero-1.jpg\",\"contentUrl\":\"https:\\\/\\\/www.accent-social.cat\\\/wp-content\\\/uploads\\\/2020\\\/01\\\/Comprom\u00eds-amb-sostenibilitat-i-medi-ambient-Accent-Social-i-Rezero-1.jpg\",\"width\":840,\"height\":400,\"caption\":\"Comprom\u00eds amb sostenibilitat i medi ambient Accent Social i Rezero\"},{\"@type\":\"BreadcrumbList\",\"@id\":\"https:\\\/\\\/www.accent-social.cat\\\/es\\\/compromiso-sostenibilidad-medioambiente-rezero\\\/#breadcrumb\",\"itemListElement\":[{\"@type\":\"ListItem\",\"position\":1,\"name\":\"Inici\",\"item\":\"https:\\\/\\\/www.accent-social.cat\\\/es\\\/\"},{\"@type\":\"ListItem\",\"position\":2,\"name\":\"Compromiso con la sostenibilidad y el medio ambiente: renovamos el convenio con Rezero\"}]},{\"@type\":\"WebSite\",\"@id\":\"https:\\\/\\\/www.accent-social.cat\\\/#website\",\"url\":\"https:\\\/\\\/www.accent-social.cat\\\/\",\"name\":\"Accent Social | Serveis d'Atenci\u00f3 Domicili\u00e0ria (SAD) i centres col\u00b7lectius\",\"description\":\"Serveis d&#039;Atenci\u00f3 Domicili\u00e0ria i centres de dia a Barcelona. Gesti\u00f3 de serveis socials i per a la gent gran.\",\"publisher\":{\"@id\":\"https:\\\/\\\/www.accent-social.cat\\\/#organization\"},\"potentialAction\":[{\"@type\":\"SearchAction\",\"target\":{\"@type\":\"EntryPoint\",\"urlTemplate\":\"https:\\\/\\\/www.accent-social.cat\\\/?s={search_term_string}\"},\"query-input\":{\"@type\":\"PropertyValueSpecification\",\"valueRequired\":true,\"valueName\":\"search_term_string\"}}],\"inLanguage\":\"es\"},{\"@type\":\"Organization\",\"@id\":\"https:\\\/\\\/www.accent-social.cat\\\/#organization\",\"name\":\"Accent Social\",\"url\":\"https:\\\/\\\/www.accent-social.cat\\\/\",\"logo\":{\"@type\":\"ImageObject\",\"inLanguage\":\"es\",\"@id\":\"https:\\\/\\\/www.accent-social.cat\\\/#\\\/schema\\\/logo\\\/image\\\/\",\"url\":\"https:\\\/\\\/www.accent-social.cat\\\/wp-content\\\/uploads\\\/2017\\\/09\\\/Logo-Accent-Social.jpg\",\"contentUrl\":\"https:\\\/\\\/www.accent-social.cat\\\/wp-content\\\/uploads\\\/2017\\\/09\\\/Logo-Accent-Social.jpg\",\"width\":512,\"height\":512,\"caption\":\"Accent Social\"},\"image\":{\"@id\":\"https:\\\/\\\/www.accent-social.cat\\\/#\\\/schema\\\/logo\\\/image\\\/\"},\"sameAs\":[\"https:\\\/\\\/www.facebook.com\\\/accentsocial\",\"https:\\\/\\\/x.com\\\/accentsocial_\",\"http:\\\/\\\/www.instagram.com\\\/accentsocial\",\"https:\\\/\\\/www.linkedin.com\\\/company\\\/accent-social\\\/\",\"https:\\\/\\\/www.crunchbase.com\\\/organization\\\/accent-social\",\"https:\\\/\\\/www.hotfrog.es\\\/empresa\\\/barcelona\\\/barcelona\\\/accent-social\",\"https:\\\/\\\/www.youtube.com\\\/channel\\\/UCBRsmX50gP0nPuAb5rPfr2g\"]},{\"@type\":\"Person\",\"@id\":\"https:\\\/\\\/www.accent-social.cat\\\/#\\\/schema\\\/person\\\/e3059313a7a9356d5dcb4adc2ee0396a\",\"name\":\"Accent Social\",\"image\":{\"@type\":\"ImageObject\",\"inLanguage\":\"es\",\"@id\":\"https:\\\/\\\/secure.gravatar.com\\\/avatar\\\/9a4d9b0c2bbfb1ff3da85e7195367fa23cc6b72e60b3092496806038fa837fc5?s=96&d=mm&r=g\",\"url\":\"https:\\\/\\\/secure.gravatar.com\\\/avatar\\\/9a4d9b0c2bbfb1ff3da85e7195367fa23cc6b72e60b3092496806038fa837fc5?s=96&d=mm&r=g\",\"contentUrl\":\"https:\\\/\\\/secure.gravatar.com\\\/avatar\\\/9a4d9b0c2bbfb1ff3da85e7195367fa23cc6b72e60b3092496806038fa837fc5?s=96&d=mm&r=g\",\"caption\":\"Accent Social\"}}]}<\/script>\n<!-- \/ Yoast SEO plugin. -->","yoast_head_json":{"title":"Compromiso con la sostenibilidad y el medio ambiente: convenio Rezero","description":"Fruto del compromiso de Accent Social con la sostenibilidad y el medio ambiente, hemos renovado el convenio de colaboraci\u00f3n con Rezero.","robots":{"index":"index","follow":"follow","max-snippet":"max-snippet:-1","max-image-preview":"max-image-preview:large","max-video-preview":"max-video-preview:-1"},"canonical":"https:\/\/www.accent-social.cat\/es\/compromiso-sostenibilidad-medioambiente-rezero\/","og_locale":"es_ES","og_type":"article","og_title":"Compromiso con la sostenibilidad y el medio ambiente: convenio Rezero","og_description":"Fruto del compromiso de Accent Social con la sostenibilidad y el medio ambiente, hemos renovado el convenio de colaboraci\u00f3n con Rezero.","og_url":"https:\/\/www.accent-social.cat\/es\/compromiso-sostenibilidad-medioambiente-rezero\/","og_site_name":"Accent Social | Serveis d&#039;Atenci\u00f3 Domicili\u00e0ria i centres per gent gran","article_publisher":"https:\/\/www.facebook.com\/accentsocial","article_published_time":"2020-01-30T11:04:04+00:00","article_modified_time":"2020-02-11T11:16:44+00:00","og_image":[{"width":840,"height":400,"url":"https:\/\/www.accent-social.cat\/wp-content\/uploads\/2020\/01\/Comprom\u00eds-amb-sostenibilitat-i-medi-ambient-Accent-Social-i-Rezero-1.jpg","type":"image\/jpeg"}],"author":"Accent Social","twitter_card":"summary_large_image","twitter_image":"https:\/\/www.accent-social.cat\/wp-content\/uploads\/2020\/01\/Comprom\u00eds-amb-sostenibilitat-i-medi-ambient-Accent-Social-i-Rezero-1.jpg","twitter_creator":"@accentsocial_","twitter_site":"@accentsocial_","twitter_misc":{"Escrito por":"Accent Social","Tiempo de lectura":"1 minuto"},"schema":{"@context":"https:\/\/schema.org","@graph":[{"@type":"Article","@id":"https:\/\/www.accent-social.cat\/es\/compromiso-sostenibilidad-medioambiente-rezero\/#article","isPartOf":{"@id":"https:\/\/www.accent-social.cat\/es\/compromiso-sostenibilidad-medioambiente-rezero\/"},"author":{"name":"Accent Social","@id":"https:\/\/www.accent-social.cat\/#\/schema\/person\/e3059313a7a9356d5dcb4adc2ee0396a"},"headline":"Compromiso con la sostenibilidad y el medio ambiente: renovamos el convenio con Rezero","datePublished":"2020-01-30T11:04:04+00:00","dateModified":"2020-02-11T11:16:44+00:00","mainEntityOfPage":{"@id":"https:\/\/www.accent-social.cat\/es\/compromiso-sostenibilidad-medioambiente-rezero\/"},"wordCount":302,"publisher":{"@id":"https:\/\/www.accent-social.cat\/#organization"},"image":{"@id":"https:\/\/www.accent-social.cat\/es\/compromiso-sostenibilidad-medioambiente-rezero\/#primaryimage"},"thumbnailUrl":"https:\/\/www.accent-social.cat\/wp-content\/uploads\/2020\/01\/Comprom\u00eds-amb-sostenibilitat-i-medi-ambient-Accent-Social-i-Rezero-1.jpg","keywords":["Accent Social","atenci\u00f3n domiciliaria","proyecto social","responsabilidad social","Rezero","RSC","servicios a las personas"],"articleSection":["Proyectos"],"inLanguage":"es"},{"@type":"WebPage","@id":"https:\/\/www.accent-social.cat\/es\/compromiso-sostenibilidad-medioambiente-rezero\/","url":"https:\/\/www.accent-social.cat\/es\/compromiso-sostenibilidad-medioambiente-rezero\/","name":"Compromiso con la sostenibilidad y el medio ambiente: convenio Rezero","isPartOf":{"@id":"https:\/\/www.accent-social.cat\/#website"},"primaryImageOfPage":{"@id":"https:\/\/www.accent-social.cat\/es\/compromiso-sostenibilidad-medioambiente-rezero\/#primaryimage"},"image":{"@id":"https:\/\/www.accent-social.cat\/es\/compromiso-sostenibilidad-medioambiente-rezero\/#primaryimage"},"thumbnailUrl":"https:\/\/www.accent-social.cat\/wp-content\/uploads\/2020\/01\/Comprom\u00eds-amb-sostenibilitat-i-medi-ambient-Accent-Social-i-Rezero-1.jpg","datePublished":"2020-01-30T11:04:04+00:00","dateModified":"2020-02-11T11:16:44+00:00","description":"Fruto del compromiso de Accent Social con la sostenibilidad y el medio ambiente, hemos renovado el convenio de colaboraci\u00f3n con Rezero.","breadcrumb":{"@id":"https:\/\/www.accent-social.cat\/es\/compromiso-sostenibilidad-medioambiente-rezero\/#breadcrumb"},"inLanguage":"es","potentialAction":[{"@type":"ReadAction","target":["https:\/\/www.accent-social.cat\/es\/compromiso-sostenibilidad-medioambiente-rezero\/"]}]},{"@type":"ImageObject","inLanguage":"es","@id":"https:\/\/www.accent-social.cat\/es\/compromiso-sostenibilidad-medioambiente-rezero\/#primaryimage","url":"https:\/\/www.accent-social.cat\/wp-content\/uploads\/2020\/01\/Comprom\u00eds-amb-sostenibilitat-i-medi-ambient-Accent-Social-i-Rezero-1.jpg","contentUrl":"https:\/\/www.accent-social.cat\/wp-content\/uploads\/2020\/01\/Comprom\u00eds-amb-sostenibilitat-i-medi-ambient-Accent-Social-i-Rezero-1.jpg","width":840,"height":400,"caption":"Comprom\u00eds amb sostenibilitat i medi ambient Accent Social i Rezero"},{"@type":"BreadcrumbList","@id":"https:\/\/www.accent-social.cat\/es\/compromiso-sostenibilidad-medioambiente-rezero\/#breadcrumb","itemListElement":[{"@type":"ListItem","position":1,"name":"Inici","item":"https:\/\/www.accent-social.cat\/es\/"},{"@type":"ListItem","position":2,"name":"Compromiso con la sostenibilidad y el medio ambiente: renovamos el convenio con Rezero"}]},{"@type":"WebSite","@id":"https:\/\/www.accent-social.cat\/#website","url":"https:\/\/www.accent-social.cat\/","name":"Accent Social | Serveis d'Atenci\u00f3 Domicili\u00e0ria (SAD) i centres col\u00b7lectius","description":"Serveis d&#039;Atenci\u00f3 Domicili\u00e0ria i centres de dia a Barcelona. Gesti\u00f3 de serveis socials i per a la gent gran.","publisher":{"@id":"https:\/\/www.accent-social.cat\/#organization"},"potentialAction":[{"@type":"SearchAction","target":{"@type":"EntryPoint","urlTemplate":"https:\/\/www.accent-social.cat\/?s={search_term_string}"},"query-input":{"@type":"PropertyValueSpecification","valueRequired":true,"valueName":"search_term_string"}}],"inLanguage":"es"},{"@type":"Organization","@id":"https:\/\/www.accent-social.cat\/#organization","name":"Accent Social","url":"https:\/\/www.accent-social.cat\/","logo":{"@type":"ImageObject","inLanguage":"es","@id":"https:\/\/www.accent-social.cat\/#\/schema\/logo\/image\/","url":"https:\/\/www.accent-social.cat\/wp-content\/uploads\/2017\/09\/Logo-Accent-Social.jpg","contentUrl":"https:\/\/www.accent-social.cat\/wp-content\/uploads\/2017\/09\/Logo-Accent-Social.jpg","width":512,"height":512,"caption":"Accent Social"},"image":{"@id":"https:\/\/www.accent-social.cat\/#\/schema\/logo\/image\/"},"sameAs":["https:\/\/www.facebook.com\/accentsocial","https:\/\/x.com\/accentsocial_","http:\/\/www.instagram.com\/accentsocial","https:\/\/www.linkedin.com\/company\/accent-social\/","https:\/\/www.crunchbase.com\/organization\/accent-social","https:\/\/www.hotfrog.es\/empresa\/barcelona\/barcelona\/accent-social","https:\/\/www.youtube.com\/channel\/UCBRsmX50gP0nPuAb5rPfr2g"]},{"@type":"Person","@id":"https:\/\/www.accent-social.cat\/#\/schema\/person\/e3059313a7a9356d5dcb4adc2ee0396a","name":"Accent Social","image":{"@type":"ImageObject","inLanguage":"es","@id":"https:\/\/secure.gravatar.com\/avatar\/9a4d9b0c2bbfb1ff3da85e7195367fa23cc6b72e60b3092496806038fa837fc5?s=96&d=mm&r=g","url":"https:\/\/secure.gravatar.com\/avatar\/9a4d9b0c2bbfb1ff3da85e7195367fa23cc6b72e60b3092496806038fa837fc5?s=96&d=mm&r=g","contentUrl":"https:\/\/secure.gravatar.com\/avatar\/9a4d9b0c2bbfb1ff3da85e7195367fa23cc6b72e60b3092496806038fa837fc5?s=96&d=mm&r=g","caption":"Accent Social"}}]}},"_links":{"self":[{"href":"https:\/\/www.accent-social.cat\/es\/wp-json\/wp\/v2\/posts\/12583","targetHints":{"allow":["GET"]}}],"collection":[{"href":"https:\/\/www.accent-social.cat\/es\/wp-json\/wp\/v2\/posts"}],"about":[{"href":"https:\/\/www.accent-social.cat\/es\/wp-json\/wp\/v2\/types\/post"}],"author":[{"embeddable":true,"href":"https:\/\/www.accent-social.cat\/es\/wp-json\/wp\/v2\/users\/1"}],"replies":[{"embeddable":true,"href":"https:\/\/www.accent-social.cat\/es\/wp-json\/wp\/v2\/comments?post=12583"}],"version-history":[{"count":3,"href":"https:\/\/www.accent-social.cat\/es\/wp-json\/wp\/v2\/posts\/12583\/revisions"}],"predecessor-version":[{"id":12589,"href":"https:\/\/www.accent-social.cat\/es\/wp-json\/wp\/v2\/posts\/12583\/revisions\/12589"}],"wp:featuredmedia":[{"embeddable":true,"href":"https:\/\/www.accent-social.cat\/es\/wp-json\/wp\/v2\/media\/12556"}],"wp:attachment":[{"href":"https:\/\/www.accent-social.cat\/es\/wp-json\/wp\/v2\/media?parent=12583"}],"wp:term":[{"taxonomy":"category","embeddable":true,"href":"https:\/\/www.accent-social.cat\/es\/wp-json\/wp\/v2\/categories?post=12583"},{"taxonomy":"post_tag","embeddable":true,"href":"https:\/\/www.accent-social.cat\/es\/wp-json\/wp\/v2\/tags?post=12583"}],"curies":[{"name":"wp","href":"https:\/\/api.w.org\/{rel}","templated":true}]}}