{"id":12491,"date":"2019-12-23T09:54:17","date_gmt":"2019-12-23T08:54:17","guid":{"rendered":"https:\/\/www.accent-social.cat\/?p=12491"},"modified":"2020-01-22T10:15:46","modified_gmt":"2020-01-22T09:15:46","slug":"fira-santa-llucia-ejercicio-reminiscencia","status":"publish","type":"post","link":"https:\/\/www.accent-social.cat\/es\/fira-santa-llucia-ejercicio-reminiscencia\/","title":{"rendered":"Visitamos la Fira de Santa Ll\u00facia, un ejercicio de reminiscencia"},"content":{"rendered":"<h3>Una tradici\u00f3n de Navidad como es visitar la Feria de Santa Luc\u00eda, en Barcelona, \u200b\u200bse convierte para las personas mayores un ejercicio de reminiscencia, de buenos recuerdos y de ilusi\u00f3n.<\/h3>\n<p>Es un acontecimiento anual que cautiva por su encanto tradicional y por su ubicaci\u00f3n, frente a la Catedral. Se va a pasear, pero siempre hay quien compra el \u00e1rbol de Navidad, el Ti\u00f3 o las figuritas para el pesebre.<\/p>\n<p>Desde el <strong>Equipamiento Municipal para Personas Mayores Josep Miracle<\/strong>, del barrio de Sants, hemos participado un a\u00f1o m\u00e1s en la tradicional visita a esta feria.<\/p>\n<p>Con el fin de que las personas usuarias revivan el ambiente navide\u00f1o de la ciudad, y en un <strong>ejercicio de reminiscencia<\/strong>, la ma\u00f1ana del lunes 16 de diciembre pudimos pasear entre los puestos de los comerciantes y compartir entre todas las personas les cambios que se han ido produciendo a lo largo de los a\u00f1os.<\/p>\n<p>El se\u00f1or Jos\u00e9, por ejemplo, que hab\u00eda vivido en el edificio frente a la Catedral, <strong>recuerda cuando en la plaza a\u00fan circulaban coches<\/strong>. Menciona tambi\u00e9n la figura del caganer, tan propia de Catalu\u00f1a, y r\u00ede al ver c\u00f3mo la tradici\u00f3n se ha adaptado a la realidad pol\u00edtica y social del momento.<\/p>\n<p>La se\u00f1ora Dolores, <strong>al escuchar los villancicos, conecta con la infancia<\/strong>, cuando decoraba su casa adornando el \u00e1rbol de Navidad y el pesebre, mientras animaba al resto de la familia a cantar villancicos.<\/p>\n<p>Muchos de ellos recuerdan tambi\u00e9n la mezcla de olores que tanto caracteriza la Feria de Santa Luc\u00eda: el olor de los abetos, de la madera, del eucalipto, del musgo, del mu\u00e9rdago&#8230; La se\u00f1ora Dolores cuenta su experiencia:<em><strong> \u201cMi familia y yo compr\u00e1bamos figuritas en la feria, pero nunca compr\u00e1bamos el mu\u00e9rdago. Nos gustaba m\u00e1s ir al bosque a cogerlo y regalarlo, porque da mucha suerte\u201d.<\/strong><\/em><\/p>\n<p>Sentados, descansando en las escaleras de la Catedral, la se\u00f1ora Ana rememora las fugas de la escuela con su hermano para ir a esa misma plaza a jugar, hace casi 80 a\u00f1os, entre el revuelo de los feriantes.<\/p>\n<p>La Navidad es una \u00e9poca para <strong>compartir momentos y recuerdos con las personas que nos rodean <\/strong>. La reminiscencia es una t\u00e9cnica que se utiliza para trabajar las experiencias vividas, con el fin de que los usuarios compartan recuerdos y reflexiones sobre \u00e9pocas pasadas. Los objetos navide\u00f1os, los olores, los sabores y la m\u00fasica de la Feria de Santa Luc\u00eda son los elementos que nos han hablado de los recuerdos.<br \/>\n&nbsp;<\/p>\n<div class=\"infobox\" ><div class=\"infobox_wrapper\"><span class=\"ib-desc\">Con las t\u00e9cnicas de reminiscencia, ayudamos a las personas mayores a recuperar recuerdos y afianzar su identidad, en base a los momentos vividos.<\/span><\/div><\/div>\n\n<p>&nbsp;<\/p>\n<hr class=\" hr_color\" style=\"margin:0 auto 30px;\"\/>\n\n<p>&nbsp;<\/p>\n\n\t\t\t<style type='text\/css'>\n\t\t\t\t#sc_gallery-1 {\n\t\t\t\t\tmargin: auto;\n\t\t\t\t}\n\t\t\t\t#sc_gallery-1 .gallery-item {\n\t\t\t\t\tfloat: left;\n\t\t\t\t\ttext-align: center;\n\t\t\t\t\twidth: 49.99%;\n\t\t\t\t}\n\t\t\t\t#sc_gallery-1 img {\n\t\t\t\t\tborder: 2px solid #cfcfcf;\n\t\t\t\t}\n\t\t\t\t\/* see sc_gallery() in functions\/theme-shortcodes.php *\/\n\t\t\t<\/style>\n\t\t<div id='sc_gallery-1' class='gallery galleryid-12491 gallery-columns-2 gallery-size-large file element_classes gallery-default'><dl class='gallery-item'  data-title='Visita a la Fira de Santa Ll\u00facia amb gent gran Accent Social' data-description='Visita a la Fira de Santa Ll\u00facia amb gent gran Accent Social'><div class='gallery-item-wrapper'>\n\t\t\t\t<dt class='gallery-icon portrait'>\n\t\t\t\t\t<a href='https:\/\/www.accent-social.cat\/wp-content\/uploads\/2019\/12\/Visita-a-la-Fira-de-Santa-Ll\u00facia-amb-gent-gran-Accent-Social.jpeg'><img loading=\"lazy\" decoding=\"async\" width=\"600\" height=\"800\" src=\"https:\/\/www.accent-social.cat\/wp-content\/uploads\/2019\/12\/Visita-a-la-Fira-de-Santa-Ll\u00facia-amb-gent-gran-Accent-Social.jpeg\" class=\"attachment-large size-large\" alt=\"Visita a la Fira de Santa Ll\u00facia amb gent gran Accent Social\" srcset=\"https:\/\/www.accent-social.cat\/wp-content\/uploads\/2019\/12\/Visita-a-la-Fira-de-Santa-Ll\u00facia-amb-gent-gran-Accent-Social.jpeg 600w, https:\/\/www.accent-social.cat\/wp-content\/uploads\/2019\/12\/Visita-a-la-Fira-de-Santa-Ll\u00facia-amb-gent-gran-Accent-Social-225x300.jpeg 225w, https:\/\/www.accent-social.cat\/wp-content\/uploads\/2019\/12\/Visita-a-la-Fira-de-Santa-Ll\u00facia-amb-gent-gran-Accent-Social-110x146.jpeg 110w, https:\/\/www.accent-social.cat\/wp-content\/uploads\/2019\/12\/Visita-a-la-Fira-de-Santa-Ll\u00facia-amb-gent-gran-Accent-Social-38x50.jpeg 38w, https:\/\/www.accent-social.cat\/wp-content\/uploads\/2019\/12\/Visita-a-la-Fira-de-Santa-Ll\u00facia-amb-gent-gran-Accent-Social-56x75.jpeg 56w\" sizes=\"auto, (max-width:767px) 480px, 600px\" \/><\/a>\n\t\t\t\t<\/dt><\/div><\/dl><dl class='gallery-item'  data-title='Exercici de reminisc\u00e8ncia amb gent gran Accent Social' data-description='Exercici de reminisc\u00e8ncia amb gent gran Accent Social'><div class='gallery-item-wrapper'>\n\t\t\t\t<dt class='gallery-icon portrait'>\n\t\t\t\t\t<a href='https:\/\/www.accent-social.cat\/wp-content\/uploads\/2019\/12\/Exercici-de-reminisc\u00e8ncia-amb-gent-gran-Accent-Social.jpeg'><img loading=\"lazy\" decoding=\"async\" width=\"768\" height=\"1024\" src=\"https:\/\/www.accent-social.cat\/wp-content\/uploads\/2019\/12\/Exercici-de-reminisc\u00e8ncia-amb-gent-gran-Accent-Social-768x1024.jpeg\" class=\"attachment-large size-large\" alt=\"Exercici de reminisc\u00e8ncia amb gent gran Accent Social\" srcset=\"https:\/\/www.accent-social.cat\/wp-content\/uploads\/2019\/12\/Exercici-de-reminisc\u00e8ncia-amb-gent-gran-Accent-Social-768x1024.jpeg 768w, https:\/\/www.accent-social.cat\/wp-content\/uploads\/2019\/12\/Exercici-de-reminisc\u00e8ncia-amb-gent-gran-Accent-Social-225x300.jpeg 225w, https:\/\/www.accent-social.cat\/wp-content\/uploads\/2019\/12\/Exercici-de-reminisc\u00e8ncia-amb-gent-gran-Accent-Social-110x146.jpeg 110w, https:\/\/www.accent-social.cat\/wp-content\/uploads\/2019\/12\/Exercici-de-reminisc\u00e8ncia-amb-gent-gran-Accent-Social-38x50.jpeg 38w, https:\/\/www.accent-social.cat\/wp-content\/uploads\/2019\/12\/Exercici-de-reminisc\u00e8ncia-amb-gent-gran-Accent-Social-56x75.jpeg 56w, https:\/\/www.accent-social.cat\/wp-content\/uploads\/2019\/12\/Exercici-de-reminisc\u00e8ncia-amb-gent-gran-Accent-Social.jpeg 1200w\" sizes=\"auto, (max-width:767px) 480px, (max-width:768px) 100vw, 768px\" \/><\/a>\n\t\t\t\t<\/dt><\/div><\/dl><br style=\"clear: both\" \/>\n\t\t\t<\/div>\n\n<div class=\"column one\"><div class=\"mcb-column-inner\"><br \/>\n<iframe loading=\"lazy\" style=\"border: none; overflow: hidden;\" src=\"https:\/\/www.facebook.com\/plugins\/page.php?href=https%3A%2F%2Fwww.facebook.com%2Faccentsocial%2F&amp;tabs=timeline&amp;width=500&amp;height=100&amp;small_header=false&amp;adapt_container_width=false&amp;hide_cover=false&amp;show_facepile=true&amp;appId\" width=\"500\" height=\"100\" frameborder=\"0\" scrolling=\"no\"><\/iframe><br \/>\n<\/div><\/div>\n\n","protected":false},"excerpt":{"rendered":"<p>Una tradici\u00f3n de Navidad, como es visitar la Fira de Santa Ll\u00facia, en Barcelona, se convierte para las personas mayores en un ejercicio de reminiscencia, de buenos recuerdos y de ilusi\u00f3n.<\/p>\n","protected":false},"author":1,"featured_media":12429,"comment_status":"closed","ping_status":"open","sticky":false,"template":"","format":"standard","meta":{"footnotes":""},"categories":[234],"tags":[279,218,388,220,221,223],"class_list":["post-12491","post","type-post","status-publish","format-standard","has-post-thumbnail","hentry","category-jornadas","tag-accent-social-es","tag-barcelona-es","tag-buen-trato","tag-gent-gran-es","tag-josep-miracle-es","tag-residencia-es"],"yoast_head":"<!-- This site is optimized with the Yoast SEO plugin v27.5 - https:\/\/yoast.com\/product\/yoast-seo-wordpress\/ -->\n<title>Visitamos la Fira de Santa Ll\u00facia, un ejercicio de reminiscencia | Accent Social | Serveis d&#039;Atenci\u00f3 Domicili\u00e0ria i centres per gent gran<\/title>\n<meta name=\"description\" content=\"Una tradici\u00f3n de Navidad, como es visitar la Fira de Santa Ll\u00facia, en Barcelona, es para las personas mayores un ejercicio de reminiscencia y de ilusi\u00f3n.\" \/>\n<meta name=\"robots\" content=\"index, follow, max-snippet:-1, max-image-preview:large, max-video-preview:-1\" \/>\n<link rel=\"canonical\" href=\"https:\/\/www.accent-social.cat\/es\/fira-santa-llucia-ejercicio-reminiscencia\/\" \/>\n<meta property=\"og:locale\" content=\"es_ES\" \/>\n<meta property=\"og:type\" content=\"article\" \/>\n<meta property=\"og:title\" content=\"Visitamos la Fira de Santa Ll\u00facia, un ejercicio de reminiscencia | Accent Social | Serveis d&#039;Atenci\u00f3 Domicili\u00e0ria i centres per gent gran\" \/>\n<meta property=\"og:description\" content=\"Una tradici\u00f3n de Navidad, como es visitar la Fira de Santa Ll\u00facia, en Barcelona, es para las personas mayores un ejercicio de reminiscencia y de ilusi\u00f3n.\" \/>\n<meta property=\"og:url\" content=\"https:\/\/www.accent-social.cat\/es\/fira-santa-llucia-ejercicio-reminiscencia\/\" \/>\n<meta property=\"og:site_name\" content=\"Accent Social | Serveis d&#039;Atenci\u00f3 Domicili\u00e0ria i centres per gent gran\" \/>\n<meta property=\"article:publisher\" content=\"https:\/\/www.facebook.com\/accentsocial\" \/>\n<meta property=\"article:published_time\" content=\"2019-12-23T08:54:17+00:00\" \/>\n<meta property=\"article:modified_time\" content=\"2020-01-22T09:15:46+00:00\" \/>\n<meta property=\"og:image\" content=\"https:\/\/www.accent-social.cat\/wp-content\/uploads\/2019\/12\/Exercici-de-reminisc\u00e8ncia-visitar-Fira-Santa-Ll\u00facia.jpeg\" \/>\n\t<meta property=\"og:image:width\" content=\"840\" \/>\n\t<meta property=\"og:image:height\" content=\"400\" \/>\n\t<meta property=\"og:image:type\" content=\"image\/jpeg\" \/>\n<meta name=\"author\" content=\"Accent Social\" \/>\n<meta name=\"twitter:card\" content=\"summary_large_image\" \/>\n<meta name=\"twitter:creator\" content=\"@accentsocial_\" \/>\n<meta name=\"twitter:site\" content=\"@accentsocial_\" \/>\n<meta name=\"twitter:label1\" content=\"Escrito por\" \/>\n\t<meta name=\"twitter:data1\" content=\"Accent Social\" \/>\n\t<meta name=\"twitter:label2\" content=\"Tiempo de lectura\" \/>\n\t<meta name=\"twitter:data2\" content=\"2 minutos\" \/>\n<script type=\"application\/ld+json\" class=\"yoast-schema-graph\">{\"@context\":\"https:\\\/\\\/schema.org\",\"@graph\":[{\"@type\":\"Article\",\"@id\":\"https:\\\/\\\/www.accent-social.cat\\\/es\\\/fira-santa-llucia-ejercicio-reminiscencia\\\/#article\",\"isPartOf\":{\"@id\":\"https:\\\/\\\/www.accent-social.cat\\\/es\\\/fira-santa-llucia-ejercicio-reminiscencia\\\/\"},\"author\":{\"name\":\"Accent Social\",\"@id\":\"https:\\\/\\\/www.accent-social.cat\\\/#\\\/schema\\\/person\\\/e3059313a7a9356d5dcb4adc2ee0396a\"},\"headline\":\"Visitamos la Fira de Santa Ll\u00facia, un ejercicio de reminiscencia\",\"datePublished\":\"2019-12-23T08:54:17+00:00\",\"dateModified\":\"2020-01-22T09:15:46+00:00\",\"mainEntityOfPage\":{\"@id\":\"https:\\\/\\\/www.accent-social.cat\\\/es\\\/fira-santa-llucia-ejercicio-reminiscencia\\\/\"},\"wordCount\":497,\"publisher\":{\"@id\":\"https:\\\/\\\/www.accent-social.cat\\\/#organization\"},\"image\":{\"@id\":\"https:\\\/\\\/www.accent-social.cat\\\/es\\\/fira-santa-llucia-ejercicio-reminiscencia\\\/#primaryimage\"},\"thumbnailUrl\":\"https:\\\/\\\/www.accent-social.cat\\\/wp-content\\\/uploads\\\/2019\\\/12\\\/Exercici-de-reminisc\u00e8ncia-visitar-Fira-Santa-Ll\u00facia.jpeg\",\"keywords\":[\"Accent Social\",\"Barcelona\",\"buen trato\",\"gent gran\",\"Josep Miracle\",\"resid\u00e8ncia\"],\"articleSection\":[\"Jornadas\"],\"inLanguage\":\"es\"},{\"@type\":\"WebPage\",\"@id\":\"https:\\\/\\\/www.accent-social.cat\\\/es\\\/fira-santa-llucia-ejercicio-reminiscencia\\\/\",\"url\":\"https:\\\/\\\/www.accent-social.cat\\\/es\\\/fira-santa-llucia-ejercicio-reminiscencia\\\/\",\"name\":\"Visitamos la Fira de Santa Ll\u00facia, un ejercicio de reminiscencia | Accent Social | Serveis d&#039;Atenci\u00f3 Domicili\u00e0ria i centres per gent gran\",\"isPartOf\":{\"@id\":\"https:\\\/\\\/www.accent-social.cat\\\/#website\"},\"primaryImageOfPage\":{\"@id\":\"https:\\\/\\\/www.accent-social.cat\\\/es\\\/fira-santa-llucia-ejercicio-reminiscencia\\\/#primaryimage\"},\"image\":{\"@id\":\"https:\\\/\\\/www.accent-social.cat\\\/es\\\/fira-santa-llucia-ejercicio-reminiscencia\\\/#primaryimage\"},\"thumbnailUrl\":\"https:\\\/\\\/www.accent-social.cat\\\/wp-content\\\/uploads\\\/2019\\\/12\\\/Exercici-de-reminisc\u00e8ncia-visitar-Fira-Santa-Ll\u00facia.jpeg\",\"datePublished\":\"2019-12-23T08:54:17+00:00\",\"dateModified\":\"2020-01-22T09:15:46+00:00\",\"description\":\"Una tradici\u00f3n de Navidad, como es visitar la Fira de Santa Ll\u00facia, en Barcelona, es para las personas mayores un ejercicio de reminiscencia y de ilusi\u00f3n.\",\"breadcrumb\":{\"@id\":\"https:\\\/\\\/www.accent-social.cat\\\/es\\\/fira-santa-llucia-ejercicio-reminiscencia\\\/#breadcrumb\"},\"inLanguage\":\"es\",\"potentialAction\":[{\"@type\":\"ReadAction\",\"target\":[\"https:\\\/\\\/www.accent-social.cat\\\/es\\\/fira-santa-llucia-ejercicio-reminiscencia\\\/\"]}]},{\"@type\":\"ImageObject\",\"inLanguage\":\"es\",\"@id\":\"https:\\\/\\\/www.accent-social.cat\\\/es\\\/fira-santa-llucia-ejercicio-reminiscencia\\\/#primaryimage\",\"url\":\"https:\\\/\\\/www.accent-social.cat\\\/wp-content\\\/uploads\\\/2019\\\/12\\\/Exercici-de-reminisc\u00e8ncia-visitar-Fira-Santa-Ll\u00facia.jpeg\",\"contentUrl\":\"https:\\\/\\\/www.accent-social.cat\\\/wp-content\\\/uploads\\\/2019\\\/12\\\/Exercici-de-reminisc\u00e8ncia-visitar-Fira-Santa-Ll\u00facia.jpeg\",\"width\":840,\"height\":400,\"caption\":\"Exercici de reminisc\u00e8ncia visitar Fira Santa Ll\u00facia\"},{\"@type\":\"BreadcrumbList\",\"@id\":\"https:\\\/\\\/www.accent-social.cat\\\/es\\\/fira-santa-llucia-ejercicio-reminiscencia\\\/#breadcrumb\",\"itemListElement\":[{\"@type\":\"ListItem\",\"position\":1,\"name\":\"Inici\",\"item\":\"https:\\\/\\\/www.accent-social.cat\\\/es\\\/\"},{\"@type\":\"ListItem\",\"position\":2,\"name\":\"Visitamos la Fira de Santa Ll\u00facia, un ejercicio de reminiscencia\"}]},{\"@type\":\"WebSite\",\"@id\":\"https:\\\/\\\/www.accent-social.cat\\\/#website\",\"url\":\"https:\\\/\\\/www.accent-social.cat\\\/\",\"name\":\"Accent Social | Serveis d'Atenci\u00f3 Domicili\u00e0ria (SAD) i centres col\u00b7lectius\",\"description\":\"Serveis d&#039;Atenci\u00f3 Domicili\u00e0ria i centres de dia a Barcelona. Gesti\u00f3 de serveis socials i per a la gent gran.\",\"publisher\":{\"@id\":\"https:\\\/\\\/www.accent-social.cat\\\/#organization\"},\"potentialAction\":[{\"@type\":\"SearchAction\",\"target\":{\"@type\":\"EntryPoint\",\"urlTemplate\":\"https:\\\/\\\/www.accent-social.cat\\\/?s={search_term_string}\"},\"query-input\":{\"@type\":\"PropertyValueSpecification\",\"valueRequired\":true,\"valueName\":\"search_term_string\"}}],\"inLanguage\":\"es\"},{\"@type\":\"Organization\",\"@id\":\"https:\\\/\\\/www.accent-social.cat\\\/#organization\",\"name\":\"Accent Social\",\"url\":\"https:\\\/\\\/www.accent-social.cat\\\/\",\"logo\":{\"@type\":\"ImageObject\",\"inLanguage\":\"es\",\"@id\":\"https:\\\/\\\/www.accent-social.cat\\\/#\\\/schema\\\/logo\\\/image\\\/\",\"url\":\"https:\\\/\\\/www.accent-social.cat\\\/wp-content\\\/uploads\\\/2017\\\/09\\\/Logo-Accent-Social.jpg\",\"contentUrl\":\"https:\\\/\\\/www.accent-social.cat\\\/wp-content\\\/uploads\\\/2017\\\/09\\\/Logo-Accent-Social.jpg\",\"width\":512,\"height\":512,\"caption\":\"Accent Social\"},\"image\":{\"@id\":\"https:\\\/\\\/www.accent-social.cat\\\/#\\\/schema\\\/logo\\\/image\\\/\"},\"sameAs\":[\"https:\\\/\\\/www.facebook.com\\\/accentsocial\",\"https:\\\/\\\/x.com\\\/accentsocial_\",\"http:\\\/\\\/www.instagram.com\\\/accentsocial\",\"https:\\\/\\\/www.linkedin.com\\\/company\\\/accent-social\\\/\",\"https:\\\/\\\/www.crunchbase.com\\\/organization\\\/accent-social\",\"https:\\\/\\\/www.hotfrog.es\\\/empresa\\\/barcelona\\\/barcelona\\\/accent-social\",\"https:\\\/\\\/www.youtube.com\\\/channel\\\/UCBRsmX50gP0nPuAb5rPfr2g\"]},{\"@type\":\"Person\",\"@id\":\"https:\\\/\\\/www.accent-social.cat\\\/#\\\/schema\\\/person\\\/e3059313a7a9356d5dcb4adc2ee0396a\",\"name\":\"Accent Social\",\"image\":{\"@type\":\"ImageObject\",\"inLanguage\":\"es\",\"@id\":\"https:\\\/\\\/secure.gravatar.com\\\/avatar\\\/9a4d9b0c2bbfb1ff3da85e7195367fa23cc6b72e60b3092496806038fa837fc5?s=96&d=mm&r=g\",\"url\":\"https:\\\/\\\/secure.gravatar.com\\\/avatar\\\/9a4d9b0c2bbfb1ff3da85e7195367fa23cc6b72e60b3092496806038fa837fc5?s=96&d=mm&r=g\",\"contentUrl\":\"https:\\\/\\\/secure.gravatar.com\\\/avatar\\\/9a4d9b0c2bbfb1ff3da85e7195367fa23cc6b72e60b3092496806038fa837fc5?s=96&d=mm&r=g\",\"caption\":\"Accent Social\"}}]}<\/script>\n<!-- \/ Yoast SEO plugin. -->","yoast_head_json":{"title":"Visitamos la Fira de Santa Ll\u00facia, un ejercicio de reminiscencia | Accent Social | Serveis d&#039;Atenci\u00f3 Domicili\u00e0ria i centres per gent gran","description":"Una tradici\u00f3n de Navidad, como es visitar la Fira de Santa Ll\u00facia, en Barcelona, es para las personas mayores un ejercicio de reminiscencia y de ilusi\u00f3n.","robots":{"index":"index","follow":"follow","max-snippet":"max-snippet:-1","max-image-preview":"max-image-preview:large","max-video-preview":"max-video-preview:-1"},"canonical":"https:\/\/www.accent-social.cat\/es\/fira-santa-llucia-ejercicio-reminiscencia\/","og_locale":"es_ES","og_type":"article","og_title":"Visitamos la Fira de Santa Ll\u00facia, un ejercicio de reminiscencia | Accent Social | Serveis d&#039;Atenci\u00f3 Domicili\u00e0ria i centres per gent gran","og_description":"Una tradici\u00f3n de Navidad, como es visitar la Fira de Santa Ll\u00facia, en Barcelona, es para las personas mayores un ejercicio de reminiscencia y de ilusi\u00f3n.","og_url":"https:\/\/www.accent-social.cat\/es\/fira-santa-llucia-ejercicio-reminiscencia\/","og_site_name":"Accent Social | Serveis d&#039;Atenci\u00f3 Domicili\u00e0ria i centres per gent gran","article_publisher":"https:\/\/www.facebook.com\/accentsocial","article_published_time":"2019-12-23T08:54:17+00:00","article_modified_time":"2020-01-22T09:15:46+00:00","og_image":[{"width":840,"height":400,"url":"https:\/\/www.accent-social.cat\/wp-content\/uploads\/2019\/12\/Exercici-de-reminisc\u00e8ncia-visitar-Fira-Santa-Ll\u00facia.jpeg","type":"image\/jpeg"}],"author":"Accent Social","twitter_card":"summary_large_image","twitter_creator":"@accentsocial_","twitter_site":"@accentsocial_","twitter_misc":{"Escrito por":"Accent Social","Tiempo de lectura":"2 minutos"},"schema":{"@context":"https:\/\/schema.org","@graph":[{"@type":"Article","@id":"https:\/\/www.accent-social.cat\/es\/fira-santa-llucia-ejercicio-reminiscencia\/#article","isPartOf":{"@id":"https:\/\/www.accent-social.cat\/es\/fira-santa-llucia-ejercicio-reminiscencia\/"},"author":{"name":"Accent Social","@id":"https:\/\/www.accent-social.cat\/#\/schema\/person\/e3059313a7a9356d5dcb4adc2ee0396a"},"headline":"Visitamos la Fira de Santa Ll\u00facia, un ejercicio de reminiscencia","datePublished":"2019-12-23T08:54:17+00:00","dateModified":"2020-01-22T09:15:46+00:00","mainEntityOfPage":{"@id":"https:\/\/www.accent-social.cat\/es\/fira-santa-llucia-ejercicio-reminiscencia\/"},"wordCount":497,"publisher":{"@id":"https:\/\/www.accent-social.cat\/#organization"},"image":{"@id":"https:\/\/www.accent-social.cat\/es\/fira-santa-llucia-ejercicio-reminiscencia\/#primaryimage"},"thumbnailUrl":"https:\/\/www.accent-social.cat\/wp-content\/uploads\/2019\/12\/Exercici-de-reminisc\u00e8ncia-visitar-Fira-Santa-Ll\u00facia.jpeg","keywords":["Accent Social","Barcelona","buen trato","gent gran","Josep Miracle","resid\u00e8ncia"],"articleSection":["Jornadas"],"inLanguage":"es"},{"@type":"WebPage","@id":"https:\/\/www.accent-social.cat\/es\/fira-santa-llucia-ejercicio-reminiscencia\/","url":"https:\/\/www.accent-social.cat\/es\/fira-santa-llucia-ejercicio-reminiscencia\/","name":"Visitamos la Fira de Santa Ll\u00facia, un ejercicio de reminiscencia | Accent Social | Serveis d&#039;Atenci\u00f3 Domicili\u00e0ria i centres per gent gran","isPartOf":{"@id":"https:\/\/www.accent-social.cat\/#website"},"primaryImageOfPage":{"@id":"https:\/\/www.accent-social.cat\/es\/fira-santa-llucia-ejercicio-reminiscencia\/#primaryimage"},"image":{"@id":"https:\/\/www.accent-social.cat\/es\/fira-santa-llucia-ejercicio-reminiscencia\/#primaryimage"},"thumbnailUrl":"https:\/\/www.accent-social.cat\/wp-content\/uploads\/2019\/12\/Exercici-de-reminisc\u00e8ncia-visitar-Fira-Santa-Ll\u00facia.jpeg","datePublished":"2019-12-23T08:54:17+00:00","dateModified":"2020-01-22T09:15:46+00:00","description":"Una tradici\u00f3n de Navidad, como es visitar la Fira de Santa Ll\u00facia, en Barcelona, es para las personas mayores un ejercicio de reminiscencia y de ilusi\u00f3n.","breadcrumb":{"@id":"https:\/\/www.accent-social.cat\/es\/fira-santa-llucia-ejercicio-reminiscencia\/#breadcrumb"},"inLanguage":"es","potentialAction":[{"@type":"ReadAction","target":["https:\/\/www.accent-social.cat\/es\/fira-santa-llucia-ejercicio-reminiscencia\/"]}]},{"@type":"ImageObject","inLanguage":"es","@id":"https:\/\/www.accent-social.cat\/es\/fira-santa-llucia-ejercicio-reminiscencia\/#primaryimage","url":"https:\/\/www.accent-social.cat\/wp-content\/uploads\/2019\/12\/Exercici-de-reminisc\u00e8ncia-visitar-Fira-Santa-Ll\u00facia.jpeg","contentUrl":"https:\/\/www.accent-social.cat\/wp-content\/uploads\/2019\/12\/Exercici-de-reminisc\u00e8ncia-visitar-Fira-Santa-Ll\u00facia.jpeg","width":840,"height":400,"caption":"Exercici de reminisc\u00e8ncia visitar Fira Santa Ll\u00facia"},{"@type":"BreadcrumbList","@id":"https:\/\/www.accent-social.cat\/es\/fira-santa-llucia-ejercicio-reminiscencia\/#breadcrumb","itemListElement":[{"@type":"ListItem","position":1,"name":"Inici","item":"https:\/\/www.accent-social.cat\/es\/"},{"@type":"ListItem","position":2,"name":"Visitamos la Fira de Santa Ll\u00facia, un ejercicio de reminiscencia"}]},{"@type":"WebSite","@id":"https:\/\/www.accent-social.cat\/#website","url":"https:\/\/www.accent-social.cat\/","name":"Accent Social | Serveis d'Atenci\u00f3 Domicili\u00e0ria (SAD) i centres col\u00b7lectius","description":"Serveis d&#039;Atenci\u00f3 Domicili\u00e0ria i centres de dia a Barcelona. Gesti\u00f3 de serveis socials i per a la gent gran.","publisher":{"@id":"https:\/\/www.accent-social.cat\/#organization"},"potentialAction":[{"@type":"SearchAction","target":{"@type":"EntryPoint","urlTemplate":"https:\/\/www.accent-social.cat\/?s={search_term_string}"},"query-input":{"@type":"PropertyValueSpecification","valueRequired":true,"valueName":"search_term_string"}}],"inLanguage":"es"},{"@type":"Organization","@id":"https:\/\/www.accent-social.cat\/#organization","name":"Accent Social","url":"https:\/\/www.accent-social.cat\/","logo":{"@type":"ImageObject","inLanguage":"es","@id":"https:\/\/www.accent-social.cat\/#\/schema\/logo\/image\/","url":"https:\/\/www.accent-social.cat\/wp-content\/uploads\/2017\/09\/Logo-Accent-Social.jpg","contentUrl":"https:\/\/www.accent-social.cat\/wp-content\/uploads\/2017\/09\/Logo-Accent-Social.jpg","width":512,"height":512,"caption":"Accent Social"},"image":{"@id":"https:\/\/www.accent-social.cat\/#\/schema\/logo\/image\/"},"sameAs":["https:\/\/www.facebook.com\/accentsocial","https:\/\/x.com\/accentsocial_","http:\/\/www.instagram.com\/accentsocial","https:\/\/www.linkedin.com\/company\/accent-social\/","https:\/\/www.crunchbase.com\/organization\/accent-social","https:\/\/www.hotfrog.es\/empresa\/barcelona\/barcelona\/accent-social","https:\/\/www.youtube.com\/channel\/UCBRsmX50gP0nPuAb5rPfr2g"]},{"@type":"Person","@id":"https:\/\/www.accent-social.cat\/#\/schema\/person\/e3059313a7a9356d5dcb4adc2ee0396a","name":"Accent Social","image":{"@type":"ImageObject","inLanguage":"es","@id":"https:\/\/secure.gravatar.com\/avatar\/9a4d9b0c2bbfb1ff3da85e7195367fa23cc6b72e60b3092496806038fa837fc5?s=96&d=mm&r=g","url":"https:\/\/secure.gravatar.com\/avatar\/9a4d9b0c2bbfb1ff3da85e7195367fa23cc6b72e60b3092496806038fa837fc5?s=96&d=mm&r=g","contentUrl":"https:\/\/secure.gravatar.com\/avatar\/9a4d9b0c2bbfb1ff3da85e7195367fa23cc6b72e60b3092496806038fa837fc5?s=96&d=mm&r=g","caption":"Accent Social"}}]}},"_links":{"self":[{"href":"https:\/\/www.accent-social.cat\/es\/wp-json\/wp\/v2\/posts\/12491","targetHints":{"allow":["GET"]}}],"collection":[{"href":"https:\/\/www.accent-social.cat\/es\/wp-json\/wp\/v2\/posts"}],"about":[{"href":"https:\/\/www.accent-social.cat\/es\/wp-json\/wp\/v2\/types\/post"}],"author":[{"embeddable":true,"href":"https:\/\/www.accent-social.cat\/es\/wp-json\/wp\/v2\/users\/1"}],"replies":[{"embeddable":true,"href":"https:\/\/www.accent-social.cat\/es\/wp-json\/wp\/v2\/comments?post=12491"}],"version-history":[{"count":4,"href":"https:\/\/www.accent-social.cat\/es\/wp-json\/wp\/v2\/posts\/12491\/revisions"}],"predecessor-version":[{"id":12495,"href":"https:\/\/www.accent-social.cat\/es\/wp-json\/wp\/v2\/posts\/12491\/revisions\/12495"}],"wp:featuredmedia":[{"embeddable":true,"href":"https:\/\/www.accent-social.cat\/es\/wp-json\/wp\/v2\/media\/12429"}],"wp:attachment":[{"href":"https:\/\/www.accent-social.cat\/es\/wp-json\/wp\/v2\/media?parent=12491"}],"wp:term":[{"taxonomy":"category","embeddable":true,"href":"https:\/\/www.accent-social.cat\/es\/wp-json\/wp\/v2\/categories?post=12491"},{"taxonomy":"post_tag","embeddable":true,"href":"https:\/\/www.accent-social.cat\/es\/wp-json\/wp\/v2\/tags?post=12491"}],"curies":[{"name":"wp","href":"https:\/\/api.w.org\/{rel}","templated":true}]}}