{"id":12201,"date":"2019-07-05T10:45:46","date_gmt":"2019-07-05T09:45:46","guid":{"rendered":"https:\/\/www.accent-social.cat\/?p=12201"},"modified":"2021-10-05T00:06:29","modified_gmt":"2021-10-04T23:06:29","slug":"superilles-supermanzanas-sociales","status":"publish","type":"post","link":"https:\/\/www.accent-social.cat\/es\/superilles-supermanzanas-sociales\/","title":{"rendered":"\u00abSuperilles\u00bb, las supermanzanas sociales, un nuevo modelo de atenci\u00f3n domiciliaria"},"content":{"rendered":"<h3>Las supermanzanas sociales (\u00absuperilles\u00bb) son el nuevo modelo ensayado en Barcelona para mejorar el servicio de atenci\u00f3n domiciliaria.<\/h3>\n<p>&nbsp;<\/p>\n<div class=\"infobox\" ><div class=\"infobox_wrapper\"><span class=\"ib-desc\">\u201cQuiero vivir muchos a\u00f1os y que Lorena me siga cuidando\u201d, explica Luis, persona usuaria del servicio de atenci\u00f3n domiciliaria.<br \/>\n<\/span><\/div><\/div>\n\n<p>&nbsp;<\/p>\n<p>Luis Meseguer acaba de celebrar su 84\u00ba cumplea\u00f1os. Vive en un piso de las <a href=\"https:\/\/www.accent-social.cat\/serveis\/habitatges-serveis-gent-gran-tutelats\/\" target=\"_blank\" rel=\"noopener noreferrer\">Viviendas con Servicios para Personas Mayores<\/a>\u00a0de Cam\u00ed Antic de Val\u00e8ncia, una calle peatonal cercana al Parque Central del Poblenou, en Barcelona. Vive ah\u00ed desde hace dos a\u00f1os y asegura que \u00abtiene muy buena relaci\u00f3n\u00bb con el vecindario. Pero con quien mayor v\u00ednculo tiene es con Lorena Andrea L\u00f3pez, una trabajadora del <strong><a href=\"https:\/\/www.accent-social.cat\/serveis\/atencio-domiciliaria\/\" target=\"_blank\" rel=\"noopener noreferrer\">servicio de atenci\u00f3n domiciliaria<\/a><\/strong>, que ya es casi como de la familia.<\/p>\n<p>&nbsp;<\/p>\n<hr class=\" hr_color\" style=\"margin:0 auto 30px;\"\/>\n\n<h3>\u201cQUIERO QUE ME SIGA CUIDANDO MUCHOS A\u00d1OS\u201d<\/h3>\n<p>Luis naci\u00f3 en Sant Adri\u00e1 de Bes\u00f3s y de muy joven sigui\u00f3 los pasos de su padre, de origen murciano. Aprendi\u00f3 la tarea de impresor y, posteriormente, lider\u00f3 la peque\u00f1a empresa familiar. Ahora, ya jubilado, vive en uno de los 76 Viviendas con Servicios, un edificio municipal del barrio de Poblenou que gestiona la<strong><a href=\"https:\/\/www.accent-social.cat\/\" target=\"_blank\" rel=\"noopener noreferrer\">entidad Accent Social<\/a><\/strong>.<\/p>\n<p>Adem\u00e1s de a los trabajadores del equipamiento, Luis recibe la visita tres veces a la semana de Lorena, una trabajadora familiar del <strong><a href=\"http:\/\/ajuntament.barcelona.cat\/accessible\/ca\/guia-recursos\/serveis-datencio-domiciliaria\" target=\"_blank\" rel=\"noopener noreferrer\">servicio de atenci\u00f3n domiciliaria del Ayuntamiento de Barcelona<\/a><\/strong>, gestionado por Accent Social. Es chilena y en su pa\u00eds trabajaba como traductora y enfermera. Despu\u00e9s de casi dos a\u00f1os con \u00e9l, el v\u00ednculo es notable. <em>\u201cQuiero vivir muchos a\u00f1os y que Lorena siga cuid\u00e1ndome\u201d<\/em>, assegura.<\/p>\n<p>&nbsp;<\/p>\n<hr class=\" hr_color\" style=\"margin:0 auto 30px;\"\/>\n\n<h3>UN NUEVO MODELO DE ATENCI\u00d3N DOMICILIARIA<\/h3>\n<p>Barcelona ha ensayado en los \u00faltimos a\u00f1os un nuevo modelo de atenci\u00f3n domiciliaria, las llamadas <strong><a href=\"https:\/\/ajuntament.barcelona.cat\/dretssocials\/ca\/innovacio-social\/superilles-socials\" target=\"_blank\" rel=\"noopener noreferrer\">supermanzanas sociales (\u00absuperilles\u00bb)<\/a><\/strong>. Se trata de juntar un grupo de manzanas de un barrio y gestionar conjuntamente todas las personas usuarias de este servicio.<\/p>\n<p>El Poblenou es uno de los cuatro barrios de la ciudad donde se han comenzado a probar las supermanzanas. En 2017 se activ\u00f3 la primera y este a\u00f1o la segunda. <strong>Suman en total 120 personas<\/strong> y la coordinaci\u00f3n corre a cargo de Lorena Vargas, trabajadora social de Accent Social.<\/p>\n<p>Uno de los cambios del actual modelo es que <strong>las trabajadoras autoorganizan al m\u00e1ximo<\/strong> y conocen la pr\u00e1ctica totalidad de las personas usuarias, sean o no atendidos directamente por ellas. <em>\u00abHay mayor autoorganizaci\u00f3n, menor dispersi\u00f3n y un trato mucho m\u00e1s directo\u00bb<\/em>, resume Vargas.<\/p>\n<p><em>\u00abEsta nueva manera de trabajar nos genera mucho menos estr\u00e9s\u00bb<\/em>, asegura Lorena. En este sentido, la trabajadora familiar destaca <strong>la reducci\u00f3n de desplazamientos como la principal mejora<\/strong>. Adem\u00e1s, se adaptan los horarios de los trabajadores a las necesidades de la persona usuaria. Y cualquier cambio, sea causado por las personas cuidadas o por los cuidadores, se gestiona de manera r\u00e1pida a trav\u00e9s de un grupo interno de mensajer\u00eda instant\u00e1nea.<\/p>\n<p>Desde la entidad tambi\u00e9n se valora muy positivamente esta nueva manera de trabajar. <em>\u00abEs un modelo innovador que ha aumentado la satisfacci\u00f3n de las personas usuarias y ha generado una mayor confianza en los equipos de trabajo\u201d<\/em>, argumenta <a href=\"https:\/\/www.linkedin.com\/in\/s%F2nia-iba%F1ez-257a8a9\" target=\"_blank\" rel=\"noopener noreferrer\"><strong>S\u00f2nia Ib\u00e1\u00f1ez<\/strong><\/a>, responsable de<a href=\"https:\/\/www.accent-social.cat\/innovant-amb-tu\/\" target=\"_blank\" rel=\"noopener noreferrer\"><strong>Innovaci\u00f3n T\u00e9cnica de Accent Social<\/strong><\/a>. \u201cLa sostenibilidad social y econ\u00f3mica ser\u00e1 clave para mantener y ampliar este nuevo modelo\u201d, conclou.<\/p>\n<p>&nbsp;<\/p>\n<hr class=\" hr_color\" style=\"margin:0 auto 30px;\"\/>\n\n<h3>M\u00c9S CONTACTO CON LA FAMILIA<\/h3>\n<p>Uno de los cambios que han conllevado las supermanzanas a la atenci\u00f3n domiciliaria es un <strong>mayor contacto entre los cuidadores y la familia<\/strong>. <em>\u00abHablo regularmente con su hijo y su hija. Compartimos su d\u00eda a d\u00eda y sus necesidades\u00bb<\/em>, explica Lorena. Antes, cualquier contacto se hac\u00eda a trav\u00e9s de la empresa y ninguna de las partes pod\u00eda tener el tel\u00e9fono del otro.<\/p>\n<p>En el caso de Lorena y de Luis, su relaci\u00f3n va m\u00e1s all\u00e1 de los tres d\u00edas que marca el servicio de atenci\u00f3n domiciliaria. De hecho, la trabajadora familiar aprovecha cuando va a otros pisos de las Viviendas con Servicios para saludarlo e interesarse por su estado. <em>\u00abEntro para ver si se ha despertado y ha desayunado a una hora razonable\u00bb<\/em>, explica. <em>\u00abEst\u00e1 mucho por m\u00ed\u00bb<\/em>, reconoce agradecido Luis.<\/p>\n<p>&nbsp;<\/p>\n<hr class=\" hr_color\" style=\"margin:0 auto 30px;\"\/>\n\n<pre>Entrevista publicada pr\u00e8viament a:\u00a0<a href=\"https:\/\/www.naciodigital.cat\/noticia\/182957\/quan\/cuidar\/es\/ser\/familia\" target=\"_blank\" rel=\"noopener noreferrer\">https:\/\/www.naciodigital.cat\/noticia\/182957\/quan\/cuidar\/es\/ser\/familia<\/a>\r\nFoto: Adri\u00e0 Costa \/ Text: Arnau Urgell<\/pre>\n<p>&nbsp;<\/p>\n<div class=\"column one\"><div class=\"mcb-column-inner\"><br \/>\n<iframe loading=\"lazy\" style=\"border: none; overflow: hidden;\" src=\"https:\/\/www.facebook.com\/plugins\/page.php?href=https%3A%2F%2Fwww.facebook.com%2Faccentsocial%2F&amp;tabs=timeline&amp;width=500&amp;height=100&amp;small_header=false&amp;adapt_container_width=false&amp;hide_cover=false&amp;show_facepile=true&amp;appId\" width=\"500\" height=\"100\" frameborder=\"0\" scrolling=\"no\"><\/iframe><br \/>\n<\/div><\/div>\n\n","protected":false},"excerpt":{"rendered":"<p>Las supermanzanas sociales (superilles) son el nuevo modelo ensayado en Barcelona para mejorar el servicio de atenci\u00f3n domiciliaria.<\/p>\n","protected":false},"author":1,"featured_media":12036,"comment_status":"closed","ping_status":"open","sticky":false,"template":"","format":"standard","meta":{"footnotes":""},"categories":[359,173],"tags":[279,276,385,218,220,401,502,409,408,500],"class_list":["post-12201","post","type-post","status-publish","format-standard","has-post-thumbnail","hentry","category-proyectos","category-viviendas-con-servicios","tag-accent-social-es","tag-asistencia-domiciliaria","tag-atencion-domiciliaria","tag-barcelona-es","tag-gent-gran-es","tag-servicio-de-atencion-domiciliaria","tag-superislas-sociales","tag-trabajadoras-familiares","tag-trabajo-social","tag-viviendas-con-servicios"],"yoast_head":"<!-- This site is optimized with the Yoast SEO plugin v27.5 - https:\/\/yoast.com\/product\/yoast-seo-wordpress\/ -->\n<title>Superilla: supermanzanas sociales, nuevo modelo de atenci\u00f3n domiciliaria<\/title>\n<meta name=\"description\" content=\"Las supermanzanas sociales (superilles) son el nuevo modelo ensayado en Barcelona para mejorar el servicio de atenci\u00f3n domiciliaria.\" \/>\n<meta name=\"robots\" content=\"index, follow, max-snippet:-1, max-image-preview:large, max-video-preview:-1\" \/>\n<link rel=\"canonical\" href=\"https:\/\/www.accent-social.cat\/es\/superilles-supermanzanas-sociales\/\" \/>\n<meta property=\"og:locale\" content=\"es_ES\" \/>\n<meta property=\"og:type\" content=\"article\" \/>\n<meta property=\"og:title\" content=\"Superilla: supermanzanas sociales, nuevo modelo de atenci\u00f3n domiciliaria\" \/>\n<meta property=\"og:description\" content=\"Las supermanzanas sociales (superilles) son el nuevo modelo ensayado en Barcelona para mejorar el servicio de atenci\u00f3n domiciliaria.\" \/>\n<meta property=\"og:url\" content=\"https:\/\/www.accent-social.cat\/es\/superilles-supermanzanas-sociales\/\" \/>\n<meta property=\"og:site_name\" content=\"Accent Social | Serveis d&#039;Atenci\u00f3 Domicili\u00e0ria i centres per gent gran\" \/>\n<meta property=\"article:publisher\" content=\"https:\/\/www.facebook.com\/accentsocial\" \/>\n<meta property=\"article:published_time\" content=\"2019-07-05T09:45:46+00:00\" \/>\n<meta property=\"article:modified_time\" content=\"2021-10-04T23:06:29+00:00\" \/>\n<meta property=\"og:image\" content=\"https:\/\/www.accent-social.cat\/wp-content\/uploads\/2019\/07\/Superilles-socials-atenci\u00f3-domicili\u00e0ria-Accent-Social-Foto-Adri\u00e0-Costa.jpg\" \/>\n\t<meta property=\"og:image:width\" content=\"840\" \/>\n\t<meta property=\"og:image:height\" content=\"400\" \/>\n\t<meta property=\"og:image:type\" content=\"image\/jpeg\" \/>\n<meta name=\"author\" content=\"Accent Social\" \/>\n<meta name=\"twitter:card\" content=\"summary_large_image\" \/>\n<meta name=\"twitter:image\" content=\"https:\/\/www.accent-social.cat\/wp-content\/uploads\/2019\/07\/Superilles-socials-atenci\u00f3-domicili\u00e0ria-Accent-Social-Foto-Adri\u00e0-Costa.jpg\" \/>\n<meta name=\"twitter:creator\" content=\"@accentsocial_\" \/>\n<meta name=\"twitter:site\" content=\"@accentsocial_\" \/>\n<meta name=\"twitter:label1\" content=\"Escrito por\" \/>\n\t<meta name=\"twitter:data1\" content=\"Accent Social\" \/>\n\t<meta name=\"twitter:label2\" content=\"Tiempo de lectura\" \/>\n\t<meta name=\"twitter:data2\" content=\"4 minutos\" \/>\n<script type=\"application\/ld+json\" class=\"yoast-schema-graph\">{\"@context\":\"https:\\\/\\\/schema.org\",\"@graph\":[{\"@type\":\"Article\",\"@id\":\"https:\\\/\\\/www.accent-social.cat\\\/es\\\/superilles-supermanzanas-sociales\\\/#article\",\"isPartOf\":{\"@id\":\"https:\\\/\\\/www.accent-social.cat\\\/es\\\/superilles-supermanzanas-sociales\\\/\"},\"author\":{\"name\":\"Accent Social\",\"@id\":\"https:\\\/\\\/www.accent-social.cat\\\/#\\\/schema\\\/person\\\/e3059313a7a9356d5dcb4adc2ee0396a\"},\"headline\":\"\u00abSuperilles\u00bb, las supermanzanas sociales, un nuevo modelo de atenci\u00f3n domiciliaria\",\"datePublished\":\"2019-07-05T09:45:46+00:00\",\"dateModified\":\"2021-10-04T23:06:29+00:00\",\"mainEntityOfPage\":{\"@id\":\"https:\\\/\\\/www.accent-social.cat\\\/es\\\/superilles-supermanzanas-sociales\\\/\"},\"wordCount\":757,\"publisher\":{\"@id\":\"https:\\\/\\\/www.accent-social.cat\\\/#organization\"},\"image\":{\"@id\":\"https:\\\/\\\/www.accent-social.cat\\\/es\\\/superilles-supermanzanas-sociales\\\/#primaryimage\"},\"thumbnailUrl\":\"https:\\\/\\\/www.accent-social.cat\\\/wp-content\\\/uploads\\\/2019\\\/07\\\/Superilles-socials-atenci\u00f3-domicili\u00e0ria-Accent-Social-Foto-Adri\u00e0-Costa.jpg\",\"keywords\":[\"Accent Social\",\"asistencia domiciliaria\",\"atenci\u00f3n domiciliaria\",\"Barcelona\",\"gent gran\",\"servicio de atenci\u00f3n domiciliaria\",\"superislas sociales\",\"trabajadoras familiares\",\"trabajo social\",\"viviendas con servicios\"],\"articleSection\":[\"Proyectos\",\"Viviendas con servicios\"],\"inLanguage\":\"es\"},{\"@type\":\"WebPage\",\"@id\":\"https:\\\/\\\/www.accent-social.cat\\\/es\\\/superilles-supermanzanas-sociales\\\/\",\"url\":\"https:\\\/\\\/www.accent-social.cat\\\/es\\\/superilles-supermanzanas-sociales\\\/\",\"name\":\"Superilla: supermanzanas sociales, nuevo modelo de atenci\u00f3n domiciliaria\",\"isPartOf\":{\"@id\":\"https:\\\/\\\/www.accent-social.cat\\\/#website\"},\"primaryImageOfPage\":{\"@id\":\"https:\\\/\\\/www.accent-social.cat\\\/es\\\/superilles-supermanzanas-sociales\\\/#primaryimage\"},\"image\":{\"@id\":\"https:\\\/\\\/www.accent-social.cat\\\/es\\\/superilles-supermanzanas-sociales\\\/#primaryimage\"},\"thumbnailUrl\":\"https:\\\/\\\/www.accent-social.cat\\\/wp-content\\\/uploads\\\/2019\\\/07\\\/Superilles-socials-atenci\u00f3-domicili\u00e0ria-Accent-Social-Foto-Adri\u00e0-Costa.jpg\",\"datePublished\":\"2019-07-05T09:45:46+00:00\",\"dateModified\":\"2021-10-04T23:06:29+00:00\",\"description\":\"Las supermanzanas sociales (superilles) son el nuevo modelo ensayado en Barcelona para mejorar el servicio de atenci\u00f3n domiciliaria.\",\"breadcrumb\":{\"@id\":\"https:\\\/\\\/www.accent-social.cat\\\/es\\\/superilles-supermanzanas-sociales\\\/#breadcrumb\"},\"inLanguage\":\"es\",\"potentialAction\":[{\"@type\":\"ReadAction\",\"target\":[\"https:\\\/\\\/www.accent-social.cat\\\/es\\\/superilles-supermanzanas-sociales\\\/\"]}]},{\"@type\":\"ImageObject\",\"inLanguage\":\"es\",\"@id\":\"https:\\\/\\\/www.accent-social.cat\\\/es\\\/superilles-supermanzanas-sociales\\\/#primaryimage\",\"url\":\"https:\\\/\\\/www.accent-social.cat\\\/wp-content\\\/uploads\\\/2019\\\/07\\\/Superilles-socials-atenci\u00f3-domicili\u00e0ria-Accent-Social-Foto-Adri\u00e0-Costa.jpg\",\"contentUrl\":\"https:\\\/\\\/www.accent-social.cat\\\/wp-content\\\/uploads\\\/2019\\\/07\\\/Superilles-socials-atenci\u00f3-domicili\u00e0ria-Accent-Social-Foto-Adri\u00e0-Costa.jpg\",\"width\":840,\"height\":400,\"caption\":\"Superilles socials, atenci\u00f3 domicili\u00e0ria Accent Social - Foto Adri\u00e0 Costa\"},{\"@type\":\"BreadcrumbList\",\"@id\":\"https:\\\/\\\/www.accent-social.cat\\\/es\\\/superilles-supermanzanas-sociales\\\/#breadcrumb\",\"itemListElement\":[{\"@type\":\"ListItem\",\"position\":1,\"name\":\"Inici\",\"item\":\"https:\\\/\\\/www.accent-social.cat\\\/es\\\/\"},{\"@type\":\"ListItem\",\"position\":2,\"name\":\"\u00abSuperilles\u00bb, las supermanzanas sociales, un nuevo modelo de atenci\u00f3n domiciliaria\"}]},{\"@type\":\"WebSite\",\"@id\":\"https:\\\/\\\/www.accent-social.cat\\\/#website\",\"url\":\"https:\\\/\\\/www.accent-social.cat\\\/\",\"name\":\"Accent Social | Serveis d'Atenci\u00f3 Domicili\u00e0ria (SAD) i centres col\u00b7lectius\",\"description\":\"Serveis d&#039;Atenci\u00f3 Domicili\u00e0ria i centres de dia a Barcelona. Gesti\u00f3 de serveis socials i per a la gent gran.\",\"publisher\":{\"@id\":\"https:\\\/\\\/www.accent-social.cat\\\/#organization\"},\"potentialAction\":[{\"@type\":\"SearchAction\",\"target\":{\"@type\":\"EntryPoint\",\"urlTemplate\":\"https:\\\/\\\/www.accent-social.cat\\\/?s={search_term_string}\"},\"query-input\":{\"@type\":\"PropertyValueSpecification\",\"valueRequired\":true,\"valueName\":\"search_term_string\"}}],\"inLanguage\":\"es\"},{\"@type\":\"Organization\",\"@id\":\"https:\\\/\\\/www.accent-social.cat\\\/#organization\",\"name\":\"Accent Social\",\"url\":\"https:\\\/\\\/www.accent-social.cat\\\/\",\"logo\":{\"@type\":\"ImageObject\",\"inLanguage\":\"es\",\"@id\":\"https:\\\/\\\/www.accent-social.cat\\\/#\\\/schema\\\/logo\\\/image\\\/\",\"url\":\"https:\\\/\\\/www.accent-social.cat\\\/wp-content\\\/uploads\\\/2017\\\/09\\\/Logo-Accent-Social.jpg\",\"contentUrl\":\"https:\\\/\\\/www.accent-social.cat\\\/wp-content\\\/uploads\\\/2017\\\/09\\\/Logo-Accent-Social.jpg\",\"width\":512,\"height\":512,\"caption\":\"Accent Social\"},\"image\":{\"@id\":\"https:\\\/\\\/www.accent-social.cat\\\/#\\\/schema\\\/logo\\\/image\\\/\"},\"sameAs\":[\"https:\\\/\\\/www.facebook.com\\\/accentsocial\",\"https:\\\/\\\/x.com\\\/accentsocial_\",\"http:\\\/\\\/www.instagram.com\\\/accentsocial\",\"https:\\\/\\\/www.linkedin.com\\\/company\\\/accent-social\\\/\",\"https:\\\/\\\/www.crunchbase.com\\\/organization\\\/accent-social\",\"https:\\\/\\\/www.hotfrog.es\\\/empresa\\\/barcelona\\\/barcelona\\\/accent-social\",\"https:\\\/\\\/www.youtube.com\\\/channel\\\/UCBRsmX50gP0nPuAb5rPfr2g\"]},{\"@type\":\"Person\",\"@id\":\"https:\\\/\\\/www.accent-social.cat\\\/#\\\/schema\\\/person\\\/e3059313a7a9356d5dcb4adc2ee0396a\",\"name\":\"Accent Social\",\"image\":{\"@type\":\"ImageObject\",\"inLanguage\":\"es\",\"@id\":\"https:\\\/\\\/secure.gravatar.com\\\/avatar\\\/9a4d9b0c2bbfb1ff3da85e7195367fa23cc6b72e60b3092496806038fa837fc5?s=96&d=mm&r=g\",\"url\":\"https:\\\/\\\/secure.gravatar.com\\\/avatar\\\/9a4d9b0c2bbfb1ff3da85e7195367fa23cc6b72e60b3092496806038fa837fc5?s=96&d=mm&r=g\",\"contentUrl\":\"https:\\\/\\\/secure.gravatar.com\\\/avatar\\\/9a4d9b0c2bbfb1ff3da85e7195367fa23cc6b72e60b3092496806038fa837fc5?s=96&d=mm&r=g\",\"caption\":\"Accent Social\"}}]}<\/script>\n<!-- \/ Yoast SEO plugin. -->","yoast_head_json":{"title":"Superilla: supermanzanas sociales, nuevo modelo de atenci\u00f3n domiciliaria","description":"Las supermanzanas sociales (superilles) son el nuevo modelo ensayado en Barcelona para mejorar el servicio de atenci\u00f3n domiciliaria.","robots":{"index":"index","follow":"follow","max-snippet":"max-snippet:-1","max-image-preview":"max-image-preview:large","max-video-preview":"max-video-preview:-1"},"canonical":"https:\/\/www.accent-social.cat\/es\/superilles-supermanzanas-sociales\/","og_locale":"es_ES","og_type":"article","og_title":"Superilla: supermanzanas sociales, nuevo modelo de atenci\u00f3n domiciliaria","og_description":"Las supermanzanas sociales (superilles) son el nuevo modelo ensayado en Barcelona para mejorar el servicio de atenci\u00f3n domiciliaria.","og_url":"https:\/\/www.accent-social.cat\/es\/superilles-supermanzanas-sociales\/","og_site_name":"Accent Social | Serveis d&#039;Atenci\u00f3 Domicili\u00e0ria i centres per gent gran","article_publisher":"https:\/\/www.facebook.com\/accentsocial","article_published_time":"2019-07-05T09:45:46+00:00","article_modified_time":"2021-10-04T23:06:29+00:00","og_image":[{"width":840,"height":400,"url":"https:\/\/www.accent-social.cat\/wp-content\/uploads\/2019\/07\/Superilles-socials-atenci\u00f3-domicili\u00e0ria-Accent-Social-Foto-Adri\u00e0-Costa.jpg","type":"image\/jpeg"}],"author":"Accent Social","twitter_card":"summary_large_image","twitter_image":"https:\/\/www.accent-social.cat\/wp-content\/uploads\/2019\/07\/Superilles-socials-atenci\u00f3-domicili\u00e0ria-Accent-Social-Foto-Adri\u00e0-Costa.jpg","twitter_creator":"@accentsocial_","twitter_site":"@accentsocial_","twitter_misc":{"Escrito por":"Accent Social","Tiempo de lectura":"4 minutos"},"schema":{"@context":"https:\/\/schema.org","@graph":[{"@type":"Article","@id":"https:\/\/www.accent-social.cat\/es\/superilles-supermanzanas-sociales\/#article","isPartOf":{"@id":"https:\/\/www.accent-social.cat\/es\/superilles-supermanzanas-sociales\/"},"author":{"name":"Accent Social","@id":"https:\/\/www.accent-social.cat\/#\/schema\/person\/e3059313a7a9356d5dcb4adc2ee0396a"},"headline":"\u00abSuperilles\u00bb, las supermanzanas sociales, un nuevo modelo de atenci\u00f3n domiciliaria","datePublished":"2019-07-05T09:45:46+00:00","dateModified":"2021-10-04T23:06:29+00:00","mainEntityOfPage":{"@id":"https:\/\/www.accent-social.cat\/es\/superilles-supermanzanas-sociales\/"},"wordCount":757,"publisher":{"@id":"https:\/\/www.accent-social.cat\/#organization"},"image":{"@id":"https:\/\/www.accent-social.cat\/es\/superilles-supermanzanas-sociales\/#primaryimage"},"thumbnailUrl":"https:\/\/www.accent-social.cat\/wp-content\/uploads\/2019\/07\/Superilles-socials-atenci\u00f3-domicili\u00e0ria-Accent-Social-Foto-Adri\u00e0-Costa.jpg","keywords":["Accent Social","asistencia domiciliaria","atenci\u00f3n domiciliaria","Barcelona","gent gran","servicio de atenci\u00f3n domiciliaria","superislas sociales","trabajadoras familiares","trabajo social","viviendas con servicios"],"articleSection":["Proyectos","Viviendas con servicios"],"inLanguage":"es"},{"@type":"WebPage","@id":"https:\/\/www.accent-social.cat\/es\/superilles-supermanzanas-sociales\/","url":"https:\/\/www.accent-social.cat\/es\/superilles-supermanzanas-sociales\/","name":"Superilla: supermanzanas sociales, nuevo modelo de atenci\u00f3n domiciliaria","isPartOf":{"@id":"https:\/\/www.accent-social.cat\/#website"},"primaryImageOfPage":{"@id":"https:\/\/www.accent-social.cat\/es\/superilles-supermanzanas-sociales\/#primaryimage"},"image":{"@id":"https:\/\/www.accent-social.cat\/es\/superilles-supermanzanas-sociales\/#primaryimage"},"thumbnailUrl":"https:\/\/www.accent-social.cat\/wp-content\/uploads\/2019\/07\/Superilles-socials-atenci\u00f3-domicili\u00e0ria-Accent-Social-Foto-Adri\u00e0-Costa.jpg","datePublished":"2019-07-05T09:45:46+00:00","dateModified":"2021-10-04T23:06:29+00:00","description":"Las supermanzanas sociales (superilles) son el nuevo modelo ensayado en Barcelona para mejorar el servicio de atenci\u00f3n domiciliaria.","breadcrumb":{"@id":"https:\/\/www.accent-social.cat\/es\/superilles-supermanzanas-sociales\/#breadcrumb"},"inLanguage":"es","potentialAction":[{"@type":"ReadAction","target":["https:\/\/www.accent-social.cat\/es\/superilles-supermanzanas-sociales\/"]}]},{"@type":"ImageObject","inLanguage":"es","@id":"https:\/\/www.accent-social.cat\/es\/superilles-supermanzanas-sociales\/#primaryimage","url":"https:\/\/www.accent-social.cat\/wp-content\/uploads\/2019\/07\/Superilles-socials-atenci\u00f3-domicili\u00e0ria-Accent-Social-Foto-Adri\u00e0-Costa.jpg","contentUrl":"https:\/\/www.accent-social.cat\/wp-content\/uploads\/2019\/07\/Superilles-socials-atenci\u00f3-domicili\u00e0ria-Accent-Social-Foto-Adri\u00e0-Costa.jpg","width":840,"height":400,"caption":"Superilles socials, atenci\u00f3 domicili\u00e0ria Accent Social - Foto Adri\u00e0 Costa"},{"@type":"BreadcrumbList","@id":"https:\/\/www.accent-social.cat\/es\/superilles-supermanzanas-sociales\/#breadcrumb","itemListElement":[{"@type":"ListItem","position":1,"name":"Inici","item":"https:\/\/www.accent-social.cat\/es\/"},{"@type":"ListItem","position":2,"name":"\u00abSuperilles\u00bb, las supermanzanas sociales, un nuevo modelo de atenci\u00f3n domiciliaria"}]},{"@type":"WebSite","@id":"https:\/\/www.accent-social.cat\/#website","url":"https:\/\/www.accent-social.cat\/","name":"Accent Social | Serveis d'Atenci\u00f3 Domicili\u00e0ria (SAD) i centres col\u00b7lectius","description":"Serveis d&#039;Atenci\u00f3 Domicili\u00e0ria i centres de dia a Barcelona. Gesti\u00f3 de serveis socials i per a la gent gran.","publisher":{"@id":"https:\/\/www.accent-social.cat\/#organization"},"potentialAction":[{"@type":"SearchAction","target":{"@type":"EntryPoint","urlTemplate":"https:\/\/www.accent-social.cat\/?s={search_term_string}"},"query-input":{"@type":"PropertyValueSpecification","valueRequired":true,"valueName":"search_term_string"}}],"inLanguage":"es"},{"@type":"Organization","@id":"https:\/\/www.accent-social.cat\/#organization","name":"Accent Social","url":"https:\/\/www.accent-social.cat\/","logo":{"@type":"ImageObject","inLanguage":"es","@id":"https:\/\/www.accent-social.cat\/#\/schema\/logo\/image\/","url":"https:\/\/www.accent-social.cat\/wp-content\/uploads\/2017\/09\/Logo-Accent-Social.jpg","contentUrl":"https:\/\/www.accent-social.cat\/wp-content\/uploads\/2017\/09\/Logo-Accent-Social.jpg","width":512,"height":512,"caption":"Accent Social"},"image":{"@id":"https:\/\/www.accent-social.cat\/#\/schema\/logo\/image\/"},"sameAs":["https:\/\/www.facebook.com\/accentsocial","https:\/\/x.com\/accentsocial_","http:\/\/www.instagram.com\/accentsocial","https:\/\/www.linkedin.com\/company\/accent-social\/","https:\/\/www.crunchbase.com\/organization\/accent-social","https:\/\/www.hotfrog.es\/empresa\/barcelona\/barcelona\/accent-social","https:\/\/www.youtube.com\/channel\/UCBRsmX50gP0nPuAb5rPfr2g"]},{"@type":"Person","@id":"https:\/\/www.accent-social.cat\/#\/schema\/person\/e3059313a7a9356d5dcb4adc2ee0396a","name":"Accent Social","image":{"@type":"ImageObject","inLanguage":"es","@id":"https:\/\/secure.gravatar.com\/avatar\/9a4d9b0c2bbfb1ff3da85e7195367fa23cc6b72e60b3092496806038fa837fc5?s=96&d=mm&r=g","url":"https:\/\/secure.gravatar.com\/avatar\/9a4d9b0c2bbfb1ff3da85e7195367fa23cc6b72e60b3092496806038fa837fc5?s=96&d=mm&r=g","contentUrl":"https:\/\/secure.gravatar.com\/avatar\/9a4d9b0c2bbfb1ff3da85e7195367fa23cc6b72e60b3092496806038fa837fc5?s=96&d=mm&r=g","caption":"Accent Social"}}]}},"_links":{"self":[{"href":"https:\/\/www.accent-social.cat\/es\/wp-json\/wp\/v2\/posts\/12201","targetHints":{"allow":["GET"]}}],"collection":[{"href":"https:\/\/www.accent-social.cat\/es\/wp-json\/wp\/v2\/posts"}],"about":[{"href":"https:\/\/www.accent-social.cat\/es\/wp-json\/wp\/v2\/types\/post"}],"author":[{"embeddable":true,"href":"https:\/\/www.accent-social.cat\/es\/wp-json\/wp\/v2\/users\/1"}],"replies":[{"embeddable":true,"href":"https:\/\/www.accent-social.cat\/es\/wp-json\/wp\/v2\/comments?post=12201"}],"version-history":[{"count":7,"href":"https:\/\/www.accent-social.cat\/es\/wp-json\/wp\/v2\/posts\/12201\/revisions"}],"predecessor-version":[{"id":13656,"href":"https:\/\/www.accent-social.cat\/es\/wp-json\/wp\/v2\/posts\/12201\/revisions\/13656"}],"wp:featuredmedia":[{"embeddable":true,"href":"https:\/\/www.accent-social.cat\/es\/wp-json\/wp\/v2\/media\/12036"}],"wp:attachment":[{"href":"https:\/\/www.accent-social.cat\/es\/wp-json\/wp\/v2\/media?parent=12201"}],"wp:term":[{"taxonomy":"category","embeddable":true,"href":"https:\/\/www.accent-social.cat\/es\/wp-json\/wp\/v2\/categories?post=12201"},{"taxonomy":"post_tag","embeddable":true,"href":"https:\/\/www.accent-social.cat\/es\/wp-json\/wp\/v2\/tags?post=12201"}],"curies":[{"name":"wp","href":"https:\/\/api.w.org\/{rel}","templated":true}]}}