{"id":11677,"date":"2019-01-23T12:41:55","date_gmt":"2019-01-23T11:41:55","guid":{"rendered":"http:\/\/www.accent-social.cat\/?p=11677"},"modified":"2019-01-23T18:51:37","modified_gmt":"2019-01-23T17:51:37","slug":"avismon-soledad-personas-mayores","status":"publish","type":"post","link":"https:\/\/www.accent-social.cat\/es\/avismon-soledad-personas-mayores\/","title":{"rendered":"Colaboramos con Avism\u00f3n para paliar la soledad de las personas mayores"},"content":{"rendered":"<h3>La soledad de las personas mayores es una realidad a la que hay que dar soluciones, mediante proyectos y visibilizaci\u00f3n. Colaboramos con Avism\u00f3n, conocedores de esta problem\u00e1tica.<\/h3>\n<p>En el <a href=\"http:\/\/serveisoberts.gencat.cat\/equipaments\/416575\" target=\"_blank\" rel=\"noopener\"><strong>Equipamiento municipal para personas mayores Josep Miracle<\/strong><\/a>, del distrito de Sants-Montju\u00efc en Barcelona, trabajamos de manera conjunta con <a href=\"http:\/\/www.avismon.org\" target=\"_blank\" rel=\"noopener\"><strong>Avism\u00f3n<\/strong><\/a> desde hace unos a\u00f1os. Ahora hemos decidido dar un paso adelante, con un compromiso definido entre ambas entidades y el compromiso mutuo hacia las personas mayores.<\/p>\n<p>Ambas organizaciones consideramos importante promover la <strong>calidad de vida de las personas mayores<\/strong>, dando apoyo y cobertura a las necesidades que pueden surgir fruto del envejecimiento. Dentro de esta inquietud, son relevantes los problemas de la <strong>soledad<\/strong> o la <strong>situaci\u00f3n social de riesgo<\/strong> en la que se encuentran algunas personas de edad avanzada.<\/p>\n<p>De igual modo, nos comprometemos con la ejecuci\u00f3n de actuaciones de <strong>voluntariado y de participaci\u00f3n social<\/strong>, con el objetivo de dar respuesta a las necesidades mencionadas.<\/p>\n<p>Queremos promover de manera conjunta actividades de <strong>participaci\u00f3n comunitaria y con el entorno m\u00e1s inmediato<\/strong>. Sentirse integrada y respetada en el barrio, mediante la interacci\u00f3n con los que lo dinamizan, proporciona a la persona mayor autoestima e ilusi\u00f3n por ser parte activa.<\/p>\n<p>Tambi\u00e9n queremos cooperar en <strong>visibilizar y sensibilizar a la poblaci\u00f3n sobre el edadismo<\/strong>, la discriminaci\u00f3n en raz\u00f3n de la edad. Y por \u00faltimo, compartir conocimientos y experiencias que enriquecen el desarrollo de nuestra raz\u00f3n de ser en el \u00e1mbito del trabajo de los cuidados a personas, del envejecimiento y del acompa\u00f1amiento.<\/p>\n<p>&nbsp;<\/p>\n<div class=\"infobox\" ><div class=\"infobox_wrapper\"><span class=\"ib-desc\">Reaforzamos la colaboraci\u00f3n con Avism\u00f3n para ayudar a la gente mayor a paliar el sentimiento de soledad, por medio de la participaci\u00f3n comunitaria.<\/span><\/div><\/div>\n\n<p>&nbsp;<\/p>\n<p><img loading=\"lazy\" decoding=\"async\" class=\"size-full wp-image-11668 aligncenter\" src=\"https:\/\/www.accent-social.cat\/wp-content\/uploads\/2019\/01\/Col\u00b7laboraci\u00f3-Avismon-contra-la-solitud-de-les-persones-grans.jpg\" alt=\"Col\u00b7laboraci\u00f3 Avismon contra la solitud de les persones grans\" width=\"900\" height=\"599\" srcset=\"https:\/\/www.accent-social.cat\/wp-content\/uploads\/2019\/01\/Col\u00b7laboraci\u00f3-Avismon-contra-la-solitud-de-les-persones-grans.jpg 900w, https:\/\/www.accent-social.cat\/wp-content\/uploads\/2019\/01\/Col\u00b7laboraci\u00f3-Avismon-contra-la-solitud-de-les-persones-grans-300x200.jpg 300w, https:\/\/www.accent-social.cat\/wp-content\/uploads\/2019\/01\/Col\u00b7laboraci\u00f3-Avismon-contra-la-solitud-de-les-persones-grans-768x511.jpg 768w, https:\/\/www.accent-social.cat\/wp-content\/uploads\/2019\/01\/Col\u00b7laboraci\u00f3-Avismon-contra-la-solitud-de-les-persones-grans-219x146.jpg 219w, https:\/\/www.accent-social.cat\/wp-content\/uploads\/2019\/01\/Col\u00b7laboraci\u00f3-Avismon-contra-la-solitud-de-les-persones-grans-50x33.jpg 50w, https:\/\/www.accent-social.cat\/wp-content\/uploads\/2019\/01\/Col\u00b7laboraci\u00f3-Avismon-contra-la-solitud-de-les-persones-grans-113x75.jpg 113w\" sizes=\"auto, (max-width:767px) 480px, (max-width:900px) 100vw, 900px\" \/><\/p>\n<div class=\"column one\"><div class=\"mcb-column-inner\"><br \/>\n<iframe loading=\"lazy\" style=\"border: none; overflow: hidden;\" src=\"https:\/\/www.facebook.com\/plugins\/page.php?href=https%3A%2F%2Fwww.facebook.com%2Faccentsocial%2F&amp;tabs=timeline&amp;width=500&amp;height=100&amp;small_header=false&amp;adapt_container_width=false&amp;hide_cover=false&amp;show_facepile=true&amp;appId\" width=\"500\" height=\"100\" frameborder=\"0\" scrolling=\"no\" data-mce-fragment=\"1\"><\/iframe><br \/>\n<\/div><\/div>\n\n","protected":false},"excerpt":{"rendered":"<p>La soledad de las personas mayores es una realidad a la que se debe dar soluciones, mediante proyectos y visibilizaci\u00f3n. Colaboramos con Avism\u00f3n.<\/p>\n","protected":false},"author":1,"featured_media":11667,"comment_status":"closed","ping_status":"open","sticky":false,"template":"","format":"standard","meta":{"footnotes":""},"categories":[359,235],"tags":[279,386,391,423,464,403,286,413],"class_list":["post-11677","post","type-post","status-publish","format-standard","has-post-thumbnail","hentry","category-proyectos","category-residencias","tag-accent-social-es","tag-barrio","tag-comunidad","tag-cuidados-personales","tag-edatismo","tag-proximidad","tag-rsc-es","tag-soledad"],"yoast_head":"<!-- This site is optimized with the Yoast SEO plugin v27.4 - https:\/\/yoast.com\/product\/yoast-seo-wordpress\/ -->\n<title>Colaboramos con Avism\u00f3n para paliar la soledad de las personas mayores | Accent Social | Serveis d&#039;Atenci\u00f3 Domicili\u00e0ria i centres per gent gran<\/title>\n<meta name=\"description\" content=\"La soledad de las personas mayores es una realidad a la que se debe dar soluciones, mediante proyectos y visibilizaci\u00f3n. Colaboramos con Avism\u00f3n.\" \/>\n<meta name=\"robots\" content=\"index, follow, max-snippet:-1, max-image-preview:large, max-video-preview:-1\" \/>\n<link rel=\"canonical\" href=\"https:\/\/www.accent-social.cat\/es\/avismon-soledad-personas-mayores\/\" \/>\n<meta property=\"og:locale\" content=\"es_ES\" \/>\n<meta property=\"og:type\" content=\"article\" \/>\n<meta property=\"og:title\" content=\"Colaboramos con Avism\u00f3n para paliar la soledad de las personas mayores | Accent Social | Serveis d&#039;Atenci\u00f3 Domicili\u00e0ria i centres per gent gran\" \/>\n<meta property=\"og:description\" content=\"La soledad de las personas mayores es una realidad a la que se debe dar soluciones, mediante proyectos y visibilizaci\u00f3n. Colaboramos con Avism\u00f3n.\" \/>\n<meta property=\"og:url\" content=\"https:\/\/www.accent-social.cat\/es\/avismon-soledad-personas-mayores\/\" \/>\n<meta property=\"og:site_name\" content=\"Accent Social | Serveis d&#039;Atenci\u00f3 Domicili\u00e0ria i centres per gent gran\" \/>\n<meta property=\"article:publisher\" content=\"https:\/\/www.facebook.com\/accentsocial\" \/>\n<meta property=\"article:published_time\" content=\"2019-01-23T11:41:55+00:00\" \/>\n<meta property=\"article:modified_time\" content=\"2019-01-23T17:51:37+00:00\" \/>\n<meta property=\"og:image\" content=\"https:\/\/www.accent-social.cat\/wp-content\/uploads\/2019\/01\/Col\u00b7laboraci\u00f3-Avism\u00f3n-contra-la-solitud-de-la-gent-gran.jpg\" \/>\n\t<meta property=\"og:image:width\" content=\"840\" \/>\n\t<meta property=\"og:image:height\" content=\"400\" \/>\n\t<meta property=\"og:image:type\" content=\"image\/jpeg\" \/>\n<meta name=\"author\" content=\"Accent Social\" \/>\n<meta name=\"twitter:card\" content=\"summary_large_image\" \/>\n<meta name=\"twitter:creator\" content=\"@accentsocial_\" \/>\n<meta name=\"twitter:site\" content=\"@accentsocial_\" \/>\n<meta name=\"twitter:label1\" content=\"Escrito por\" \/>\n\t<meta name=\"twitter:data1\" content=\"Accent Social\" \/>\n\t<meta name=\"twitter:label2\" content=\"Tiempo de lectura\" \/>\n\t<meta name=\"twitter:data2\" content=\"2 minutos\" \/>\n<script type=\"application\/ld+json\" class=\"yoast-schema-graph\">{\"@context\":\"https:\\\/\\\/schema.org\",\"@graph\":[{\"@type\":\"Article\",\"@id\":\"https:\\\/\\\/www.accent-social.cat\\\/es\\\/avismon-soledad-personas-mayores\\\/#article\",\"isPartOf\":{\"@id\":\"https:\\\/\\\/www.accent-social.cat\\\/es\\\/avismon-soledad-personas-mayores\\\/\"},\"author\":{\"name\":\"Accent Social\",\"@id\":\"https:\\\/\\\/www.accent-social.cat\\\/#\\\/schema\\\/person\\\/e3059313a7a9356d5dcb4adc2ee0396a\"},\"headline\":\"Colaboramos con Avism\u00f3n para paliar la soledad de las personas mayores\",\"datePublished\":\"2019-01-23T11:41:55+00:00\",\"dateModified\":\"2019-01-23T17:51:37+00:00\",\"mainEntityOfPage\":{\"@id\":\"https:\\\/\\\/www.accent-social.cat\\\/es\\\/avismon-soledad-personas-mayores\\\/\"},\"wordCount\":314,\"publisher\":{\"@id\":\"https:\\\/\\\/www.accent-social.cat\\\/#organization\"},\"image\":{\"@id\":\"https:\\\/\\\/www.accent-social.cat\\\/es\\\/avismon-soledad-personas-mayores\\\/#primaryimage\"},\"thumbnailUrl\":\"https:\\\/\\\/www.accent-social.cat\\\/wp-content\\\/uploads\\\/2019\\\/01\\\/Col\u00b7laboraci\u00f3-Avism\u00f3n-contra-la-solitud-de-la-gent-gran.jpg\",\"keywords\":[\"Accent Social\",\"barrio\",\"comunidad\",\"cuidados personales\",\"edatismo\",\"proximidad\",\"RSC\",\"soledad\"],\"articleSection\":[\"Proyectos\",\"Residencias\"],\"inLanguage\":\"es\"},{\"@type\":\"WebPage\",\"@id\":\"https:\\\/\\\/www.accent-social.cat\\\/es\\\/avismon-soledad-personas-mayores\\\/\",\"url\":\"https:\\\/\\\/www.accent-social.cat\\\/es\\\/avismon-soledad-personas-mayores\\\/\",\"name\":\"Colaboramos con Avism\u00f3n para paliar la soledad de las personas mayores | Accent Social | Serveis d&#039;Atenci\u00f3 Domicili\u00e0ria i centres per gent gran\",\"isPartOf\":{\"@id\":\"https:\\\/\\\/www.accent-social.cat\\\/#website\"},\"primaryImageOfPage\":{\"@id\":\"https:\\\/\\\/www.accent-social.cat\\\/es\\\/avismon-soledad-personas-mayores\\\/#primaryimage\"},\"image\":{\"@id\":\"https:\\\/\\\/www.accent-social.cat\\\/es\\\/avismon-soledad-personas-mayores\\\/#primaryimage\"},\"thumbnailUrl\":\"https:\\\/\\\/www.accent-social.cat\\\/wp-content\\\/uploads\\\/2019\\\/01\\\/Col\u00b7laboraci\u00f3-Avism\u00f3n-contra-la-solitud-de-la-gent-gran.jpg\",\"datePublished\":\"2019-01-23T11:41:55+00:00\",\"dateModified\":\"2019-01-23T17:51:37+00:00\",\"description\":\"La soledad de las personas mayores es una realidad a la que se debe dar soluciones, mediante proyectos y visibilizaci\u00f3n. Colaboramos con Avism\u00f3n.\",\"breadcrumb\":{\"@id\":\"https:\\\/\\\/www.accent-social.cat\\\/es\\\/avismon-soledad-personas-mayores\\\/#breadcrumb\"},\"inLanguage\":\"es\",\"potentialAction\":[{\"@type\":\"ReadAction\",\"target\":[\"https:\\\/\\\/www.accent-social.cat\\\/es\\\/avismon-soledad-personas-mayores\\\/\"]}]},{\"@type\":\"ImageObject\",\"inLanguage\":\"es\",\"@id\":\"https:\\\/\\\/www.accent-social.cat\\\/es\\\/avismon-soledad-personas-mayores\\\/#primaryimage\",\"url\":\"https:\\\/\\\/www.accent-social.cat\\\/wp-content\\\/uploads\\\/2019\\\/01\\\/Col\u00b7laboraci\u00f3-Avism\u00f3n-contra-la-solitud-de-la-gent-gran.jpg\",\"contentUrl\":\"https:\\\/\\\/www.accent-social.cat\\\/wp-content\\\/uploads\\\/2019\\\/01\\\/Col\u00b7laboraci\u00f3-Avism\u00f3n-contra-la-solitud-de-la-gent-gran.jpg\",\"width\":840,\"height\":400,\"caption\":\"Col\u00b7laboraci\u00f3 Avism\u00f3n contra la solitud de la gent gran\"},{\"@type\":\"BreadcrumbList\",\"@id\":\"https:\\\/\\\/www.accent-social.cat\\\/es\\\/avismon-soledad-personas-mayores\\\/#breadcrumb\",\"itemListElement\":[{\"@type\":\"ListItem\",\"position\":1,\"name\":\"Inici\",\"item\":\"https:\\\/\\\/www.accent-social.cat\\\/es\\\/\"},{\"@type\":\"ListItem\",\"position\":2,\"name\":\"Colaboramos con Avism\u00f3n para paliar la soledad de las personas mayores\"}]},{\"@type\":\"WebSite\",\"@id\":\"https:\\\/\\\/www.accent-social.cat\\\/#website\",\"url\":\"https:\\\/\\\/www.accent-social.cat\\\/\",\"name\":\"Accent Social | Serveis d'Atenci\u00f3 Domicili\u00e0ria (SAD) i centres col\u00b7lectius\",\"description\":\"Serveis d&#039;Atenci\u00f3 Domicili\u00e0ria i centres de dia a Barcelona. Gesti\u00f3 de serveis socials i per a la gent gran.\",\"publisher\":{\"@id\":\"https:\\\/\\\/www.accent-social.cat\\\/#organization\"},\"potentialAction\":[{\"@type\":\"SearchAction\",\"target\":{\"@type\":\"EntryPoint\",\"urlTemplate\":\"https:\\\/\\\/www.accent-social.cat\\\/?s={search_term_string}\"},\"query-input\":{\"@type\":\"PropertyValueSpecification\",\"valueRequired\":true,\"valueName\":\"search_term_string\"}}],\"inLanguage\":\"es\"},{\"@type\":\"Organization\",\"@id\":\"https:\\\/\\\/www.accent-social.cat\\\/#organization\",\"name\":\"Accent Social\",\"url\":\"https:\\\/\\\/www.accent-social.cat\\\/\",\"logo\":{\"@type\":\"ImageObject\",\"inLanguage\":\"es\",\"@id\":\"https:\\\/\\\/www.accent-social.cat\\\/#\\\/schema\\\/logo\\\/image\\\/\",\"url\":\"https:\\\/\\\/www.accent-social.cat\\\/wp-content\\\/uploads\\\/2017\\\/09\\\/Logo-Accent-Social.jpg\",\"contentUrl\":\"https:\\\/\\\/www.accent-social.cat\\\/wp-content\\\/uploads\\\/2017\\\/09\\\/Logo-Accent-Social.jpg\",\"width\":512,\"height\":512,\"caption\":\"Accent Social\"},\"image\":{\"@id\":\"https:\\\/\\\/www.accent-social.cat\\\/#\\\/schema\\\/logo\\\/image\\\/\"},\"sameAs\":[\"https:\\\/\\\/www.facebook.com\\\/accentsocial\",\"https:\\\/\\\/x.com\\\/accentsocial_\",\"http:\\\/\\\/www.instagram.com\\\/accentsocial\",\"https:\\\/\\\/www.linkedin.com\\\/company\\\/accent-social\\\/\",\"https:\\\/\\\/www.crunchbase.com\\\/organization\\\/accent-social\",\"https:\\\/\\\/www.hotfrog.es\\\/empresa\\\/barcelona\\\/barcelona\\\/accent-social\",\"https:\\\/\\\/www.youtube.com\\\/channel\\\/UCBRsmX50gP0nPuAb5rPfr2g\"]},{\"@type\":\"Person\",\"@id\":\"https:\\\/\\\/www.accent-social.cat\\\/#\\\/schema\\\/person\\\/e3059313a7a9356d5dcb4adc2ee0396a\",\"name\":\"Accent Social\",\"image\":{\"@type\":\"ImageObject\",\"inLanguage\":\"es\",\"@id\":\"https:\\\/\\\/secure.gravatar.com\\\/avatar\\\/9a4d9b0c2bbfb1ff3da85e7195367fa23cc6b72e60b3092496806038fa837fc5?s=96&d=mm&r=g\",\"url\":\"https:\\\/\\\/secure.gravatar.com\\\/avatar\\\/9a4d9b0c2bbfb1ff3da85e7195367fa23cc6b72e60b3092496806038fa837fc5?s=96&d=mm&r=g\",\"contentUrl\":\"https:\\\/\\\/secure.gravatar.com\\\/avatar\\\/9a4d9b0c2bbfb1ff3da85e7195367fa23cc6b72e60b3092496806038fa837fc5?s=96&d=mm&r=g\",\"caption\":\"Accent Social\"}}]}<\/script>\n<!-- \/ Yoast SEO plugin. -->","yoast_head_json":{"title":"Colaboramos con Avism\u00f3n para paliar la soledad de las personas mayores | Accent Social | Serveis d&#039;Atenci\u00f3 Domicili\u00e0ria i centres per gent gran","description":"La soledad de las personas mayores es una realidad a la que se debe dar soluciones, mediante proyectos y visibilizaci\u00f3n. Colaboramos con Avism\u00f3n.","robots":{"index":"index","follow":"follow","max-snippet":"max-snippet:-1","max-image-preview":"max-image-preview:large","max-video-preview":"max-video-preview:-1"},"canonical":"https:\/\/www.accent-social.cat\/es\/avismon-soledad-personas-mayores\/","og_locale":"es_ES","og_type":"article","og_title":"Colaboramos con Avism\u00f3n para paliar la soledad de las personas mayores | Accent Social | Serveis d&#039;Atenci\u00f3 Domicili\u00e0ria i centres per gent gran","og_description":"La soledad de las personas mayores es una realidad a la que se debe dar soluciones, mediante proyectos y visibilizaci\u00f3n. Colaboramos con Avism\u00f3n.","og_url":"https:\/\/www.accent-social.cat\/es\/avismon-soledad-personas-mayores\/","og_site_name":"Accent Social | Serveis d&#039;Atenci\u00f3 Domicili\u00e0ria i centres per gent gran","article_publisher":"https:\/\/www.facebook.com\/accentsocial","article_published_time":"2019-01-23T11:41:55+00:00","article_modified_time":"2019-01-23T17:51:37+00:00","og_image":[{"width":840,"height":400,"url":"https:\/\/www.accent-social.cat\/wp-content\/uploads\/2019\/01\/Col\u00b7laboraci\u00f3-Avism\u00f3n-contra-la-solitud-de-la-gent-gran.jpg","type":"image\/jpeg"}],"author":"Accent Social","twitter_card":"summary_large_image","twitter_creator":"@accentsocial_","twitter_site":"@accentsocial_","twitter_misc":{"Escrito por":"Accent Social","Tiempo de lectura":"2 minutos"},"schema":{"@context":"https:\/\/schema.org","@graph":[{"@type":"Article","@id":"https:\/\/www.accent-social.cat\/es\/avismon-soledad-personas-mayores\/#article","isPartOf":{"@id":"https:\/\/www.accent-social.cat\/es\/avismon-soledad-personas-mayores\/"},"author":{"name":"Accent Social","@id":"https:\/\/www.accent-social.cat\/#\/schema\/person\/e3059313a7a9356d5dcb4adc2ee0396a"},"headline":"Colaboramos con Avism\u00f3n para paliar la soledad de las personas mayores","datePublished":"2019-01-23T11:41:55+00:00","dateModified":"2019-01-23T17:51:37+00:00","mainEntityOfPage":{"@id":"https:\/\/www.accent-social.cat\/es\/avismon-soledad-personas-mayores\/"},"wordCount":314,"publisher":{"@id":"https:\/\/www.accent-social.cat\/#organization"},"image":{"@id":"https:\/\/www.accent-social.cat\/es\/avismon-soledad-personas-mayores\/#primaryimage"},"thumbnailUrl":"https:\/\/www.accent-social.cat\/wp-content\/uploads\/2019\/01\/Col\u00b7laboraci\u00f3-Avism\u00f3n-contra-la-solitud-de-la-gent-gran.jpg","keywords":["Accent Social","barrio","comunidad","cuidados personales","edatismo","proximidad","RSC","soledad"],"articleSection":["Proyectos","Residencias"],"inLanguage":"es"},{"@type":"WebPage","@id":"https:\/\/www.accent-social.cat\/es\/avismon-soledad-personas-mayores\/","url":"https:\/\/www.accent-social.cat\/es\/avismon-soledad-personas-mayores\/","name":"Colaboramos con Avism\u00f3n para paliar la soledad de las personas mayores | Accent Social | Serveis d&#039;Atenci\u00f3 Domicili\u00e0ria i centres per gent gran","isPartOf":{"@id":"https:\/\/www.accent-social.cat\/#website"},"primaryImageOfPage":{"@id":"https:\/\/www.accent-social.cat\/es\/avismon-soledad-personas-mayores\/#primaryimage"},"image":{"@id":"https:\/\/www.accent-social.cat\/es\/avismon-soledad-personas-mayores\/#primaryimage"},"thumbnailUrl":"https:\/\/www.accent-social.cat\/wp-content\/uploads\/2019\/01\/Col\u00b7laboraci\u00f3-Avism\u00f3n-contra-la-solitud-de-la-gent-gran.jpg","datePublished":"2019-01-23T11:41:55+00:00","dateModified":"2019-01-23T17:51:37+00:00","description":"La soledad de las personas mayores es una realidad a la que se debe dar soluciones, mediante proyectos y visibilizaci\u00f3n. Colaboramos con Avism\u00f3n.","breadcrumb":{"@id":"https:\/\/www.accent-social.cat\/es\/avismon-soledad-personas-mayores\/#breadcrumb"},"inLanguage":"es","potentialAction":[{"@type":"ReadAction","target":["https:\/\/www.accent-social.cat\/es\/avismon-soledad-personas-mayores\/"]}]},{"@type":"ImageObject","inLanguage":"es","@id":"https:\/\/www.accent-social.cat\/es\/avismon-soledad-personas-mayores\/#primaryimage","url":"https:\/\/www.accent-social.cat\/wp-content\/uploads\/2019\/01\/Col\u00b7laboraci\u00f3-Avism\u00f3n-contra-la-solitud-de-la-gent-gran.jpg","contentUrl":"https:\/\/www.accent-social.cat\/wp-content\/uploads\/2019\/01\/Col\u00b7laboraci\u00f3-Avism\u00f3n-contra-la-solitud-de-la-gent-gran.jpg","width":840,"height":400,"caption":"Col\u00b7laboraci\u00f3 Avism\u00f3n contra la solitud de la gent gran"},{"@type":"BreadcrumbList","@id":"https:\/\/www.accent-social.cat\/es\/avismon-soledad-personas-mayores\/#breadcrumb","itemListElement":[{"@type":"ListItem","position":1,"name":"Inici","item":"https:\/\/www.accent-social.cat\/es\/"},{"@type":"ListItem","position":2,"name":"Colaboramos con Avism\u00f3n para paliar la soledad de las personas mayores"}]},{"@type":"WebSite","@id":"https:\/\/www.accent-social.cat\/#website","url":"https:\/\/www.accent-social.cat\/","name":"Accent Social | Serveis d'Atenci\u00f3 Domicili\u00e0ria (SAD) i centres col\u00b7lectius","description":"Serveis d&#039;Atenci\u00f3 Domicili\u00e0ria i centres de dia a Barcelona. Gesti\u00f3 de serveis socials i per a la gent gran.","publisher":{"@id":"https:\/\/www.accent-social.cat\/#organization"},"potentialAction":[{"@type":"SearchAction","target":{"@type":"EntryPoint","urlTemplate":"https:\/\/www.accent-social.cat\/?s={search_term_string}"},"query-input":{"@type":"PropertyValueSpecification","valueRequired":true,"valueName":"search_term_string"}}],"inLanguage":"es"},{"@type":"Organization","@id":"https:\/\/www.accent-social.cat\/#organization","name":"Accent Social","url":"https:\/\/www.accent-social.cat\/","logo":{"@type":"ImageObject","inLanguage":"es","@id":"https:\/\/www.accent-social.cat\/#\/schema\/logo\/image\/","url":"https:\/\/www.accent-social.cat\/wp-content\/uploads\/2017\/09\/Logo-Accent-Social.jpg","contentUrl":"https:\/\/www.accent-social.cat\/wp-content\/uploads\/2017\/09\/Logo-Accent-Social.jpg","width":512,"height":512,"caption":"Accent Social"},"image":{"@id":"https:\/\/www.accent-social.cat\/#\/schema\/logo\/image\/"},"sameAs":["https:\/\/www.facebook.com\/accentsocial","https:\/\/x.com\/accentsocial_","http:\/\/www.instagram.com\/accentsocial","https:\/\/www.linkedin.com\/company\/accent-social\/","https:\/\/www.crunchbase.com\/organization\/accent-social","https:\/\/www.hotfrog.es\/empresa\/barcelona\/barcelona\/accent-social","https:\/\/www.youtube.com\/channel\/UCBRsmX50gP0nPuAb5rPfr2g"]},{"@type":"Person","@id":"https:\/\/www.accent-social.cat\/#\/schema\/person\/e3059313a7a9356d5dcb4adc2ee0396a","name":"Accent Social","image":{"@type":"ImageObject","inLanguage":"es","@id":"https:\/\/secure.gravatar.com\/avatar\/9a4d9b0c2bbfb1ff3da85e7195367fa23cc6b72e60b3092496806038fa837fc5?s=96&d=mm&r=g","url":"https:\/\/secure.gravatar.com\/avatar\/9a4d9b0c2bbfb1ff3da85e7195367fa23cc6b72e60b3092496806038fa837fc5?s=96&d=mm&r=g","contentUrl":"https:\/\/secure.gravatar.com\/avatar\/9a4d9b0c2bbfb1ff3da85e7195367fa23cc6b72e60b3092496806038fa837fc5?s=96&d=mm&r=g","caption":"Accent Social"}}]}},"_links":{"self":[{"href":"https:\/\/www.accent-social.cat\/es\/wp-json\/wp\/v2\/posts\/11677","targetHints":{"allow":["GET"]}}],"collection":[{"href":"https:\/\/www.accent-social.cat\/es\/wp-json\/wp\/v2\/posts"}],"about":[{"href":"https:\/\/www.accent-social.cat\/es\/wp-json\/wp\/v2\/types\/post"}],"author":[{"embeddable":true,"href":"https:\/\/www.accent-social.cat\/es\/wp-json\/wp\/v2\/users\/1"}],"replies":[{"embeddable":true,"href":"https:\/\/www.accent-social.cat\/es\/wp-json\/wp\/v2\/comments?post=11677"}],"version-history":[{"count":5,"href":"https:\/\/www.accent-social.cat\/es\/wp-json\/wp\/v2\/posts\/11677\/revisions"}],"predecessor-version":[{"id":11682,"href":"https:\/\/www.accent-social.cat\/es\/wp-json\/wp\/v2\/posts\/11677\/revisions\/11682"}],"wp:featuredmedia":[{"embeddable":true,"href":"https:\/\/www.accent-social.cat\/es\/wp-json\/wp\/v2\/media\/11667"}],"wp:attachment":[{"href":"https:\/\/www.accent-social.cat\/es\/wp-json\/wp\/v2\/media?parent=11677"}],"wp:term":[{"taxonomy":"category","embeddable":true,"href":"https:\/\/www.accent-social.cat\/es\/wp-json\/wp\/v2\/categories?post=11677"},{"taxonomy":"post_tag","embeddable":true,"href":"https:\/\/www.accent-social.cat\/es\/wp-json\/wp\/v2\/tags?post=11677"}],"curies":[{"name":"wp","href":"https:\/\/api.w.org\/{rel}","templated":true}]}}