{"id":11654,"date":"2019-01-11T17:28:33","date_gmt":"2019-01-11T16:28:33","guid":{"rendered":"http:\/\/www.accent-social.cat\/?p=11654"},"modified":"2024-10-28T16:40:51","modified_gmt":"2024-10-28T14:40:51","slug":"musica-efectos-positivos-gente-mayor","status":"publish","type":"post","link":"https:\/\/www.accent-social.cat\/es\/musica-efectos-positivos-gente-mayor\/","title":{"rendered":"La m\u00fasica y sus efectos positivos en la gente mayor"},"content":{"rendered":"<h3>Escuchar m\u00fasica no s\u00f3lo nos hace disfrutar. Tambi\u00e9n estimula emociones y recuerdos, tan necesarios para las personas mayores.<\/h3>\n<p>Muchos profesionales, entre los que podemos enumerar terapeutas, cient\u00edficos y m\u00e9dicos apuntan cada vez m\u00e1s la evidencia de que la m\u00fasica tiene efectos positivos sobre la vida de las personas. Esto es especialmente relevante para la poblaci\u00f3n mayor.<\/p>\n<p>Las melod\u00edas musicales <strong>potencian la memoria<\/strong>. Son una herramienta para <strong>reavivar los recuerdos<\/strong>, si las canciones son significativas para quienes las oyen. La terapia de la reminiscencia, por ejemplo, se basa en este concepto para tratar el Alzheimer.<\/p>\n<p>La m\u00fasica tambi\u00e9n ayuda a crear espacios compartidos y <strong>v\u00ednculos de uni\u00f3n<\/strong> al escuchar, cantar o bailar, entre otros.<\/p>\n<p>As\u00ed lo sabemos a Accent Social y durante las fiestas de Navidad hemos destinado muchos momentos a la m\u00fasica. Son, de hecho, oportunidades significativas para introducir cambios que hacen que <strong>los d\u00edas sean m\u00e1s especiales<\/strong>.<\/p>\n<p>&nbsp;<\/p>\n<p><div class=\"infobox\" ><div class=\"infobox_wrapper\"><span class=\"ib-desc\">Asistir al Auditori, disfrutar viendo bailar tangos o escuchar una coral, propuestas que enlazan la m\u00fasica con las experiencias compartidas.<\/span><\/div><\/div>\n<br \/>\n<div class=\"column one-second mobile-one\"><div class=\"mcb-column-inner\"><\/p>\n<blockquote class=\"twitter-tweet\" data-lang=\"es\">\n<p dir=\"ltr\" lang=\"ca\" style=\"text-align: center;\">Apropa Cultura: el dia 30 de desembre 10 persones van assistir al Concert de Nadal a <a href=\"https:\/\/twitter.com\/lauditori?ref_src=twsrc%5Etfw\">@LAuditori<\/a>. Tota una experi\u00e8ncia social i vivencial!<\/p>\n<p style=\"text-align: center;\"><a href=\"https:\/\/twitter.com\/hashtag\/AccentEtsTu?src=hash&amp;ref_src=twsrc%5Etfw\">#AccentEtsTu<\/a> <a href=\"https:\/\/twitter.com\/hashtag\/GentGran?src=hash&amp;ref_src=twsrc%5Etfw\">#GentGran<\/a> <a href=\"https:\/\/t.co\/TZFLW7rSDw\">pic.twitter.com\/TZFLW7rSDw<\/a><\/p>\n<p style=\"text-align: center;\">\u2014 Accent Social (@accentsocial_) <a href=\"https:\/\/twitter.com\/accentsocial_\/status\/1080411980467527680?ref_src=twsrc%5Etfw\">2 de enero de 2019<\/a><\/p>\n<\/blockquote>\n<p><script type=\"text\/plain\" data-cookieconsent=\"marketing\" async data-cookieblock-src=\"https:\/\/platform.twitter.com\/widgets.js\" charset=\"utf-8\"><\/script><\/div><\/div>\n<\/p>\n<div class=\"column one-second mobile-one\"><div class=\"mcb-column-inner\"><\/p>\n<blockquote class=\"twitter-tweet\" data-lang=\"es\">\n<p dir=\"ltr\" lang=\"ca\" style=\"text-align: center;\">Al Centre de Dia de <a href=\"https:\/\/twitter.com\/hashtag\/Llan%C3%A7%C3%A0?src=hash&amp;ref_src=twsrc%5Etfw\">#Llan\u00e7\u00e0<\/a>, vam gaudir d&#8217;un espectacle i visites molt especials. La Coral Maladraba ens va venir a delectar amb unes nadales. Vam aprofitar per berenar plegats, brindar pel Nadal i menjar un delici\u00f3s tortell, gentilesa de l\u2019Ajuntament de Llan\u00e7\u00e0.<a href=\"https:\/\/twitter.com\/hashtag\/Gentgran?src=hash&amp;ref_src=twsrc%5Etfw\">#Gentgran<\/a> <a href=\"https:\/\/t.co\/4YeCeH3nPW\">pic.twitter.com\/4YeCeH3nPW<\/a><\/p>\n<p style=\"text-align: center;\">\u2014 Accent Social (@accentsocial_) <a href=\"https:\/\/twitter.com\/accentsocial_\/status\/1081119117959221248?ref_src=twsrc%5Etfw\">4 de enero de 2019<\/a><\/p>\n<\/blockquote>\n<p><script type=\"text\/plain\" data-cookieconsent=\"marketing\" async data-cookieblock-src=\"https:\/\/platform.twitter.com\/widgets.js\" charset=\"utf-8\"><\/script><br \/>\n<\/div><\/div>\n\n<div class=\"column one\"><div class=\"mcb-column-inner\"><\/p>\n<p><div class=\"infobox\" ><div class=\"infobox_wrapper\"><span class=\"ib-desc\">En Accent Social somos cercanos a todos los agentes que forman parte de nuestra actividad: <strong>personas usuarias, familias, entorno y profesionales<\/strong>. Conocer su realidad y necesidades nos permite establecer una atenci\u00f3n cercana y de calidad.<\/span><\/div><\/div>\n<\/p>\n<p><\/div><\/div>\n\n<p>&nbsp;<\/p>\n<p><iframe style=\"border: none; overflow: hidden;\" data-cookieconsent=\"marketing\" data-cookieblock-src=\"https:\/\/www.facebook.com\/plugins\/page.php?href=https%3A%2F%2Fwww.facebook.com%2Faccentsocial%2F&amp;tabs=timeline&amp;width=500&amp;height=100&amp;small_header=false&amp;adapt_container_width=false&amp;hide_cover=false&amp;show_facepile=true&amp;appId\" width=\"500\" height=\"100\" frameborder=\"0\" scrolling=\"no\"><\/iframe><\/p>\n","protected":false},"excerpt":{"rendered":"<p>Escuchar m\u00fasica no s\u00f3lo nos hace disfrutar. Tambi\u00e9n estimula emociones y recuerdos, tan necesarios para las personas mayores.<\/p>\n","protected":false},"author":1,"featured_media":11579,"comment_status":"closed","ping_status":"open","sticky":false,"template":"","format":"standard","meta":{"footnotes":""},"categories":[359,235],"tags":[540,391,421,220,518,519,521],"class_list":["post-11654","post","type-post","status-publish","format-standard","has-post-thumbnail","hentry","category-proyectos","category-residencias","tag-actividades-terapeuticas","tag-comunidad","tag-envejecimiento-activo","tag-gent-gran-es","tag-memoria-es","tag-musica-es","tag-recuerdos"],"yoast_head":"<!-- This site is optimized with the Yoast SEO plugin v27.5 - https:\/\/yoast.com\/product\/yoast-seo-wordpress\/ -->\n<title>La m\u00fasica y sus efectos positivos en la gente mayor | Accent Social | Serveis d&#039;Atenci\u00f3 Domicili\u00e0ria i centres per gent gran<\/title>\n<meta name=\"robots\" content=\"index, follow, max-snippet:-1, max-image-preview:large, max-video-preview:-1\" \/>\n<link rel=\"canonical\" href=\"https:\/\/www.accent-social.cat\/es\/musica-efectos-positivos-gente-mayor\/\" \/>\n<meta property=\"og:locale\" content=\"es_ES\" \/>\n<meta property=\"og:type\" content=\"article\" \/>\n<meta property=\"og:title\" content=\"La m\u00fasica y sus efectos positivos en la gente mayor | Accent Social | Serveis d&#039;Atenci\u00f3 Domicili\u00e0ria i centres per gent gran\" \/>\n<meta property=\"og:description\" content=\"Escuchar m\u00fasica no s\u00f3lo nos hace disfrutar. Tambi\u00e9n estimula emociones y recuerdos, tan necesarios para las personas mayores.\" \/>\n<meta property=\"og:url\" content=\"https:\/\/www.accent-social.cat\/es\/musica-efectos-positivos-gente-mayor\/\" \/>\n<meta property=\"og:site_name\" content=\"Accent Social | Serveis d&#039;Atenci\u00f3 Domicili\u00e0ria i centres per gent gran\" \/>\n<meta property=\"article:publisher\" content=\"https:\/\/www.facebook.com\/accentsocial\" \/>\n<meta property=\"article:published_time\" content=\"2019-01-11T16:28:33+00:00\" \/>\n<meta property=\"article:modified_time\" content=\"2024-10-28T14:40:51+00:00\" \/>\n<meta property=\"og:image\" content=\"https:\/\/www.accent-social.cat\/wp-content\/uploads\/2019\/01\/M\u00fasica-Gent-Gran-Can-Travis.jpeg\" \/>\n\t<meta property=\"og:image:width\" content=\"840\" \/>\n\t<meta property=\"og:image:height\" content=\"400\" \/>\n\t<meta property=\"og:image:type\" content=\"image\/jpeg\" \/>\n<meta name=\"author\" content=\"Accent Social\" \/>\n<meta name=\"twitter:card\" content=\"summary_large_image\" \/>\n<meta name=\"twitter:creator\" content=\"@accentsocial_\" \/>\n<meta name=\"twitter:site\" content=\"@accentsocial_\" \/>\n<meta name=\"twitter:label1\" content=\"Escrito por\" \/>\n\t<meta name=\"twitter:data1\" content=\"Accent Social\" \/>\n\t<meta name=\"twitter:label2\" content=\"Tiempo de lectura\" \/>\n\t<meta name=\"twitter:data2\" content=\"2 minutos\" \/>\n<script type=\"application\/ld+json\" class=\"yoast-schema-graph\">{\"@context\":\"https:\\\/\\\/schema.org\",\"@graph\":[{\"@type\":\"Article\",\"@id\":\"https:\\\/\\\/www.accent-social.cat\\\/es\\\/musica-efectos-positivos-gente-mayor\\\/#article\",\"isPartOf\":{\"@id\":\"https:\\\/\\\/www.accent-social.cat\\\/es\\\/musica-efectos-positivos-gente-mayor\\\/\"},\"author\":{\"name\":\"Accent Social\",\"@id\":\"https:\\\/\\\/www.accent-social.cat\\\/#\\\/schema\\\/person\\\/e3059313a7a9356d5dcb4adc2ee0396a\"},\"headline\":\"La m\u00fasica y sus efectos positivos en la gente mayor\",\"datePublished\":\"2019-01-11T16:28:33+00:00\",\"dateModified\":\"2024-10-28T14:40:51+00:00\",\"mainEntityOfPage\":{\"@id\":\"https:\\\/\\\/www.accent-social.cat\\\/es\\\/musica-efectos-positivos-gente-mayor\\\/\"},\"wordCount\":351,\"publisher\":{\"@id\":\"https:\\\/\\\/www.accent-social.cat\\\/#organization\"},\"image\":{\"@id\":\"https:\\\/\\\/www.accent-social.cat\\\/es\\\/musica-efectos-positivos-gente-mayor\\\/#primaryimage\"},\"thumbnailUrl\":\"https:\\\/\\\/www.accent-social.cat\\\/wp-content\\\/uploads\\\/2019\\\/01\\\/M\u00fasica-Gent-Gran-Can-Travis.jpeg\",\"keywords\":[\"actividades terap\u00e9uticas\",\"comunidad\",\"envejecimiento activo\",\"gent gran\",\"memoria\",\"m\u00fasica\",\"recuerdos\"],\"articleSection\":[\"Proyectos\",\"Residencias\"],\"inLanguage\":\"es\"},{\"@type\":\"WebPage\",\"@id\":\"https:\\\/\\\/www.accent-social.cat\\\/es\\\/musica-efectos-positivos-gente-mayor\\\/\",\"url\":\"https:\\\/\\\/www.accent-social.cat\\\/es\\\/musica-efectos-positivos-gente-mayor\\\/\",\"name\":\"La m\u00fasica y sus efectos positivos en la gente mayor | Accent Social | Serveis d&#039;Atenci\u00f3 Domicili\u00e0ria i centres per gent gran\",\"isPartOf\":{\"@id\":\"https:\\\/\\\/www.accent-social.cat\\\/#website\"},\"primaryImageOfPage\":{\"@id\":\"https:\\\/\\\/www.accent-social.cat\\\/es\\\/musica-efectos-positivos-gente-mayor\\\/#primaryimage\"},\"image\":{\"@id\":\"https:\\\/\\\/www.accent-social.cat\\\/es\\\/musica-efectos-positivos-gente-mayor\\\/#primaryimage\"},\"thumbnailUrl\":\"https:\\\/\\\/www.accent-social.cat\\\/wp-content\\\/uploads\\\/2019\\\/01\\\/M\u00fasica-Gent-Gran-Can-Travis.jpeg\",\"datePublished\":\"2019-01-11T16:28:33+00:00\",\"dateModified\":\"2024-10-28T14:40:51+00:00\",\"breadcrumb\":{\"@id\":\"https:\\\/\\\/www.accent-social.cat\\\/es\\\/musica-efectos-positivos-gente-mayor\\\/#breadcrumb\"},\"inLanguage\":\"es\",\"potentialAction\":[{\"@type\":\"ReadAction\",\"target\":[\"https:\\\/\\\/www.accent-social.cat\\\/es\\\/musica-efectos-positivos-gente-mayor\\\/\"]}]},{\"@type\":\"ImageObject\",\"inLanguage\":\"es\",\"@id\":\"https:\\\/\\\/www.accent-social.cat\\\/es\\\/musica-efectos-positivos-gente-mayor\\\/#primaryimage\",\"url\":\"https:\\\/\\\/www.accent-social.cat\\\/wp-content\\\/uploads\\\/2019\\\/01\\\/M\u00fasica-Gent-Gran-Can-Travis.jpeg\",\"contentUrl\":\"https:\\\/\\\/www.accent-social.cat\\\/wp-content\\\/uploads\\\/2019\\\/01\\\/M\u00fasica-Gent-Gran-Can-Travis.jpeg\",\"width\":840,\"height\":400,\"caption\":\"M\u00fasica Gent Gran Can Travis\"},{\"@type\":\"BreadcrumbList\",\"@id\":\"https:\\\/\\\/www.accent-social.cat\\\/es\\\/musica-efectos-positivos-gente-mayor\\\/#breadcrumb\",\"itemListElement\":[{\"@type\":\"ListItem\",\"position\":1,\"name\":\"Inici\",\"item\":\"https:\\\/\\\/www.accent-social.cat\\\/es\\\/\"},{\"@type\":\"ListItem\",\"position\":2,\"name\":\"La m\u00fasica y sus efectos positivos en la gente mayor\"}]},{\"@type\":\"WebSite\",\"@id\":\"https:\\\/\\\/www.accent-social.cat\\\/#website\",\"url\":\"https:\\\/\\\/www.accent-social.cat\\\/\",\"name\":\"Accent Social | Serveis d'Atenci\u00f3 Domicili\u00e0ria (SAD) i centres col\u00b7lectius\",\"description\":\"Serveis d&#039;Atenci\u00f3 Domicili\u00e0ria i centres de dia a Barcelona. Gesti\u00f3 de serveis socials i per a la gent gran.\",\"publisher\":{\"@id\":\"https:\\\/\\\/www.accent-social.cat\\\/#organization\"},\"potentialAction\":[{\"@type\":\"SearchAction\",\"target\":{\"@type\":\"EntryPoint\",\"urlTemplate\":\"https:\\\/\\\/www.accent-social.cat\\\/?s={search_term_string}\"},\"query-input\":{\"@type\":\"PropertyValueSpecification\",\"valueRequired\":true,\"valueName\":\"search_term_string\"}}],\"inLanguage\":\"es\"},{\"@type\":\"Organization\",\"@id\":\"https:\\\/\\\/www.accent-social.cat\\\/#organization\",\"name\":\"Accent Social\",\"url\":\"https:\\\/\\\/www.accent-social.cat\\\/\",\"logo\":{\"@type\":\"ImageObject\",\"inLanguage\":\"es\",\"@id\":\"https:\\\/\\\/www.accent-social.cat\\\/#\\\/schema\\\/logo\\\/image\\\/\",\"url\":\"https:\\\/\\\/www.accent-social.cat\\\/wp-content\\\/uploads\\\/2017\\\/09\\\/Logo-Accent-Social.jpg\",\"contentUrl\":\"https:\\\/\\\/www.accent-social.cat\\\/wp-content\\\/uploads\\\/2017\\\/09\\\/Logo-Accent-Social.jpg\",\"width\":512,\"height\":512,\"caption\":\"Accent Social\"},\"image\":{\"@id\":\"https:\\\/\\\/www.accent-social.cat\\\/#\\\/schema\\\/logo\\\/image\\\/\"},\"sameAs\":[\"https:\\\/\\\/www.facebook.com\\\/accentsocial\",\"https:\\\/\\\/x.com\\\/accentsocial_\",\"http:\\\/\\\/www.instagram.com\\\/accentsocial\",\"https:\\\/\\\/www.linkedin.com\\\/company\\\/accent-social\\\/\",\"https:\\\/\\\/www.crunchbase.com\\\/organization\\\/accent-social\",\"https:\\\/\\\/www.hotfrog.es\\\/empresa\\\/barcelona\\\/barcelona\\\/accent-social\",\"https:\\\/\\\/www.youtube.com\\\/channel\\\/UCBRsmX50gP0nPuAb5rPfr2g\"]},{\"@type\":\"Person\",\"@id\":\"https:\\\/\\\/www.accent-social.cat\\\/#\\\/schema\\\/person\\\/e3059313a7a9356d5dcb4adc2ee0396a\",\"name\":\"Accent Social\",\"image\":{\"@type\":\"ImageObject\",\"inLanguage\":\"es\",\"@id\":\"https:\\\/\\\/secure.gravatar.com\\\/avatar\\\/9a4d9b0c2bbfb1ff3da85e7195367fa23cc6b72e60b3092496806038fa837fc5?s=96&d=mm&r=g\",\"url\":\"https:\\\/\\\/secure.gravatar.com\\\/avatar\\\/9a4d9b0c2bbfb1ff3da85e7195367fa23cc6b72e60b3092496806038fa837fc5?s=96&d=mm&r=g\",\"contentUrl\":\"https:\\\/\\\/secure.gravatar.com\\\/avatar\\\/9a4d9b0c2bbfb1ff3da85e7195367fa23cc6b72e60b3092496806038fa837fc5?s=96&d=mm&r=g\",\"caption\":\"Accent Social\"}}]}<\/script>\n<!-- \/ Yoast SEO plugin. -->","yoast_head_json":{"title":"La m\u00fasica y sus efectos positivos en la gente mayor | Accent Social | Serveis d&#039;Atenci\u00f3 Domicili\u00e0ria i centres per gent gran","robots":{"index":"index","follow":"follow","max-snippet":"max-snippet:-1","max-image-preview":"max-image-preview:large","max-video-preview":"max-video-preview:-1"},"canonical":"https:\/\/www.accent-social.cat\/es\/musica-efectos-positivos-gente-mayor\/","og_locale":"es_ES","og_type":"article","og_title":"La m\u00fasica y sus efectos positivos en la gente mayor | Accent Social | Serveis d&#039;Atenci\u00f3 Domicili\u00e0ria i centres per gent gran","og_description":"Escuchar m\u00fasica no s\u00f3lo nos hace disfrutar. Tambi\u00e9n estimula emociones y recuerdos, tan necesarios para las personas mayores.","og_url":"https:\/\/www.accent-social.cat\/es\/musica-efectos-positivos-gente-mayor\/","og_site_name":"Accent Social | Serveis d&#039;Atenci\u00f3 Domicili\u00e0ria i centres per gent gran","article_publisher":"https:\/\/www.facebook.com\/accentsocial","article_published_time":"2019-01-11T16:28:33+00:00","article_modified_time":"2024-10-28T14:40:51+00:00","og_image":[{"width":840,"height":400,"url":"https:\/\/www.accent-social.cat\/wp-content\/uploads\/2019\/01\/M\u00fasica-Gent-Gran-Can-Travis.jpeg","type":"image\/jpeg"}],"author":"Accent Social","twitter_card":"summary_large_image","twitter_creator":"@accentsocial_","twitter_site":"@accentsocial_","twitter_misc":{"Escrito por":"Accent Social","Tiempo de lectura":"2 minutos"},"schema":{"@context":"https:\/\/schema.org","@graph":[{"@type":"Article","@id":"https:\/\/www.accent-social.cat\/es\/musica-efectos-positivos-gente-mayor\/#article","isPartOf":{"@id":"https:\/\/www.accent-social.cat\/es\/musica-efectos-positivos-gente-mayor\/"},"author":{"name":"Accent Social","@id":"https:\/\/www.accent-social.cat\/#\/schema\/person\/e3059313a7a9356d5dcb4adc2ee0396a"},"headline":"La m\u00fasica y sus efectos positivos en la gente mayor","datePublished":"2019-01-11T16:28:33+00:00","dateModified":"2024-10-28T14:40:51+00:00","mainEntityOfPage":{"@id":"https:\/\/www.accent-social.cat\/es\/musica-efectos-positivos-gente-mayor\/"},"wordCount":351,"publisher":{"@id":"https:\/\/www.accent-social.cat\/#organization"},"image":{"@id":"https:\/\/www.accent-social.cat\/es\/musica-efectos-positivos-gente-mayor\/#primaryimage"},"thumbnailUrl":"https:\/\/www.accent-social.cat\/wp-content\/uploads\/2019\/01\/M\u00fasica-Gent-Gran-Can-Travis.jpeg","keywords":["actividades terap\u00e9uticas","comunidad","envejecimiento activo","gent gran","memoria","m\u00fasica","recuerdos"],"articleSection":["Proyectos","Residencias"],"inLanguage":"es"},{"@type":"WebPage","@id":"https:\/\/www.accent-social.cat\/es\/musica-efectos-positivos-gente-mayor\/","url":"https:\/\/www.accent-social.cat\/es\/musica-efectos-positivos-gente-mayor\/","name":"La m\u00fasica y sus efectos positivos en la gente mayor | Accent Social | Serveis d&#039;Atenci\u00f3 Domicili\u00e0ria i centres per gent gran","isPartOf":{"@id":"https:\/\/www.accent-social.cat\/#website"},"primaryImageOfPage":{"@id":"https:\/\/www.accent-social.cat\/es\/musica-efectos-positivos-gente-mayor\/#primaryimage"},"image":{"@id":"https:\/\/www.accent-social.cat\/es\/musica-efectos-positivos-gente-mayor\/#primaryimage"},"thumbnailUrl":"https:\/\/www.accent-social.cat\/wp-content\/uploads\/2019\/01\/M\u00fasica-Gent-Gran-Can-Travis.jpeg","datePublished":"2019-01-11T16:28:33+00:00","dateModified":"2024-10-28T14:40:51+00:00","breadcrumb":{"@id":"https:\/\/www.accent-social.cat\/es\/musica-efectos-positivos-gente-mayor\/#breadcrumb"},"inLanguage":"es","potentialAction":[{"@type":"ReadAction","target":["https:\/\/www.accent-social.cat\/es\/musica-efectos-positivos-gente-mayor\/"]}]},{"@type":"ImageObject","inLanguage":"es","@id":"https:\/\/www.accent-social.cat\/es\/musica-efectos-positivos-gente-mayor\/#primaryimage","url":"https:\/\/www.accent-social.cat\/wp-content\/uploads\/2019\/01\/M\u00fasica-Gent-Gran-Can-Travis.jpeg","contentUrl":"https:\/\/www.accent-social.cat\/wp-content\/uploads\/2019\/01\/M\u00fasica-Gent-Gran-Can-Travis.jpeg","width":840,"height":400,"caption":"M\u00fasica Gent Gran Can Travis"},{"@type":"BreadcrumbList","@id":"https:\/\/www.accent-social.cat\/es\/musica-efectos-positivos-gente-mayor\/#breadcrumb","itemListElement":[{"@type":"ListItem","position":1,"name":"Inici","item":"https:\/\/www.accent-social.cat\/es\/"},{"@type":"ListItem","position":2,"name":"La m\u00fasica y sus efectos positivos en la gente mayor"}]},{"@type":"WebSite","@id":"https:\/\/www.accent-social.cat\/#website","url":"https:\/\/www.accent-social.cat\/","name":"Accent Social | Serveis d'Atenci\u00f3 Domicili\u00e0ria (SAD) i centres col\u00b7lectius","description":"Serveis d&#039;Atenci\u00f3 Domicili\u00e0ria i centres de dia a Barcelona. Gesti\u00f3 de serveis socials i per a la gent gran.","publisher":{"@id":"https:\/\/www.accent-social.cat\/#organization"},"potentialAction":[{"@type":"SearchAction","target":{"@type":"EntryPoint","urlTemplate":"https:\/\/www.accent-social.cat\/?s={search_term_string}"},"query-input":{"@type":"PropertyValueSpecification","valueRequired":true,"valueName":"search_term_string"}}],"inLanguage":"es"},{"@type":"Organization","@id":"https:\/\/www.accent-social.cat\/#organization","name":"Accent Social","url":"https:\/\/www.accent-social.cat\/","logo":{"@type":"ImageObject","inLanguage":"es","@id":"https:\/\/www.accent-social.cat\/#\/schema\/logo\/image\/","url":"https:\/\/www.accent-social.cat\/wp-content\/uploads\/2017\/09\/Logo-Accent-Social.jpg","contentUrl":"https:\/\/www.accent-social.cat\/wp-content\/uploads\/2017\/09\/Logo-Accent-Social.jpg","width":512,"height":512,"caption":"Accent Social"},"image":{"@id":"https:\/\/www.accent-social.cat\/#\/schema\/logo\/image\/"},"sameAs":["https:\/\/www.facebook.com\/accentsocial","https:\/\/x.com\/accentsocial_","http:\/\/www.instagram.com\/accentsocial","https:\/\/www.linkedin.com\/company\/accent-social\/","https:\/\/www.crunchbase.com\/organization\/accent-social","https:\/\/www.hotfrog.es\/empresa\/barcelona\/barcelona\/accent-social","https:\/\/www.youtube.com\/channel\/UCBRsmX50gP0nPuAb5rPfr2g"]},{"@type":"Person","@id":"https:\/\/www.accent-social.cat\/#\/schema\/person\/e3059313a7a9356d5dcb4adc2ee0396a","name":"Accent Social","image":{"@type":"ImageObject","inLanguage":"es","@id":"https:\/\/secure.gravatar.com\/avatar\/9a4d9b0c2bbfb1ff3da85e7195367fa23cc6b72e60b3092496806038fa837fc5?s=96&d=mm&r=g","url":"https:\/\/secure.gravatar.com\/avatar\/9a4d9b0c2bbfb1ff3da85e7195367fa23cc6b72e60b3092496806038fa837fc5?s=96&d=mm&r=g","contentUrl":"https:\/\/secure.gravatar.com\/avatar\/9a4d9b0c2bbfb1ff3da85e7195367fa23cc6b72e60b3092496806038fa837fc5?s=96&d=mm&r=g","caption":"Accent Social"}}]}},"_links":{"self":[{"href":"https:\/\/www.accent-social.cat\/es\/wp-json\/wp\/v2\/posts\/11654","targetHints":{"allow":["GET"]}}],"collection":[{"href":"https:\/\/www.accent-social.cat\/es\/wp-json\/wp\/v2\/posts"}],"about":[{"href":"https:\/\/www.accent-social.cat\/es\/wp-json\/wp\/v2\/types\/post"}],"author":[{"embeddable":true,"href":"https:\/\/www.accent-social.cat\/es\/wp-json\/wp\/v2\/users\/1"}],"replies":[{"embeddable":true,"href":"https:\/\/www.accent-social.cat\/es\/wp-json\/wp\/v2\/comments?post=11654"}],"version-history":[{"count":5,"href":"https:\/\/www.accent-social.cat\/es\/wp-json\/wp\/v2\/posts\/11654\/revisions"}],"predecessor-version":[{"id":15057,"href":"https:\/\/www.accent-social.cat\/es\/wp-json\/wp\/v2\/posts\/11654\/revisions\/15057"}],"wp:featuredmedia":[{"embeddable":true,"href":"https:\/\/www.accent-social.cat\/es\/wp-json\/wp\/v2\/media\/11579"}],"wp:attachment":[{"href":"https:\/\/www.accent-social.cat\/es\/wp-json\/wp\/v2\/media?parent=11654"}],"wp:term":[{"taxonomy":"category","embeddable":true,"href":"https:\/\/www.accent-social.cat\/es\/wp-json\/wp\/v2\/categories?post=11654"},{"taxonomy":"post_tag","embeddable":true,"href":"https:\/\/www.accent-social.cat\/es\/wp-json\/wp\/v2\/tags?post=11654"}],"curies":[{"name":"wp","href":"https:\/\/api.w.org\/{rel}","templated":true}]}}