{"id":11472,"date":"2018-11-29T11:22:06","date_gmt":"2018-11-29T10:22:06","guid":{"rendered":"http:\/\/www.accent-social.cat\/?p=11472"},"modified":"2024-03-18T13:11:14","modified_gmt":"2024-03-18T11:11:14","slug":"en-bici-sin-edad-personas-mayores","status":"publish","type":"post","link":"https:\/\/www.accent-social.cat\/es\/en-bici-sin-edad-personas-mayores\/","title":{"rendered":"El proyecto \u00abEn bici sin edad\u00bb, emociones que se mueven sobre 3 ruedas"},"content":{"rendered":"<h3>La iniciativa \u00abEn bici sin edad\u00bb permite a las personas mayores disfrutar de una experiencia urbana de interacci\u00f3n con el barrio. Gloria, usuaria del equipamiento para gente mayor Josep Miracle, la ha probado.<\/h3>\n<p>Cada d\u00eda mucha gente de Barcelona o de las poblaciones de alrededor se mueve en bicicleta por la ciudad. Es una manera de desplazarse y, al mismo tiempo, tambi\u00e9n de disfrutar del aire libre, de la interacci\u00f3n con la gente o del conocimiento de la misma ciudad.<\/p>\n<p><strong>Nunca nos han dicho que ir en bicicleta tenga una edad<\/strong>. Antes, en algunas ciudades las personas pod\u00edan hacer entre 20 y 50 km s\u00f3lo para ir a trabajar, solos o con otra persona. Resultaba un medio de transporte habitual; formaba parte del talante de la gente. Aunque hacia los a\u00f1os 60 las bicicletas fueron sustituidas por coches, ahora empieza a ser una realidad ver los carriles-bici con filas de personas en dos ruedas traslad\u00e1ndose arriba y abajo de la ciudad. Cabe decir, tambi\u00e9n, que es una necesidad para reducir los gases de efecto invernadero que tanto nos preocupan, por la salud de las personas y del planeta, en l\u00ednea con el <strong><a href=\"http:\/\/lameva.barcelona.cat\/barcelona-pel-clima\/\" target=\"_blank\" rel=\"noopener\">Plan Clima del Ajuntament de Barcelona<\/a><\/strong>.<\/p>\n<p>La ciudad tambi\u00e9n se caracteriza por contener infinitas actividades en la calle, con la participaci\u00f3n de gente de todas las edades: s\u00f3lo paseando de forma consciente o inconsciente interact\u00faas con las personas y el espacio y te hacen <strong>sentir parte de una comunidad<\/strong>, m\u00e1s all\u00e1 de las cuatro paredes de tu casa, de tu residencia o del equipamiento donde est\u00e1s habituada a estar.<\/p>\n<p>En este contexto, compartimos hoy la experiencia de Gloria, una de las usuarias del <strong><a href=\"http:\/\/serveisoberts.gencat.cat\/equipaments\/416575\" target=\"_blank\" rel=\"noopener\">Equipamiento para las personas mayores Josep Miracle<\/a><\/strong>, que ha descubierto gracias al proyecto \u00abEn bici sin edad\u00bb -que impulsa el Ayuntamiento de Barcelona con la entidad <strong><a href=\"https:\/\/enbicisenseedat.cat\/\" target=\"_blank\" rel=\"noopener\">En Bici Sense Edat<\/a><\/strong> i\u00a0<strong><a href=\"http:\/\/www.biciclot.coop\/\" target=\"_blank\" rel=\"noopener\">Biciclot<\/a><\/strong>-, la sensaci\u00f3n de libertad, de bienestar y de disfrutar de su ciudad, gracias a la bicicleta.<\/p>\n<p><div class=\"infobox\" ><div class=\"infobox_wrapper\"><span class=\"ib-desc\">\u00abEn Bici Sin Edad: una oportunidad para que la gente mayor redescubra la ciudad y sea parte activa de su comunidad, mediante paseos en bicicleta.\u00bb<\/span><\/div><\/div>\n<br \/>\n&nbsp;<\/p>\n<h3>\u00bfEn qu\u00e9 consiste el proyecto del que goza Gloria y otros residentes?<\/h3>\n<p>En Bici Sin Edad es una iniciativa innovadora, impulsada en 2012 por Ole Kassow en Copenhage:\u00a0<strong><a href=\"https:\/\/cyclingwithoutage.org\/\" target=\"_blank\" rel=\"noopener\">Cycling\u00a0Without\u00a0Age<\/a><\/strong>. La idea que origin\u00f3 el proyecto fue la de <strong>devolver la capacidad de ir en bicicleta a la gente mayor<\/strong>, teniendo en cuenta las dificultades de movilidad de este colectivo.<\/p>\n<p>Hoy en d\u00eda el proyecto se ha extendido por toda Dinamarca, as\u00ed como en el resto del mundo, y en Barcelona se dispone de cuatro triciclos para diferentes entidades. Uno de los equipamientos municipales que disfruta de esta magn\u00edfica iniciativa es la <strong>Residencia Josep Miracle<\/strong> que, de nuevo, pone la atenci\u00f3n en las necesidades de personas como Gloria, situ\u00e1ndola en el centro del sistema y velando por la mejora de su salud, calidad de vida y bienestar.<\/p>\n<p>Abel, voluntario de la Residencia Josep Miracle y conductor de uno de los triciclos, comenta:<\/p>\n<blockquote><p><em>\u00abLas personas que llevo en bici pueden llegar a ver cosas de la ciudad que no hab\u00edan visto nunca, \u00a1como el mar! Que yo pueda ayudar, me produce una gran satisfacci\u00f3n personal\u00bb.<\/em> <\/p><\/blockquote>\n<p>Sonia Ib\u00e1\u00f1ez, jefa de servicio de Accent Social y responsable del Equipamiento para las Personas Mayores Josep Miracle nos cuenta:<\/p>\n<blockquote><p><em>\u00abNuestra tarea y valor es intentar al m\u00e1ximo empoderar a las personas para que sean las protagonistas de su vida. Sentimos una admiraci\u00f3n hacia los usuarios de la residencia como Gloria, porque, facilit\u00e1ndoles espacios y actividades, siguen mejorando su calidad de vida. En el caso de Gloria, cuando la hemos visto paseando e interactuando con el barrio gracias al proyecto, hemos visto resurgir su vitalidad y alegr\u00eda\u00bb.<\/em><\/p><\/blockquote>\n<p>&nbsp;<\/p>\n<p><iframe width=\"1120\" height=\"630\" data-cookieblock-src=\"https:\/\/www.youtube.com\/embed\/3RrsEhG58zk?si=4epqcPsr9jXVaB2H\" data-cookieconsent=\"marketing\" title=\"YouTube video player\" frameborder=\"0\" allow=\"accelerometer; autoplay; clipboard-write; encrypted-media; gyroscope; picture-in-picture; web-share\" allowfullscreen><\/iframe><\/p>\n<p>Pod\u00e9is ver tambi\u00e9n el reportaje que TV3 dedic\u00f3 a la iniciativa: <strong><a href=\"http:\/\/www.ccma.cat\/tv3\/alacarta\/els-matins\/bici-sense-edat\/video\/5670611\/\" target=\"_blank\" rel=\"noopener\">En Bici Sense Edat<\/a><\/strong>.<\/p>\n<p>&nbsp;<br \/>\n<iframe data-cookieblock-src=\"https:\/\/www.facebook.com\/plugins\/page.php?href=https%3A%2F%2Fwww.facebook.com%2Faccentsocial%2F&#038;tabs=timeline&#038;width=500&#038;height=100&#038;small_header=false&#038;adapt_container_width=false&#038;hide_cover=false&#038;show_facepile=true&#038;appId\" data-cookieconsent=\"marketing\" width=\"500\" height=\"100\" style=\"border:none;overflow:hidden\" scrolling=\"no\" frameborder=\"0\" allowTransparency=\"true\" allow=\"encrypted-media\"><\/iframe><\/p>\n","protected":false},"excerpt":{"rendered":"<p>La iniciativa \u00abEn bici sin edad\u00bb permite a las personas mayores disfrutar de una experiencia urbana de interacci\u00f3n con el barrio. Gloria, usuaria del equipamiento para gente mayor Josep Miracle, la ha probado.<\/p>\n","protected":false},"author":1,"featured_media":11179,"comment_status":"closed","ping_status":"open","sticky":false,"template":"","format":"standard","meta":{"footnotes":""},"categories":[234,359,235],"tags":[279,540,218,386,387,398,421,220,221,403],"class_list":["post-11472","post","type-post","status-publish","format-standard","has-post-thumbnail","hentry","category-jornadas","category-proyectos","category-residencias","tag-accent-social-es","tag-actividades-terapeuticas","tag-barcelona-es","tag-barrio","tag-bicicleta-es","tag-empoderamiento","tag-envejecimiento-activo","tag-gent-gran-es","tag-josep-miracle-es","tag-proximidad"],"yoast_head":"<!-- This site is optimized with the Yoast SEO plugin v27.5 - https:\/\/yoast.com\/product\/yoast-seo-wordpress\/ -->\n<title>El proyecto &quot;En bici sin edad&quot;, emociones que se mueven sobre 3 ruedas | Accent Social | Serveis d&#039;Atenci\u00f3 Domicili\u00e0ria i centres per gent gran<\/title>\n<meta name=\"description\" content=\"La iniciativa &quot;En bici sin edad&quot; permite a las personas mayores disfrutar de una experiencia urbana de interacci\u00f3n con el barrio y de mejora del bienestar.\" \/>\n<meta name=\"robots\" content=\"index, follow, max-snippet:-1, max-image-preview:large, max-video-preview:-1\" \/>\n<link rel=\"canonical\" href=\"https:\/\/www.accent-social.cat\/es\/en-bici-sin-edad-personas-mayores\/\" \/>\n<meta property=\"og:locale\" content=\"es_ES\" \/>\n<meta property=\"og:type\" content=\"article\" \/>\n<meta property=\"og:title\" content=\"El proyecto &quot;En bici sin edad&quot;, emociones que se mueven sobre 3 ruedas | Accent Social | Serveis d&#039;Atenci\u00f3 Domicili\u00e0ria i centres per gent gran\" \/>\n<meta property=\"og:description\" content=\"La iniciativa &quot;En bici sin edad&quot; permite a las personas mayores disfrutar de una experiencia urbana de interacci\u00f3n con el barrio y de mejora del bienestar.\" \/>\n<meta property=\"og:url\" content=\"https:\/\/www.accent-social.cat\/es\/en-bici-sin-edad-personas-mayores\/\" \/>\n<meta property=\"og:site_name\" content=\"Accent Social | Serveis d&#039;Atenci\u00f3 Domicili\u00e0ria i centres per gent gran\" \/>\n<meta property=\"article:publisher\" content=\"https:\/\/www.facebook.com\/accentsocial\" \/>\n<meta property=\"article:published_time\" content=\"2018-11-29T10:22:06+00:00\" \/>\n<meta property=\"article:modified_time\" content=\"2024-03-18T11:11:14+00:00\" \/>\n<meta property=\"og:image\" content=\"https:\/\/www.accent-social.cat\/wp-content\/uploads\/2018\/11\/En-Bici-Sense-Edat-Equipament-Josep-Miracle.jpg\" \/>\n\t<meta property=\"og:image:width\" content=\"840\" \/>\n\t<meta property=\"og:image:height\" content=\"400\" \/>\n\t<meta property=\"og:image:type\" content=\"image\/jpeg\" \/>\n<meta name=\"author\" content=\"Accent Social\" \/>\n<meta name=\"twitter:card\" content=\"summary_large_image\" \/>\n<meta name=\"twitter:creator\" content=\"@accentsocial_\" \/>\n<meta name=\"twitter:site\" content=\"@accentsocial_\" \/>\n<meta name=\"twitter:label1\" content=\"Escrito por\" \/>\n\t<meta name=\"twitter:data1\" content=\"Accent Social\" \/>\n\t<meta name=\"twitter:label2\" content=\"Tiempo de lectura\" \/>\n\t<meta name=\"twitter:data2\" content=\"4 minutos\" \/>\n<script type=\"application\/ld+json\" class=\"yoast-schema-graph\">{\"@context\":\"https:\\\/\\\/schema.org\",\"@graph\":[{\"@type\":\"Article\",\"@id\":\"https:\\\/\\\/www.accent-social.cat\\\/es\\\/en-bici-sin-edad-personas-mayores\\\/#article\",\"isPartOf\":{\"@id\":\"https:\\\/\\\/www.accent-social.cat\\\/es\\\/en-bici-sin-edad-personas-mayores\\\/\"},\"author\":{\"name\":\"Accent Social\",\"@id\":\"https:\\\/\\\/www.accent-social.cat\\\/#\\\/schema\\\/person\\\/e3059313a7a9356d5dcb4adc2ee0396a\"},\"headline\":\"El proyecto \u00abEn bici sin edad\u00bb, emociones que se mueven sobre 3 ruedas\",\"datePublished\":\"2018-11-29T10:22:06+00:00\",\"dateModified\":\"2024-03-18T11:11:14+00:00\",\"mainEntityOfPage\":{\"@id\":\"https:\\\/\\\/www.accent-social.cat\\\/es\\\/en-bici-sin-edad-personas-mayores\\\/\"},\"wordCount\":684,\"publisher\":{\"@id\":\"https:\\\/\\\/www.accent-social.cat\\\/#organization\"},\"image\":{\"@id\":\"https:\\\/\\\/www.accent-social.cat\\\/es\\\/en-bici-sin-edad-personas-mayores\\\/#primaryimage\"},\"thumbnailUrl\":\"https:\\\/\\\/www.accent-social.cat\\\/wp-content\\\/uploads\\\/2018\\\/11\\\/En-Bici-Sense-Edat-Equipament-Josep-Miracle.jpg\",\"keywords\":[\"Accent Social\",\"actividades terap\u00e9uticas\",\"Barcelona\",\"barrio\",\"bicicleta\",\"empoderamiento\",\"envejecimiento activo\",\"gent gran\",\"Josep Miracle\",\"proximidad\"],\"articleSection\":[\"Jornadas\",\"Proyectos\",\"Residencias\"],\"inLanguage\":\"es\"},{\"@type\":\"WebPage\",\"@id\":\"https:\\\/\\\/www.accent-social.cat\\\/es\\\/en-bici-sin-edad-personas-mayores\\\/\",\"url\":\"https:\\\/\\\/www.accent-social.cat\\\/es\\\/en-bici-sin-edad-personas-mayores\\\/\",\"name\":\"El proyecto \\\"En bici sin edad\\\", emociones que se mueven sobre 3 ruedas | Accent Social | Serveis d&#039;Atenci\u00f3 Domicili\u00e0ria i centres per gent gran\",\"isPartOf\":{\"@id\":\"https:\\\/\\\/www.accent-social.cat\\\/#website\"},\"primaryImageOfPage\":{\"@id\":\"https:\\\/\\\/www.accent-social.cat\\\/es\\\/en-bici-sin-edad-personas-mayores\\\/#primaryimage\"},\"image\":{\"@id\":\"https:\\\/\\\/www.accent-social.cat\\\/es\\\/en-bici-sin-edad-personas-mayores\\\/#primaryimage\"},\"thumbnailUrl\":\"https:\\\/\\\/www.accent-social.cat\\\/wp-content\\\/uploads\\\/2018\\\/11\\\/En-Bici-Sense-Edat-Equipament-Josep-Miracle.jpg\",\"datePublished\":\"2018-11-29T10:22:06+00:00\",\"dateModified\":\"2024-03-18T11:11:14+00:00\",\"description\":\"La iniciativa \\\"En bici sin edad\\\" permite a las personas mayores disfrutar de una experiencia urbana de interacci\u00f3n con el barrio y de mejora del bienestar.\",\"breadcrumb\":{\"@id\":\"https:\\\/\\\/www.accent-social.cat\\\/es\\\/en-bici-sin-edad-personas-mayores\\\/#breadcrumb\"},\"inLanguage\":\"es\",\"potentialAction\":[{\"@type\":\"ReadAction\",\"target\":[\"https:\\\/\\\/www.accent-social.cat\\\/es\\\/en-bici-sin-edad-personas-mayores\\\/\"]}]},{\"@type\":\"ImageObject\",\"inLanguage\":\"es\",\"@id\":\"https:\\\/\\\/www.accent-social.cat\\\/es\\\/en-bici-sin-edad-personas-mayores\\\/#primaryimage\",\"url\":\"https:\\\/\\\/www.accent-social.cat\\\/wp-content\\\/uploads\\\/2018\\\/11\\\/En-Bici-Sense-Edat-Equipament-Josep-Miracle.jpg\",\"contentUrl\":\"https:\\\/\\\/www.accent-social.cat\\\/wp-content\\\/uploads\\\/2018\\\/11\\\/En-Bici-Sense-Edat-Equipament-Josep-Miracle.jpg\",\"width\":840,\"height\":400,\"caption\":\"En Bici Sense Edat - Equipament Josep Miracle\"},{\"@type\":\"BreadcrumbList\",\"@id\":\"https:\\\/\\\/www.accent-social.cat\\\/es\\\/en-bici-sin-edad-personas-mayores\\\/#breadcrumb\",\"itemListElement\":[{\"@type\":\"ListItem\",\"position\":1,\"name\":\"Inici\",\"item\":\"https:\\\/\\\/www.accent-social.cat\\\/es\\\/\"},{\"@type\":\"ListItem\",\"position\":2,\"name\":\"El proyecto &#8220;En bici sin edad&#8221;, emociones que se mueven sobre 3 ruedas\"}]},{\"@type\":\"WebSite\",\"@id\":\"https:\\\/\\\/www.accent-social.cat\\\/#website\",\"url\":\"https:\\\/\\\/www.accent-social.cat\\\/\",\"name\":\"Accent Social | Serveis d'Atenci\u00f3 Domicili\u00e0ria (SAD) i centres col\u00b7lectius\",\"description\":\"Serveis d&#039;Atenci\u00f3 Domicili\u00e0ria i centres de dia a Barcelona. Gesti\u00f3 de serveis socials i per a la gent gran.\",\"publisher\":{\"@id\":\"https:\\\/\\\/www.accent-social.cat\\\/#organization\"},\"potentialAction\":[{\"@type\":\"SearchAction\",\"target\":{\"@type\":\"EntryPoint\",\"urlTemplate\":\"https:\\\/\\\/www.accent-social.cat\\\/?s={search_term_string}\"},\"query-input\":{\"@type\":\"PropertyValueSpecification\",\"valueRequired\":true,\"valueName\":\"search_term_string\"}}],\"inLanguage\":\"es\"},{\"@type\":\"Organization\",\"@id\":\"https:\\\/\\\/www.accent-social.cat\\\/#organization\",\"name\":\"Accent Social\",\"url\":\"https:\\\/\\\/www.accent-social.cat\\\/\",\"logo\":{\"@type\":\"ImageObject\",\"inLanguage\":\"es\",\"@id\":\"https:\\\/\\\/www.accent-social.cat\\\/#\\\/schema\\\/logo\\\/image\\\/\",\"url\":\"https:\\\/\\\/www.accent-social.cat\\\/wp-content\\\/uploads\\\/2017\\\/09\\\/Logo-Accent-Social.jpg\",\"contentUrl\":\"https:\\\/\\\/www.accent-social.cat\\\/wp-content\\\/uploads\\\/2017\\\/09\\\/Logo-Accent-Social.jpg\",\"width\":512,\"height\":512,\"caption\":\"Accent Social\"},\"image\":{\"@id\":\"https:\\\/\\\/www.accent-social.cat\\\/#\\\/schema\\\/logo\\\/image\\\/\"},\"sameAs\":[\"https:\\\/\\\/www.facebook.com\\\/accentsocial\",\"https:\\\/\\\/x.com\\\/accentsocial_\",\"http:\\\/\\\/www.instagram.com\\\/accentsocial\",\"https:\\\/\\\/www.linkedin.com\\\/company\\\/accent-social\\\/\",\"https:\\\/\\\/www.crunchbase.com\\\/organization\\\/accent-social\",\"https:\\\/\\\/www.hotfrog.es\\\/empresa\\\/barcelona\\\/barcelona\\\/accent-social\",\"https:\\\/\\\/www.youtube.com\\\/channel\\\/UCBRsmX50gP0nPuAb5rPfr2g\"]},{\"@type\":\"Person\",\"@id\":\"https:\\\/\\\/www.accent-social.cat\\\/#\\\/schema\\\/person\\\/e3059313a7a9356d5dcb4adc2ee0396a\",\"name\":\"Accent Social\",\"image\":{\"@type\":\"ImageObject\",\"inLanguage\":\"es\",\"@id\":\"https:\\\/\\\/secure.gravatar.com\\\/avatar\\\/9a4d9b0c2bbfb1ff3da85e7195367fa23cc6b72e60b3092496806038fa837fc5?s=96&d=mm&r=g\",\"url\":\"https:\\\/\\\/secure.gravatar.com\\\/avatar\\\/9a4d9b0c2bbfb1ff3da85e7195367fa23cc6b72e60b3092496806038fa837fc5?s=96&d=mm&r=g\",\"contentUrl\":\"https:\\\/\\\/secure.gravatar.com\\\/avatar\\\/9a4d9b0c2bbfb1ff3da85e7195367fa23cc6b72e60b3092496806038fa837fc5?s=96&d=mm&r=g\",\"caption\":\"Accent Social\"}}]}<\/script>\n<!-- \/ Yoast SEO plugin. -->","yoast_head_json":{"title":"El proyecto \"En bici sin edad\", emociones que se mueven sobre 3 ruedas | Accent Social | Serveis d&#039;Atenci\u00f3 Domicili\u00e0ria i centres per gent gran","description":"La iniciativa \"En bici sin edad\" permite a las personas mayores disfrutar de una experiencia urbana de interacci\u00f3n con el barrio y de mejora del bienestar.","robots":{"index":"index","follow":"follow","max-snippet":"max-snippet:-1","max-image-preview":"max-image-preview:large","max-video-preview":"max-video-preview:-1"},"canonical":"https:\/\/www.accent-social.cat\/es\/en-bici-sin-edad-personas-mayores\/","og_locale":"es_ES","og_type":"article","og_title":"El proyecto \"En bici sin edad\", emociones que se mueven sobre 3 ruedas | Accent Social | Serveis d&#039;Atenci\u00f3 Domicili\u00e0ria i centres per gent gran","og_description":"La iniciativa \"En bici sin edad\" permite a las personas mayores disfrutar de una experiencia urbana de interacci\u00f3n con el barrio y de mejora del bienestar.","og_url":"https:\/\/www.accent-social.cat\/es\/en-bici-sin-edad-personas-mayores\/","og_site_name":"Accent Social | Serveis d&#039;Atenci\u00f3 Domicili\u00e0ria i centres per gent gran","article_publisher":"https:\/\/www.facebook.com\/accentsocial","article_published_time":"2018-11-29T10:22:06+00:00","article_modified_time":"2024-03-18T11:11:14+00:00","og_image":[{"width":840,"height":400,"url":"https:\/\/www.accent-social.cat\/wp-content\/uploads\/2018\/11\/En-Bici-Sense-Edat-Equipament-Josep-Miracle.jpg","type":"image\/jpeg"}],"author":"Accent Social","twitter_card":"summary_large_image","twitter_creator":"@accentsocial_","twitter_site":"@accentsocial_","twitter_misc":{"Escrito por":"Accent Social","Tiempo de lectura":"4 minutos"},"schema":{"@context":"https:\/\/schema.org","@graph":[{"@type":"Article","@id":"https:\/\/www.accent-social.cat\/es\/en-bici-sin-edad-personas-mayores\/#article","isPartOf":{"@id":"https:\/\/www.accent-social.cat\/es\/en-bici-sin-edad-personas-mayores\/"},"author":{"name":"Accent Social","@id":"https:\/\/www.accent-social.cat\/#\/schema\/person\/e3059313a7a9356d5dcb4adc2ee0396a"},"headline":"El proyecto \u00abEn bici sin edad\u00bb, emociones que se mueven sobre 3 ruedas","datePublished":"2018-11-29T10:22:06+00:00","dateModified":"2024-03-18T11:11:14+00:00","mainEntityOfPage":{"@id":"https:\/\/www.accent-social.cat\/es\/en-bici-sin-edad-personas-mayores\/"},"wordCount":684,"publisher":{"@id":"https:\/\/www.accent-social.cat\/#organization"},"image":{"@id":"https:\/\/www.accent-social.cat\/es\/en-bici-sin-edad-personas-mayores\/#primaryimage"},"thumbnailUrl":"https:\/\/www.accent-social.cat\/wp-content\/uploads\/2018\/11\/En-Bici-Sense-Edat-Equipament-Josep-Miracle.jpg","keywords":["Accent Social","actividades terap\u00e9uticas","Barcelona","barrio","bicicleta","empoderamiento","envejecimiento activo","gent gran","Josep Miracle","proximidad"],"articleSection":["Jornadas","Proyectos","Residencias"],"inLanguage":"es"},{"@type":"WebPage","@id":"https:\/\/www.accent-social.cat\/es\/en-bici-sin-edad-personas-mayores\/","url":"https:\/\/www.accent-social.cat\/es\/en-bici-sin-edad-personas-mayores\/","name":"El proyecto \"En bici sin edad\", emociones que se mueven sobre 3 ruedas | Accent Social | Serveis d&#039;Atenci\u00f3 Domicili\u00e0ria i centres per gent gran","isPartOf":{"@id":"https:\/\/www.accent-social.cat\/#website"},"primaryImageOfPage":{"@id":"https:\/\/www.accent-social.cat\/es\/en-bici-sin-edad-personas-mayores\/#primaryimage"},"image":{"@id":"https:\/\/www.accent-social.cat\/es\/en-bici-sin-edad-personas-mayores\/#primaryimage"},"thumbnailUrl":"https:\/\/www.accent-social.cat\/wp-content\/uploads\/2018\/11\/En-Bici-Sense-Edat-Equipament-Josep-Miracle.jpg","datePublished":"2018-11-29T10:22:06+00:00","dateModified":"2024-03-18T11:11:14+00:00","description":"La iniciativa \"En bici sin edad\" permite a las personas mayores disfrutar de una experiencia urbana de interacci\u00f3n con el barrio y de mejora del bienestar.","breadcrumb":{"@id":"https:\/\/www.accent-social.cat\/es\/en-bici-sin-edad-personas-mayores\/#breadcrumb"},"inLanguage":"es","potentialAction":[{"@type":"ReadAction","target":["https:\/\/www.accent-social.cat\/es\/en-bici-sin-edad-personas-mayores\/"]}]},{"@type":"ImageObject","inLanguage":"es","@id":"https:\/\/www.accent-social.cat\/es\/en-bici-sin-edad-personas-mayores\/#primaryimage","url":"https:\/\/www.accent-social.cat\/wp-content\/uploads\/2018\/11\/En-Bici-Sense-Edat-Equipament-Josep-Miracle.jpg","contentUrl":"https:\/\/www.accent-social.cat\/wp-content\/uploads\/2018\/11\/En-Bici-Sense-Edat-Equipament-Josep-Miracle.jpg","width":840,"height":400,"caption":"En Bici Sense Edat - Equipament Josep Miracle"},{"@type":"BreadcrumbList","@id":"https:\/\/www.accent-social.cat\/es\/en-bici-sin-edad-personas-mayores\/#breadcrumb","itemListElement":[{"@type":"ListItem","position":1,"name":"Inici","item":"https:\/\/www.accent-social.cat\/es\/"},{"@type":"ListItem","position":2,"name":"El proyecto &#8220;En bici sin edad&#8221;, emociones que se mueven sobre 3 ruedas"}]},{"@type":"WebSite","@id":"https:\/\/www.accent-social.cat\/#website","url":"https:\/\/www.accent-social.cat\/","name":"Accent Social | Serveis d'Atenci\u00f3 Domicili\u00e0ria (SAD) i centres col\u00b7lectius","description":"Serveis d&#039;Atenci\u00f3 Domicili\u00e0ria i centres de dia a Barcelona. Gesti\u00f3 de serveis socials i per a la gent gran.","publisher":{"@id":"https:\/\/www.accent-social.cat\/#organization"},"potentialAction":[{"@type":"SearchAction","target":{"@type":"EntryPoint","urlTemplate":"https:\/\/www.accent-social.cat\/?s={search_term_string}"},"query-input":{"@type":"PropertyValueSpecification","valueRequired":true,"valueName":"search_term_string"}}],"inLanguage":"es"},{"@type":"Organization","@id":"https:\/\/www.accent-social.cat\/#organization","name":"Accent Social","url":"https:\/\/www.accent-social.cat\/","logo":{"@type":"ImageObject","inLanguage":"es","@id":"https:\/\/www.accent-social.cat\/#\/schema\/logo\/image\/","url":"https:\/\/www.accent-social.cat\/wp-content\/uploads\/2017\/09\/Logo-Accent-Social.jpg","contentUrl":"https:\/\/www.accent-social.cat\/wp-content\/uploads\/2017\/09\/Logo-Accent-Social.jpg","width":512,"height":512,"caption":"Accent Social"},"image":{"@id":"https:\/\/www.accent-social.cat\/#\/schema\/logo\/image\/"},"sameAs":["https:\/\/www.facebook.com\/accentsocial","https:\/\/x.com\/accentsocial_","http:\/\/www.instagram.com\/accentsocial","https:\/\/www.linkedin.com\/company\/accent-social\/","https:\/\/www.crunchbase.com\/organization\/accent-social","https:\/\/www.hotfrog.es\/empresa\/barcelona\/barcelona\/accent-social","https:\/\/www.youtube.com\/channel\/UCBRsmX50gP0nPuAb5rPfr2g"]},{"@type":"Person","@id":"https:\/\/www.accent-social.cat\/#\/schema\/person\/e3059313a7a9356d5dcb4adc2ee0396a","name":"Accent Social","image":{"@type":"ImageObject","inLanguage":"es","@id":"https:\/\/secure.gravatar.com\/avatar\/9a4d9b0c2bbfb1ff3da85e7195367fa23cc6b72e60b3092496806038fa837fc5?s=96&d=mm&r=g","url":"https:\/\/secure.gravatar.com\/avatar\/9a4d9b0c2bbfb1ff3da85e7195367fa23cc6b72e60b3092496806038fa837fc5?s=96&d=mm&r=g","contentUrl":"https:\/\/secure.gravatar.com\/avatar\/9a4d9b0c2bbfb1ff3da85e7195367fa23cc6b72e60b3092496806038fa837fc5?s=96&d=mm&r=g","caption":"Accent Social"}}]}},"_links":{"self":[{"href":"https:\/\/www.accent-social.cat\/es\/wp-json\/wp\/v2\/posts\/11472","targetHints":{"allow":["GET"]}}],"collection":[{"href":"https:\/\/www.accent-social.cat\/es\/wp-json\/wp\/v2\/posts"}],"about":[{"href":"https:\/\/www.accent-social.cat\/es\/wp-json\/wp\/v2\/types\/post"}],"author":[{"embeddable":true,"href":"https:\/\/www.accent-social.cat\/es\/wp-json\/wp\/v2\/users\/1"}],"replies":[{"embeddable":true,"href":"https:\/\/www.accent-social.cat\/es\/wp-json\/wp\/v2\/comments?post=11472"}],"version-history":[{"count":5,"href":"https:\/\/www.accent-social.cat\/es\/wp-json\/wp\/v2\/posts\/11472\/revisions"}],"predecessor-version":[{"id":14809,"href":"https:\/\/www.accent-social.cat\/es\/wp-json\/wp\/v2\/posts\/11472\/revisions\/14809"}],"wp:featuredmedia":[{"embeddable":true,"href":"https:\/\/www.accent-social.cat\/es\/wp-json\/wp\/v2\/media\/11179"}],"wp:attachment":[{"href":"https:\/\/www.accent-social.cat\/es\/wp-json\/wp\/v2\/media?parent=11472"}],"wp:term":[{"taxonomy":"category","embeddable":true,"href":"https:\/\/www.accent-social.cat\/es\/wp-json\/wp\/v2\/categories?post=11472"},{"taxonomy":"post_tag","embeddable":true,"href":"https:\/\/www.accent-social.cat\/es\/wp-json\/wp\/v2\/tags?post=11472"}],"curies":[{"name":"wp","href":"https:\/\/api.w.org\/{rel}","templated":true}]}}