{"id":11148,"date":"2018-09-24T11:58:24","date_gmt":"2018-09-24T10:58:24","guid":{"rendered":"https:\/\/www.accent-social.cat\/?p=11148"},"modified":"2018-09-24T11:58:24","modified_gmt":"2018-09-24T10:58:24","slug":"seguridad-para-las-personas-mayores-jornadas-estem-a-prop-de-la-gent-gran","status":"publish","type":"post","link":"https:\/\/www.accent-social.cat\/es\/seguridad-para-las-personas-mayores-jornadas-estem-a-prop-de-la-gent-gran\/","title":{"rendered":"Seguridad para las personas mayores: Jornadas \u00abEstem a prop de la gent gran\u00bb"},"content":{"rendered":"<h3>Formarnos en aumentar la seguridad de las personas mayores y hacerlas part\u00edcipes de la informaci\u00f3 y de los recuros, para reforzar su autonom\u00eda personas y su sensaci\u00f3n de bienestar.<\/h3>\n<p>Este oto\u00f1o asistimos a una formaci\u00f3n sobre seguridad, destinada al colectivo de la poblaci\u00f3n s\u00e9nior, de la mano de la <a href=\"http:\/\/ajuntament.barcelona.cat\/guardiaurbana\" target=\"_blank\" rel=\"noopener\"><strong>Guardia Urbana de Barcelona<\/strong><\/a> y de los <a href=\"http:\/\/ajuntament.barcelona.cat\/bombers\/\" target=\"_blank\" rel=\"noopener\"><strong>Bomberos de Barcelona<\/strong><\/a>. Es parte del proyecto <em><strong>\u00abEstem a prop de la gent gran\u00bb<\/strong><\/em> y consiste en cuatro sesiones informativas para nuestros coordinadores t\u00e9cnicos, en el SAD del Ayuntamiento de Barcelona, Zona 4.<\/p>\n<p>Las sesiones nos ayudan a <strong>coordinar pautas de actuaci\u00f3n<\/strong> con las entidades que velan por la seguridad ciudadana, la seguridad vial, la extinci\u00f3n de incendios en el hogar y otros de tipo dom\u00e9stico, ante los cuales la poblaci\u00f3n s\u00e9nior queda especialmente expuesta.<\/p>\n<p>La formaci\u00f3n tambi\u00e9n recuerda los <strong>recursos municipales<\/strong> destinados a hacer m\u00e1s segura la vida del colectivo de gente mayor. El hecho de ser presencial permite preguntar y aclarar dudas, abiendo v\u00edas de informaci\u00f3n que pueden resultar muy \u00fatiles en casos concretos. <\/p>\n<p>Las usuarias y usuarios, la gente mayor, se beneficia no tan solo desde el punto de vista de la seguridad. Informarles y facilitarles el acceso a determinados servicios contribuye a reforzar su <strong>autonom\u00eda personal, la autoestima y la sensaci\u00f3n de bienestar en el hogar.<\/strong><\/p>\n<p>Al final de este art\u00edculo os dejamos el <strong>tr\u00edptico del programa <em>\u00abEstem a prop de la gent gran\u00bb<\/em><\/strong>. Est\u00e1 dirigido a las ciudadanas y ciudadanos en un lenguaje claro y sintetiza las ideas b\u00e1sicas para aumentar la seguridad en el hogar, en las calles y ante desconocidos.<\/p>\n<p>&nbsp;<\/p>\n<p><a href=\"https:\/\/www.accent-social.cat\/wp-content\/uploads\/2018\/09\/Seguretat-per-a-la-Gent-Gran-Gu\u00e0rdia-Urbana-sessi\u00f3-Accent-Social.jpg\"><img loading=\"lazy\" decoding=\"async\" class=\"alignnone size-full wp-image-11138\" src=\"https:\/\/www.accent-social.cat\/wp-content\/uploads\/2018\/09\/Seguretat-per-a-la-Gent-Gran-Gu\u00e0rdia-Urbana-sessi\u00f3-Accent-Social.jpg\" alt=\"Seguretat per a la Gent Gran - Gu\u00e0rdia Urbana sessi\u00f3 Accent Social\" width=\"1000\" height=\"619\" srcset=\"https:\/\/www.accent-social.cat\/wp-content\/uploads\/2018\/09\/Seguretat-per-a-la-Gent-Gran-Gu\u00e0rdia-Urbana-sessi\u00f3-Accent-Social.jpg 1000w, https:\/\/www.accent-social.cat\/wp-content\/uploads\/2018\/09\/Seguretat-per-a-la-Gent-Gran-Gu\u00e0rdia-Urbana-sessi\u00f3-Accent-Social-300x186.jpg 300w, https:\/\/www.accent-social.cat\/wp-content\/uploads\/2018\/09\/Seguretat-per-a-la-Gent-Gran-Gu\u00e0rdia-Urbana-sessi\u00f3-Accent-Social-768x475.jpg 768w, https:\/\/www.accent-social.cat\/wp-content\/uploads\/2018\/09\/Seguretat-per-a-la-Gent-Gran-Gu\u00e0rdia-Urbana-sessi\u00f3-Accent-Social-236x146.jpg 236w, https:\/\/www.accent-social.cat\/wp-content\/uploads\/2018\/09\/Seguretat-per-a-la-Gent-Gran-Gu\u00e0rdia-Urbana-sessi\u00f3-Accent-Social-50x31.jpg 50w, https:\/\/www.accent-social.cat\/wp-content\/uploads\/2018\/09\/Seguretat-per-a-la-Gent-Gran-Gu\u00e0rdia-Urbana-sessi\u00f3-Accent-Social-121x75.jpg 121w\" sizes=\"auto, (max-width:767px) 480px, (max-width:1000px) 100vw, 1000px\" \/><\/a><\/p>\n<p>&nbsp;<\/p>\n<div class=\"infobox\" ><div class=\"infobox_wrapper\"><span class=\"ib-desc\">\u00abGanar en seguridad para la gente mayor de Barcelona e implicar en el proyecto a los agentes sociales.\u00bb<\/span><\/div><\/div>\n\n<p>&nbsp;<\/p>\n<p><a href=\"https:\/\/www.accent-social.cat\/wp-content\/uploads\/2018\/09\/Estem-a-prop-de-la-gent-gran-Consells-seguretat-2.jpg\"><img loading=\"lazy\" decoding=\"async\" class=\"alignnone size-full wp-image-11139\" src=\"https:\/\/www.accent-social.cat\/wp-content\/uploads\/2018\/09\/Estem-a-prop-de-la-gent-gran-Consells-seguretat-2.jpg\" alt=\"Estem a prop de la gent gran - Consells seguretat 2\" width=\"1115\" height=\"697\" srcset=\"https:\/\/www.accent-social.cat\/wp-content\/uploads\/2018\/09\/Estem-a-prop-de-la-gent-gran-Consells-seguretat-2.jpg 1115w, https:\/\/www.accent-social.cat\/wp-content\/uploads\/2018\/09\/Estem-a-prop-de-la-gent-gran-Consells-seguretat-2-300x188.jpg 300w, https:\/\/www.accent-social.cat\/wp-content\/uploads\/2018\/09\/Estem-a-prop-de-la-gent-gran-Consells-seguretat-2-768x480.jpg 768w, https:\/\/www.accent-social.cat\/wp-content\/uploads\/2018\/09\/Estem-a-prop-de-la-gent-gran-Consells-seguretat-2-1024x640.jpg 1024w, https:\/\/www.accent-social.cat\/wp-content\/uploads\/2018\/09\/Estem-a-prop-de-la-gent-gran-Consells-seguretat-2-234x146.jpg 234w, https:\/\/www.accent-social.cat\/wp-content\/uploads\/2018\/09\/Estem-a-prop-de-la-gent-gran-Consells-seguretat-2-50x31.jpg 50w, https:\/\/www.accent-social.cat\/wp-content\/uploads\/2018\/09\/Estem-a-prop-de-la-gent-gran-Consells-seguretat-2-120x75.jpg 120w\" sizes=\"auto, (max-width:767px) 480px, (max-width:1115px) 100vw, 1115px\" \/><\/a><\/p>\n<p>&nbsp;<\/p>\n<p><a href=\"https:\/\/www.accent-social.cat\/wp-content\/uploads\/2018\/09\/Estem-a-prop-de-la-gent-gran-Consells-seguretat.jpg\"><img loading=\"lazy\" decoding=\"async\" class=\"alignnone size-full wp-image-11140\" src=\"https:\/\/www.accent-social.cat\/wp-content\/uploads\/2018\/09\/Estem-a-prop-de-la-gent-gran-Consells-seguretat.jpg\" alt=\"Estem a prop de la gent gran - Consells seguretat\" width=\"1115\" height=\"697\" srcset=\"https:\/\/www.accent-social.cat\/wp-content\/uploads\/2018\/09\/Estem-a-prop-de-la-gent-gran-Consells-seguretat.jpg 1115w, https:\/\/www.accent-social.cat\/wp-content\/uploads\/2018\/09\/Estem-a-prop-de-la-gent-gran-Consells-seguretat-300x188.jpg 300w, https:\/\/www.accent-social.cat\/wp-content\/uploads\/2018\/09\/Estem-a-prop-de-la-gent-gran-Consells-seguretat-768x480.jpg 768w, https:\/\/www.accent-social.cat\/wp-content\/uploads\/2018\/09\/Estem-a-prop-de-la-gent-gran-Consells-seguretat-1024x640.jpg 1024w, https:\/\/www.accent-social.cat\/wp-content\/uploads\/2018\/09\/Estem-a-prop-de-la-gent-gran-Consells-seguretat-234x146.jpg 234w, https:\/\/www.accent-social.cat\/wp-content\/uploads\/2018\/09\/Estem-a-prop-de-la-gent-gran-Consells-seguretat-50x31.jpg 50w, https:\/\/www.accent-social.cat\/wp-content\/uploads\/2018\/09\/Estem-a-prop-de-la-gent-gran-Consells-seguretat-120x75.jpg 120w\" sizes=\"auto, (max-width:767px) 480px, (max-width:1115px) 100vw, 1115px\" \/><\/a><\/p>\n","protected":false},"excerpt":{"rendered":"<p>Formarnos en aumentar la seguridad de las personas mayores y hacerlas part\u00edcipes de la informaci\u00f3 y de los recuros, para reforzar su autonom\u00eda personas y su sensaci\u00f3n de bienestar.<\/p>\n","protected":false},"author":1,"featured_media":11141,"comment_status":"closed","ping_status":"open","sticky":false,"template":"","format":"standard","meta":{"footnotes":""},"categories":[234],"tags":[279,276,285,289,218,220,298],"class_list":["post-11148","post","type-post","status-publish","format-standard","has-post-thumbnail","hentry","category-jornadas","tag-accent-social-es","tag-asistencia-domiciliaria","tag-autoestima-es","tag-autonomia-personal-es","tag-barcelona-es","tag-gent-gran-es","tag-jornada-es"],"yoast_head":"<!-- This site is optimized with the Yoast SEO plugin v27.5 - https:\/\/yoast.com\/product\/yoast-seo-wordpress\/ -->\n<title>Seguridad para las personas mayores: Jornadas &quot;Estem a prop de la gent gran&quot; | Accent Social | Serveis d&#039;Atenci\u00f3 Domicili\u00e0ria i centres per gent gran<\/title>\n<meta name=\"description\" content=\"Formarnos en aumentar la seguridad de las personas mayores y hacerlas part\u00edcipes de la informaci\u00f3 y de los recuros, para reforzar su autonom\u00eda personas y su sensaci\u00f3n de bienestar.\" \/>\n<meta name=\"robots\" content=\"index, follow, max-snippet:-1, max-image-preview:large, max-video-preview:-1\" \/>\n<link rel=\"canonical\" href=\"https:\/\/www.accent-social.cat\/es\/seguridad-para-las-personas-mayores-jornadas-estem-a-prop-de-la-gent-gran\/\" \/>\n<meta property=\"og:locale\" content=\"es_ES\" \/>\n<meta property=\"og:type\" content=\"article\" \/>\n<meta property=\"og:title\" content=\"Seguridad para las personas mayores: Jornadas &quot;Estem a prop de la gent gran&quot; | Accent Social | Serveis d&#039;Atenci\u00f3 Domicili\u00e0ria i centres per gent gran\" \/>\n<meta property=\"og:description\" content=\"Formarnos en aumentar la seguridad de las personas mayores y hacerlas part\u00edcipes de la informaci\u00f3 y de los recuros, para reforzar su autonom\u00eda personas y su sensaci\u00f3n de bienestar.\" \/>\n<meta property=\"og:url\" content=\"https:\/\/www.accent-social.cat\/es\/seguridad-para-las-personas-mayores-jornadas-estem-a-prop-de-la-gent-gran\/\" \/>\n<meta property=\"og:site_name\" content=\"Accent Social | Serveis d&#039;Atenci\u00f3 Domicili\u00e0ria i centres per gent gran\" \/>\n<meta property=\"article:publisher\" content=\"https:\/\/www.facebook.com\/accentsocial\" \/>\n<meta property=\"article:published_time\" content=\"2018-09-24T10:58:24+00:00\" \/>\n<meta property=\"og:image\" content=\"https:\/\/www.accent-social.cat\/wp-content\/uploads\/2018\/09\/Seguretat-per-a-la-Gent-Gran-Atenci\u00f3-domicili\u00e0ria-Accent-Social.jpg\" \/>\n\t<meta property=\"og:image:width\" content=\"840\" \/>\n\t<meta property=\"og:image:height\" content=\"400\" \/>\n\t<meta property=\"og:image:type\" content=\"image\/jpeg\" \/>\n<meta name=\"author\" content=\"Accent Social\" \/>\n<meta name=\"twitter:card\" content=\"summary_large_image\" \/>\n<meta name=\"twitter:creator\" content=\"@accentsocial_\" \/>\n<meta name=\"twitter:site\" content=\"@accentsocial_\" \/>\n<meta name=\"twitter:label1\" content=\"Escrito por\" \/>\n\t<meta name=\"twitter:data1\" content=\"Accent Social\" \/>\n\t<meta name=\"twitter:label2\" content=\"Tiempo de lectura\" \/>\n\t<meta name=\"twitter:data2\" content=\"2 minutos\" \/>\n<script type=\"application\/ld+json\" class=\"yoast-schema-graph\">{\"@context\":\"https:\\\/\\\/schema.org\",\"@graph\":[{\"@type\":\"Article\",\"@id\":\"https:\\\/\\\/www.accent-social.cat\\\/es\\\/seguridad-para-las-personas-mayores-jornadas-estem-a-prop-de-la-gent-gran\\\/#article\",\"isPartOf\":{\"@id\":\"https:\\\/\\\/www.accent-social.cat\\\/es\\\/seguridad-para-las-personas-mayores-jornadas-estem-a-prop-de-la-gent-gran\\\/\"},\"author\":{\"name\":\"Accent Social\",\"@id\":\"https:\\\/\\\/www.accent-social.cat\\\/#\\\/schema\\\/person\\\/e3059313a7a9356d5dcb4adc2ee0396a\"},\"headline\":\"Seguridad para las personas mayores: Jornadas \u00abEstem a prop de la gent gran\u00bb\",\"datePublished\":\"2018-09-24T10:58:24+00:00\",\"mainEntityOfPage\":{\"@id\":\"https:\\\/\\\/www.accent-social.cat\\\/es\\\/seguridad-para-las-personas-mayores-jornadas-estem-a-prop-de-la-gent-gran\\\/\"},\"wordCount\":327,\"publisher\":{\"@id\":\"https:\\\/\\\/www.accent-social.cat\\\/#organization\"},\"image\":{\"@id\":\"https:\\\/\\\/www.accent-social.cat\\\/es\\\/seguridad-para-las-personas-mayores-jornadas-estem-a-prop-de-la-gent-gran\\\/#primaryimage\"},\"thumbnailUrl\":\"https:\\\/\\\/www.accent-social.cat\\\/wp-content\\\/uploads\\\/2018\\\/09\\\/Seguretat-per-a-la-Gent-Gran-Atenci\u00f3-domicili\u00e0ria-Accent-Social.jpg\",\"keywords\":[\"Accent Social\",\"asistencia domiciliaria\",\"autoestima\",\"autonom\u00eda personal\",\"Barcelona\",\"gent gran\",\"jornada\"],\"articleSection\":[\"Jornadas\"],\"inLanguage\":\"es\"},{\"@type\":\"WebPage\",\"@id\":\"https:\\\/\\\/www.accent-social.cat\\\/es\\\/seguridad-para-las-personas-mayores-jornadas-estem-a-prop-de-la-gent-gran\\\/\",\"url\":\"https:\\\/\\\/www.accent-social.cat\\\/es\\\/seguridad-para-las-personas-mayores-jornadas-estem-a-prop-de-la-gent-gran\\\/\",\"name\":\"Seguridad para las personas mayores: Jornadas \\\"Estem a prop de la gent gran\\\" | Accent Social | Serveis d&#039;Atenci\u00f3 Domicili\u00e0ria i centres per gent gran\",\"isPartOf\":{\"@id\":\"https:\\\/\\\/www.accent-social.cat\\\/#website\"},\"primaryImageOfPage\":{\"@id\":\"https:\\\/\\\/www.accent-social.cat\\\/es\\\/seguridad-para-las-personas-mayores-jornadas-estem-a-prop-de-la-gent-gran\\\/#primaryimage\"},\"image\":{\"@id\":\"https:\\\/\\\/www.accent-social.cat\\\/es\\\/seguridad-para-las-personas-mayores-jornadas-estem-a-prop-de-la-gent-gran\\\/#primaryimage\"},\"thumbnailUrl\":\"https:\\\/\\\/www.accent-social.cat\\\/wp-content\\\/uploads\\\/2018\\\/09\\\/Seguretat-per-a-la-Gent-Gran-Atenci\u00f3-domicili\u00e0ria-Accent-Social.jpg\",\"datePublished\":\"2018-09-24T10:58:24+00:00\",\"description\":\"Formarnos en aumentar la seguridad de las personas mayores y hacerlas part\u00edcipes de la informaci\u00f3 y de los recuros, para reforzar su autonom\u00eda personas y su sensaci\u00f3n de bienestar.\",\"breadcrumb\":{\"@id\":\"https:\\\/\\\/www.accent-social.cat\\\/es\\\/seguridad-para-las-personas-mayores-jornadas-estem-a-prop-de-la-gent-gran\\\/#breadcrumb\"},\"inLanguage\":\"es\",\"potentialAction\":[{\"@type\":\"ReadAction\",\"target\":[\"https:\\\/\\\/www.accent-social.cat\\\/es\\\/seguridad-para-las-personas-mayores-jornadas-estem-a-prop-de-la-gent-gran\\\/\"]}]},{\"@type\":\"ImageObject\",\"inLanguage\":\"es\",\"@id\":\"https:\\\/\\\/www.accent-social.cat\\\/es\\\/seguridad-para-las-personas-mayores-jornadas-estem-a-prop-de-la-gent-gran\\\/#primaryimage\",\"url\":\"https:\\\/\\\/www.accent-social.cat\\\/wp-content\\\/uploads\\\/2018\\\/09\\\/Seguretat-per-a-la-Gent-Gran-Atenci\u00f3-domicili\u00e0ria-Accent-Social.jpg\",\"contentUrl\":\"https:\\\/\\\/www.accent-social.cat\\\/wp-content\\\/uploads\\\/2018\\\/09\\\/Seguretat-per-a-la-Gent-Gran-Atenci\u00f3-domicili\u00e0ria-Accent-Social.jpg\",\"width\":840,\"height\":400,\"caption\":\"Seguretat per a la Gent Gran - Atenci\u00f3 domicili\u00e0ria Accent Social\"},{\"@type\":\"BreadcrumbList\",\"@id\":\"https:\\\/\\\/www.accent-social.cat\\\/es\\\/seguridad-para-las-personas-mayores-jornadas-estem-a-prop-de-la-gent-gran\\\/#breadcrumb\",\"itemListElement\":[{\"@type\":\"ListItem\",\"position\":1,\"name\":\"Inici\",\"item\":\"https:\\\/\\\/www.accent-social.cat\\\/es\\\/\"},{\"@type\":\"ListItem\",\"position\":2,\"name\":\"Seguridad para las personas mayores: Jornadas \u00abEstem a prop de la gent gran\u00bb\"}]},{\"@type\":\"WebSite\",\"@id\":\"https:\\\/\\\/www.accent-social.cat\\\/#website\",\"url\":\"https:\\\/\\\/www.accent-social.cat\\\/\",\"name\":\"Accent Social | Serveis d'Atenci\u00f3 Domicili\u00e0ria (SAD) i centres col\u00b7lectius\",\"description\":\"Serveis d&#039;Atenci\u00f3 Domicili\u00e0ria i centres de dia a Barcelona. Gesti\u00f3 de serveis socials i per a la gent gran.\",\"publisher\":{\"@id\":\"https:\\\/\\\/www.accent-social.cat\\\/#organization\"},\"potentialAction\":[{\"@type\":\"SearchAction\",\"target\":{\"@type\":\"EntryPoint\",\"urlTemplate\":\"https:\\\/\\\/www.accent-social.cat\\\/?s={search_term_string}\"},\"query-input\":{\"@type\":\"PropertyValueSpecification\",\"valueRequired\":true,\"valueName\":\"search_term_string\"}}],\"inLanguage\":\"es\"},{\"@type\":\"Organization\",\"@id\":\"https:\\\/\\\/www.accent-social.cat\\\/#organization\",\"name\":\"Accent Social\",\"url\":\"https:\\\/\\\/www.accent-social.cat\\\/\",\"logo\":{\"@type\":\"ImageObject\",\"inLanguage\":\"es\",\"@id\":\"https:\\\/\\\/www.accent-social.cat\\\/#\\\/schema\\\/logo\\\/image\\\/\",\"url\":\"https:\\\/\\\/www.accent-social.cat\\\/wp-content\\\/uploads\\\/2017\\\/09\\\/Logo-Accent-Social.jpg\",\"contentUrl\":\"https:\\\/\\\/www.accent-social.cat\\\/wp-content\\\/uploads\\\/2017\\\/09\\\/Logo-Accent-Social.jpg\",\"width\":512,\"height\":512,\"caption\":\"Accent Social\"},\"image\":{\"@id\":\"https:\\\/\\\/www.accent-social.cat\\\/#\\\/schema\\\/logo\\\/image\\\/\"},\"sameAs\":[\"https:\\\/\\\/www.facebook.com\\\/accentsocial\",\"https:\\\/\\\/x.com\\\/accentsocial_\",\"http:\\\/\\\/www.instagram.com\\\/accentsocial\",\"https:\\\/\\\/www.linkedin.com\\\/company\\\/accent-social\\\/\",\"https:\\\/\\\/www.crunchbase.com\\\/organization\\\/accent-social\",\"https:\\\/\\\/www.hotfrog.es\\\/empresa\\\/barcelona\\\/barcelona\\\/accent-social\",\"https:\\\/\\\/www.youtube.com\\\/channel\\\/UCBRsmX50gP0nPuAb5rPfr2g\"]},{\"@type\":\"Person\",\"@id\":\"https:\\\/\\\/www.accent-social.cat\\\/#\\\/schema\\\/person\\\/e3059313a7a9356d5dcb4adc2ee0396a\",\"name\":\"Accent Social\",\"image\":{\"@type\":\"ImageObject\",\"inLanguage\":\"es\",\"@id\":\"https:\\\/\\\/secure.gravatar.com\\\/avatar\\\/9a4d9b0c2bbfb1ff3da85e7195367fa23cc6b72e60b3092496806038fa837fc5?s=96&d=mm&r=g\",\"url\":\"https:\\\/\\\/secure.gravatar.com\\\/avatar\\\/9a4d9b0c2bbfb1ff3da85e7195367fa23cc6b72e60b3092496806038fa837fc5?s=96&d=mm&r=g\",\"contentUrl\":\"https:\\\/\\\/secure.gravatar.com\\\/avatar\\\/9a4d9b0c2bbfb1ff3da85e7195367fa23cc6b72e60b3092496806038fa837fc5?s=96&d=mm&r=g\",\"caption\":\"Accent Social\"}}]}<\/script>\n<!-- \/ Yoast SEO plugin. -->","yoast_head_json":{"title":"Seguridad para las personas mayores: Jornadas \"Estem a prop de la gent gran\" | Accent Social | Serveis d&#039;Atenci\u00f3 Domicili\u00e0ria i centres per gent gran","description":"Formarnos en aumentar la seguridad de las personas mayores y hacerlas part\u00edcipes de la informaci\u00f3 y de los recuros, para reforzar su autonom\u00eda personas y su sensaci\u00f3n de bienestar.","robots":{"index":"index","follow":"follow","max-snippet":"max-snippet:-1","max-image-preview":"max-image-preview:large","max-video-preview":"max-video-preview:-1"},"canonical":"https:\/\/www.accent-social.cat\/es\/seguridad-para-las-personas-mayores-jornadas-estem-a-prop-de-la-gent-gran\/","og_locale":"es_ES","og_type":"article","og_title":"Seguridad para las personas mayores: Jornadas \"Estem a prop de la gent gran\" | Accent Social | Serveis d&#039;Atenci\u00f3 Domicili\u00e0ria i centres per gent gran","og_description":"Formarnos en aumentar la seguridad de las personas mayores y hacerlas part\u00edcipes de la informaci\u00f3 y de los recuros, para reforzar su autonom\u00eda personas y su sensaci\u00f3n de bienestar.","og_url":"https:\/\/www.accent-social.cat\/es\/seguridad-para-las-personas-mayores-jornadas-estem-a-prop-de-la-gent-gran\/","og_site_name":"Accent Social | Serveis d&#039;Atenci\u00f3 Domicili\u00e0ria i centres per gent gran","article_publisher":"https:\/\/www.facebook.com\/accentsocial","article_published_time":"2018-09-24T10:58:24+00:00","og_image":[{"width":840,"height":400,"url":"https:\/\/www.accent-social.cat\/wp-content\/uploads\/2018\/09\/Seguretat-per-a-la-Gent-Gran-Atenci\u00f3-domicili\u00e0ria-Accent-Social.jpg","type":"image\/jpeg"}],"author":"Accent Social","twitter_card":"summary_large_image","twitter_creator":"@accentsocial_","twitter_site":"@accentsocial_","twitter_misc":{"Escrito por":"Accent Social","Tiempo de lectura":"2 minutos"},"schema":{"@context":"https:\/\/schema.org","@graph":[{"@type":"Article","@id":"https:\/\/www.accent-social.cat\/es\/seguridad-para-las-personas-mayores-jornadas-estem-a-prop-de-la-gent-gran\/#article","isPartOf":{"@id":"https:\/\/www.accent-social.cat\/es\/seguridad-para-las-personas-mayores-jornadas-estem-a-prop-de-la-gent-gran\/"},"author":{"name":"Accent Social","@id":"https:\/\/www.accent-social.cat\/#\/schema\/person\/e3059313a7a9356d5dcb4adc2ee0396a"},"headline":"Seguridad para las personas mayores: Jornadas \u00abEstem a prop de la gent gran\u00bb","datePublished":"2018-09-24T10:58:24+00:00","mainEntityOfPage":{"@id":"https:\/\/www.accent-social.cat\/es\/seguridad-para-las-personas-mayores-jornadas-estem-a-prop-de-la-gent-gran\/"},"wordCount":327,"publisher":{"@id":"https:\/\/www.accent-social.cat\/#organization"},"image":{"@id":"https:\/\/www.accent-social.cat\/es\/seguridad-para-las-personas-mayores-jornadas-estem-a-prop-de-la-gent-gran\/#primaryimage"},"thumbnailUrl":"https:\/\/www.accent-social.cat\/wp-content\/uploads\/2018\/09\/Seguretat-per-a-la-Gent-Gran-Atenci\u00f3-domicili\u00e0ria-Accent-Social.jpg","keywords":["Accent Social","asistencia domiciliaria","autoestima","autonom\u00eda personal","Barcelona","gent gran","jornada"],"articleSection":["Jornadas"],"inLanguage":"es"},{"@type":"WebPage","@id":"https:\/\/www.accent-social.cat\/es\/seguridad-para-las-personas-mayores-jornadas-estem-a-prop-de-la-gent-gran\/","url":"https:\/\/www.accent-social.cat\/es\/seguridad-para-las-personas-mayores-jornadas-estem-a-prop-de-la-gent-gran\/","name":"Seguridad para las personas mayores: Jornadas \"Estem a prop de la gent gran\" | Accent Social | Serveis d&#039;Atenci\u00f3 Domicili\u00e0ria i centres per gent gran","isPartOf":{"@id":"https:\/\/www.accent-social.cat\/#website"},"primaryImageOfPage":{"@id":"https:\/\/www.accent-social.cat\/es\/seguridad-para-las-personas-mayores-jornadas-estem-a-prop-de-la-gent-gran\/#primaryimage"},"image":{"@id":"https:\/\/www.accent-social.cat\/es\/seguridad-para-las-personas-mayores-jornadas-estem-a-prop-de-la-gent-gran\/#primaryimage"},"thumbnailUrl":"https:\/\/www.accent-social.cat\/wp-content\/uploads\/2018\/09\/Seguretat-per-a-la-Gent-Gran-Atenci\u00f3-domicili\u00e0ria-Accent-Social.jpg","datePublished":"2018-09-24T10:58:24+00:00","description":"Formarnos en aumentar la seguridad de las personas mayores y hacerlas part\u00edcipes de la informaci\u00f3 y de los recuros, para reforzar su autonom\u00eda personas y su sensaci\u00f3n de bienestar.","breadcrumb":{"@id":"https:\/\/www.accent-social.cat\/es\/seguridad-para-las-personas-mayores-jornadas-estem-a-prop-de-la-gent-gran\/#breadcrumb"},"inLanguage":"es","potentialAction":[{"@type":"ReadAction","target":["https:\/\/www.accent-social.cat\/es\/seguridad-para-las-personas-mayores-jornadas-estem-a-prop-de-la-gent-gran\/"]}]},{"@type":"ImageObject","inLanguage":"es","@id":"https:\/\/www.accent-social.cat\/es\/seguridad-para-las-personas-mayores-jornadas-estem-a-prop-de-la-gent-gran\/#primaryimage","url":"https:\/\/www.accent-social.cat\/wp-content\/uploads\/2018\/09\/Seguretat-per-a-la-Gent-Gran-Atenci\u00f3-domicili\u00e0ria-Accent-Social.jpg","contentUrl":"https:\/\/www.accent-social.cat\/wp-content\/uploads\/2018\/09\/Seguretat-per-a-la-Gent-Gran-Atenci\u00f3-domicili\u00e0ria-Accent-Social.jpg","width":840,"height":400,"caption":"Seguretat per a la Gent Gran - Atenci\u00f3 domicili\u00e0ria Accent Social"},{"@type":"BreadcrumbList","@id":"https:\/\/www.accent-social.cat\/es\/seguridad-para-las-personas-mayores-jornadas-estem-a-prop-de-la-gent-gran\/#breadcrumb","itemListElement":[{"@type":"ListItem","position":1,"name":"Inici","item":"https:\/\/www.accent-social.cat\/es\/"},{"@type":"ListItem","position":2,"name":"Seguridad para las personas mayores: Jornadas \u00abEstem a prop de la gent gran\u00bb"}]},{"@type":"WebSite","@id":"https:\/\/www.accent-social.cat\/#website","url":"https:\/\/www.accent-social.cat\/","name":"Accent Social | Serveis d'Atenci\u00f3 Domicili\u00e0ria (SAD) i centres col\u00b7lectius","description":"Serveis d&#039;Atenci\u00f3 Domicili\u00e0ria i centres de dia a Barcelona. Gesti\u00f3 de serveis socials i per a la gent gran.","publisher":{"@id":"https:\/\/www.accent-social.cat\/#organization"},"potentialAction":[{"@type":"SearchAction","target":{"@type":"EntryPoint","urlTemplate":"https:\/\/www.accent-social.cat\/?s={search_term_string}"},"query-input":{"@type":"PropertyValueSpecification","valueRequired":true,"valueName":"search_term_string"}}],"inLanguage":"es"},{"@type":"Organization","@id":"https:\/\/www.accent-social.cat\/#organization","name":"Accent Social","url":"https:\/\/www.accent-social.cat\/","logo":{"@type":"ImageObject","inLanguage":"es","@id":"https:\/\/www.accent-social.cat\/#\/schema\/logo\/image\/","url":"https:\/\/www.accent-social.cat\/wp-content\/uploads\/2017\/09\/Logo-Accent-Social.jpg","contentUrl":"https:\/\/www.accent-social.cat\/wp-content\/uploads\/2017\/09\/Logo-Accent-Social.jpg","width":512,"height":512,"caption":"Accent Social"},"image":{"@id":"https:\/\/www.accent-social.cat\/#\/schema\/logo\/image\/"},"sameAs":["https:\/\/www.facebook.com\/accentsocial","https:\/\/x.com\/accentsocial_","http:\/\/www.instagram.com\/accentsocial","https:\/\/www.linkedin.com\/company\/accent-social\/","https:\/\/www.crunchbase.com\/organization\/accent-social","https:\/\/www.hotfrog.es\/empresa\/barcelona\/barcelona\/accent-social","https:\/\/www.youtube.com\/channel\/UCBRsmX50gP0nPuAb5rPfr2g"]},{"@type":"Person","@id":"https:\/\/www.accent-social.cat\/#\/schema\/person\/e3059313a7a9356d5dcb4adc2ee0396a","name":"Accent Social","image":{"@type":"ImageObject","inLanguage":"es","@id":"https:\/\/secure.gravatar.com\/avatar\/9a4d9b0c2bbfb1ff3da85e7195367fa23cc6b72e60b3092496806038fa837fc5?s=96&d=mm&r=g","url":"https:\/\/secure.gravatar.com\/avatar\/9a4d9b0c2bbfb1ff3da85e7195367fa23cc6b72e60b3092496806038fa837fc5?s=96&d=mm&r=g","contentUrl":"https:\/\/secure.gravatar.com\/avatar\/9a4d9b0c2bbfb1ff3da85e7195367fa23cc6b72e60b3092496806038fa837fc5?s=96&d=mm&r=g","caption":"Accent Social"}}]}},"_links":{"self":[{"href":"https:\/\/www.accent-social.cat\/es\/wp-json\/wp\/v2\/posts\/11148","targetHints":{"allow":["GET"]}}],"collection":[{"href":"https:\/\/www.accent-social.cat\/es\/wp-json\/wp\/v2\/posts"}],"about":[{"href":"https:\/\/www.accent-social.cat\/es\/wp-json\/wp\/v2\/types\/post"}],"author":[{"embeddable":true,"href":"https:\/\/www.accent-social.cat\/es\/wp-json\/wp\/v2\/users\/1"}],"replies":[{"embeddable":true,"href":"https:\/\/www.accent-social.cat\/es\/wp-json\/wp\/v2\/comments?post=11148"}],"version-history":[{"count":1,"href":"https:\/\/www.accent-social.cat\/es\/wp-json\/wp\/v2\/posts\/11148\/revisions"}],"predecessor-version":[{"id":11149,"href":"https:\/\/www.accent-social.cat\/es\/wp-json\/wp\/v2\/posts\/11148\/revisions\/11149"}],"wp:featuredmedia":[{"embeddable":true,"href":"https:\/\/www.accent-social.cat\/es\/wp-json\/wp\/v2\/media\/11141"}],"wp:attachment":[{"href":"https:\/\/www.accent-social.cat\/es\/wp-json\/wp\/v2\/media?parent=11148"}],"wp:term":[{"taxonomy":"category","embeddable":true,"href":"https:\/\/www.accent-social.cat\/es\/wp-json\/wp\/v2\/categories?post=11148"},{"taxonomy":"post_tag","embeddable":true,"href":"https:\/\/www.accent-social.cat\/es\/wp-json\/wp\/v2\/tags?post=11148"}],"curies":[{"name":"wp","href":"https:\/\/api.w.org\/{rel}","templated":true}]}}