{"id":11097,"date":"2018-07-04T20:31:58","date_gmt":"2018-07-04T19:31:58","guid":{"rendered":"https:\/\/www.accent-social.cat\/?p=11097"},"modified":"2018-07-04T20:49:50","modified_gmt":"2018-07-04T19:49:50","slug":"jornada-personas-cuidadoras-alzheimer","status":"publish","type":"post","link":"https:\/\/www.accent-social.cat\/es\/jornada-personas-cuidadoras-alzheimer\/","title":{"rendered":"Jornada para cuidadores de personas con Alzheimer en Matar\u00f3"},"content":{"rendered":"<h3>Accent Social y el Ayuntamiento de Matar\u00f3 organizamos una jornada divulgativa destinada a los cuidadores y cuidadoras de personas con Alzheimer.<\/h3>\n<p>Fue en la tarde del 25 de junio en la Biblioteca Pompeu Fabra, de Matar\u00f3, y pudimos aprender del conocimiento experto sobre esta enfermedad por parte de la neuropsic\u00f3loga <strong>Gloria Mas Vall-Llosera,<\/strong> de la <a href=\"https:\/\/fpmaragall.org\/ca\/\" target=\"_blank\" rel=\"noopener\"><strong>Fundaci\u00f3 Pasqual Maragall<\/strong><\/a>.<\/p>\n<p>Abordando las diferentes problem\u00e1ticas asociadas al Alzheimer, quisimos elegir un punto de vista diferente al habitual, poniendo el foco en las personas cuidadoras, profesionales o no. Desde <a href=\"https:\/\/www.accent-social.cat\" target=\"_blank\" rel=\"noopener\">Accent Social<\/a> gestionamos el servicio de asistencia domiciliaria de Matar\u00f3 y es por este motivo que el objetivo fue ayudar no s\u00f3lo a las personas que padecen la enfermedad, sino tambi\u00e9n a su entorno. El t\u00edtulo de la jornada era indicativo de esta preocupaci\u00f3n: <strong>\u00abEl cuidado del cuidador del enfermo de Alzheimer, el enfermo oculto\u00bb<\/strong>.<\/p>\n<p>Es conocido que <strong>los cuidadores se ven sometidos a cambios en su vida<\/strong> desde el momento que deben velar por la salud y el bienestar de sus familiares con Alzheimer. Tambi\u00e9n los cuidadores profesionales deben saber equilibrar y gestionar los <strong>sentimientos de frustraci\u00f3n, estr\u00e9s o ansiedad<\/strong> que les genera el tiempo de convivencia. La situaci\u00f3n, de largo recorrido y que exige una atenci\u00f3n constante, puede derivar en un <em>burnout<\/em> o saturaci\u00f3n emocional del cuidador.<\/p>\n<div class=\"infobox\" ><div class=\"infobox_wrapper\"><span class=\"ib-desc\">\u00abNo debemos olvidar las necesidades del cuidador. Por muy dif\u00edcil que sea, sus necesidades han de estar en el mismo nivel que las del enfermo\u00bb<\/span><\/div><\/div>\n\n<p>&nbsp;<\/p>\n<h2>EL RETO: ATENDER A LOS CUIDADORES<\/h2>\n<p>El cuidado del entorno cuidador es un reto principal para <strong>Accent Social<\/strong>, uno de nuestros pilares de actuaci\u00f3n. Queremos que cuidar de una persona no se convierta en una tarea que se haga en soledad, sino al contrario: conseguir que el entorno cuidador pueda tener la informaci\u00f3n necesaria para prestar el cuidado adecuado a la persona con dependencia, as\u00ed como <strong>sentir pr\u00f3ximo un apoyo emocional y un espacio vital donde recuperar el autoconcepto<\/strong>, desvinculado de la tarea del cuidador.<\/p>\n<p>Se convierte en un reto, adem\u00e1s, sensibilizar a la sociedad, porque es un objetivo com\u00fan de todos crear ciudades cuidadoras.<\/p>\n<p>&nbsp;<\/p>\n<h2>RECURSOS PARA LAS PERSONAS CON ALZHEIMER Y PARA SU ENTORNO<\/h2>\n<p>La sesi\u00f3n cont\u00f3 tambi\u00e9n con la presencia de <strong>Juan Carlos Molina<\/strong>, representante de la <a href=\"http:\/\/www.afamaresme.org\/\" target=\"_ blank\" rel=\"noopener\"><strong>AFAM (Asociaci\u00f3n de Familiares de Alzheimer del Maresme)<\/strong><\/a>, que detall\u00f3 cu\u00e1les son los recursos a disposici\u00f3n de las personas que sufren los efectos de esta enfermedad y para sus cuidadores.<\/p>\n<div class=\"infobox\" ><div class=\"infobox_wrapper\"><span class=\"ib-desc\">\u00abLa informaci\u00f3n es poder. Conocer la enfermedad ayuda a los cuidadores a asumir la situaci\u00f3n.\u00bb<\/span><\/div><\/div>\n\n<p>&nbsp;<br \/>\n<a href=\"https:\/\/www.accent-social.cat\/wp-content\/uploads\/2018\/07\/Accent-Social-fa-jornada-informativa-sobre-Alzheimer-al-Maresme.jpg\"><img loading=\"lazy\" decoding=\"async\" class=\"size-full wp-image-11092 aligncenter\" src=\"https:\/\/www.accent-social.cat\/wp-content\/uploads\/2018\/07\/Accent-Social-fa-jornada-informativa-sobre-Alzheimer-al-Maresme.jpg\" alt=\"Accent Social fa jornada informativa sobre Alzheimer al Maresme\" width=\"840\" height=\"399\" srcset=\"https:\/\/www.accent-social.cat\/wp-content\/uploads\/2018\/07\/Accent-Social-fa-jornada-informativa-sobre-Alzheimer-al-Maresme.jpg 840w, https:\/\/www.accent-social.cat\/wp-content\/uploads\/2018\/07\/Accent-Social-fa-jornada-informativa-sobre-Alzheimer-al-Maresme-300x143.jpg 300w, https:\/\/www.accent-social.cat\/wp-content\/uploads\/2018\/07\/Accent-Social-fa-jornada-informativa-sobre-Alzheimer-al-Maresme-768x365.jpg 768w, https:\/\/www.accent-social.cat\/wp-content\/uploads\/2018\/07\/Accent-Social-fa-jornada-informativa-sobre-Alzheimer-al-Maresme-260x124.jpg 260w, https:\/\/www.accent-social.cat\/wp-content\/uploads\/2018\/07\/Accent-Social-fa-jornada-informativa-sobre-Alzheimer-al-Maresme-50x24.jpg 50w, https:\/\/www.accent-social.cat\/wp-content\/uploads\/2018\/07\/Accent-Social-fa-jornada-informativa-sobre-Alzheimer-al-Maresme-150x71.jpg 150w\" sizes=\"auto, (max-width:767px) 480px, (max-width:840px) 100vw, 840px\" \/><\/a><\/p>\n","protected":false},"excerpt":{"rendered":"<p>Accent Social y el Ayuntamiento de Matar\u00f3 organizamos una jornada divulgativa destinada a los cuidadores y cuidadoras de personas con Alzheimer.<\/p>\n","protected":false},"author":1,"featured_media":11089,"comment_status":"closed","ping_status":"open","sticky":false,"template":"","format":"standard","meta":{"footnotes":""},"categories":[234],"tags":[375,276,385,329,423,298,379,408],"class_list":["post-11097","post","type-post","status-publish","format-standard","has-post-thumbnail","hentry","category-jornadas","tag-alzheimer-es","tag-asistencia-domiciliaria","tag-atencion-domiciliaria","tag-cuidadoras","tag-cuidados-personales","tag-jornada-es","tag-mataro-es","tag-trabajo-social"],"yoast_head":"<!-- This site is optimized with the Yoast SEO plugin v27.5 - https:\/\/yoast.com\/product\/yoast-seo-wordpress\/ -->\n<title>Jornada para cuidadores de personas con Alzheimer en Matar\u00f3 | Accent Social | Serveis d&#039;Atenci\u00f3 Domicili\u00e0ria i centres per gent gran<\/title>\n<meta name=\"robots\" content=\"index, follow, max-snippet:-1, max-image-preview:large, max-video-preview:-1\" \/>\n<link rel=\"canonical\" href=\"https:\/\/www.accent-social.cat\/es\/jornada-personas-cuidadoras-alzheimer\/\" \/>\n<meta property=\"og:locale\" content=\"es_ES\" \/>\n<meta property=\"og:type\" content=\"article\" \/>\n<meta property=\"og:title\" content=\"Jornada para cuidadores de personas con Alzheimer en Matar\u00f3 | Accent Social | Serveis d&#039;Atenci\u00f3 Domicili\u00e0ria i centres per gent gran\" \/>\n<meta property=\"og:description\" content=\"Accent Social y el Ayuntamiento de Matar\u00f3 organizamos una jornada divulgativa destinada a los cuidadores y cuidadoras de personas con Alzheimer.\" \/>\n<meta property=\"og:url\" content=\"https:\/\/www.accent-social.cat\/es\/jornada-personas-cuidadoras-alzheimer\/\" \/>\n<meta property=\"og:site_name\" content=\"Accent Social | Serveis d&#039;Atenci\u00f3 Domicili\u00e0ria i centres per gent gran\" \/>\n<meta property=\"article:publisher\" content=\"https:\/\/www.facebook.com\/accentsocial\" \/>\n<meta property=\"article:published_time\" content=\"2018-07-04T19:31:58+00:00\" \/>\n<meta property=\"article:modified_time\" content=\"2018-07-04T19:49:50+00:00\" \/>\n<meta property=\"og:image\" content=\"https:\/\/www.accent-social.cat\/wp-content\/uploads\/2018\/06\/Jornada-cuidadors-Alzheimer-a-Matar\u00f3-Accent-Social.jpg\" \/>\n\t<meta property=\"og:image:width\" content=\"840\" \/>\n\t<meta property=\"og:image:height\" content=\"400\" \/>\n\t<meta property=\"og:image:type\" content=\"image\/jpeg\" \/>\n<meta name=\"author\" content=\"Accent Social\" \/>\n<meta name=\"twitter:card\" content=\"summary_large_image\" \/>\n<meta name=\"twitter:creator\" content=\"@accentsocial_\" \/>\n<meta name=\"twitter:site\" content=\"@accentsocial_\" \/>\n<meta name=\"twitter:label1\" content=\"Escrito por\" \/>\n\t<meta name=\"twitter:data1\" content=\"Accent Social\" \/>\n\t<meta name=\"twitter:label2\" content=\"Tiempo de lectura\" \/>\n\t<meta name=\"twitter:data2\" content=\"2 minutos\" \/>\n<script type=\"application\/ld+json\" class=\"yoast-schema-graph\">{\"@context\":\"https:\\\/\\\/schema.org\",\"@graph\":[{\"@type\":\"Article\",\"@id\":\"https:\\\/\\\/www.accent-social.cat\\\/es\\\/jornada-personas-cuidadoras-alzheimer\\\/#article\",\"isPartOf\":{\"@id\":\"https:\\\/\\\/www.accent-social.cat\\\/es\\\/jornada-personas-cuidadoras-alzheimer\\\/\"},\"author\":{\"name\":\"Accent Social\",\"@id\":\"https:\\\/\\\/www.accent-social.cat\\\/#\\\/schema\\\/person\\\/e3059313a7a9356d5dcb4adc2ee0396a\"},\"headline\":\"Jornada para cuidadores de personas con Alzheimer en Matar\u00f3\",\"datePublished\":\"2018-07-04T19:31:58+00:00\",\"dateModified\":\"2018-07-04T19:49:50+00:00\",\"mainEntityOfPage\":{\"@id\":\"https:\\\/\\\/www.accent-social.cat\\\/es\\\/jornada-personas-cuidadoras-alzheimer\\\/\"},\"wordCount\":463,\"publisher\":{\"@id\":\"https:\\\/\\\/www.accent-social.cat\\\/#organization\"},\"image\":{\"@id\":\"https:\\\/\\\/www.accent-social.cat\\\/es\\\/jornada-personas-cuidadoras-alzheimer\\\/#primaryimage\"},\"thumbnailUrl\":\"https:\\\/\\\/www.accent-social.cat\\\/wp-content\\\/uploads\\\/2018\\\/06\\\/Jornada-cuidadors-Alzheimer-a-Matar\u00f3-Accent-Social.jpg\",\"keywords\":[\"Alzheimer\",\"asistencia domiciliaria\",\"atenci\u00f3n domiciliaria\",\"cuidadoras\",\"cuidados personales\",\"jornada\",\"Matar\u00f3\",\"trabajo social\"],\"articleSection\":[\"Jornadas\"],\"inLanguage\":\"es\"},{\"@type\":\"WebPage\",\"@id\":\"https:\\\/\\\/www.accent-social.cat\\\/es\\\/jornada-personas-cuidadoras-alzheimer\\\/\",\"url\":\"https:\\\/\\\/www.accent-social.cat\\\/es\\\/jornada-personas-cuidadoras-alzheimer\\\/\",\"name\":\"Jornada para cuidadores de personas con Alzheimer en Matar\u00f3 | Accent Social | Serveis d&#039;Atenci\u00f3 Domicili\u00e0ria i centres per gent gran\",\"isPartOf\":{\"@id\":\"https:\\\/\\\/www.accent-social.cat\\\/#website\"},\"primaryImageOfPage\":{\"@id\":\"https:\\\/\\\/www.accent-social.cat\\\/es\\\/jornada-personas-cuidadoras-alzheimer\\\/#primaryimage\"},\"image\":{\"@id\":\"https:\\\/\\\/www.accent-social.cat\\\/es\\\/jornada-personas-cuidadoras-alzheimer\\\/#primaryimage\"},\"thumbnailUrl\":\"https:\\\/\\\/www.accent-social.cat\\\/wp-content\\\/uploads\\\/2018\\\/06\\\/Jornada-cuidadors-Alzheimer-a-Matar\u00f3-Accent-Social.jpg\",\"datePublished\":\"2018-07-04T19:31:58+00:00\",\"dateModified\":\"2018-07-04T19:49:50+00:00\",\"breadcrumb\":{\"@id\":\"https:\\\/\\\/www.accent-social.cat\\\/es\\\/jornada-personas-cuidadoras-alzheimer\\\/#breadcrumb\"},\"inLanguage\":\"es\",\"potentialAction\":[{\"@type\":\"ReadAction\",\"target\":[\"https:\\\/\\\/www.accent-social.cat\\\/es\\\/jornada-personas-cuidadoras-alzheimer\\\/\"]}]},{\"@type\":\"ImageObject\",\"inLanguage\":\"es\",\"@id\":\"https:\\\/\\\/www.accent-social.cat\\\/es\\\/jornada-personas-cuidadoras-alzheimer\\\/#primaryimage\",\"url\":\"https:\\\/\\\/www.accent-social.cat\\\/wp-content\\\/uploads\\\/2018\\\/06\\\/Jornada-cuidadors-Alzheimer-a-Matar\u00f3-Accent-Social.jpg\",\"contentUrl\":\"https:\\\/\\\/www.accent-social.cat\\\/wp-content\\\/uploads\\\/2018\\\/06\\\/Jornada-cuidadors-Alzheimer-a-Matar\u00f3-Accent-Social.jpg\",\"width\":840,\"height\":400,\"caption\":\"Jornada cuidadors Alzheimer a Matar\u00f3 - Accent Social\"},{\"@type\":\"BreadcrumbList\",\"@id\":\"https:\\\/\\\/www.accent-social.cat\\\/es\\\/jornada-personas-cuidadoras-alzheimer\\\/#breadcrumb\",\"itemListElement\":[{\"@type\":\"ListItem\",\"position\":1,\"name\":\"Inici\",\"item\":\"https:\\\/\\\/www.accent-social.cat\\\/es\\\/\"},{\"@type\":\"ListItem\",\"position\":2,\"name\":\"Jornada para cuidadores de personas con Alzheimer en Matar\u00f3\"}]},{\"@type\":\"WebSite\",\"@id\":\"https:\\\/\\\/www.accent-social.cat\\\/#website\",\"url\":\"https:\\\/\\\/www.accent-social.cat\\\/\",\"name\":\"Accent Social | Serveis d'Atenci\u00f3 Domicili\u00e0ria (SAD) i centres col\u00b7lectius\",\"description\":\"Serveis d&#039;Atenci\u00f3 Domicili\u00e0ria i centres de dia a Barcelona. Gesti\u00f3 de serveis socials i per a la gent gran.\",\"publisher\":{\"@id\":\"https:\\\/\\\/www.accent-social.cat\\\/#organization\"},\"potentialAction\":[{\"@type\":\"SearchAction\",\"target\":{\"@type\":\"EntryPoint\",\"urlTemplate\":\"https:\\\/\\\/www.accent-social.cat\\\/?s={search_term_string}\"},\"query-input\":{\"@type\":\"PropertyValueSpecification\",\"valueRequired\":true,\"valueName\":\"search_term_string\"}}],\"inLanguage\":\"es\"},{\"@type\":\"Organization\",\"@id\":\"https:\\\/\\\/www.accent-social.cat\\\/#organization\",\"name\":\"Accent Social\",\"url\":\"https:\\\/\\\/www.accent-social.cat\\\/\",\"logo\":{\"@type\":\"ImageObject\",\"inLanguage\":\"es\",\"@id\":\"https:\\\/\\\/www.accent-social.cat\\\/#\\\/schema\\\/logo\\\/image\\\/\",\"url\":\"https:\\\/\\\/www.accent-social.cat\\\/wp-content\\\/uploads\\\/2017\\\/09\\\/Logo-Accent-Social.jpg\",\"contentUrl\":\"https:\\\/\\\/www.accent-social.cat\\\/wp-content\\\/uploads\\\/2017\\\/09\\\/Logo-Accent-Social.jpg\",\"width\":512,\"height\":512,\"caption\":\"Accent Social\"},\"image\":{\"@id\":\"https:\\\/\\\/www.accent-social.cat\\\/#\\\/schema\\\/logo\\\/image\\\/\"},\"sameAs\":[\"https:\\\/\\\/www.facebook.com\\\/accentsocial\",\"https:\\\/\\\/x.com\\\/accentsocial_\",\"http:\\\/\\\/www.instagram.com\\\/accentsocial\",\"https:\\\/\\\/www.linkedin.com\\\/company\\\/accent-social\\\/\",\"https:\\\/\\\/www.crunchbase.com\\\/organization\\\/accent-social\",\"https:\\\/\\\/www.hotfrog.es\\\/empresa\\\/barcelona\\\/barcelona\\\/accent-social\",\"https:\\\/\\\/www.youtube.com\\\/channel\\\/UCBRsmX50gP0nPuAb5rPfr2g\"]},{\"@type\":\"Person\",\"@id\":\"https:\\\/\\\/www.accent-social.cat\\\/#\\\/schema\\\/person\\\/e3059313a7a9356d5dcb4adc2ee0396a\",\"name\":\"Accent Social\",\"image\":{\"@type\":\"ImageObject\",\"inLanguage\":\"es\",\"@id\":\"https:\\\/\\\/secure.gravatar.com\\\/avatar\\\/9a4d9b0c2bbfb1ff3da85e7195367fa23cc6b72e60b3092496806038fa837fc5?s=96&d=mm&r=g\",\"url\":\"https:\\\/\\\/secure.gravatar.com\\\/avatar\\\/9a4d9b0c2bbfb1ff3da85e7195367fa23cc6b72e60b3092496806038fa837fc5?s=96&d=mm&r=g\",\"contentUrl\":\"https:\\\/\\\/secure.gravatar.com\\\/avatar\\\/9a4d9b0c2bbfb1ff3da85e7195367fa23cc6b72e60b3092496806038fa837fc5?s=96&d=mm&r=g\",\"caption\":\"Accent Social\"}}]}<\/script>\n<!-- \/ Yoast SEO plugin. -->","yoast_head_json":{"title":"Jornada para cuidadores de personas con Alzheimer en Matar\u00f3 | Accent Social | Serveis d&#039;Atenci\u00f3 Domicili\u00e0ria i centres per gent gran","robots":{"index":"index","follow":"follow","max-snippet":"max-snippet:-1","max-image-preview":"max-image-preview:large","max-video-preview":"max-video-preview:-1"},"canonical":"https:\/\/www.accent-social.cat\/es\/jornada-personas-cuidadoras-alzheimer\/","og_locale":"es_ES","og_type":"article","og_title":"Jornada para cuidadores de personas con Alzheimer en Matar\u00f3 | Accent Social | Serveis d&#039;Atenci\u00f3 Domicili\u00e0ria i centres per gent gran","og_description":"Accent Social y el Ayuntamiento de Matar\u00f3 organizamos una jornada divulgativa destinada a los cuidadores y cuidadoras de personas con Alzheimer.","og_url":"https:\/\/www.accent-social.cat\/es\/jornada-personas-cuidadoras-alzheimer\/","og_site_name":"Accent Social | Serveis d&#039;Atenci\u00f3 Domicili\u00e0ria i centres per gent gran","article_publisher":"https:\/\/www.facebook.com\/accentsocial","article_published_time":"2018-07-04T19:31:58+00:00","article_modified_time":"2018-07-04T19:49:50+00:00","og_image":[{"width":840,"height":400,"url":"https:\/\/www.accent-social.cat\/wp-content\/uploads\/2018\/06\/Jornada-cuidadors-Alzheimer-a-Matar\u00f3-Accent-Social.jpg","type":"image\/jpeg"}],"author":"Accent Social","twitter_card":"summary_large_image","twitter_creator":"@accentsocial_","twitter_site":"@accentsocial_","twitter_misc":{"Escrito por":"Accent Social","Tiempo de lectura":"2 minutos"},"schema":{"@context":"https:\/\/schema.org","@graph":[{"@type":"Article","@id":"https:\/\/www.accent-social.cat\/es\/jornada-personas-cuidadoras-alzheimer\/#article","isPartOf":{"@id":"https:\/\/www.accent-social.cat\/es\/jornada-personas-cuidadoras-alzheimer\/"},"author":{"name":"Accent Social","@id":"https:\/\/www.accent-social.cat\/#\/schema\/person\/e3059313a7a9356d5dcb4adc2ee0396a"},"headline":"Jornada para cuidadores de personas con Alzheimer en Matar\u00f3","datePublished":"2018-07-04T19:31:58+00:00","dateModified":"2018-07-04T19:49:50+00:00","mainEntityOfPage":{"@id":"https:\/\/www.accent-social.cat\/es\/jornada-personas-cuidadoras-alzheimer\/"},"wordCount":463,"publisher":{"@id":"https:\/\/www.accent-social.cat\/#organization"},"image":{"@id":"https:\/\/www.accent-social.cat\/es\/jornada-personas-cuidadoras-alzheimer\/#primaryimage"},"thumbnailUrl":"https:\/\/www.accent-social.cat\/wp-content\/uploads\/2018\/06\/Jornada-cuidadors-Alzheimer-a-Matar\u00f3-Accent-Social.jpg","keywords":["Alzheimer","asistencia domiciliaria","atenci\u00f3n domiciliaria","cuidadoras","cuidados personales","jornada","Matar\u00f3","trabajo social"],"articleSection":["Jornadas"],"inLanguage":"es"},{"@type":"WebPage","@id":"https:\/\/www.accent-social.cat\/es\/jornada-personas-cuidadoras-alzheimer\/","url":"https:\/\/www.accent-social.cat\/es\/jornada-personas-cuidadoras-alzheimer\/","name":"Jornada para cuidadores de personas con Alzheimer en Matar\u00f3 | Accent Social | Serveis d&#039;Atenci\u00f3 Domicili\u00e0ria i centres per gent gran","isPartOf":{"@id":"https:\/\/www.accent-social.cat\/#website"},"primaryImageOfPage":{"@id":"https:\/\/www.accent-social.cat\/es\/jornada-personas-cuidadoras-alzheimer\/#primaryimage"},"image":{"@id":"https:\/\/www.accent-social.cat\/es\/jornada-personas-cuidadoras-alzheimer\/#primaryimage"},"thumbnailUrl":"https:\/\/www.accent-social.cat\/wp-content\/uploads\/2018\/06\/Jornada-cuidadors-Alzheimer-a-Matar\u00f3-Accent-Social.jpg","datePublished":"2018-07-04T19:31:58+00:00","dateModified":"2018-07-04T19:49:50+00:00","breadcrumb":{"@id":"https:\/\/www.accent-social.cat\/es\/jornada-personas-cuidadoras-alzheimer\/#breadcrumb"},"inLanguage":"es","potentialAction":[{"@type":"ReadAction","target":["https:\/\/www.accent-social.cat\/es\/jornada-personas-cuidadoras-alzheimer\/"]}]},{"@type":"ImageObject","inLanguage":"es","@id":"https:\/\/www.accent-social.cat\/es\/jornada-personas-cuidadoras-alzheimer\/#primaryimage","url":"https:\/\/www.accent-social.cat\/wp-content\/uploads\/2018\/06\/Jornada-cuidadors-Alzheimer-a-Matar\u00f3-Accent-Social.jpg","contentUrl":"https:\/\/www.accent-social.cat\/wp-content\/uploads\/2018\/06\/Jornada-cuidadors-Alzheimer-a-Matar\u00f3-Accent-Social.jpg","width":840,"height":400,"caption":"Jornada cuidadors Alzheimer a Matar\u00f3 - Accent Social"},{"@type":"BreadcrumbList","@id":"https:\/\/www.accent-social.cat\/es\/jornada-personas-cuidadoras-alzheimer\/#breadcrumb","itemListElement":[{"@type":"ListItem","position":1,"name":"Inici","item":"https:\/\/www.accent-social.cat\/es\/"},{"@type":"ListItem","position":2,"name":"Jornada para cuidadores de personas con Alzheimer en Matar\u00f3"}]},{"@type":"WebSite","@id":"https:\/\/www.accent-social.cat\/#website","url":"https:\/\/www.accent-social.cat\/","name":"Accent Social | Serveis d'Atenci\u00f3 Domicili\u00e0ria (SAD) i centres col\u00b7lectius","description":"Serveis d&#039;Atenci\u00f3 Domicili\u00e0ria i centres de dia a Barcelona. Gesti\u00f3 de serveis socials i per a la gent gran.","publisher":{"@id":"https:\/\/www.accent-social.cat\/#organization"},"potentialAction":[{"@type":"SearchAction","target":{"@type":"EntryPoint","urlTemplate":"https:\/\/www.accent-social.cat\/?s={search_term_string}"},"query-input":{"@type":"PropertyValueSpecification","valueRequired":true,"valueName":"search_term_string"}}],"inLanguage":"es"},{"@type":"Organization","@id":"https:\/\/www.accent-social.cat\/#organization","name":"Accent Social","url":"https:\/\/www.accent-social.cat\/","logo":{"@type":"ImageObject","inLanguage":"es","@id":"https:\/\/www.accent-social.cat\/#\/schema\/logo\/image\/","url":"https:\/\/www.accent-social.cat\/wp-content\/uploads\/2017\/09\/Logo-Accent-Social.jpg","contentUrl":"https:\/\/www.accent-social.cat\/wp-content\/uploads\/2017\/09\/Logo-Accent-Social.jpg","width":512,"height":512,"caption":"Accent Social"},"image":{"@id":"https:\/\/www.accent-social.cat\/#\/schema\/logo\/image\/"},"sameAs":["https:\/\/www.facebook.com\/accentsocial","https:\/\/x.com\/accentsocial_","http:\/\/www.instagram.com\/accentsocial","https:\/\/www.linkedin.com\/company\/accent-social\/","https:\/\/www.crunchbase.com\/organization\/accent-social","https:\/\/www.hotfrog.es\/empresa\/barcelona\/barcelona\/accent-social","https:\/\/www.youtube.com\/channel\/UCBRsmX50gP0nPuAb5rPfr2g"]},{"@type":"Person","@id":"https:\/\/www.accent-social.cat\/#\/schema\/person\/e3059313a7a9356d5dcb4adc2ee0396a","name":"Accent Social","image":{"@type":"ImageObject","inLanguage":"es","@id":"https:\/\/secure.gravatar.com\/avatar\/9a4d9b0c2bbfb1ff3da85e7195367fa23cc6b72e60b3092496806038fa837fc5?s=96&d=mm&r=g","url":"https:\/\/secure.gravatar.com\/avatar\/9a4d9b0c2bbfb1ff3da85e7195367fa23cc6b72e60b3092496806038fa837fc5?s=96&d=mm&r=g","contentUrl":"https:\/\/secure.gravatar.com\/avatar\/9a4d9b0c2bbfb1ff3da85e7195367fa23cc6b72e60b3092496806038fa837fc5?s=96&d=mm&r=g","caption":"Accent Social"}}]}},"_links":{"self":[{"href":"https:\/\/www.accent-social.cat\/es\/wp-json\/wp\/v2\/posts\/11097","targetHints":{"allow":["GET"]}}],"collection":[{"href":"https:\/\/www.accent-social.cat\/es\/wp-json\/wp\/v2\/posts"}],"about":[{"href":"https:\/\/www.accent-social.cat\/es\/wp-json\/wp\/v2\/types\/post"}],"author":[{"embeddable":true,"href":"https:\/\/www.accent-social.cat\/es\/wp-json\/wp\/v2\/users\/1"}],"replies":[{"embeddable":true,"href":"https:\/\/www.accent-social.cat\/es\/wp-json\/wp\/v2\/comments?post=11097"}],"version-history":[{"count":3,"href":"https:\/\/www.accent-social.cat\/es\/wp-json\/wp\/v2\/posts\/11097\/revisions"}],"predecessor-version":[{"id":11101,"href":"https:\/\/www.accent-social.cat\/es\/wp-json\/wp\/v2\/posts\/11097\/revisions\/11101"}],"wp:featuredmedia":[{"embeddable":true,"href":"https:\/\/www.accent-social.cat\/es\/wp-json\/wp\/v2\/media\/11089"}],"wp:attachment":[{"href":"https:\/\/www.accent-social.cat\/es\/wp-json\/wp\/v2\/media?parent=11097"}],"wp:term":[{"taxonomy":"category","embeddable":true,"href":"https:\/\/www.accent-social.cat\/es\/wp-json\/wp\/v2\/categories?post=11097"},{"taxonomy":"post_tag","embeddable":true,"href":"https:\/\/www.accent-social.cat\/es\/wp-json\/wp\/v2\/tags?post=11097"}],"curies":[{"name":"wp","href":"https:\/\/api.w.org\/{rel}","templated":true}]}}