{"id":11060,"date":"2018-06-20T10:06:06","date_gmt":"2018-06-20T09:06:06","guid":{"rendered":"http:\/\/www.accent-social.cat\/?p=11060"},"modified":"2018-06-20T10:27:27","modified_gmt":"2018-06-20T09:27:27","slug":"buen-trato-cotidiano-gente-mayor-cronica-desde-josep-miracle","status":"publish","type":"post","link":"https:\/\/www.accent-social.cat\/es\/buen-trato-cotidiano-gente-mayor-cronica-desde-josep-miracle\/","title":{"rendered":"El buen trato cotidiano a la gente mayor. Cr\u00f3nica desde el Josep Miracle"},"content":{"rendered":"<p><H3>\u00bfC\u00f3mo fomentar el buen trato diario en la atenci\u00f3n a las personas mayores? Nos lo explica la directora del Equipamiento para Personas Mayores Josep Miracle, en el barrio de Sants de Barcelona.<\/H3><br \/>\nCada d\u00eda, para nosotros, es un d\u00eda especial. Y lo es porque all\u00ed donde trabajo hacemos lo posible para que <strong>las personas mayores se sientan sobre todo personas<\/strong>.<\/p>\n<p>Por eso centramos nuestra mirada en la<strong> individualidad de cada uno<\/strong>. Las personas mayores deben poder mantener su proyecto de vida en movimiento y para que esto ocurra, estamos a su lado d\u00e1ndoles el apoyo y las herramientas necesarias.<\/p>\n<p>Nuestro d\u00eda a d\u00eda siempre es emocionante. \u00bfPor qu\u00e9? Porque hay <strong>vida en movimiento<\/strong>.<\/p>\n<p>&nbsp;<\/p>\n<h2>ANTONIA ES QUIEN DECIDE<\/h2>\n<p>El \u00faltimo viernes de cada mes, a Antonia le gusta ir a su peluquera de toda la vida, en el Pueblo Nuevo. Antonia tiene el derecho a decidir a qu\u00e9 peluquer\u00eda quiere ir, cuando quiere ir y realizar la gesti\u00f3n de su dinero. De modo que nosotros ayudaremos para que todo esto sea posible.<\/p>\n<p>El equipo de trabajo de nuestro Equipamiento trabaja interdisciplinariamente, pensando constantemente en nuevas propuestas de mejora para que las personas que viven all\u00ed sientan y tengan realmente un <strong>papel activo e importante en la sociedad.<\/strong><\/p>\n<p>Por eso tenemos establecida una <strong>red de comunicaci\u00f3n con diferentes entidades<\/strong> del barrio \/ distrito, que nos permite acercar y participar de la vida en el barrio.<\/p>\n<p>A nosotros nos definen los cuidados a las personas mayores hechas con afecto, con una sonrisa, pero muy importante: <strong>siempre sin infantilizar a las personas, huyendo del asistencialismo<\/strong>.<\/p>\n<p>Establecemos v\u00ednculos muy importantes y somos cari\u00f1osos, pero no nos podemos olvidar que las personas mayores son merecedoras de nuestro respeto. No estamos hablando de condescendencia, <strong>hablamos de proximidad y de apoderamiento.<\/strong><\/p>\n<p>&nbsp;<\/p>\n<h2>EL SR. JOSEP NO ES EL PEP <\/h2>\n<p>El Sr. Josep trabajaba en su sastrer\u00eda y sus clientes y vecinos le han llamado siempre Sr. Josep. Aqu\u00ed en el Equipamiento Josep Miracle, \u00e9l sabe que mantendr\u00e1 su identidad y no ser\u00e1 Pepet, ni Pep, simplemente porque \u00e9l no se reconoce como tal. <strong>RECONOCER y VALIDAR dan sentido a lo que hacemos.<\/strong><\/p>\n<p>Somos privilegiados para poder convivir con personas mayores. Ellas han vivido tantas cosas y es tan enriquecedor poder escuchar toda su experiencia.<\/p>\n<p>En las peque\u00f1as cosas como ir a ver \u00abl&#8217;ou com balla\u00bb en un jard\u00edn de infancia. El d\u00eda de antes hemos tenido la oportunidad de escuchar sus vivencias sobre \u00abl&#8217;ou com balla\u00bb de cuando eran m\u00e1s j\u00f3venes. <strong>Historias lejanas en tiempo, pero cercanas en sentimientos. <\/strong><\/p>\n<p>&nbsp;<br \/>\n<H2>EL BUEN TRATO EN EL COTIDIANO<\/h2>\n<p>Para nosotros esto es el buen trato, lo que hacemos a diario. <strong>El buen trato en el cotidiano. <\/strong><\/p>\n<p>Ver que las personas te conocen y te buscan porque tienen inquietudes y objetivos vitales y que conf\u00edan en ti, dando sentido a toda tu trabajo.<\/p>\n<p>Esperamos que cada d\u00eda sea diferente y sorprendente, ya que nosotros procuraremos mejorar e innovar para seguir dando una atenci\u00f3n de calidad centrada en la persona, para que cada una se sienta \u00fanica, especial e importante.<\/p>\n<p>&nbsp;<\/p>\n<p><strong><em>Claudia Martins<\/em><\/strong><\/p>\n<p><strong>Directora del Equipamiento Josep Miracle<\/strong><\/p>\n<p><strong>Distrito de Sants &#8211; Montju\u00efc, Barcelona<\/strong><\/p>\n","protected":false},"excerpt":{"rendered":"<p>\u00bfC\u00f3mo fomentar el buen trato diario en la atenci\u00f3n a las personas mayores? Nos lo explica la directora del Equipamiento para Personas Mayores Josep Miracle, en el barrio de Sants de Barcelona.<\/p>\n","protected":false},"author":1,"featured_media":11074,"comment_status":"closed","ping_status":"open","sticky":false,"template":"","format":"standard","meta":{"footnotes":""},"categories":[234],"tags":[279,220,221],"class_list":["post-11060","post","type-post","status-publish","format-standard","has-post-thumbnail","hentry","category-jornadas","tag-accent-social-es","tag-gent-gran-es","tag-josep-miracle-es"],"yoast_head":"<!-- This site is optimized with the Yoast SEO plugin v27.5 - https:\/\/yoast.com\/product\/yoast-seo-wordpress\/ -->\n<title>El buen trato cotidiano a la gente mayor. Cr\u00f3nica desde el Josep Miracle | Accent Social | Serveis d&#039;Atenci\u00f3 Domicili\u00e0ria i centres per gent gran<\/title>\n<meta name=\"description\" content=\"\u00bfC\u00f3mo fomentar el buen trato diario en la atenci\u00f3n a las personas mayores? Nos lo explica la directora del Equipamiento para Personas Mayores Josep Miracle.\" \/>\n<meta name=\"robots\" content=\"index, follow, max-snippet:-1, max-image-preview:large, max-video-preview:-1\" \/>\n<link rel=\"canonical\" href=\"https:\/\/www.accent-social.cat\/es\/buen-trato-cotidiano-gente-mayor-cronica-desde-josep-miracle\/\" \/>\n<meta property=\"og:locale\" content=\"es_ES\" \/>\n<meta property=\"og:type\" content=\"article\" \/>\n<meta property=\"og:title\" content=\"El buen trato cotidiano a la gente mayor. Cr\u00f3nica desde el Josep Miracle | Accent Social | Serveis d&#039;Atenci\u00f3 Domicili\u00e0ria i centres per gent gran\" \/>\n<meta property=\"og:description\" content=\"\u00bfC\u00f3mo fomentar el buen trato diario en la atenci\u00f3n a las personas mayores? Nos lo explica la directora del Equipamiento para Personas Mayores Josep Miracle.\" \/>\n<meta property=\"og:url\" content=\"https:\/\/www.accent-social.cat\/es\/buen-trato-cotidiano-gente-mayor-cronica-desde-josep-miracle\/\" \/>\n<meta property=\"og:site_name\" content=\"Accent Social | Serveis d&#039;Atenci\u00f3 Domicili\u00e0ria i centres per gent gran\" \/>\n<meta property=\"article:publisher\" content=\"https:\/\/www.facebook.com\/accentsocial\" \/>\n<meta property=\"article:published_time\" content=\"2018-06-20T09:06:06+00:00\" \/>\n<meta property=\"article:modified_time\" content=\"2018-06-20T09:27:27+00:00\" \/>\n<meta property=\"og:image\" content=\"https:\/\/www.accent-social.cat\/wp-content\/uploads\/2018\/06\/Bon-tracte-a-la-Gent-Gran-Accent-Social-Equipament-Josep-Miracle.jpeg\" \/>\n\t<meta property=\"og:image:width\" content=\"840\" \/>\n\t<meta property=\"og:image:height\" content=\"400\" \/>\n\t<meta property=\"og:image:type\" content=\"image\/jpeg\" \/>\n<meta name=\"author\" content=\"Accent Social\" \/>\n<meta name=\"twitter:card\" content=\"summary_large_image\" \/>\n<meta name=\"twitter:creator\" content=\"@accentsocial_\" \/>\n<meta name=\"twitter:site\" content=\"@accentsocial_\" \/>\n<meta name=\"twitter:label1\" content=\"Escrito por\" \/>\n\t<meta name=\"twitter:data1\" content=\"Accent Social\" \/>\n\t<meta name=\"twitter:label2\" content=\"Tiempo de lectura\" \/>\n\t<meta name=\"twitter:data2\" content=\"3 minutos\" \/>\n<script type=\"application\/ld+json\" class=\"yoast-schema-graph\">{\"@context\":\"https:\\\/\\\/schema.org\",\"@graph\":[{\"@type\":\"Article\",\"@id\":\"https:\\\/\\\/www.accent-social.cat\\\/es\\\/buen-trato-cotidiano-gente-mayor-cronica-desde-josep-miracle\\\/#article\",\"isPartOf\":{\"@id\":\"https:\\\/\\\/www.accent-social.cat\\\/es\\\/buen-trato-cotidiano-gente-mayor-cronica-desde-josep-miracle\\\/\"},\"author\":{\"name\":\"Accent Social\",\"@id\":\"https:\\\/\\\/www.accent-social.cat\\\/#\\\/schema\\\/person\\\/e3059313a7a9356d5dcb4adc2ee0396a\"},\"headline\":\"El buen trato cotidiano a la gente mayor. Cr\u00f3nica desde el Josep Miracle\",\"datePublished\":\"2018-06-20T09:06:06+00:00\",\"dateModified\":\"2018-06-20T09:27:27+00:00\",\"mainEntityOfPage\":{\"@id\":\"https:\\\/\\\/www.accent-social.cat\\\/es\\\/buen-trato-cotidiano-gente-mayor-cronica-desde-josep-miracle\\\/\"},\"wordCount\":560,\"publisher\":{\"@id\":\"https:\\\/\\\/www.accent-social.cat\\\/#organization\"},\"image\":{\"@id\":\"https:\\\/\\\/www.accent-social.cat\\\/es\\\/buen-trato-cotidiano-gente-mayor-cronica-desde-josep-miracle\\\/#primaryimage\"},\"thumbnailUrl\":\"https:\\\/\\\/www.accent-social.cat\\\/wp-content\\\/uploads\\\/2018\\\/06\\\/Bon-tracte-a-la-Gent-Gran-Accent-Social-Equipament-Josep-Miracle.jpeg\",\"keywords\":[\"Accent Social\",\"gent gran\",\"Josep Miracle\"],\"articleSection\":[\"Jornadas\"],\"inLanguage\":\"es\"},{\"@type\":\"WebPage\",\"@id\":\"https:\\\/\\\/www.accent-social.cat\\\/es\\\/buen-trato-cotidiano-gente-mayor-cronica-desde-josep-miracle\\\/\",\"url\":\"https:\\\/\\\/www.accent-social.cat\\\/es\\\/buen-trato-cotidiano-gente-mayor-cronica-desde-josep-miracle\\\/\",\"name\":\"El buen trato cotidiano a la gente mayor. Cr\u00f3nica desde el Josep Miracle | Accent Social | Serveis d&#039;Atenci\u00f3 Domicili\u00e0ria i centres per gent gran\",\"isPartOf\":{\"@id\":\"https:\\\/\\\/www.accent-social.cat\\\/#website\"},\"primaryImageOfPage\":{\"@id\":\"https:\\\/\\\/www.accent-social.cat\\\/es\\\/buen-trato-cotidiano-gente-mayor-cronica-desde-josep-miracle\\\/#primaryimage\"},\"image\":{\"@id\":\"https:\\\/\\\/www.accent-social.cat\\\/es\\\/buen-trato-cotidiano-gente-mayor-cronica-desde-josep-miracle\\\/#primaryimage\"},\"thumbnailUrl\":\"https:\\\/\\\/www.accent-social.cat\\\/wp-content\\\/uploads\\\/2018\\\/06\\\/Bon-tracte-a-la-Gent-Gran-Accent-Social-Equipament-Josep-Miracle.jpeg\",\"datePublished\":\"2018-06-20T09:06:06+00:00\",\"dateModified\":\"2018-06-20T09:27:27+00:00\",\"description\":\"\u00bfC\u00f3mo fomentar el buen trato diario en la atenci\u00f3n a las personas mayores? Nos lo explica la directora del Equipamiento para Personas Mayores Josep Miracle.\",\"breadcrumb\":{\"@id\":\"https:\\\/\\\/www.accent-social.cat\\\/es\\\/buen-trato-cotidiano-gente-mayor-cronica-desde-josep-miracle\\\/#breadcrumb\"},\"inLanguage\":\"es\",\"potentialAction\":[{\"@type\":\"ReadAction\",\"target\":[\"https:\\\/\\\/www.accent-social.cat\\\/es\\\/buen-trato-cotidiano-gente-mayor-cronica-desde-josep-miracle\\\/\"]}]},{\"@type\":\"ImageObject\",\"inLanguage\":\"es\",\"@id\":\"https:\\\/\\\/www.accent-social.cat\\\/es\\\/buen-trato-cotidiano-gente-mayor-cronica-desde-josep-miracle\\\/#primaryimage\",\"url\":\"https:\\\/\\\/www.accent-social.cat\\\/wp-content\\\/uploads\\\/2018\\\/06\\\/Bon-tracte-a-la-Gent-Gran-Accent-Social-Equipament-Josep-Miracle.jpeg\",\"contentUrl\":\"https:\\\/\\\/www.accent-social.cat\\\/wp-content\\\/uploads\\\/2018\\\/06\\\/Bon-tracte-a-la-Gent-Gran-Accent-Social-Equipament-Josep-Miracle.jpeg\",\"width\":840,\"height\":400,\"caption\":\"Bon tracte a la Gent Gran - Accent Social Equipament Josep Miracle\"},{\"@type\":\"BreadcrumbList\",\"@id\":\"https:\\\/\\\/www.accent-social.cat\\\/es\\\/buen-trato-cotidiano-gente-mayor-cronica-desde-josep-miracle\\\/#breadcrumb\",\"itemListElement\":[{\"@type\":\"ListItem\",\"position\":1,\"name\":\"Inici\",\"item\":\"https:\\\/\\\/www.accent-social.cat\\\/es\\\/\"},{\"@type\":\"ListItem\",\"position\":2,\"name\":\"El buen trato cotidiano a la gente mayor. Cr\u00f3nica desde el Josep Miracle\"}]},{\"@type\":\"WebSite\",\"@id\":\"https:\\\/\\\/www.accent-social.cat\\\/#website\",\"url\":\"https:\\\/\\\/www.accent-social.cat\\\/\",\"name\":\"Accent Social | Serveis d'Atenci\u00f3 Domicili\u00e0ria (SAD) i centres col\u00b7lectius\",\"description\":\"Serveis d&#039;Atenci\u00f3 Domicili\u00e0ria i centres de dia a Barcelona. Gesti\u00f3 de serveis socials i per a la gent gran.\",\"publisher\":{\"@id\":\"https:\\\/\\\/www.accent-social.cat\\\/#organization\"},\"potentialAction\":[{\"@type\":\"SearchAction\",\"target\":{\"@type\":\"EntryPoint\",\"urlTemplate\":\"https:\\\/\\\/www.accent-social.cat\\\/?s={search_term_string}\"},\"query-input\":{\"@type\":\"PropertyValueSpecification\",\"valueRequired\":true,\"valueName\":\"search_term_string\"}}],\"inLanguage\":\"es\"},{\"@type\":\"Organization\",\"@id\":\"https:\\\/\\\/www.accent-social.cat\\\/#organization\",\"name\":\"Accent Social\",\"url\":\"https:\\\/\\\/www.accent-social.cat\\\/\",\"logo\":{\"@type\":\"ImageObject\",\"inLanguage\":\"es\",\"@id\":\"https:\\\/\\\/www.accent-social.cat\\\/#\\\/schema\\\/logo\\\/image\\\/\",\"url\":\"https:\\\/\\\/www.accent-social.cat\\\/wp-content\\\/uploads\\\/2017\\\/09\\\/Logo-Accent-Social.jpg\",\"contentUrl\":\"https:\\\/\\\/www.accent-social.cat\\\/wp-content\\\/uploads\\\/2017\\\/09\\\/Logo-Accent-Social.jpg\",\"width\":512,\"height\":512,\"caption\":\"Accent Social\"},\"image\":{\"@id\":\"https:\\\/\\\/www.accent-social.cat\\\/#\\\/schema\\\/logo\\\/image\\\/\"},\"sameAs\":[\"https:\\\/\\\/www.facebook.com\\\/accentsocial\",\"https:\\\/\\\/x.com\\\/accentsocial_\",\"http:\\\/\\\/www.instagram.com\\\/accentsocial\",\"https:\\\/\\\/www.linkedin.com\\\/company\\\/accent-social\\\/\",\"https:\\\/\\\/www.crunchbase.com\\\/organization\\\/accent-social\",\"https:\\\/\\\/www.hotfrog.es\\\/empresa\\\/barcelona\\\/barcelona\\\/accent-social\",\"https:\\\/\\\/www.youtube.com\\\/channel\\\/UCBRsmX50gP0nPuAb5rPfr2g\"]},{\"@type\":\"Person\",\"@id\":\"https:\\\/\\\/www.accent-social.cat\\\/#\\\/schema\\\/person\\\/e3059313a7a9356d5dcb4adc2ee0396a\",\"name\":\"Accent Social\",\"image\":{\"@type\":\"ImageObject\",\"inLanguage\":\"es\",\"@id\":\"https:\\\/\\\/secure.gravatar.com\\\/avatar\\\/9a4d9b0c2bbfb1ff3da85e7195367fa23cc6b72e60b3092496806038fa837fc5?s=96&d=mm&r=g\",\"url\":\"https:\\\/\\\/secure.gravatar.com\\\/avatar\\\/9a4d9b0c2bbfb1ff3da85e7195367fa23cc6b72e60b3092496806038fa837fc5?s=96&d=mm&r=g\",\"contentUrl\":\"https:\\\/\\\/secure.gravatar.com\\\/avatar\\\/9a4d9b0c2bbfb1ff3da85e7195367fa23cc6b72e60b3092496806038fa837fc5?s=96&d=mm&r=g\",\"caption\":\"Accent Social\"}}]}<\/script>\n<!-- \/ Yoast SEO plugin. -->","yoast_head_json":{"title":"El buen trato cotidiano a la gente mayor. Cr\u00f3nica desde el Josep Miracle | Accent Social | Serveis d&#039;Atenci\u00f3 Domicili\u00e0ria i centres per gent gran","description":"\u00bfC\u00f3mo fomentar el buen trato diario en la atenci\u00f3n a las personas mayores? Nos lo explica la directora del Equipamiento para Personas Mayores Josep Miracle.","robots":{"index":"index","follow":"follow","max-snippet":"max-snippet:-1","max-image-preview":"max-image-preview:large","max-video-preview":"max-video-preview:-1"},"canonical":"https:\/\/www.accent-social.cat\/es\/buen-trato-cotidiano-gente-mayor-cronica-desde-josep-miracle\/","og_locale":"es_ES","og_type":"article","og_title":"El buen trato cotidiano a la gente mayor. Cr\u00f3nica desde el Josep Miracle | Accent Social | Serveis d&#039;Atenci\u00f3 Domicili\u00e0ria i centres per gent gran","og_description":"\u00bfC\u00f3mo fomentar el buen trato diario en la atenci\u00f3n a las personas mayores? Nos lo explica la directora del Equipamiento para Personas Mayores Josep Miracle.","og_url":"https:\/\/www.accent-social.cat\/es\/buen-trato-cotidiano-gente-mayor-cronica-desde-josep-miracle\/","og_site_name":"Accent Social | Serveis d&#039;Atenci\u00f3 Domicili\u00e0ria i centres per gent gran","article_publisher":"https:\/\/www.facebook.com\/accentsocial","article_published_time":"2018-06-20T09:06:06+00:00","article_modified_time":"2018-06-20T09:27:27+00:00","og_image":[{"width":840,"height":400,"url":"https:\/\/www.accent-social.cat\/wp-content\/uploads\/2018\/06\/Bon-tracte-a-la-Gent-Gran-Accent-Social-Equipament-Josep-Miracle.jpeg","type":"image\/jpeg"}],"author":"Accent Social","twitter_card":"summary_large_image","twitter_creator":"@accentsocial_","twitter_site":"@accentsocial_","twitter_misc":{"Escrito por":"Accent Social","Tiempo de lectura":"3 minutos"},"schema":{"@context":"https:\/\/schema.org","@graph":[{"@type":"Article","@id":"https:\/\/www.accent-social.cat\/es\/buen-trato-cotidiano-gente-mayor-cronica-desde-josep-miracle\/#article","isPartOf":{"@id":"https:\/\/www.accent-social.cat\/es\/buen-trato-cotidiano-gente-mayor-cronica-desde-josep-miracle\/"},"author":{"name":"Accent Social","@id":"https:\/\/www.accent-social.cat\/#\/schema\/person\/e3059313a7a9356d5dcb4adc2ee0396a"},"headline":"El buen trato cotidiano a la gente mayor. Cr\u00f3nica desde el Josep Miracle","datePublished":"2018-06-20T09:06:06+00:00","dateModified":"2018-06-20T09:27:27+00:00","mainEntityOfPage":{"@id":"https:\/\/www.accent-social.cat\/es\/buen-trato-cotidiano-gente-mayor-cronica-desde-josep-miracle\/"},"wordCount":560,"publisher":{"@id":"https:\/\/www.accent-social.cat\/#organization"},"image":{"@id":"https:\/\/www.accent-social.cat\/es\/buen-trato-cotidiano-gente-mayor-cronica-desde-josep-miracle\/#primaryimage"},"thumbnailUrl":"https:\/\/www.accent-social.cat\/wp-content\/uploads\/2018\/06\/Bon-tracte-a-la-Gent-Gran-Accent-Social-Equipament-Josep-Miracle.jpeg","keywords":["Accent Social","gent gran","Josep Miracle"],"articleSection":["Jornadas"],"inLanguage":"es"},{"@type":"WebPage","@id":"https:\/\/www.accent-social.cat\/es\/buen-trato-cotidiano-gente-mayor-cronica-desde-josep-miracle\/","url":"https:\/\/www.accent-social.cat\/es\/buen-trato-cotidiano-gente-mayor-cronica-desde-josep-miracle\/","name":"El buen trato cotidiano a la gente mayor. Cr\u00f3nica desde el Josep Miracle | Accent Social | Serveis d&#039;Atenci\u00f3 Domicili\u00e0ria i centres per gent gran","isPartOf":{"@id":"https:\/\/www.accent-social.cat\/#website"},"primaryImageOfPage":{"@id":"https:\/\/www.accent-social.cat\/es\/buen-trato-cotidiano-gente-mayor-cronica-desde-josep-miracle\/#primaryimage"},"image":{"@id":"https:\/\/www.accent-social.cat\/es\/buen-trato-cotidiano-gente-mayor-cronica-desde-josep-miracle\/#primaryimage"},"thumbnailUrl":"https:\/\/www.accent-social.cat\/wp-content\/uploads\/2018\/06\/Bon-tracte-a-la-Gent-Gran-Accent-Social-Equipament-Josep-Miracle.jpeg","datePublished":"2018-06-20T09:06:06+00:00","dateModified":"2018-06-20T09:27:27+00:00","description":"\u00bfC\u00f3mo fomentar el buen trato diario en la atenci\u00f3n a las personas mayores? Nos lo explica la directora del Equipamiento para Personas Mayores Josep Miracle.","breadcrumb":{"@id":"https:\/\/www.accent-social.cat\/es\/buen-trato-cotidiano-gente-mayor-cronica-desde-josep-miracle\/#breadcrumb"},"inLanguage":"es","potentialAction":[{"@type":"ReadAction","target":["https:\/\/www.accent-social.cat\/es\/buen-trato-cotidiano-gente-mayor-cronica-desde-josep-miracle\/"]}]},{"@type":"ImageObject","inLanguage":"es","@id":"https:\/\/www.accent-social.cat\/es\/buen-trato-cotidiano-gente-mayor-cronica-desde-josep-miracle\/#primaryimage","url":"https:\/\/www.accent-social.cat\/wp-content\/uploads\/2018\/06\/Bon-tracte-a-la-Gent-Gran-Accent-Social-Equipament-Josep-Miracle.jpeg","contentUrl":"https:\/\/www.accent-social.cat\/wp-content\/uploads\/2018\/06\/Bon-tracte-a-la-Gent-Gran-Accent-Social-Equipament-Josep-Miracle.jpeg","width":840,"height":400,"caption":"Bon tracte a la Gent Gran - Accent Social Equipament Josep Miracle"},{"@type":"BreadcrumbList","@id":"https:\/\/www.accent-social.cat\/es\/buen-trato-cotidiano-gente-mayor-cronica-desde-josep-miracle\/#breadcrumb","itemListElement":[{"@type":"ListItem","position":1,"name":"Inici","item":"https:\/\/www.accent-social.cat\/es\/"},{"@type":"ListItem","position":2,"name":"El buen trato cotidiano a la gente mayor. Cr\u00f3nica desde el Josep Miracle"}]},{"@type":"WebSite","@id":"https:\/\/www.accent-social.cat\/#website","url":"https:\/\/www.accent-social.cat\/","name":"Accent Social | Serveis d'Atenci\u00f3 Domicili\u00e0ria (SAD) i centres col\u00b7lectius","description":"Serveis d&#039;Atenci\u00f3 Domicili\u00e0ria i centres de dia a Barcelona. Gesti\u00f3 de serveis socials i per a la gent gran.","publisher":{"@id":"https:\/\/www.accent-social.cat\/#organization"},"potentialAction":[{"@type":"SearchAction","target":{"@type":"EntryPoint","urlTemplate":"https:\/\/www.accent-social.cat\/?s={search_term_string}"},"query-input":{"@type":"PropertyValueSpecification","valueRequired":true,"valueName":"search_term_string"}}],"inLanguage":"es"},{"@type":"Organization","@id":"https:\/\/www.accent-social.cat\/#organization","name":"Accent Social","url":"https:\/\/www.accent-social.cat\/","logo":{"@type":"ImageObject","inLanguage":"es","@id":"https:\/\/www.accent-social.cat\/#\/schema\/logo\/image\/","url":"https:\/\/www.accent-social.cat\/wp-content\/uploads\/2017\/09\/Logo-Accent-Social.jpg","contentUrl":"https:\/\/www.accent-social.cat\/wp-content\/uploads\/2017\/09\/Logo-Accent-Social.jpg","width":512,"height":512,"caption":"Accent Social"},"image":{"@id":"https:\/\/www.accent-social.cat\/#\/schema\/logo\/image\/"},"sameAs":["https:\/\/www.facebook.com\/accentsocial","https:\/\/x.com\/accentsocial_","http:\/\/www.instagram.com\/accentsocial","https:\/\/www.linkedin.com\/company\/accent-social\/","https:\/\/www.crunchbase.com\/organization\/accent-social","https:\/\/www.hotfrog.es\/empresa\/barcelona\/barcelona\/accent-social","https:\/\/www.youtube.com\/channel\/UCBRsmX50gP0nPuAb5rPfr2g"]},{"@type":"Person","@id":"https:\/\/www.accent-social.cat\/#\/schema\/person\/e3059313a7a9356d5dcb4adc2ee0396a","name":"Accent Social","image":{"@type":"ImageObject","inLanguage":"es","@id":"https:\/\/secure.gravatar.com\/avatar\/9a4d9b0c2bbfb1ff3da85e7195367fa23cc6b72e60b3092496806038fa837fc5?s=96&d=mm&r=g","url":"https:\/\/secure.gravatar.com\/avatar\/9a4d9b0c2bbfb1ff3da85e7195367fa23cc6b72e60b3092496806038fa837fc5?s=96&d=mm&r=g","contentUrl":"https:\/\/secure.gravatar.com\/avatar\/9a4d9b0c2bbfb1ff3da85e7195367fa23cc6b72e60b3092496806038fa837fc5?s=96&d=mm&r=g","caption":"Accent Social"}}]}},"_links":{"self":[{"href":"https:\/\/www.accent-social.cat\/es\/wp-json\/wp\/v2\/posts\/11060","targetHints":{"allow":["GET"]}}],"collection":[{"href":"https:\/\/www.accent-social.cat\/es\/wp-json\/wp\/v2\/posts"}],"about":[{"href":"https:\/\/www.accent-social.cat\/es\/wp-json\/wp\/v2\/types\/post"}],"author":[{"embeddable":true,"href":"https:\/\/www.accent-social.cat\/es\/wp-json\/wp\/v2\/users\/1"}],"replies":[{"embeddable":true,"href":"https:\/\/www.accent-social.cat\/es\/wp-json\/wp\/v2\/comments?post=11060"}],"version-history":[{"count":5,"href":"https:\/\/www.accent-social.cat\/es\/wp-json\/wp\/v2\/posts\/11060\/revisions"}],"predecessor-version":[{"id":11078,"href":"https:\/\/www.accent-social.cat\/es\/wp-json\/wp\/v2\/posts\/11060\/revisions\/11078"}],"wp:featuredmedia":[{"embeddable":true,"href":"https:\/\/www.accent-social.cat\/es\/wp-json\/wp\/v2\/media\/11074"}],"wp:attachment":[{"href":"https:\/\/www.accent-social.cat\/es\/wp-json\/wp\/v2\/media?parent=11060"}],"wp:term":[{"taxonomy":"category","embeddable":true,"href":"https:\/\/www.accent-social.cat\/es\/wp-json\/wp\/v2\/categories?post=11060"},{"taxonomy":"post_tag","embeddable":true,"href":"https:\/\/www.accent-social.cat\/es\/wp-json\/wp\/v2\/tags?post=11060"}],"curies":[{"name":"wp","href":"https:\/\/api.w.org\/{rel}","templated":true}]}}