{"id":10929,"date":"2017-11-27T11:33:41","date_gmt":"2017-11-27T10:33:41","guid":{"rendered":"http:\/\/www.accent-social.cat\/?p=10929"},"modified":"2021-05-08T00:43:55","modified_gmt":"2021-05-07T23:43:55","slug":"formacion-sobre-maicp-modelo-atencion-integral-centrada-persona","status":"publish","type":"post","link":"https:\/\/www.accent-social.cat\/es\/formacion-sobre-maicp-modelo-atencion-integral-centrada-persona\/","title":{"rendered":"Formaci\u00f3n sobre MAICP: Modelo de Atenci\u00f3n Integral Centrada en la Persona"},"content":{"rendered":"<p>Barber\u00e1 del Vall\u00e9s reuni\u00f3 unos 40 profesionales de los servicios sociales y SAD en una formaci\u00f3n sobre el <strong>Modelo de Atenci\u00f3n Integral y Centrada en la Persona (MAICP)<\/strong>.<\/p>\n<p>Este m\u00e9todo toma como principio el respeto por la <strong>individualidad de las personas atendidas<\/strong> y el acompa\u00f1amiento para que reafirmen su <strong>autoestima, dignidad y complicidad<\/strong> para ser activas en el proceso de su plan de cuidados.<\/p>\n<p>El MAICP, por tanto, sit\u00faa a la <strong>persona en el centro de la metodolog\u00eda<\/strong> y la ayuda a ser consciente de que su calidad de vida puede mejorar si contribuye activamente.<\/p>\n<p><a href=\"https:\/\/www.accent-social.cat\/es\/\"><strong> Accent Social<\/strong><\/a>, que gestiona el Servicio de Ayuda Domiciliaria en Barber\u00e1 del Vall\u00e9s desde el a\u00f1o 2013, atiende a unas 350 personas siguiendo el <strong>Modelo de Atenci\u00f3n Integral y Centrada en la Persona.<\/strong> Se destina una plantilla formada por unas 45 personas.<\/p>\n<p>En palabras de <strong>Fernando Ferris<\/strong>, jefe de servicio de Accent Social de la atenci\u00f3n domiciliaria para el <a href=\"http:\/\/www.bdv.cat\/\"><strong>Ayuntamiento de Barber\u00e1 del Vall\u00e9s<\/strong><\/a>: <em>\u00abEntendemos la dignidad como un derecho inherente a la persona, que debe ser protegido mediante el empoderamiento y el reconocimiento de su independencia y autonom\u00eda<\/em>\u00ab.<\/p>\n<p>&nbsp;<\/p>\n<h3>FORMACI\u00d3N ESPEC\u00cdFICA SOBRE EL MAICP<\/h3>\n<p>La jornada de formaci\u00f3n tuvo lugar el 16 de noviembre, a cargo de <strong>Ana Garc\u00eda Mendoza<\/strong>, licenciada en Psicolog\u00eda y Trabajo Social Comunitario por la Universidad Complutense de Madrid.<\/p>\n<p>La metodolog\u00eda MAICP es promovida por la <a href=\"http:\/\/www.fundacionpilares.org\/\"><strong>Fundaci\u00f3n Pilares para la Autonom\u00eda Personal,<\/strong><\/a> de la que es T\u00e9cnica de Proyectos la ponente.<\/p>\n<p>La filosof\u00eda en la que radica este m\u00e9todo est\u00e1 fuertemente ligada a la visi\u00f3n de la <strong>Fundaci\u00f3n Pilares<\/strong>, que fomenta la autonom\u00eda personal, la participaci\u00f3n social, el ejercicio de derechos, la calidad de la atenci\u00f3n y la calidad de vida de personas en situaciones sociales desfavorecidas.<\/p>\n<p>&nbsp;<\/p>\n<p><a href=\"https:\/\/www.accent-social.cat\/wp-content\/uploads\/2017\/11\/M\u00e8tode-Atenci\u00f3-Centrada-en-la-Persona-Fundaci\u00f3-Pilares-i-Accent-Social.jpg\"><img loading=\"lazy\" decoding=\"async\" class=\"size-full wp-image-10901 aligncenter\" src=\"https:\/\/www.accent-social.cat\/wp-content\/uploads\/2017\/11\/M\u00e8tode-Atenci\u00f3-Centrada-en-la-Persona-Fundaci\u00f3-Pilares-i-Accent-Social.jpg\" alt=\"M\u00e8tode Atenci\u00f3 Centrada en la Persona - Fundaci\u00f3 Pilares i Accent Social\" width=\"840\" height=\"399\" srcset=\"https:\/\/www.accent-social.cat\/wp-content\/uploads\/2017\/11\/M\u00e8tode-Atenci\u00f3-Centrada-en-la-Persona-Fundaci\u00f3-Pilares-i-Accent-Social.jpg 840w, https:\/\/www.accent-social.cat\/wp-content\/uploads\/2017\/11\/M\u00e8tode-Atenci\u00f3-Centrada-en-la-Persona-Fundaci\u00f3-Pilares-i-Accent-Social-300x143.jpg 300w, https:\/\/www.accent-social.cat\/wp-content\/uploads\/2017\/11\/M\u00e8tode-Atenci\u00f3-Centrada-en-la-Persona-Fundaci\u00f3-Pilares-i-Accent-Social-768x365.jpg 768w, https:\/\/www.accent-social.cat\/wp-content\/uploads\/2017\/11\/M\u00e8tode-Atenci\u00f3-Centrada-en-la-Persona-Fundaci\u00f3-Pilares-i-Accent-Social-260x124.jpg 260w, https:\/\/www.accent-social.cat\/wp-content\/uploads\/2017\/11\/M\u00e8tode-Atenci\u00f3-Centrada-en-la-Persona-Fundaci\u00f3-Pilares-i-Accent-Social-50x24.jpg 50w, https:\/\/www.accent-social.cat\/wp-content\/uploads\/2017\/11\/M\u00e8tode-Atenci\u00f3-Centrada-en-la-Persona-Fundaci\u00f3-Pilares-i-Accent-Social-150x71.jpg 150w\" sizes=\"auto, (max-width:767px) 480px, (max-width:840px) 100vw, 840px\" \/><\/a><\/p>\n","protected":false},"excerpt":{"rendered":"<p>Barber\u00e1 del Vall\u00e9s reune a 40 profesionales de servicios sociales y SAD en una formaci\u00f3n sobre el Modelo de Atenci\u00f3n Integral y Centrada en la Persona MAICP<\/p>\n","protected":false},"author":1,"featured_media":10902,"comment_status":"closed","ping_status":"open","sticky":false,"template":"","format":"standard","meta":{"footnotes":""},"categories":[234],"tags":[217,280,220,283],"class_list":["post-10929","post","type-post","status-publish","format-standard","has-post-thumbnail","hentry","category-jornadas","tag-atencio-integral-centrada-en-la-persona-es","tag-barbera-del-valles-es","tag-gent-gran-es","tag-maicp-es"],"yoast_head":"<!-- This site is optimized with the Yoast SEO plugin v27.5 - https:\/\/yoast.com\/product\/yoast-seo-wordpress\/ -->\n<title>Formaci\u00f3n sobre MAICP: Modelo de Atenci\u00f3n Integral Centrada en la Persona | Accent Social | Serveis d&#039;Atenci\u00f3 Domicili\u00e0ria i centres per gent gran<\/title>\n<meta name=\"description\" content=\"Barber\u00e1 del Vall\u00e9s reune a 40 profesionales de servicios sociales y SAD en una formaci\u00f3n sobre el Modelo de Atenci\u00f3n Integral y Centrada en la Persona MAICP\" \/>\n<meta name=\"robots\" content=\"index, follow, max-snippet:-1, max-image-preview:large, max-video-preview:-1\" \/>\n<link rel=\"canonical\" href=\"https:\/\/www.accent-social.cat\/es\/formacion-sobre-maicp-modelo-atencion-integral-centrada-persona\/\" \/>\n<meta property=\"og:locale\" content=\"es_ES\" \/>\n<meta property=\"og:type\" content=\"article\" \/>\n<meta property=\"og:title\" content=\"Formaci\u00f3n sobre MAICP: Modelo de Atenci\u00f3n Integral Centrada en la Persona | Accent Social | Serveis d&#039;Atenci\u00f3 Domicili\u00e0ria i centres per gent gran\" \/>\n<meta property=\"og:description\" content=\"Barber\u00e1 del Vall\u00e9s reune a 40 profesionales de servicios sociales y SAD en una formaci\u00f3n sobre el Modelo de Atenci\u00f3n Integral y Centrada en la Persona MAICP\" \/>\n<meta property=\"og:url\" content=\"https:\/\/www.accent-social.cat\/es\/formacion-sobre-maicp-modelo-atencion-integral-centrada-persona\/\" \/>\n<meta property=\"og:site_name\" content=\"Accent Social | Serveis d&#039;Atenci\u00f3 Domicili\u00e0ria i centres per gent gran\" \/>\n<meta property=\"article:publisher\" content=\"https:\/\/www.facebook.com\/accentsocial\" \/>\n<meta property=\"article:published_time\" content=\"2017-11-27T10:33:41+00:00\" \/>\n<meta property=\"article:modified_time\" content=\"2021-05-07T23:43:55+00:00\" \/>\n<meta property=\"og:image\" content=\"https:\/\/www.accent-social.cat\/wp-content\/uploads\/2017\/11\/Metodologia-MAICP-Atenci\u00f3-Centrada-en-la-Persona-Fundaci\u00f3-Pilares-i-Accent-Social.jpg\" \/>\n\t<meta property=\"og:image:width\" content=\"840\" \/>\n\t<meta property=\"og:image:height\" content=\"400\" \/>\n\t<meta property=\"og:image:type\" content=\"image\/jpeg\" \/>\n<meta name=\"author\" content=\"Accent Social\" \/>\n<meta name=\"twitter:card\" content=\"summary_large_image\" \/>\n<meta name=\"twitter:creator\" content=\"@accentsocial_\" \/>\n<meta name=\"twitter:site\" content=\"@accentsocial_\" \/>\n<meta name=\"twitter:label1\" content=\"Escrito por\" \/>\n\t<meta name=\"twitter:data1\" content=\"Accent Social\" \/>\n\t<meta name=\"twitter:label2\" content=\"Tiempo de lectura\" \/>\n\t<meta name=\"twitter:data2\" content=\"2 minutos\" \/>\n<script type=\"application\/ld+json\" class=\"yoast-schema-graph\">{\"@context\":\"https:\\\/\\\/schema.org\",\"@graph\":[{\"@type\":\"Article\",\"@id\":\"https:\\\/\\\/www.accent-social.cat\\\/es\\\/formacion-sobre-maicp-modelo-atencion-integral-centrada-persona\\\/#article\",\"isPartOf\":{\"@id\":\"https:\\\/\\\/www.accent-social.cat\\\/es\\\/formacion-sobre-maicp-modelo-atencion-integral-centrada-persona\\\/\"},\"author\":{\"name\":\"Accent Social\",\"@id\":\"https:\\\/\\\/www.accent-social.cat\\\/#\\\/schema\\\/person\\\/e3059313a7a9356d5dcb4adc2ee0396a\"},\"headline\":\"Formaci\u00f3n sobre MAICP: Modelo de Atenci\u00f3n Integral Centrada en la Persona\",\"datePublished\":\"2017-11-27T10:33:41+00:00\",\"dateModified\":\"2021-05-07T23:43:55+00:00\",\"mainEntityOfPage\":{\"@id\":\"https:\\\/\\\/www.accent-social.cat\\\/es\\\/formacion-sobre-maicp-modelo-atencion-integral-centrada-persona\\\/\"},\"wordCount\":325,\"publisher\":{\"@id\":\"https:\\\/\\\/www.accent-social.cat\\\/#organization\"},\"image\":{\"@id\":\"https:\\\/\\\/www.accent-social.cat\\\/es\\\/formacion-sobre-maicp-modelo-atencion-integral-centrada-persona\\\/#primaryimage\"},\"thumbnailUrl\":\"https:\\\/\\\/www.accent-social.cat\\\/wp-content\\\/uploads\\\/2017\\\/11\\\/Metodologia-MAICP-Atenci\u00f3-Centrada-en-la-Persona-Fundaci\u00f3-Pilares-i-Accent-Social.jpg\",\"keywords\":[\"Atenci\u00f3 Integral Centrada en la Persona\",\"Barber\u00e0 del Vall\u00e8s\",\"gent gran\",\"MAICP\"],\"articleSection\":[\"Jornadas\"],\"inLanguage\":\"es\"},{\"@type\":\"WebPage\",\"@id\":\"https:\\\/\\\/www.accent-social.cat\\\/es\\\/formacion-sobre-maicp-modelo-atencion-integral-centrada-persona\\\/\",\"url\":\"https:\\\/\\\/www.accent-social.cat\\\/es\\\/formacion-sobre-maicp-modelo-atencion-integral-centrada-persona\\\/\",\"name\":\"Formaci\u00f3n sobre MAICP: Modelo de Atenci\u00f3n Integral Centrada en la Persona | Accent Social | Serveis d&#039;Atenci\u00f3 Domicili\u00e0ria i centres per gent gran\",\"isPartOf\":{\"@id\":\"https:\\\/\\\/www.accent-social.cat\\\/#website\"},\"primaryImageOfPage\":{\"@id\":\"https:\\\/\\\/www.accent-social.cat\\\/es\\\/formacion-sobre-maicp-modelo-atencion-integral-centrada-persona\\\/#primaryimage\"},\"image\":{\"@id\":\"https:\\\/\\\/www.accent-social.cat\\\/es\\\/formacion-sobre-maicp-modelo-atencion-integral-centrada-persona\\\/#primaryimage\"},\"thumbnailUrl\":\"https:\\\/\\\/www.accent-social.cat\\\/wp-content\\\/uploads\\\/2017\\\/11\\\/Metodologia-MAICP-Atenci\u00f3-Centrada-en-la-Persona-Fundaci\u00f3-Pilares-i-Accent-Social.jpg\",\"datePublished\":\"2017-11-27T10:33:41+00:00\",\"dateModified\":\"2021-05-07T23:43:55+00:00\",\"description\":\"Barber\u00e1 del Vall\u00e9s reune a 40 profesionales de servicios sociales y SAD en una formaci\u00f3n sobre el Modelo de Atenci\u00f3n Integral y Centrada en la Persona MAICP\",\"breadcrumb\":{\"@id\":\"https:\\\/\\\/www.accent-social.cat\\\/es\\\/formacion-sobre-maicp-modelo-atencion-integral-centrada-persona\\\/#breadcrumb\"},\"inLanguage\":\"es\",\"potentialAction\":[{\"@type\":\"ReadAction\",\"target\":[\"https:\\\/\\\/www.accent-social.cat\\\/es\\\/formacion-sobre-maicp-modelo-atencion-integral-centrada-persona\\\/\"]}]},{\"@type\":\"ImageObject\",\"inLanguage\":\"es\",\"@id\":\"https:\\\/\\\/www.accent-social.cat\\\/es\\\/formacion-sobre-maicp-modelo-atencion-integral-centrada-persona\\\/#primaryimage\",\"url\":\"https:\\\/\\\/www.accent-social.cat\\\/wp-content\\\/uploads\\\/2017\\\/11\\\/Metodologia-MAICP-Atenci\u00f3-Centrada-en-la-Persona-Fundaci\u00f3-Pilares-i-Accent-Social.jpg\",\"contentUrl\":\"https:\\\/\\\/www.accent-social.cat\\\/wp-content\\\/uploads\\\/2017\\\/11\\\/Metodologia-MAICP-Atenci\u00f3-Centrada-en-la-Persona-Fundaci\u00f3-Pilares-i-Accent-Social.jpg\",\"width\":840,\"height\":400,\"caption\":\"Metodologia MAICP Atenci\u00f3 Centrada en la Persona - Fundaci\u00f3 Pilares i Accent Social\"},{\"@type\":\"BreadcrumbList\",\"@id\":\"https:\\\/\\\/www.accent-social.cat\\\/es\\\/formacion-sobre-maicp-modelo-atencion-integral-centrada-persona\\\/#breadcrumb\",\"itemListElement\":[{\"@type\":\"ListItem\",\"position\":1,\"name\":\"Inici\",\"item\":\"https:\\\/\\\/www.accent-social.cat\\\/es\\\/\"},{\"@type\":\"ListItem\",\"position\":2,\"name\":\"Formaci\u00f3n sobre MAICP: Modelo de Atenci\u00f3n Integral Centrada en la Persona\"}]},{\"@type\":\"WebSite\",\"@id\":\"https:\\\/\\\/www.accent-social.cat\\\/#website\",\"url\":\"https:\\\/\\\/www.accent-social.cat\\\/\",\"name\":\"Accent Social | Serveis d'Atenci\u00f3 Domicili\u00e0ria (SAD) i centres col\u00b7lectius\",\"description\":\"Serveis d&#039;Atenci\u00f3 Domicili\u00e0ria i centres de dia a Barcelona. Gesti\u00f3 de serveis socials i per a la gent gran.\",\"publisher\":{\"@id\":\"https:\\\/\\\/www.accent-social.cat\\\/#organization\"},\"potentialAction\":[{\"@type\":\"SearchAction\",\"target\":{\"@type\":\"EntryPoint\",\"urlTemplate\":\"https:\\\/\\\/www.accent-social.cat\\\/?s={search_term_string}\"},\"query-input\":{\"@type\":\"PropertyValueSpecification\",\"valueRequired\":true,\"valueName\":\"search_term_string\"}}],\"inLanguage\":\"es\"},{\"@type\":\"Organization\",\"@id\":\"https:\\\/\\\/www.accent-social.cat\\\/#organization\",\"name\":\"Accent Social\",\"url\":\"https:\\\/\\\/www.accent-social.cat\\\/\",\"logo\":{\"@type\":\"ImageObject\",\"inLanguage\":\"es\",\"@id\":\"https:\\\/\\\/www.accent-social.cat\\\/#\\\/schema\\\/logo\\\/image\\\/\",\"url\":\"https:\\\/\\\/www.accent-social.cat\\\/wp-content\\\/uploads\\\/2017\\\/09\\\/Logo-Accent-Social.jpg\",\"contentUrl\":\"https:\\\/\\\/www.accent-social.cat\\\/wp-content\\\/uploads\\\/2017\\\/09\\\/Logo-Accent-Social.jpg\",\"width\":512,\"height\":512,\"caption\":\"Accent Social\"},\"image\":{\"@id\":\"https:\\\/\\\/www.accent-social.cat\\\/#\\\/schema\\\/logo\\\/image\\\/\"},\"sameAs\":[\"https:\\\/\\\/www.facebook.com\\\/accentsocial\",\"https:\\\/\\\/x.com\\\/accentsocial_\",\"http:\\\/\\\/www.instagram.com\\\/accentsocial\",\"https:\\\/\\\/www.linkedin.com\\\/company\\\/accent-social\\\/\",\"https:\\\/\\\/www.crunchbase.com\\\/organization\\\/accent-social\",\"https:\\\/\\\/www.hotfrog.es\\\/empresa\\\/barcelona\\\/barcelona\\\/accent-social\",\"https:\\\/\\\/www.youtube.com\\\/channel\\\/UCBRsmX50gP0nPuAb5rPfr2g\"]},{\"@type\":\"Person\",\"@id\":\"https:\\\/\\\/www.accent-social.cat\\\/#\\\/schema\\\/person\\\/e3059313a7a9356d5dcb4adc2ee0396a\",\"name\":\"Accent Social\",\"image\":{\"@type\":\"ImageObject\",\"inLanguage\":\"es\",\"@id\":\"https:\\\/\\\/secure.gravatar.com\\\/avatar\\\/9a4d9b0c2bbfb1ff3da85e7195367fa23cc6b72e60b3092496806038fa837fc5?s=96&d=mm&r=g\",\"url\":\"https:\\\/\\\/secure.gravatar.com\\\/avatar\\\/9a4d9b0c2bbfb1ff3da85e7195367fa23cc6b72e60b3092496806038fa837fc5?s=96&d=mm&r=g\",\"contentUrl\":\"https:\\\/\\\/secure.gravatar.com\\\/avatar\\\/9a4d9b0c2bbfb1ff3da85e7195367fa23cc6b72e60b3092496806038fa837fc5?s=96&d=mm&r=g\",\"caption\":\"Accent Social\"}}]}<\/script>\n<!-- \/ Yoast SEO plugin. -->","yoast_head_json":{"title":"Formaci\u00f3n sobre MAICP: Modelo de Atenci\u00f3n Integral Centrada en la Persona | Accent Social | Serveis d&#039;Atenci\u00f3 Domicili\u00e0ria i centres per gent gran","description":"Barber\u00e1 del Vall\u00e9s reune a 40 profesionales de servicios sociales y SAD en una formaci\u00f3n sobre el Modelo de Atenci\u00f3n Integral y Centrada en la Persona MAICP","robots":{"index":"index","follow":"follow","max-snippet":"max-snippet:-1","max-image-preview":"max-image-preview:large","max-video-preview":"max-video-preview:-1"},"canonical":"https:\/\/www.accent-social.cat\/es\/formacion-sobre-maicp-modelo-atencion-integral-centrada-persona\/","og_locale":"es_ES","og_type":"article","og_title":"Formaci\u00f3n sobre MAICP: Modelo de Atenci\u00f3n Integral Centrada en la Persona | Accent Social | Serveis d&#039;Atenci\u00f3 Domicili\u00e0ria i centres per gent gran","og_description":"Barber\u00e1 del Vall\u00e9s reune a 40 profesionales de servicios sociales y SAD en una formaci\u00f3n sobre el Modelo de Atenci\u00f3n Integral y Centrada en la Persona MAICP","og_url":"https:\/\/www.accent-social.cat\/es\/formacion-sobre-maicp-modelo-atencion-integral-centrada-persona\/","og_site_name":"Accent Social | Serveis d&#039;Atenci\u00f3 Domicili\u00e0ria i centres per gent gran","article_publisher":"https:\/\/www.facebook.com\/accentsocial","article_published_time":"2017-11-27T10:33:41+00:00","article_modified_time":"2021-05-07T23:43:55+00:00","og_image":[{"width":840,"height":400,"url":"https:\/\/www.accent-social.cat\/wp-content\/uploads\/2017\/11\/Metodologia-MAICP-Atenci\u00f3-Centrada-en-la-Persona-Fundaci\u00f3-Pilares-i-Accent-Social.jpg","type":"image\/jpeg"}],"author":"Accent Social","twitter_card":"summary_large_image","twitter_creator":"@accentsocial_","twitter_site":"@accentsocial_","twitter_misc":{"Escrito por":"Accent Social","Tiempo de lectura":"2 minutos"},"schema":{"@context":"https:\/\/schema.org","@graph":[{"@type":"Article","@id":"https:\/\/www.accent-social.cat\/es\/formacion-sobre-maicp-modelo-atencion-integral-centrada-persona\/#article","isPartOf":{"@id":"https:\/\/www.accent-social.cat\/es\/formacion-sobre-maicp-modelo-atencion-integral-centrada-persona\/"},"author":{"name":"Accent Social","@id":"https:\/\/www.accent-social.cat\/#\/schema\/person\/e3059313a7a9356d5dcb4adc2ee0396a"},"headline":"Formaci\u00f3n sobre MAICP: Modelo de Atenci\u00f3n Integral Centrada en la Persona","datePublished":"2017-11-27T10:33:41+00:00","dateModified":"2021-05-07T23:43:55+00:00","mainEntityOfPage":{"@id":"https:\/\/www.accent-social.cat\/es\/formacion-sobre-maicp-modelo-atencion-integral-centrada-persona\/"},"wordCount":325,"publisher":{"@id":"https:\/\/www.accent-social.cat\/#organization"},"image":{"@id":"https:\/\/www.accent-social.cat\/es\/formacion-sobre-maicp-modelo-atencion-integral-centrada-persona\/#primaryimage"},"thumbnailUrl":"https:\/\/www.accent-social.cat\/wp-content\/uploads\/2017\/11\/Metodologia-MAICP-Atenci\u00f3-Centrada-en-la-Persona-Fundaci\u00f3-Pilares-i-Accent-Social.jpg","keywords":["Atenci\u00f3 Integral Centrada en la Persona","Barber\u00e0 del Vall\u00e8s","gent gran","MAICP"],"articleSection":["Jornadas"],"inLanguage":"es"},{"@type":"WebPage","@id":"https:\/\/www.accent-social.cat\/es\/formacion-sobre-maicp-modelo-atencion-integral-centrada-persona\/","url":"https:\/\/www.accent-social.cat\/es\/formacion-sobre-maicp-modelo-atencion-integral-centrada-persona\/","name":"Formaci\u00f3n sobre MAICP: Modelo de Atenci\u00f3n Integral Centrada en la Persona | Accent Social | Serveis d&#039;Atenci\u00f3 Domicili\u00e0ria i centres per gent gran","isPartOf":{"@id":"https:\/\/www.accent-social.cat\/#website"},"primaryImageOfPage":{"@id":"https:\/\/www.accent-social.cat\/es\/formacion-sobre-maicp-modelo-atencion-integral-centrada-persona\/#primaryimage"},"image":{"@id":"https:\/\/www.accent-social.cat\/es\/formacion-sobre-maicp-modelo-atencion-integral-centrada-persona\/#primaryimage"},"thumbnailUrl":"https:\/\/www.accent-social.cat\/wp-content\/uploads\/2017\/11\/Metodologia-MAICP-Atenci\u00f3-Centrada-en-la-Persona-Fundaci\u00f3-Pilares-i-Accent-Social.jpg","datePublished":"2017-11-27T10:33:41+00:00","dateModified":"2021-05-07T23:43:55+00:00","description":"Barber\u00e1 del Vall\u00e9s reune a 40 profesionales de servicios sociales y SAD en una formaci\u00f3n sobre el Modelo de Atenci\u00f3n Integral y Centrada en la Persona MAICP","breadcrumb":{"@id":"https:\/\/www.accent-social.cat\/es\/formacion-sobre-maicp-modelo-atencion-integral-centrada-persona\/#breadcrumb"},"inLanguage":"es","potentialAction":[{"@type":"ReadAction","target":["https:\/\/www.accent-social.cat\/es\/formacion-sobre-maicp-modelo-atencion-integral-centrada-persona\/"]}]},{"@type":"ImageObject","inLanguage":"es","@id":"https:\/\/www.accent-social.cat\/es\/formacion-sobre-maicp-modelo-atencion-integral-centrada-persona\/#primaryimage","url":"https:\/\/www.accent-social.cat\/wp-content\/uploads\/2017\/11\/Metodologia-MAICP-Atenci\u00f3-Centrada-en-la-Persona-Fundaci\u00f3-Pilares-i-Accent-Social.jpg","contentUrl":"https:\/\/www.accent-social.cat\/wp-content\/uploads\/2017\/11\/Metodologia-MAICP-Atenci\u00f3-Centrada-en-la-Persona-Fundaci\u00f3-Pilares-i-Accent-Social.jpg","width":840,"height":400,"caption":"Metodologia MAICP Atenci\u00f3 Centrada en la Persona - Fundaci\u00f3 Pilares i Accent Social"},{"@type":"BreadcrumbList","@id":"https:\/\/www.accent-social.cat\/es\/formacion-sobre-maicp-modelo-atencion-integral-centrada-persona\/#breadcrumb","itemListElement":[{"@type":"ListItem","position":1,"name":"Inici","item":"https:\/\/www.accent-social.cat\/es\/"},{"@type":"ListItem","position":2,"name":"Formaci\u00f3n sobre MAICP: Modelo de Atenci\u00f3n Integral Centrada en la Persona"}]},{"@type":"WebSite","@id":"https:\/\/www.accent-social.cat\/#website","url":"https:\/\/www.accent-social.cat\/","name":"Accent Social | Serveis d'Atenci\u00f3 Domicili\u00e0ria (SAD) i centres col\u00b7lectius","description":"Serveis d&#039;Atenci\u00f3 Domicili\u00e0ria i centres de dia a Barcelona. Gesti\u00f3 de serveis socials i per a la gent gran.","publisher":{"@id":"https:\/\/www.accent-social.cat\/#organization"},"potentialAction":[{"@type":"SearchAction","target":{"@type":"EntryPoint","urlTemplate":"https:\/\/www.accent-social.cat\/?s={search_term_string}"},"query-input":{"@type":"PropertyValueSpecification","valueRequired":true,"valueName":"search_term_string"}}],"inLanguage":"es"},{"@type":"Organization","@id":"https:\/\/www.accent-social.cat\/#organization","name":"Accent Social","url":"https:\/\/www.accent-social.cat\/","logo":{"@type":"ImageObject","inLanguage":"es","@id":"https:\/\/www.accent-social.cat\/#\/schema\/logo\/image\/","url":"https:\/\/www.accent-social.cat\/wp-content\/uploads\/2017\/09\/Logo-Accent-Social.jpg","contentUrl":"https:\/\/www.accent-social.cat\/wp-content\/uploads\/2017\/09\/Logo-Accent-Social.jpg","width":512,"height":512,"caption":"Accent Social"},"image":{"@id":"https:\/\/www.accent-social.cat\/#\/schema\/logo\/image\/"},"sameAs":["https:\/\/www.facebook.com\/accentsocial","https:\/\/x.com\/accentsocial_","http:\/\/www.instagram.com\/accentsocial","https:\/\/www.linkedin.com\/company\/accent-social\/","https:\/\/www.crunchbase.com\/organization\/accent-social","https:\/\/www.hotfrog.es\/empresa\/barcelona\/barcelona\/accent-social","https:\/\/www.youtube.com\/channel\/UCBRsmX50gP0nPuAb5rPfr2g"]},{"@type":"Person","@id":"https:\/\/www.accent-social.cat\/#\/schema\/person\/e3059313a7a9356d5dcb4adc2ee0396a","name":"Accent Social","image":{"@type":"ImageObject","inLanguage":"es","@id":"https:\/\/secure.gravatar.com\/avatar\/9a4d9b0c2bbfb1ff3da85e7195367fa23cc6b72e60b3092496806038fa837fc5?s=96&d=mm&r=g","url":"https:\/\/secure.gravatar.com\/avatar\/9a4d9b0c2bbfb1ff3da85e7195367fa23cc6b72e60b3092496806038fa837fc5?s=96&d=mm&r=g","contentUrl":"https:\/\/secure.gravatar.com\/avatar\/9a4d9b0c2bbfb1ff3da85e7195367fa23cc6b72e60b3092496806038fa837fc5?s=96&d=mm&r=g","caption":"Accent Social"}}]}},"_links":{"self":[{"href":"https:\/\/www.accent-social.cat\/es\/wp-json\/wp\/v2\/posts\/10929","targetHints":{"allow":["GET"]}}],"collection":[{"href":"https:\/\/www.accent-social.cat\/es\/wp-json\/wp\/v2\/posts"}],"about":[{"href":"https:\/\/www.accent-social.cat\/es\/wp-json\/wp\/v2\/types\/post"}],"author":[{"embeddable":true,"href":"https:\/\/www.accent-social.cat\/es\/wp-json\/wp\/v2\/users\/1"}],"replies":[{"embeddable":true,"href":"https:\/\/www.accent-social.cat\/es\/wp-json\/wp\/v2\/comments?post=10929"}],"version-history":[{"count":3,"href":"https:\/\/www.accent-social.cat\/es\/wp-json\/wp\/v2\/posts\/10929\/revisions"}],"predecessor-version":[{"id":13478,"href":"https:\/\/www.accent-social.cat\/es\/wp-json\/wp\/v2\/posts\/10929\/revisions\/13478"}],"wp:featuredmedia":[{"embeddable":true,"href":"https:\/\/www.accent-social.cat\/es\/wp-json\/wp\/v2\/media\/10902"}],"wp:attachment":[{"href":"https:\/\/www.accent-social.cat\/es\/wp-json\/wp\/v2\/media?parent=10929"}],"wp:term":[{"taxonomy":"category","embeddable":true,"href":"https:\/\/www.accent-social.cat\/es\/wp-json\/wp\/v2\/categories?post=10929"},{"taxonomy":"post_tag","embeddable":true,"href":"https:\/\/www.accent-social.cat\/es\/wp-json\/wp\/v2\/tags?post=10929"}],"curies":[{"name":"wp","href":"https:\/\/api.w.org\/{rel}","templated":true}]}}