{"id":10923,"date":"2018-01-10T11:12:39","date_gmt":"2018-01-10T10:12:39","guid":{"rendered":"http:\/\/www.accent-social.cat\/?p=10923"},"modified":"2018-01-18T12:12:49","modified_gmt":"2018-01-18T11:12:49","slug":"colaboramos-guia-cuidadores-profesionales-domiciliarios-barcelona","status":"publish","type":"post","link":"https:\/\/www.accent-social.cat\/es\/colaboramos-guia-cuidadores-profesionales-domiciliarios-barcelona\/","title":{"rendered":"Colaboramos en la gu\u00eda \u00abLos cuidadores profesionales domiciliarios de gente mayor\u00bb"},"content":{"rendered":"<p>Trabajadoras y trabajadores de <strong><a href=\"http:\/\/www.accent-social.cat\">Accent Social<\/a><\/strong> han colaborado en el estudio que ha culminado en la elaboraci\u00f3n de la gu\u00eda <strong>\u00abLos cuidadores profesionales domiciliarios de la gente mayor en la ciudad de Barcelona\u00bb<\/strong>.<\/p>\n<p>El alcance de la gu\u00eda, que toca una tem\u00e1tica de gran inter\u00e9s para la poblaci\u00f3n mayor, incluye una visi\u00f3n sobre el <strong>perfil de los cuidadores profesionales<\/strong>, las tareas que llevan a cabo, las necesidades de las personas atendidas, la autopercepci\u00f3n dentro del col colectivo y las virtudes de la profesi\u00f3n.<\/p>\n<p>La gu\u00eda es una pieza relevante en la <strong><a href=\"http:\/\/www.url.edu\/ethos\/es\/\">C\u00e1tedra Ethos<\/a><\/strong> de \u00e9tica aplicada, de la <strong>Universitat Ramon Llull<\/strong>. Han participado la <strong> <a href=\"https:\/\/www.memora.es\/es\/sobre-memora\/fundacion-memora\">Fundaci\u00f3n M\u00e9mora<\/a> <\/strong>, Accent Social y la aseguradora Atl\u00e1ntida.<\/p>\n<p>La <strong>presentaci\u00f3n oficial de la gu\u00eda<\/strong> tendr\u00e1 lugar el pr\u00f3ximo 29 de enero de 2018 en la Biblioteca-Sala de Actos de la Facultad de Ciencias de la Comunicaci\u00f3n y Relaciones Institucionales Blanquerna de la Universidad Ramon Llull, en la calle Valldonzella 12, de Barcelona.<\/p>\n<p>&nbsp;<\/p>\n<p><a href=\"https:\/\/www.accent-social.cat\/wp-content\/uploads\/2018\/01\/Els-cuidadors-professionals-domiciliaris-de-gent-gran-Jornada-Barcelona.jpg\"><img loading=\"lazy\" decoding=\"async\" class=\"alignnone size-full wp-image-10916\" src=\"https:\/\/www.accent-social.cat\/wp-content\/uploads\/2018\/01\/Els-cuidadors-professionals-domiciliaris-de-gent-gran-Jornada-Barcelona.jpg\" alt=\"Els cuidadors professionals domiciliaris de gent gran - Jornada Barcelona\" width=\"840\" height=\"400\" srcset=\"https:\/\/www.accent-social.cat\/wp-content\/uploads\/2018\/01\/Els-cuidadors-professionals-domiciliaris-de-gent-gran-Jornada-Barcelona.jpg 840w, https:\/\/www.accent-social.cat\/wp-content\/uploads\/2018\/01\/Els-cuidadors-professionals-domiciliaris-de-gent-gran-Jornada-Barcelona-300x143.jpg 300w, https:\/\/www.accent-social.cat\/wp-content\/uploads\/2018\/01\/Els-cuidadors-professionals-domiciliaris-de-gent-gran-Jornada-Barcelona-768x366.jpg 768w, https:\/\/www.accent-social.cat\/wp-content\/uploads\/2018\/01\/Els-cuidadors-professionals-domiciliaris-de-gent-gran-Jornada-Barcelona-260x124.jpg 260w, https:\/\/www.accent-social.cat\/wp-content\/uploads\/2018\/01\/Els-cuidadors-professionals-domiciliaris-de-gent-gran-Jornada-Barcelona-50x24.jpg 50w, https:\/\/www.accent-social.cat\/wp-content\/uploads\/2018\/01\/Els-cuidadors-professionals-domiciliaris-de-gent-gran-Jornada-Barcelona-150x71.jpg 150w\" sizes=\"auto, (max-width:767px) 480px, (max-width:840px) 100vw, 840px\" \/><\/a><\/p>\n<p>&nbsp;<\/p>\n","protected":false},"excerpt":{"rendered":"<p>La plantilla de Accent Social ha colaborado en la gu\u00eda \u00abLos cuidadores profesionales domiciliarios de la gente mayor en la ciudad de Barcelona\u00bb<\/p>\n","protected":false},"author":1,"featured_media":10918,"comment_status":"closed","ping_status":"open","sticky":false,"template":"","format":"standard","meta":{"footnotes":""},"categories":[234],"tags":[218,239,248],"class_list":["post-10923","post","type-post","status-publish","format-standard","has-post-thumbnail","hentry","category-jornadas","tag-barcelona-es","tag-gente-mayor","tag-servicios-asistenciales"],"yoast_head":"<!-- This site is optimized with the Yoast SEO plugin v27.5 - https:\/\/yoast.com\/product\/yoast-seo-wordpress\/ -->\n<title>Colaboramos en la gu\u00eda &quot;Los cuidadores profesionales domiciliarios de gente mayor en Barcelona&quot;<\/title>\n<meta name=\"description\" content=\"La plantilla de Accent Social ha colaborado en la gu\u00eda &quot;Los cuidadores profesionales domiciliarios de la gente mayor en la ciudad de Barcelona&quot;\" \/>\n<meta name=\"robots\" content=\"index, follow, max-snippet:-1, max-image-preview:large, max-video-preview:-1\" \/>\n<link rel=\"canonical\" href=\"https:\/\/www.accent-social.cat\/es\/colaboramos-guia-cuidadores-profesionales-domiciliarios-barcelona\/\" \/>\n<meta property=\"og:locale\" content=\"es_ES\" \/>\n<meta property=\"og:type\" content=\"article\" \/>\n<meta property=\"og:title\" content=\"Colaboramos en la gu\u00eda &quot;Los cuidadores profesionales domiciliarios de gente mayor en Barcelona&quot;\" \/>\n<meta property=\"og:description\" content=\"La plantilla de Accent Social ha colaborado en la gu\u00eda &quot;Los cuidadores profesionales domiciliarios de la gente mayor en la ciudad de Barcelona&quot;\" \/>\n<meta property=\"og:url\" content=\"https:\/\/www.accent-social.cat\/es\/colaboramos-guia-cuidadores-profesionales-domiciliarios-barcelona\/\" \/>\n<meta property=\"og:site_name\" content=\"Accent Social | Serveis d&#039;Atenci\u00f3 Domicili\u00e0ria i centres per gent gran\" \/>\n<meta property=\"article:publisher\" content=\"https:\/\/www.facebook.com\/accentsocial\" \/>\n<meta property=\"article:published_time\" content=\"2018-01-10T10:12:39+00:00\" \/>\n<meta property=\"article:modified_time\" content=\"2018-01-18T11:12:49+00:00\" \/>\n<meta property=\"og:image\" content=\"https:\/\/www.accent-social.cat\/wp-content\/uploads\/2018\/01\/Els-cuidadors-professionals-domiciliaris-de-gent-gran-C\u00e0tedra-Ethos-Ramon-Llull.jpg\" \/>\n\t<meta property=\"og:image:width\" content=\"840\" \/>\n\t<meta property=\"og:image:height\" content=\"400\" \/>\n\t<meta property=\"og:image:type\" content=\"image\/jpeg\" \/>\n<meta name=\"author\" content=\"Accent Social\" \/>\n<meta name=\"twitter:card\" content=\"summary_large_image\" \/>\n<meta name=\"twitter:creator\" content=\"@accentsocial_\" \/>\n<meta name=\"twitter:site\" content=\"@accentsocial_\" \/>\n<meta name=\"twitter:label1\" content=\"Escrito por\" \/>\n\t<meta name=\"twitter:data1\" content=\"Accent Social\" \/>\n\t<meta name=\"twitter:label2\" content=\"Tiempo de lectura\" \/>\n\t<meta name=\"twitter:data2\" content=\"1 minuto\" \/>\n<script type=\"application\/ld+json\" class=\"yoast-schema-graph\">{\"@context\":\"https:\\\/\\\/schema.org\",\"@graph\":[{\"@type\":\"Article\",\"@id\":\"https:\\\/\\\/www.accent-social.cat\\\/es\\\/colaboramos-guia-cuidadores-profesionales-domiciliarios-barcelona\\\/#article\",\"isPartOf\":{\"@id\":\"https:\\\/\\\/www.accent-social.cat\\\/es\\\/colaboramos-guia-cuidadores-profesionales-domiciliarios-barcelona\\\/\"},\"author\":{\"name\":\"Accent Social\",\"@id\":\"https:\\\/\\\/www.accent-social.cat\\\/#\\\/schema\\\/person\\\/e3059313a7a9356d5dcb4adc2ee0396a\"},\"headline\":\"Colaboramos en la gu\u00eda \u00abLos cuidadores profesionales domiciliarios de gente mayor\u00bb\",\"datePublished\":\"2018-01-10T10:12:39+00:00\",\"dateModified\":\"2018-01-18T11:12:49+00:00\",\"mainEntityOfPage\":{\"@id\":\"https:\\\/\\\/www.accent-social.cat\\\/es\\\/colaboramos-guia-cuidadores-profesionales-domiciliarios-barcelona\\\/\"},\"wordCount\":185,\"publisher\":{\"@id\":\"https:\\\/\\\/www.accent-social.cat\\\/#organization\"},\"image\":{\"@id\":\"https:\\\/\\\/www.accent-social.cat\\\/es\\\/colaboramos-guia-cuidadores-profesionales-domiciliarios-barcelona\\\/#primaryimage\"},\"thumbnailUrl\":\"https:\\\/\\\/www.accent-social.cat\\\/wp-content\\\/uploads\\\/2018\\\/01\\\/Els-cuidadors-professionals-domiciliaris-de-gent-gran-C\u00e0tedra-Ethos-Ramon-Llull.jpg\",\"keywords\":[\"Barcelona\",\"gente mayor\",\"servicios asistenciales\"],\"articleSection\":[\"Jornadas\"],\"inLanguage\":\"es\"},{\"@type\":\"WebPage\",\"@id\":\"https:\\\/\\\/www.accent-social.cat\\\/es\\\/colaboramos-guia-cuidadores-profesionales-domiciliarios-barcelona\\\/\",\"url\":\"https:\\\/\\\/www.accent-social.cat\\\/es\\\/colaboramos-guia-cuidadores-profesionales-domiciliarios-barcelona\\\/\",\"name\":\"Colaboramos en la gu\u00eda \\\"Los cuidadores profesionales domiciliarios de gente mayor en Barcelona\\\"\",\"isPartOf\":{\"@id\":\"https:\\\/\\\/www.accent-social.cat\\\/#website\"},\"primaryImageOfPage\":{\"@id\":\"https:\\\/\\\/www.accent-social.cat\\\/es\\\/colaboramos-guia-cuidadores-profesionales-domiciliarios-barcelona\\\/#primaryimage\"},\"image\":{\"@id\":\"https:\\\/\\\/www.accent-social.cat\\\/es\\\/colaboramos-guia-cuidadores-profesionales-domiciliarios-barcelona\\\/#primaryimage\"},\"thumbnailUrl\":\"https:\\\/\\\/www.accent-social.cat\\\/wp-content\\\/uploads\\\/2018\\\/01\\\/Els-cuidadors-professionals-domiciliaris-de-gent-gran-C\u00e0tedra-Ethos-Ramon-Llull.jpg\",\"datePublished\":\"2018-01-10T10:12:39+00:00\",\"dateModified\":\"2018-01-18T11:12:49+00:00\",\"description\":\"La plantilla de Accent Social ha colaborado en la gu\u00eda \\\"Los cuidadores profesionales domiciliarios de la gente mayor en la ciudad de Barcelona\\\"\",\"breadcrumb\":{\"@id\":\"https:\\\/\\\/www.accent-social.cat\\\/es\\\/colaboramos-guia-cuidadores-profesionales-domiciliarios-barcelona\\\/#breadcrumb\"},\"inLanguage\":\"es\",\"potentialAction\":[{\"@type\":\"ReadAction\",\"target\":[\"https:\\\/\\\/www.accent-social.cat\\\/es\\\/colaboramos-guia-cuidadores-profesionales-domiciliarios-barcelona\\\/\"]}]},{\"@type\":\"ImageObject\",\"inLanguage\":\"es\",\"@id\":\"https:\\\/\\\/www.accent-social.cat\\\/es\\\/colaboramos-guia-cuidadores-profesionales-domiciliarios-barcelona\\\/#primaryimage\",\"url\":\"https:\\\/\\\/www.accent-social.cat\\\/wp-content\\\/uploads\\\/2018\\\/01\\\/Els-cuidadors-professionals-domiciliaris-de-gent-gran-C\u00e0tedra-Ethos-Ramon-Llull.jpg\",\"contentUrl\":\"https:\\\/\\\/www.accent-social.cat\\\/wp-content\\\/uploads\\\/2018\\\/01\\\/Els-cuidadors-professionals-domiciliaris-de-gent-gran-C\u00e0tedra-Ethos-Ramon-Llull.jpg\",\"width\":840,\"height\":400,\"caption\":\"Els cuidadors professionals domiciliaris de gent gran - C\u00e0tedra Ethos Ramon Llull\"},{\"@type\":\"BreadcrumbList\",\"@id\":\"https:\\\/\\\/www.accent-social.cat\\\/es\\\/colaboramos-guia-cuidadores-profesionales-domiciliarios-barcelona\\\/#breadcrumb\",\"itemListElement\":[{\"@type\":\"ListItem\",\"position\":1,\"name\":\"Inici\",\"item\":\"https:\\\/\\\/www.accent-social.cat\\\/es\\\/\"},{\"@type\":\"ListItem\",\"position\":2,\"name\":\"Colaboramos en la gu\u00eda \u00abLos cuidadores profesionales domiciliarios de gente mayor\u00bb\"}]},{\"@type\":\"WebSite\",\"@id\":\"https:\\\/\\\/www.accent-social.cat\\\/#website\",\"url\":\"https:\\\/\\\/www.accent-social.cat\\\/\",\"name\":\"Accent Social | Serveis d'Atenci\u00f3 Domicili\u00e0ria (SAD) i centres col\u00b7lectius\",\"description\":\"Serveis d&#039;Atenci\u00f3 Domicili\u00e0ria i centres de dia a Barcelona. Gesti\u00f3 de serveis socials i per a la gent gran.\",\"publisher\":{\"@id\":\"https:\\\/\\\/www.accent-social.cat\\\/#organization\"},\"potentialAction\":[{\"@type\":\"SearchAction\",\"target\":{\"@type\":\"EntryPoint\",\"urlTemplate\":\"https:\\\/\\\/www.accent-social.cat\\\/?s={search_term_string}\"},\"query-input\":{\"@type\":\"PropertyValueSpecification\",\"valueRequired\":true,\"valueName\":\"search_term_string\"}}],\"inLanguage\":\"es\"},{\"@type\":\"Organization\",\"@id\":\"https:\\\/\\\/www.accent-social.cat\\\/#organization\",\"name\":\"Accent Social\",\"url\":\"https:\\\/\\\/www.accent-social.cat\\\/\",\"logo\":{\"@type\":\"ImageObject\",\"inLanguage\":\"es\",\"@id\":\"https:\\\/\\\/www.accent-social.cat\\\/#\\\/schema\\\/logo\\\/image\\\/\",\"url\":\"https:\\\/\\\/www.accent-social.cat\\\/wp-content\\\/uploads\\\/2017\\\/09\\\/Logo-Accent-Social.jpg\",\"contentUrl\":\"https:\\\/\\\/www.accent-social.cat\\\/wp-content\\\/uploads\\\/2017\\\/09\\\/Logo-Accent-Social.jpg\",\"width\":512,\"height\":512,\"caption\":\"Accent Social\"},\"image\":{\"@id\":\"https:\\\/\\\/www.accent-social.cat\\\/#\\\/schema\\\/logo\\\/image\\\/\"},\"sameAs\":[\"https:\\\/\\\/www.facebook.com\\\/accentsocial\",\"https:\\\/\\\/x.com\\\/accentsocial_\",\"http:\\\/\\\/www.instagram.com\\\/accentsocial\",\"https:\\\/\\\/www.linkedin.com\\\/company\\\/accent-social\\\/\",\"https:\\\/\\\/www.crunchbase.com\\\/organization\\\/accent-social\",\"https:\\\/\\\/www.hotfrog.es\\\/empresa\\\/barcelona\\\/barcelona\\\/accent-social\",\"https:\\\/\\\/www.youtube.com\\\/channel\\\/UCBRsmX50gP0nPuAb5rPfr2g\"]},{\"@type\":\"Person\",\"@id\":\"https:\\\/\\\/www.accent-social.cat\\\/#\\\/schema\\\/person\\\/e3059313a7a9356d5dcb4adc2ee0396a\",\"name\":\"Accent Social\",\"image\":{\"@type\":\"ImageObject\",\"inLanguage\":\"es\",\"@id\":\"https:\\\/\\\/secure.gravatar.com\\\/avatar\\\/9a4d9b0c2bbfb1ff3da85e7195367fa23cc6b72e60b3092496806038fa837fc5?s=96&d=mm&r=g\",\"url\":\"https:\\\/\\\/secure.gravatar.com\\\/avatar\\\/9a4d9b0c2bbfb1ff3da85e7195367fa23cc6b72e60b3092496806038fa837fc5?s=96&d=mm&r=g\",\"contentUrl\":\"https:\\\/\\\/secure.gravatar.com\\\/avatar\\\/9a4d9b0c2bbfb1ff3da85e7195367fa23cc6b72e60b3092496806038fa837fc5?s=96&d=mm&r=g\",\"caption\":\"Accent Social\"}}]}<\/script>\n<!-- \/ Yoast SEO plugin. -->","yoast_head_json":{"title":"Colaboramos en la gu\u00eda \"Los cuidadores profesionales domiciliarios de gente mayor en Barcelona\"","description":"La plantilla de Accent Social ha colaborado en la gu\u00eda \"Los cuidadores profesionales domiciliarios de la gente mayor en la ciudad de Barcelona\"","robots":{"index":"index","follow":"follow","max-snippet":"max-snippet:-1","max-image-preview":"max-image-preview:large","max-video-preview":"max-video-preview:-1"},"canonical":"https:\/\/www.accent-social.cat\/es\/colaboramos-guia-cuidadores-profesionales-domiciliarios-barcelona\/","og_locale":"es_ES","og_type":"article","og_title":"Colaboramos en la gu\u00eda \"Los cuidadores profesionales domiciliarios de gente mayor en Barcelona\"","og_description":"La plantilla de Accent Social ha colaborado en la gu\u00eda \"Los cuidadores profesionales domiciliarios de la gente mayor en la ciudad de Barcelona\"","og_url":"https:\/\/www.accent-social.cat\/es\/colaboramos-guia-cuidadores-profesionales-domiciliarios-barcelona\/","og_site_name":"Accent Social | Serveis d&#039;Atenci\u00f3 Domicili\u00e0ria i centres per gent gran","article_publisher":"https:\/\/www.facebook.com\/accentsocial","article_published_time":"2018-01-10T10:12:39+00:00","article_modified_time":"2018-01-18T11:12:49+00:00","og_image":[{"width":840,"height":400,"url":"https:\/\/www.accent-social.cat\/wp-content\/uploads\/2018\/01\/Els-cuidadors-professionals-domiciliaris-de-gent-gran-C\u00e0tedra-Ethos-Ramon-Llull.jpg","type":"image\/jpeg"}],"author":"Accent Social","twitter_card":"summary_large_image","twitter_creator":"@accentsocial_","twitter_site":"@accentsocial_","twitter_misc":{"Escrito por":"Accent Social","Tiempo de lectura":"1 minuto"},"schema":{"@context":"https:\/\/schema.org","@graph":[{"@type":"Article","@id":"https:\/\/www.accent-social.cat\/es\/colaboramos-guia-cuidadores-profesionales-domiciliarios-barcelona\/#article","isPartOf":{"@id":"https:\/\/www.accent-social.cat\/es\/colaboramos-guia-cuidadores-profesionales-domiciliarios-barcelona\/"},"author":{"name":"Accent Social","@id":"https:\/\/www.accent-social.cat\/#\/schema\/person\/e3059313a7a9356d5dcb4adc2ee0396a"},"headline":"Colaboramos en la gu\u00eda \u00abLos cuidadores profesionales domiciliarios de gente mayor\u00bb","datePublished":"2018-01-10T10:12:39+00:00","dateModified":"2018-01-18T11:12:49+00:00","mainEntityOfPage":{"@id":"https:\/\/www.accent-social.cat\/es\/colaboramos-guia-cuidadores-profesionales-domiciliarios-barcelona\/"},"wordCount":185,"publisher":{"@id":"https:\/\/www.accent-social.cat\/#organization"},"image":{"@id":"https:\/\/www.accent-social.cat\/es\/colaboramos-guia-cuidadores-profesionales-domiciliarios-barcelona\/#primaryimage"},"thumbnailUrl":"https:\/\/www.accent-social.cat\/wp-content\/uploads\/2018\/01\/Els-cuidadors-professionals-domiciliaris-de-gent-gran-C\u00e0tedra-Ethos-Ramon-Llull.jpg","keywords":["Barcelona","gente mayor","servicios asistenciales"],"articleSection":["Jornadas"],"inLanguage":"es"},{"@type":"WebPage","@id":"https:\/\/www.accent-social.cat\/es\/colaboramos-guia-cuidadores-profesionales-domiciliarios-barcelona\/","url":"https:\/\/www.accent-social.cat\/es\/colaboramos-guia-cuidadores-profesionales-domiciliarios-barcelona\/","name":"Colaboramos en la gu\u00eda \"Los cuidadores profesionales domiciliarios de gente mayor en Barcelona\"","isPartOf":{"@id":"https:\/\/www.accent-social.cat\/#website"},"primaryImageOfPage":{"@id":"https:\/\/www.accent-social.cat\/es\/colaboramos-guia-cuidadores-profesionales-domiciliarios-barcelona\/#primaryimage"},"image":{"@id":"https:\/\/www.accent-social.cat\/es\/colaboramos-guia-cuidadores-profesionales-domiciliarios-barcelona\/#primaryimage"},"thumbnailUrl":"https:\/\/www.accent-social.cat\/wp-content\/uploads\/2018\/01\/Els-cuidadors-professionals-domiciliaris-de-gent-gran-C\u00e0tedra-Ethos-Ramon-Llull.jpg","datePublished":"2018-01-10T10:12:39+00:00","dateModified":"2018-01-18T11:12:49+00:00","description":"La plantilla de Accent Social ha colaborado en la gu\u00eda \"Los cuidadores profesionales domiciliarios de la gente mayor en la ciudad de Barcelona\"","breadcrumb":{"@id":"https:\/\/www.accent-social.cat\/es\/colaboramos-guia-cuidadores-profesionales-domiciliarios-barcelona\/#breadcrumb"},"inLanguage":"es","potentialAction":[{"@type":"ReadAction","target":["https:\/\/www.accent-social.cat\/es\/colaboramos-guia-cuidadores-profesionales-domiciliarios-barcelona\/"]}]},{"@type":"ImageObject","inLanguage":"es","@id":"https:\/\/www.accent-social.cat\/es\/colaboramos-guia-cuidadores-profesionales-domiciliarios-barcelona\/#primaryimage","url":"https:\/\/www.accent-social.cat\/wp-content\/uploads\/2018\/01\/Els-cuidadors-professionals-domiciliaris-de-gent-gran-C\u00e0tedra-Ethos-Ramon-Llull.jpg","contentUrl":"https:\/\/www.accent-social.cat\/wp-content\/uploads\/2018\/01\/Els-cuidadors-professionals-domiciliaris-de-gent-gran-C\u00e0tedra-Ethos-Ramon-Llull.jpg","width":840,"height":400,"caption":"Els cuidadors professionals domiciliaris de gent gran - C\u00e0tedra Ethos Ramon Llull"},{"@type":"BreadcrumbList","@id":"https:\/\/www.accent-social.cat\/es\/colaboramos-guia-cuidadores-profesionales-domiciliarios-barcelona\/#breadcrumb","itemListElement":[{"@type":"ListItem","position":1,"name":"Inici","item":"https:\/\/www.accent-social.cat\/es\/"},{"@type":"ListItem","position":2,"name":"Colaboramos en la gu\u00eda \u00abLos cuidadores profesionales domiciliarios de gente mayor\u00bb"}]},{"@type":"WebSite","@id":"https:\/\/www.accent-social.cat\/#website","url":"https:\/\/www.accent-social.cat\/","name":"Accent Social | Serveis d'Atenci\u00f3 Domicili\u00e0ria (SAD) i centres col\u00b7lectius","description":"Serveis d&#039;Atenci\u00f3 Domicili\u00e0ria i centres de dia a Barcelona. Gesti\u00f3 de serveis socials i per a la gent gran.","publisher":{"@id":"https:\/\/www.accent-social.cat\/#organization"},"potentialAction":[{"@type":"SearchAction","target":{"@type":"EntryPoint","urlTemplate":"https:\/\/www.accent-social.cat\/?s={search_term_string}"},"query-input":{"@type":"PropertyValueSpecification","valueRequired":true,"valueName":"search_term_string"}}],"inLanguage":"es"},{"@type":"Organization","@id":"https:\/\/www.accent-social.cat\/#organization","name":"Accent Social","url":"https:\/\/www.accent-social.cat\/","logo":{"@type":"ImageObject","inLanguage":"es","@id":"https:\/\/www.accent-social.cat\/#\/schema\/logo\/image\/","url":"https:\/\/www.accent-social.cat\/wp-content\/uploads\/2017\/09\/Logo-Accent-Social.jpg","contentUrl":"https:\/\/www.accent-social.cat\/wp-content\/uploads\/2017\/09\/Logo-Accent-Social.jpg","width":512,"height":512,"caption":"Accent Social"},"image":{"@id":"https:\/\/www.accent-social.cat\/#\/schema\/logo\/image\/"},"sameAs":["https:\/\/www.facebook.com\/accentsocial","https:\/\/x.com\/accentsocial_","http:\/\/www.instagram.com\/accentsocial","https:\/\/www.linkedin.com\/company\/accent-social\/","https:\/\/www.crunchbase.com\/organization\/accent-social","https:\/\/www.hotfrog.es\/empresa\/barcelona\/barcelona\/accent-social","https:\/\/www.youtube.com\/channel\/UCBRsmX50gP0nPuAb5rPfr2g"]},{"@type":"Person","@id":"https:\/\/www.accent-social.cat\/#\/schema\/person\/e3059313a7a9356d5dcb4adc2ee0396a","name":"Accent Social","image":{"@type":"ImageObject","inLanguage":"es","@id":"https:\/\/secure.gravatar.com\/avatar\/9a4d9b0c2bbfb1ff3da85e7195367fa23cc6b72e60b3092496806038fa837fc5?s=96&d=mm&r=g","url":"https:\/\/secure.gravatar.com\/avatar\/9a4d9b0c2bbfb1ff3da85e7195367fa23cc6b72e60b3092496806038fa837fc5?s=96&d=mm&r=g","contentUrl":"https:\/\/secure.gravatar.com\/avatar\/9a4d9b0c2bbfb1ff3da85e7195367fa23cc6b72e60b3092496806038fa837fc5?s=96&d=mm&r=g","caption":"Accent Social"}}]}},"_links":{"self":[{"href":"https:\/\/www.accent-social.cat\/es\/wp-json\/wp\/v2\/posts\/10923","targetHints":{"allow":["GET"]}}],"collection":[{"href":"https:\/\/www.accent-social.cat\/es\/wp-json\/wp\/v2\/posts"}],"about":[{"href":"https:\/\/www.accent-social.cat\/es\/wp-json\/wp\/v2\/types\/post"}],"author":[{"embeddable":true,"href":"https:\/\/www.accent-social.cat\/es\/wp-json\/wp\/v2\/users\/1"}],"replies":[{"embeddable":true,"href":"https:\/\/www.accent-social.cat\/es\/wp-json\/wp\/v2\/comments?post=10923"}],"version-history":[{"count":6,"href":"https:\/\/www.accent-social.cat\/es\/wp-json\/wp\/v2\/posts\/10923\/revisions"}],"predecessor-version":[{"id":10937,"href":"https:\/\/www.accent-social.cat\/es\/wp-json\/wp\/v2\/posts\/10923\/revisions\/10937"}],"wp:featuredmedia":[{"embeddable":true,"href":"https:\/\/www.accent-social.cat\/es\/wp-json\/wp\/v2\/media\/10918"}],"wp:attachment":[{"href":"https:\/\/www.accent-social.cat\/es\/wp-json\/wp\/v2\/media?parent=10923"}],"wp:term":[{"taxonomy":"category","embeddable":true,"href":"https:\/\/www.accent-social.cat\/es\/wp-json\/wp\/v2\/categories?post=10923"},{"taxonomy":"post_tag","embeddable":true,"href":"https:\/\/www.accent-social.cat\/es\/wp-json\/wp\/v2\/tags?post=10923"}],"curies":[{"name":"wp","href":"https:\/\/api.w.org\/{rel}","templated":true}]}}