{"id":10873,"date":"2017-11-01T20:07:59","date_gmt":"2017-11-01T18:07:59","guid":{"rendered":"http:\/\/www.accent-social.cat\/accent-social-jornada-cloenda-master-gesaph\/"},"modified":"2018-01-18T13:05:00","modified_gmt":"2018-01-18T12:05:00","slug":"accent-social-jornada-cloenda-master-gesaph","status":"publish","type":"post","link":"https:\/\/www.accent-social.cat\/es\/accent-social-jornada-cloenda-master-gesaph\/","title":{"rendered":"Accent Social, en la jornada de clausura del Master GESAPH"},"content":{"rendered":"<p>El Instituto de Formaci\u00f3n Continua IL3 celebr\u00f3 el 26 de octubre la finalizaci\u00f3n del <a href=\"http:\/\/www.il3.ub.edu\/es\/master\/master-gestion-equipos-servicios-sanitarios-atencion-primaria-gessap.html\"><strong>M\u00e1ster en Gesti\u00f3n Integral de Servicios en Atenci\u00f3n Primaria, Sociales y Hospitalarios<\/strong><\/a>, habitualmente conocido como GESAPH.<\/p>\n<p><strong>Accent Social<\/strong>, como organizaci\u00f3n del sector asistencial y social catal\u00e1n, estuvo presente en el acto de clausura, donde fueron representadas administraciones p\u00fablicas y proveedores del sector.<\/p>\n<p>El M\u00e1ster GESAPH del IL3 se alinea con <strong>el Plan de Salud 2015-20<\/strong> y el <strong>Plan Estrat\u00e9gico de Servicios Sociales, y el Plan Interdepartamental de Atenci\u00f3n e Interacci\u00f3n Social y Sanitario (PIAISS)<\/strong> de la Generalitat de Catalu\u00f1a.<\/p>\n<p>Entre los objetivos, fomentar el trabajo colaborativo entre los diversos niveles asistenciales, socio sanitarios y de servicios sociales, as\u00ed como trabajar por la mejora de proyectos reales dentro de las organizaciones.<\/p>\n<hr class=\" hr_color\" style=\"margin:0 auto 30px;\"\/>\n\n<div id=\"attachment_10667\" style=\"width: 810px\" class=\"wp-caption aligncenter\"><img loading=\"lazy\" decoding=\"async\" aria-describedby=\"caption-attachment-10667\" class=\"wp-image-10667 size-full\" src=\"https:\/\/www.accent-social.cat\/wp-content\/uploads\/2017\/11\/Accent-Social-a-la-cloenda-del-m\u00e0ster-GESAPH-de-IL3.jpg\" alt=\"Accent Social a la cloenda del m\u00e0ster GESAPH de IL3\" width=\"800\" height=\"430\" srcset=\"https:\/\/www.accent-social.cat\/wp-content\/uploads\/2017\/11\/Accent-Social-a-la-cloenda-del-m\u00e0ster-GESAPH-de-IL3.jpg 800w, https:\/\/www.accent-social.cat\/wp-content\/uploads\/2017\/11\/Accent-Social-a-la-cloenda-del-m\u00e0ster-GESAPH-de-IL3-300x161.jpg 300w, https:\/\/www.accent-social.cat\/wp-content\/uploads\/2017\/11\/Accent-Social-a-la-cloenda-del-m\u00e0ster-GESAPH-de-IL3-768x413.jpg 768w, https:\/\/www.accent-social.cat\/wp-content\/uploads\/2017\/11\/Accent-Social-a-la-cloenda-del-m\u00e0ster-GESAPH-de-IL3-260x140.jpg 260w, https:\/\/www.accent-social.cat\/wp-content\/uploads\/2017\/11\/Accent-Social-a-la-cloenda-del-m\u00e0ster-GESAPH-de-IL3-50x27.jpg 50w, https:\/\/www.accent-social.cat\/wp-content\/uploads\/2017\/11\/Accent-Social-a-la-cloenda-del-m\u00e0ster-GESAPH-de-IL3-140x75.jpg 140w\" sizes=\"auto, (max-width:767px) 480px, (max-width:800px) 100vw, 800px\" \/><p id=\"caption-attachment-10667\" class=\"wp-caption-text\">Assistents de l&#8217;acte de cloenda del m\u00e0ster GESAPH de l&#8217;IL3<\/p><\/div>\n","protected":false},"excerpt":{"rendered":"<p>Accent Social, como organizaci\u00f3n del sector asistencial y social catal\u00e1n, estuvo presente en la clausura del M\u00e1ster GESAPH del IL3, en Gesti\u00f3n Integral de Servicios en Atenci\u00f3n Primaria, Sociales y Hospitalarios.<\/p>\n","protected":false},"author":3,"featured_media":10654,"comment_status":"closed","ping_status":"open","sticky":false,"template":"","format":"standard","meta":{"footnotes":""},"categories":[234],"tags":[252,249,253],"class_list":["post-10873","post","type-post","status-publish","format-standard","has-post-thumbnail","hentry","category-jornadas","tag-servicios-hospitalarios","tag-servicios-sociales","tag-servicios-socio-sanitarios"],"yoast_head":"<!-- This site is optimized with the Yoast SEO plugin v27.5 - https:\/\/yoast.com\/product\/yoast-seo-wordpress\/ -->\n<title>Accent Social, en la jornada de clausura del Master GESAPH<\/title>\n<meta name=\"robots\" content=\"index, follow, max-snippet:-1, max-image-preview:large, max-video-preview:-1\" \/>\n<link rel=\"canonical\" href=\"https:\/\/www.accent-social.cat\/es\/accent-social-jornada-cloenda-master-gesaph\/\" \/>\n<meta property=\"og:locale\" content=\"es_ES\" \/>\n<meta property=\"og:type\" content=\"article\" \/>\n<meta property=\"og:title\" content=\"Accent Social, en la jornada de clausura del Master GESAPH\" \/>\n<meta property=\"og:description\" content=\"Accent Social, como organizaci\u00f3n del sector asistencial y social catal\u00e1n, estuvo presente en la clausura del M\u00e1ster GESAPH del IL3, en Gesti\u00f3n Integral de Servicios en Atenci\u00f3n Primaria, Sociales y Hospitalarios.\" \/>\n<meta property=\"og:url\" content=\"https:\/\/www.accent-social.cat\/es\/accent-social-jornada-cloenda-master-gesaph\/\" \/>\n<meta property=\"og:site_name\" content=\"Accent Social | Serveis d&#039;Atenci\u00f3 Domicili\u00e0ria i centres per gent gran\" \/>\n<meta property=\"article:publisher\" content=\"https:\/\/www.facebook.com\/accentsocial\" \/>\n<meta property=\"article:published_time\" content=\"2017-11-01T18:07:59+00:00\" \/>\n<meta property=\"article:modified_time\" content=\"2018-01-18T12:05:00+00:00\" \/>\n<meta property=\"og:image\" content=\"https:\/\/www.accent-social.cat\/wp-content\/uploads\/2017\/11\/Serveis-assistencials-per-a-la-gent-gran.jpeg\" \/>\n\t<meta property=\"og:image:width\" content=\"800\" \/>\n\t<meta property=\"og:image:height\" content=\"430\" \/>\n\t<meta property=\"og:image:type\" content=\"image\/jpeg\" \/>\n<meta name=\"author\" content=\"Carlos\" \/>\n<meta name=\"twitter:card\" content=\"summary_large_image\" \/>\n<meta name=\"twitter:creator\" content=\"@accentsocial_\" \/>\n<meta name=\"twitter:site\" content=\"@accentsocial_\" \/>\n<meta name=\"twitter:label1\" content=\"Escrito por\" \/>\n\t<meta name=\"twitter:data1\" content=\"Carlos\" \/>\n\t<meta name=\"twitter:label2\" content=\"Tiempo de lectura\" \/>\n\t<meta name=\"twitter:data2\" content=\"1 minuto\" \/>\n<script type=\"application\/ld+json\" class=\"yoast-schema-graph\">{\"@context\":\"https:\\\/\\\/schema.org\",\"@graph\":[{\"@type\":\"Article\",\"@id\":\"https:\\\/\\\/www.accent-social.cat\\\/es\\\/accent-social-jornada-cloenda-master-gesaph\\\/#article\",\"isPartOf\":{\"@id\":\"https:\\\/\\\/www.accent-social.cat\\\/es\\\/accent-social-jornada-cloenda-master-gesaph\\\/\"},\"author\":{\"name\":\"Carlos\",\"@id\":\"https:\\\/\\\/www.accent-social.cat\\\/#\\\/schema\\\/person\\\/6bad9570b316c3938eb5ffda028451fb\"},\"headline\":\"Accent Social, en la jornada de clausura del Master GESAPH\",\"datePublished\":\"2017-11-01T18:07:59+00:00\",\"dateModified\":\"2018-01-18T12:05:00+00:00\",\"mainEntityOfPage\":{\"@id\":\"https:\\\/\\\/www.accent-social.cat\\\/es\\\/accent-social-jornada-cloenda-master-gesaph\\\/\"},\"wordCount\":173,\"publisher\":{\"@id\":\"https:\\\/\\\/www.accent-social.cat\\\/#organization\"},\"image\":{\"@id\":\"https:\\\/\\\/www.accent-social.cat\\\/es\\\/accent-social-jornada-cloenda-master-gesaph\\\/#primaryimage\"},\"thumbnailUrl\":\"https:\\\/\\\/www.accent-social.cat\\\/wp-content\\\/uploads\\\/2017\\\/11\\\/Serveis-assistencials-per-a-la-gent-gran.jpeg\",\"keywords\":[\"servicios hospitalarios\",\"servicios sociales\",\"servicios socio sanitarios\"],\"articleSection\":[\"Jornadas\"],\"inLanguage\":\"es\"},{\"@type\":\"WebPage\",\"@id\":\"https:\\\/\\\/www.accent-social.cat\\\/es\\\/accent-social-jornada-cloenda-master-gesaph\\\/\",\"url\":\"https:\\\/\\\/www.accent-social.cat\\\/es\\\/accent-social-jornada-cloenda-master-gesaph\\\/\",\"name\":\"Accent Social, en la jornada de clausura del Master GESAPH\",\"isPartOf\":{\"@id\":\"https:\\\/\\\/www.accent-social.cat\\\/#website\"},\"primaryImageOfPage\":{\"@id\":\"https:\\\/\\\/www.accent-social.cat\\\/es\\\/accent-social-jornada-cloenda-master-gesaph\\\/#primaryimage\"},\"image\":{\"@id\":\"https:\\\/\\\/www.accent-social.cat\\\/es\\\/accent-social-jornada-cloenda-master-gesaph\\\/#primaryimage\"},\"thumbnailUrl\":\"https:\\\/\\\/www.accent-social.cat\\\/wp-content\\\/uploads\\\/2017\\\/11\\\/Serveis-assistencials-per-a-la-gent-gran.jpeg\",\"datePublished\":\"2017-11-01T18:07:59+00:00\",\"dateModified\":\"2018-01-18T12:05:00+00:00\",\"breadcrumb\":{\"@id\":\"https:\\\/\\\/www.accent-social.cat\\\/es\\\/accent-social-jornada-cloenda-master-gesaph\\\/#breadcrumb\"},\"inLanguage\":\"es\",\"potentialAction\":[{\"@type\":\"ReadAction\",\"target\":[\"https:\\\/\\\/www.accent-social.cat\\\/es\\\/accent-social-jornada-cloenda-master-gesaph\\\/\"]}]},{\"@type\":\"ImageObject\",\"inLanguage\":\"es\",\"@id\":\"https:\\\/\\\/www.accent-social.cat\\\/es\\\/accent-social-jornada-cloenda-master-gesaph\\\/#primaryimage\",\"url\":\"https:\\\/\\\/www.accent-social.cat\\\/wp-content\\\/uploads\\\/2017\\\/11\\\/Serveis-assistencials-per-a-la-gent-gran.jpeg\",\"contentUrl\":\"https:\\\/\\\/www.accent-social.cat\\\/wp-content\\\/uploads\\\/2017\\\/11\\\/Serveis-assistencials-per-a-la-gent-gran.jpeg\",\"width\":800,\"height\":430,\"caption\":\"Serveis assistencials per a la gent gran\"},{\"@type\":\"BreadcrumbList\",\"@id\":\"https:\\\/\\\/www.accent-social.cat\\\/es\\\/accent-social-jornada-cloenda-master-gesaph\\\/#breadcrumb\",\"itemListElement\":[{\"@type\":\"ListItem\",\"position\":1,\"name\":\"Inici\",\"item\":\"https:\\\/\\\/www.accent-social.cat\\\/es\\\/\"},{\"@type\":\"ListItem\",\"position\":2,\"name\":\"Accent Social, en la jornada de clausura del Master GESAPH\"}]},{\"@type\":\"WebSite\",\"@id\":\"https:\\\/\\\/www.accent-social.cat\\\/#website\",\"url\":\"https:\\\/\\\/www.accent-social.cat\\\/\",\"name\":\"Accent Social | Serveis d'Atenci\u00f3 Domicili\u00e0ria (SAD) i centres col\u00b7lectius\",\"description\":\"Serveis d&#039;Atenci\u00f3 Domicili\u00e0ria i centres de dia a Barcelona. Gesti\u00f3 de serveis socials i per a la gent gran.\",\"publisher\":{\"@id\":\"https:\\\/\\\/www.accent-social.cat\\\/#organization\"},\"potentialAction\":[{\"@type\":\"SearchAction\",\"target\":{\"@type\":\"EntryPoint\",\"urlTemplate\":\"https:\\\/\\\/www.accent-social.cat\\\/?s={search_term_string}\"},\"query-input\":{\"@type\":\"PropertyValueSpecification\",\"valueRequired\":true,\"valueName\":\"search_term_string\"}}],\"inLanguage\":\"es\"},{\"@type\":\"Organization\",\"@id\":\"https:\\\/\\\/www.accent-social.cat\\\/#organization\",\"name\":\"Accent Social\",\"url\":\"https:\\\/\\\/www.accent-social.cat\\\/\",\"logo\":{\"@type\":\"ImageObject\",\"inLanguage\":\"es\",\"@id\":\"https:\\\/\\\/www.accent-social.cat\\\/#\\\/schema\\\/logo\\\/image\\\/\",\"url\":\"https:\\\/\\\/www.accent-social.cat\\\/wp-content\\\/uploads\\\/2017\\\/09\\\/Logo-Accent-Social.jpg\",\"contentUrl\":\"https:\\\/\\\/www.accent-social.cat\\\/wp-content\\\/uploads\\\/2017\\\/09\\\/Logo-Accent-Social.jpg\",\"width\":512,\"height\":512,\"caption\":\"Accent Social\"},\"image\":{\"@id\":\"https:\\\/\\\/www.accent-social.cat\\\/#\\\/schema\\\/logo\\\/image\\\/\"},\"sameAs\":[\"https:\\\/\\\/www.facebook.com\\\/accentsocial\",\"https:\\\/\\\/x.com\\\/accentsocial_\",\"http:\\\/\\\/www.instagram.com\\\/accentsocial\",\"https:\\\/\\\/www.linkedin.com\\\/company\\\/accent-social\\\/\",\"https:\\\/\\\/www.crunchbase.com\\\/organization\\\/accent-social\",\"https:\\\/\\\/www.hotfrog.es\\\/empresa\\\/barcelona\\\/barcelona\\\/accent-social\",\"https:\\\/\\\/www.youtube.com\\\/channel\\\/UCBRsmX50gP0nPuAb5rPfr2g\"]},{\"@type\":\"Person\",\"@id\":\"https:\\\/\\\/www.accent-social.cat\\\/#\\\/schema\\\/person\\\/6bad9570b316c3938eb5ffda028451fb\",\"name\":\"Carlos\",\"image\":{\"@type\":\"ImageObject\",\"inLanguage\":\"es\",\"@id\":\"https:\\\/\\\/secure.gravatar.com\\\/avatar\\\/349e56fd513efcc9a981574997dc5c8da37e28e6c723669096d67a46ca00a423?s=96&d=mm&r=g\",\"url\":\"https:\\\/\\\/secure.gravatar.com\\\/avatar\\\/349e56fd513efcc9a981574997dc5c8da37e28e6c723669096d67a46ca00a423?s=96&d=mm&r=g\",\"contentUrl\":\"https:\\\/\\\/secure.gravatar.com\\\/avatar\\\/349e56fd513efcc9a981574997dc5c8da37e28e6c723669096d67a46ca00a423?s=96&d=mm&r=g\",\"caption\":\"Carlos\"}}]}<\/script>\n<!-- \/ Yoast SEO plugin. -->","yoast_head_json":{"title":"Accent Social, en la jornada de clausura del Master GESAPH","robots":{"index":"index","follow":"follow","max-snippet":"max-snippet:-1","max-image-preview":"max-image-preview:large","max-video-preview":"max-video-preview:-1"},"canonical":"https:\/\/www.accent-social.cat\/es\/accent-social-jornada-cloenda-master-gesaph\/","og_locale":"es_ES","og_type":"article","og_title":"Accent Social, en la jornada de clausura del Master GESAPH","og_description":"Accent Social, como organizaci\u00f3n del sector asistencial y social catal\u00e1n, estuvo presente en la clausura del M\u00e1ster GESAPH del IL3, en Gesti\u00f3n Integral de Servicios en Atenci\u00f3n Primaria, Sociales y Hospitalarios.","og_url":"https:\/\/www.accent-social.cat\/es\/accent-social-jornada-cloenda-master-gesaph\/","og_site_name":"Accent Social | Serveis d&#039;Atenci\u00f3 Domicili\u00e0ria i centres per gent gran","article_publisher":"https:\/\/www.facebook.com\/accentsocial","article_published_time":"2017-11-01T18:07:59+00:00","article_modified_time":"2018-01-18T12:05:00+00:00","og_image":[{"width":800,"height":430,"url":"https:\/\/www.accent-social.cat\/wp-content\/uploads\/2017\/11\/Serveis-assistencials-per-a-la-gent-gran.jpeg","type":"image\/jpeg"}],"author":"Carlos","twitter_card":"summary_large_image","twitter_creator":"@accentsocial_","twitter_site":"@accentsocial_","twitter_misc":{"Escrito por":"Carlos","Tiempo de lectura":"1 minuto"},"schema":{"@context":"https:\/\/schema.org","@graph":[{"@type":"Article","@id":"https:\/\/www.accent-social.cat\/es\/accent-social-jornada-cloenda-master-gesaph\/#article","isPartOf":{"@id":"https:\/\/www.accent-social.cat\/es\/accent-social-jornada-cloenda-master-gesaph\/"},"author":{"name":"Carlos","@id":"https:\/\/www.accent-social.cat\/#\/schema\/person\/6bad9570b316c3938eb5ffda028451fb"},"headline":"Accent Social, en la jornada de clausura del Master GESAPH","datePublished":"2017-11-01T18:07:59+00:00","dateModified":"2018-01-18T12:05:00+00:00","mainEntityOfPage":{"@id":"https:\/\/www.accent-social.cat\/es\/accent-social-jornada-cloenda-master-gesaph\/"},"wordCount":173,"publisher":{"@id":"https:\/\/www.accent-social.cat\/#organization"},"image":{"@id":"https:\/\/www.accent-social.cat\/es\/accent-social-jornada-cloenda-master-gesaph\/#primaryimage"},"thumbnailUrl":"https:\/\/www.accent-social.cat\/wp-content\/uploads\/2017\/11\/Serveis-assistencials-per-a-la-gent-gran.jpeg","keywords":["servicios hospitalarios","servicios sociales","servicios socio sanitarios"],"articleSection":["Jornadas"],"inLanguage":"es"},{"@type":"WebPage","@id":"https:\/\/www.accent-social.cat\/es\/accent-social-jornada-cloenda-master-gesaph\/","url":"https:\/\/www.accent-social.cat\/es\/accent-social-jornada-cloenda-master-gesaph\/","name":"Accent Social, en la jornada de clausura del Master GESAPH","isPartOf":{"@id":"https:\/\/www.accent-social.cat\/#website"},"primaryImageOfPage":{"@id":"https:\/\/www.accent-social.cat\/es\/accent-social-jornada-cloenda-master-gesaph\/#primaryimage"},"image":{"@id":"https:\/\/www.accent-social.cat\/es\/accent-social-jornada-cloenda-master-gesaph\/#primaryimage"},"thumbnailUrl":"https:\/\/www.accent-social.cat\/wp-content\/uploads\/2017\/11\/Serveis-assistencials-per-a-la-gent-gran.jpeg","datePublished":"2017-11-01T18:07:59+00:00","dateModified":"2018-01-18T12:05:00+00:00","breadcrumb":{"@id":"https:\/\/www.accent-social.cat\/es\/accent-social-jornada-cloenda-master-gesaph\/#breadcrumb"},"inLanguage":"es","potentialAction":[{"@type":"ReadAction","target":["https:\/\/www.accent-social.cat\/es\/accent-social-jornada-cloenda-master-gesaph\/"]}]},{"@type":"ImageObject","inLanguage":"es","@id":"https:\/\/www.accent-social.cat\/es\/accent-social-jornada-cloenda-master-gesaph\/#primaryimage","url":"https:\/\/www.accent-social.cat\/wp-content\/uploads\/2017\/11\/Serveis-assistencials-per-a-la-gent-gran.jpeg","contentUrl":"https:\/\/www.accent-social.cat\/wp-content\/uploads\/2017\/11\/Serveis-assistencials-per-a-la-gent-gran.jpeg","width":800,"height":430,"caption":"Serveis assistencials per a la gent gran"},{"@type":"BreadcrumbList","@id":"https:\/\/www.accent-social.cat\/es\/accent-social-jornada-cloenda-master-gesaph\/#breadcrumb","itemListElement":[{"@type":"ListItem","position":1,"name":"Inici","item":"https:\/\/www.accent-social.cat\/es\/"},{"@type":"ListItem","position":2,"name":"Accent Social, en la jornada de clausura del Master GESAPH"}]},{"@type":"WebSite","@id":"https:\/\/www.accent-social.cat\/#website","url":"https:\/\/www.accent-social.cat\/","name":"Accent Social | Serveis d'Atenci\u00f3 Domicili\u00e0ria (SAD) i centres col\u00b7lectius","description":"Serveis d&#039;Atenci\u00f3 Domicili\u00e0ria i centres de dia a Barcelona. Gesti\u00f3 de serveis socials i per a la gent gran.","publisher":{"@id":"https:\/\/www.accent-social.cat\/#organization"},"potentialAction":[{"@type":"SearchAction","target":{"@type":"EntryPoint","urlTemplate":"https:\/\/www.accent-social.cat\/?s={search_term_string}"},"query-input":{"@type":"PropertyValueSpecification","valueRequired":true,"valueName":"search_term_string"}}],"inLanguage":"es"},{"@type":"Organization","@id":"https:\/\/www.accent-social.cat\/#organization","name":"Accent Social","url":"https:\/\/www.accent-social.cat\/","logo":{"@type":"ImageObject","inLanguage":"es","@id":"https:\/\/www.accent-social.cat\/#\/schema\/logo\/image\/","url":"https:\/\/www.accent-social.cat\/wp-content\/uploads\/2017\/09\/Logo-Accent-Social.jpg","contentUrl":"https:\/\/www.accent-social.cat\/wp-content\/uploads\/2017\/09\/Logo-Accent-Social.jpg","width":512,"height":512,"caption":"Accent Social"},"image":{"@id":"https:\/\/www.accent-social.cat\/#\/schema\/logo\/image\/"},"sameAs":["https:\/\/www.facebook.com\/accentsocial","https:\/\/x.com\/accentsocial_","http:\/\/www.instagram.com\/accentsocial","https:\/\/www.linkedin.com\/company\/accent-social\/","https:\/\/www.crunchbase.com\/organization\/accent-social","https:\/\/www.hotfrog.es\/empresa\/barcelona\/barcelona\/accent-social","https:\/\/www.youtube.com\/channel\/UCBRsmX50gP0nPuAb5rPfr2g"]},{"@type":"Person","@id":"https:\/\/www.accent-social.cat\/#\/schema\/person\/6bad9570b316c3938eb5ffda028451fb","name":"Carlos","image":{"@type":"ImageObject","inLanguage":"es","@id":"https:\/\/secure.gravatar.com\/avatar\/349e56fd513efcc9a981574997dc5c8da37e28e6c723669096d67a46ca00a423?s=96&d=mm&r=g","url":"https:\/\/secure.gravatar.com\/avatar\/349e56fd513efcc9a981574997dc5c8da37e28e6c723669096d67a46ca00a423?s=96&d=mm&r=g","contentUrl":"https:\/\/secure.gravatar.com\/avatar\/349e56fd513efcc9a981574997dc5c8da37e28e6c723669096d67a46ca00a423?s=96&d=mm&r=g","caption":"Carlos"}}]}},"_links":{"self":[{"href":"https:\/\/www.accent-social.cat\/es\/wp-json\/wp\/v2\/posts\/10873","targetHints":{"allow":["GET"]}}],"collection":[{"href":"https:\/\/www.accent-social.cat\/es\/wp-json\/wp\/v2\/posts"}],"about":[{"href":"https:\/\/www.accent-social.cat\/es\/wp-json\/wp\/v2\/types\/post"}],"author":[{"embeddable":true,"href":"https:\/\/www.accent-social.cat\/es\/wp-json\/wp\/v2\/users\/3"}],"replies":[{"embeddable":true,"href":"https:\/\/www.accent-social.cat\/es\/wp-json\/wp\/v2\/comments?post=10873"}],"version-history":[{"count":5,"href":"https:\/\/www.accent-social.cat\/es\/wp-json\/wp\/v2\/posts\/10873\/revisions"}],"predecessor-version":[{"id":10947,"href":"https:\/\/www.accent-social.cat\/es\/wp-json\/wp\/v2\/posts\/10873\/revisions\/10947"}],"wp:featuredmedia":[{"embeddable":true,"href":"https:\/\/www.accent-social.cat\/es\/wp-json\/wp\/v2\/media\/10654"}],"wp:attachment":[{"href":"https:\/\/www.accent-social.cat\/es\/wp-json\/wp\/v2\/media?parent=10873"}],"wp:term":[{"taxonomy":"category","embeddable":true,"href":"https:\/\/www.accent-social.cat\/es\/wp-json\/wp\/v2\/categories?post=10873"},{"taxonomy":"post_tag","embeddable":true,"href":"https:\/\/www.accent-social.cat\/es\/wp-json\/wp\/v2\/tags?post=10873"}],"curies":[{"name":"wp","href":"https:\/\/api.w.org\/{rel}","templated":true}]}}